{"id":56788,"date":"2023-08-04T20:12:18","date_gmt":"2023-08-05T00:12:18","guid":{"rendered":"https:\/\/lasprimeras.com.do\/?p=56788"},"modified":"2023-08-04T20:12:19","modified_gmt":"2023-08-05T00:12:19","slug":"abinader-resalta-gobierno-ha-instalado-400-megavatios-de-energia-termica-y-500-de-energia-solar","status":"publish","type":"post","link":"https:\/\/lasprimeras.com.do\/index.php\/2023\/08\/04\/abinader-resalta-gobierno-ha-instalado-400-megavatios-de-energia-termica-y-500-de-energia-solar\/","title":{"rendered":"Abinader resalta gobierno ha instalado 400 megavatios de energ\u00eda t\u00e9rmica y 500 de energ\u00eda solar"},"content":{"rendered":"\n<p><strong>Mandatario inicia trabajos puerto Manzanillo y rehabilitaci\u00f3n tramo Navarrete-Montecristi.<\/strong><\/p>\n\n\n\n<p>El presidente Luis Abinader, al dejar inaugurado un nuevo parque de energ\u00eda solar, puntualiz\u00f3 que en estos tres a\u00f1os se ha realizado una verdadera transformaci\u00f3n en la generaci\u00f3n de energ\u00eda de la Rep\u00fablica Dominicana, instalando 400 megavatios de energ\u00eda t\u00e9rmica y 595 megavatios de energ\u00eda solar.<\/p>\n\n\n\n<p>\u201cAl llegar al gobierno ten\u00edamos unos 427 megavatios de energ\u00eda renovable, instalados de 2011 a 2019. El pa\u00eds hoy tiene como capacidad instalada de energ\u00eda renovable, principalmente de energ\u00eda e\u00f3lica, 1023 megavatios\u201d.<\/p>\n\n\n\n<p>En este sentido, manifest\u00f3 que en esta gesti\u00f3n \u201cse ha instalado mayor capacidad que lo que se hab\u00eda instalado hasta nosotros llegar al gobierno\u201d.<\/p>\n\n\n\n<p>Agreg\u00f3 que est\u00e1n en concesi\u00f3n otros 1,169 megavatios de energ\u00eda renovable cuya mayor\u00eda estar\u00e1 lista para mediados de 2024, cifras importantes para cumplir con los objetivos del gobierno y con los acuerdos internacionales.<\/p>\n\n\n\n<p>Sus palabras se produjeron al inaugurar el Parque Solar Esperanza, en Valverde, con capacidad instalada de 90 MW y un estimado de 200,000 megavatios hora (MWh) anualmente, suficiente para abastecer la demanda de m\u00e1s de 80,000 hogares cada a\u00f1o.<\/p>\n\n\n\n<p>Su inversi\u00f3n aproximada fue de US$ 94 millones y est\u00e1 compuesto por 166,670 paneles solares bifaciales.<\/p>\n\n\n\n<p>Jos\u00e9 Rodr\u00edguez Silvestre, gerente general de EGE Haina, destac\u00f3 que con este parque se evitar\u00e1 la importaci\u00f3n de 330,000 barriles de petr\u00f3leo al a\u00f1o para un ahorro superior a los US$ 25 millones y disminuir as\u00ed la dependencia de los combustibles f\u00f3siles.<\/p>\n\n\n\n<p>Posteriormente, el mandatario se traslad\u00f3 al municipio Manzanillo, provincia Montecristi, donde asisti\u00f3 a la inauguraci\u00f3n del edificio corporativo, la estaci\u00f3n de control y el gasoducto tramo Energ\u00eda 2000, en el complejo Manzanillo Power Land, que contribuir\u00e1n a la generaci\u00f3n de empleos y el desarrollo de la regi\u00f3n.<\/p>\n\n\n\n<p>El gobernante valor\u00f3 la acci\u00f3n de los empresarios en esta provincia para contribuir con su crecimiento y el desarrollo de la regi\u00f3n noroeste, sobre lo que el presidente del Consejo de Administraci\u00f3n de Energ\u00eda 2000, Jaime Santana Bonetti, dijo que la inversi\u00f3n ha sido de USD$587.4 millones.<\/p>\n\n\n\n<p>Agreg\u00f3 que la central estar\u00e1 generando entre 1,700 y 4,300 empleos directos, lo que se traduce en mayores oportunidades y mejores resultados en el mediano y largo plazo.<\/p>\n\n\n\n<p>Los ministros, de Energ\u00eda y Minas, Antonio Almonte, y de Industria, Comercio y Mipymes, V\u00edctor Bison\u00f3, tambi\u00e9n valoraron el desarrollo de estas iniciativas por parte del sector privado, reafirmando su confianza en el gobierno del presidente Abinader.<\/p>\n\n\n\n<p>En este recorrido se inaugur\u00f3 adem\u00e1s la carretera de carga y descarga con 1.6 km de longitud que permitir\u00e1 el cruce fluido de veh\u00edculos pesados y que conecta con el muelle de gas natural, actualmente en construcci\u00f3n con capacidad para unas 4,600 toneladas.<\/p>\n\n\n\n<p>M\u00e1s temprano, el mandatario sostuvo un almuerzo con directores de medios, empresarios, inversionistas y otras personalidades de la provincia de Montecristi.<\/p>\n\n\n\n<p>Asimismo, el jefe de Estado encabez\u00f3 el inicio de los trabajos de rehabilitaci\u00f3n y ampliaci\u00f3n del Puerto de Manzanillo mcon una inversi\u00f3n de US$ 70 millones.<\/p>\n\n\n\n<p>Para estos fines entreg\u00f3 el certificado de adjudicaci\u00f3n para la contrataci\u00f3n de la empresa que gan\u00f3 la licitaci\u00f3n para su construcci\u00f3n, cuyo inicio est\u00e1 programado para el 3 de octubre.<\/p>\n\n\n\n<p>Durante su intervenci\u00f3n recalc\u00f3 que el proyecto Manzanillo es un desarrollo econ\u00f3mico y social y que esta obra servir\u00e1 como puerto de contenedores y ahorrar\u00e1 un d\u00eda, en relaci\u00f3n con los puertos del Sur, en su camino hacia Estados Unidos, incrementando los niveles de competitividad y permitiendo a la zona franca de Santiago poder exportar desde Manzanillo en vez de trasladarse hacia los puertos del sur.<\/p>\n\n\n\n<p>De su lado, el ministro de Obras P\u00fablicas, Deligne Ascenci\u00f3n, destac\u00f3 que el proyecto, con financiamiento del Banco Interamericano de Desarrollo (BID), es parte un plan que articula a todos los municipios de la regi\u00f3n con el Puerto de Manzanillo, impulsando su potencial industrial, comercial y tur\u00edstico.<\/p>\n\n\n\n<p>Este puerto permitir\u00e1 ampliar la capacidad exportadora agr\u00edcola del pa\u00eds, con una mayor exportaci\u00f3n de las zonas francas y un desarrollo integral que convertir\u00e1 a Rep\u00fablica Dominicana en el principal HUB log\u00edstico de El Caribe.<\/p>\n\n\n\n<p>Los trabajos incluyen la construcci\u00f3n del muelle offshore, unido a tierra por un puente de acceso, edificios administrativos, patio de carga y descarga, v\u00edas de acceso, seguridad, se\u00f1alizaci\u00f3n, iluminaci\u00f3n y dem\u00e1s requerimientos para instalaciones portuarias.<\/p>\n\n\n\n<p>El ministro Ascenci\u00f3n habl\u00f3 tambi\u00e9n de la reconstrucci\u00f3n de la autopista Duarte, desde Navarrete hasta Montecristi con el apoyo del BID, en la cual se rehabilitar\u00e1n 90 kil\u00f3metros con un monto de US$30 millones.<\/p>\n\n\n\n<p>Record\u00f3 que hace unas semanas se inaugur\u00f3 la carretera Guayub\u00edn-Copey y pr\u00f3ximamente comenzar\u00e1n la circunvalaci\u00f3n de Navarrete, permitiendo reducir en m\u00e1s de una hora el tiempo Santiago-Manzanillo.<\/p>\n\n\n\n<p>Acompa\u00f1aron al presidente Luis Abinader los ministros de Industria, Comercio y Mipymes, V\u00edctor Bison\u00f3; de Trabajo, Miguel DeCamps; de Energ\u00eda y Minas, Antonio Almonte; el presidente de la C\u00e1mara de Diputados, Alfredo Pacheco; el director de Proindustria, Ulises Rodr\u00edguez; el administrador del Banco de Reservas, Samuel Pereyra.<\/p>\n\n\n\n<p>Tambi\u00e9n la gobernadora provincial Nelsy Cruz; el senador Ram\u00f3n Antonio Pimentel, el alcalde de Manzanillo, Ignacio Manuel Rosa N\u00fa\u00f1ez, entre otros.<\/p>\n","protected":false},"excerpt":{"rendered":"<p>Mandatario inicia trabajos puerto Manzanillo y rehabilitaci\u00f3n tramo Navarrete-Montecristi. El presidente Luis Abinader, al dejar inaugurado un nuevo parque de energ\u00eda solar, puntualiz\u00f3 que en estos tres a\u00f1os se ha&hellip;<\/p>\n","protected":false},"author":2,"featured_media":56789,"comment_status":"open","ping_status":"open","sticky":false,"template":"","format":"standard","meta":{"content-type":"","jetpack_post_was_ever_published":false,"_jetpack_newsletter_access":"","_jetpack_dont_email_post_to_subs":false,"_jetpack_newsletter_tier_id":0,"_jetpack_memberships_contains_paywalled_content":false,"_jetpack_memberships_contains_paid_content":false,"footnotes":""},"categories":[39,25],"tags":[5825,5824,171,67],"class_list":["post-56788","post","type-post","status-publish","format-standard","has-post-thumbnail","hentry","category-economia","category-portada","tag-energia-solar","tag-energia-termica","tag-gobierno","tag-luis-abinader"],"jetpack_featured_media_url":"https:\/\/lasprimeras.com.do\/wp-content\/uploads\/2023\/08\/Luis-Abinader-4.jpg","jetpack-related-posts":[{"id":56491,"url":"https:\/\/lasprimeras.com.do\/index.php\/2023\/08\/02\/administrador-de-etedel-gobierno-va-delante-de-la-demanda-electrica-en-el-pais\/","url_meta":{"origin":56788,"position":0},"title":"Administrador de ETED:&#8221;El Gobierno va delante de la demanda el\u00e9ctrica en el pa\u00eds&#8221;","author":"Nelson Feliz","date":"2 de agosto de 2023","format":false,"excerpt":"Por Mart\u00edn Restituyo El administrador de la Empresa de Transmisi\u00f3n El\u00e9ctrica Dominicana (ETED), Mart\u00edn Robles Morillo, afirm\u00f3 que el Gobierno dominicano va delante de la proyecci\u00f3n de la demanda el\u00e9ctrica en el pa\u00eds, logrando instalar unos mil megavatios al Sistema El\u00e9ctrico Nacional en menos de tres a\u00f1os de la actual\u2026","rel":"","context":"En \u00abECONOM\u00cdA\u00bb","block_context":{"text":"ECONOM\u00cdA","link":"https:\/\/lasprimeras.com.do\/index.php\/category\/economia\/"},"img":{"alt_text":"Mart\u00edn Robles","src":"https:\/\/i0.wp.com\/lasprimeras.com.do\/wp-content\/uploads\/2023\/08\/Martin-Robles.jpg?resize=350%2C200&ssl=1","width":350,"height":200,"srcset":"https:\/\/i0.wp.com\/lasprimeras.com.do\/wp-content\/uploads\/2023\/08\/Martin-Robles.jpg?resize=350%2C200&ssl=1 1x, https:\/\/i0.wp.com\/lasprimeras.com.do\/wp-content\/uploads\/2023\/08\/Martin-Robles.jpg?resize=525%2C300&ssl=1 1.5x, https:\/\/i0.wp.com\/lasprimeras.com.do\/wp-content\/uploads\/2023\/08\/Martin-Robles.jpg?resize=700%2C400&ssl=1 2x"},"classes":[]},{"id":90185,"url":"https:\/\/lasprimeras.com.do\/index.php\/2024\/10\/15\/ecuador-entrega-licencias-ambientales-a-proyectos-de-energia-en-medio-de-crisis-electrica\/","url_meta":{"origin":56788,"position":1},"title":"Ecuador entrega licencias ambientales a proyectos de energ\u00eda en medio de crisis el\u00e9ctrica","author":"Nelson Feliz","date":"15 de octubre de 2024","format":false,"excerpt":"Quito, (EFE).- El Gobierno de Ecuador entreg\u00f3 este martes varias licencias ambientales para proyectos de energ\u00eda en las provincias de Imbabura y Morona Santiago, que en conjunto podr\u00edan generar cerca de 400 megavatios, en medio de la crisis el\u00e9ctrica que soporta el pa\u00eds desde hace semanas. En una ceremonia especial\u2026","rel":"","context":"En \u00abSin categor\u00eda\u00bb","block_context":{"text":"Sin categor\u00eda","link":"https:\/\/lasprimeras.com.do\/index.php\/category\/sin-categoria\/"},"img":{"alt_text":"Gobierno de Ecuador","src":"https:\/\/i0.wp.com\/lasprimeras.com.do\/wp-content\/uploads\/2024\/10\/Gobierno-de-Ecuador.jpg?resize=350%2C200&ssl=1","width":350,"height":200,"srcset":"https:\/\/i0.wp.com\/lasprimeras.com.do\/wp-content\/uploads\/2024\/10\/Gobierno-de-Ecuador.jpg?resize=350%2C200&ssl=1 1x, https:\/\/i0.wp.com\/lasprimeras.com.do\/wp-content\/uploads\/2024\/10\/Gobierno-de-Ecuador.jpg?resize=525%2C300&ssl=1 1.5x, https:\/\/i0.wp.com\/lasprimeras.com.do\/wp-content\/uploads\/2024\/10\/Gobierno-de-Ecuador.jpg?resize=700%2C400&ssl=1 2x"},"classes":[]},{"id":126272,"url":"https:\/\/lasprimeras.com.do\/index.php\/2026\/03\/31\/la-termoelectrica-de-manzanillo-fortalece-el-sistema-electrico-y-es-de-las-mas-modernas-del-caribe\/","url_meta":{"origin":56788,"position":2},"title":"La termoel\u00e9ctrica de Manzanillo fortalece el sistema el\u00e9ctrico y es de las m\u00e1s modernas del Caribe","author":"Nelson Feliz","date":"31 de marzo de 2026","format":false,"excerpt":"Joel Santos tambi\u00e9n afirma que en gesti\u00f3n de Abinader casi se ha cuadruplicado la generaci\u00f3n de energ\u00eda renovable El ministro de Energ\u00eda y Minas, Joel Santos,resalt\u00f3 la importancia de la nueva central termoel\u00e9ctrica Manzanillo Power Land, la cual defini\u00f3 como la m\u00e1s moderna del Caribe, e incorpora 414 megavatios (MW)\u2026","rel":"","context":"En \u00abNACIONALES\u00bb","block_context":{"text":"NACIONALES","link":"https:\/\/lasprimeras.com.do\/index.php\/category\/nacionales\/"},"img":{"alt_text":"","src":"https:\/\/i0.wp.com\/lasprimeras.com.do\/wp-content\/uploads\/2025\/08\/Joel-Santos.jpg?resize=350%2C200&ssl=1","width":350,"height":200,"srcset":"https:\/\/i0.wp.com\/lasprimeras.com.do\/wp-content\/uploads\/2025\/08\/Joel-Santos.jpg?resize=350%2C200&ssl=1 1x, https:\/\/i0.wp.com\/lasprimeras.com.do\/wp-content\/uploads\/2025\/08\/Joel-Santos.jpg?resize=525%2C300&ssl=1 1.5x, https:\/\/i0.wp.com\/lasprimeras.com.do\/wp-content\/uploads\/2025\/08\/Joel-Santos.jpg?resize=700%2C400&ssl=1 2x"},"classes":[]},{"id":120531,"url":"https:\/\/lasprimeras.com.do\/index.php\/2026\/01\/25\/gobierno-proyecta-expansion-del-sistema-electrico-con-mas-de-50-adicional-en-energia-base-al-2028\/","url_meta":{"origin":56788,"position":3},"title":"Gobierno proyecta expansi\u00f3n del sistema el\u00e9ctrico con m\u00e1s de 50 % adicional en energ\u00eda base al 2028","author":"Nelson Feliz","date":"25 de enero de 2026","format":false,"excerpt":"El ministro de Energ\u00eda y Minas, Joel Santos, asegur\u00f3 que en los \u00faltimos tres a\u00f1os se habr\u00e1 instalado m\u00e1s de 2,000 megavatios de energ\u00eda base, mientras que en energ\u00edas renovables la cifra rondar\u00e1 los 2,800 MW El ministro de Energ\u00eda y Minas, Joel Santos, inform\u00f3 que Rep\u00fablica Dominicana registrar\u00e1 un\u2026","rel":"","context":"En \u00abNACIONALES\u00bb","block_context":{"text":"NACIONALES","link":"https:\/\/lasprimeras.com.do\/index.php\/category\/nacionales\/"},"img":{"alt_text":"Joel Santos","src":"https:\/\/i0.wp.com\/lasprimeras.com.do\/wp-content\/uploads\/2025\/12\/Joel-Santos.jpg?resize=350%2C200&ssl=1","width":350,"height":200,"srcset":"https:\/\/i0.wp.com\/lasprimeras.com.do\/wp-content\/uploads\/2025\/12\/Joel-Santos.jpg?resize=350%2C200&ssl=1 1x, https:\/\/i0.wp.com\/lasprimeras.com.do\/wp-content\/uploads\/2025\/12\/Joel-Santos.jpg?resize=525%2C300&ssl=1 1.5x, https:\/\/i0.wp.com\/lasprimeras.com.do\/wp-content\/uploads\/2025\/12\/Joel-Santos.jpg?resize=700%2C400&ssl=1 2x"},"classes":[]},{"id":123288,"url":"https:\/\/lasprimeras.com.do\/index.php\/2026\/02\/27\/presidente-abinader-anuncia-inversiones-para-garantizar-estabilidad-del-sistema-electrico\/","url_meta":{"origin":56788,"position":4},"title":"Presidente Abinader anuncia inversiones para garantizar estabilidad del sistema el\u00e9ctrico","author":"Nelson Feliz","date":"27 de febrero de 2026","format":false,"excerpt":"Mandatario destaca sector miner\u00eda marc\u00f3 r\u00e9cord de US$2,600 millones en exportaciones y se confirmaron m\u00e1s de 150 millones de toneladas de tierras raras para futura explotaci\u00f3n. El presidente Luis Abinader anunci\u00f3 este viernes inversiones estrat\u00e9gicas en la transmisi\u00f3n el\u00e9ctrica para reforzar su extensi\u00f3n y seguridad, con el apoyo de compa\u00f1\u00edas\u2026","rel":"","context":"En \u00abECONOM\u00cdA\u00bb","block_context":{"text":"ECONOM\u00cdA","link":"https:\/\/lasprimeras.com.do\/index.php\/category\/economia\/"},"img":{"alt_text":"","src":"https:\/\/i0.wp.com\/lasprimeras.com.do\/wp-content\/uploads\/2025\/06\/ETED.jpg?resize=350%2C200&ssl=1","width":350,"height":200,"srcset":"https:\/\/i0.wp.com\/lasprimeras.com.do\/wp-content\/uploads\/2025\/06\/ETED.jpg?resize=350%2C200&ssl=1 1x, https:\/\/i0.wp.com\/lasprimeras.com.do\/wp-content\/uploads\/2025\/06\/ETED.jpg?resize=525%2C300&ssl=1 1.5x, https:\/\/i0.wp.com\/lasprimeras.com.do\/wp-content\/uploads\/2025\/06\/ETED.jpg?resize=700%2C400&ssl=1 2x"},"classes":[]},{"id":115820,"url":"https:\/\/lasprimeras.com.do\/index.php\/2025\/11\/25\/seni-integra-un-sistema-de-almacenamiento-7-5-megavatios-de-energias-renovables\/","url_meta":{"origin":56788,"position":5},"title":"SENI integra un sistema de almacenamiento 7.5 megavatios de energ\u00edas renovables","author":"Nelson Feliz","date":"25 de noviembre de 2025","format":false,"excerpt":"La infraestructura represent\u00f3 una inversi\u00f3n superior a los US$8 millones Rep\u00fablica Dominicana sigue ganando terreno en el sector de las energ\u00edas renovables. Este martes fue inaugurado el nuevo Sistema de Almacenamiento de Energ\u00eda en Bater\u00edas, con capacidad para integrarse al Sistema El\u00e9ctrico Nacional Interconectado (SENI) con 7.5 megavatios. La infraestructura,\u2026","rel":"","context":"En \u00abECONOM\u00cdA\u00bb","block_context":{"text":"ECONOM\u00cdA","link":"https:\/\/lasprimeras.com.do\/index.php\/category\/economia\/"},"img":{"alt_text":"","src":"https:\/\/i0.wp.com\/lasprimeras.com.do\/wp-content\/uploads\/2025\/11\/abinader.jpg?resize=350%2C200&ssl=1","width":350,"height":200,"srcset":"https:\/\/i0.wp.com\/lasprimeras.com.do\/wp-content\/uploads\/2025\/11\/abinader.jpg?resize=350%2C200&ssl=1 1x, https:\/\/i0.wp.com\/lasprimeras.com.do\/wp-content\/uploads\/2025\/11\/abinader.jpg?resize=525%2C300&ssl=1 1.5x, https:\/\/i0.wp.com\/lasprimeras.com.do\/wp-content\/uploads\/2025\/11\/abinader.jpg?resize=700%2C400&ssl=1 2x"},"classes":[]}],"jetpack_sharing_enabled":true,"_links":{"self":[{"href":"https:\/\/lasprimeras.com.do\/index.php\/wp-json\/wp\/v2\/posts\/56788","targetHints":{"allow":["GET"]}}],"collection":[{"href":"https:\/\/lasprimeras.com.do\/index.php\/wp-json\/wp\/v2\/posts"}],"about":[{"href":"https:\/\/lasprimeras.com.do\/index.php\/wp-json\/wp\/v2\/types\/post"}],"author":[{"embeddable":true,"href":"https:\/\/lasprimeras.com.do\/index.php\/wp-json\/wp\/v2\/users\/2"}],"replies":[{"embeddable":true,"href":"https:\/\/lasprimeras.com.do\/index.php\/wp-json\/wp\/v2\/comments?post=56788"}],"version-history":[{"count":1,"href":"https:\/\/lasprimeras.com.do\/index.php\/wp-json\/wp\/v2\/posts\/56788\/revisions"}],"predecessor-version":[{"id":56790,"href":"https:\/\/lasprimeras.com.do\/index.php\/wp-json\/wp\/v2\/posts\/56788\/revisions\/56790"}],"wp:featuredmedia":[{"embeddable":true,"href":"https:\/\/lasprimeras.com.do\/index.php\/wp-json\/wp\/v2\/media\/56789"}],"wp:attachment":[{"href":"https:\/\/lasprimeras.com.do\/index.php\/wp-json\/wp\/v2\/media?parent=56788"}],"wp:term":[{"taxonomy":"category","embeddable":true,"href":"https:\/\/lasprimeras.com.do\/index.php\/wp-json\/wp\/v2\/categories?post=56788"},{"taxonomy":"post_tag","embeddable":true,"href":"https:\/\/lasprimeras.com.do\/index.php\/wp-json\/wp\/v2\/tags?post=56788"}],"curies":[{"name":"wp","href":"https:\/\/api.w.org\/{rel}","templated":true}]}}