{"id":56791,"date":"2023-08-04T20:23:03","date_gmt":"2023-08-05T00:23:03","guid":{"rendered":"https:\/\/lasprimeras.com.do\/?p=56791"},"modified":"2023-08-04T20:23:04","modified_gmt":"2023-08-05T00:23:04","slug":"leonel-estara-en-santiago-los-alcarrizos-y-monte-plata-este-fin-de-semana","status":"publish","type":"post","link":"https:\/\/lasprimeras.com.do\/index.php\/2023\/08\/04\/leonel-estara-en-santiago-los-alcarrizos-y-monte-plata-este-fin-de-semana\/","title":{"rendered":"Leonel estar\u00e1 en Santiago, Los Alcarrizos y Monte Plata este fin de semana"},"content":{"rendered":"\n<p><strong>Dirigentes del PRM y el PLD pasar\u00e1n a la Fuerza del Pueblo en actos celebrados este fin de semana.<\/strong><\/p>\n\n\n\n<p>El precandidato presidencial del partido Fuerza del Pueblo, Leonel Fern\u00e1ndez, desarrollar\u00e1 este fin de semana m\u00faltiples actividades, iniciando este viernes, a las 5 de la tarde, con una importante juramentaci\u00f3n de nuevos miembros de la organizaci\u00f3n que dirige, en Santiago de Los Caballeros.<\/p>\n\n\n\n<p>Las personas que se integrar\u00e1n en la FP, se dar\u00e1n cita en el Centro de Recreo, ubicado frente al parque Duarte de esta hidalga ciudad.<\/p>\n\n\n\n<p>Todas las encuestas de percepci\u00f3n que se han realizado en los \u00faltimos tiempos, coinciden en el crecimiento sostenido que ha tenido Leonel Fern\u00e1ndez y, esos resultados son de esperarse, debido a las constantes visitas del presidente de la Fuerza del Pueblo a la Ciudad Coraz\u00f3n y zonas aleda\u00f1as, para juramentar a l\u00edderes pol\u00edticos y personalidades de la sociedad.<\/p>\n\n\n\n<p>En horas de la noche, Fern\u00e1ndez tambi\u00e9n participar\u00e1 de una cena de recaudaci\u00f3n de fondos para la campa\u00f1a, con importantes personalidades de la ciudad.<\/p>\n\n\n\n<p>S\u00e1bado<\/p>\n\n\n\n<p>Durante las primeras horas del s\u00e1bado, Fern\u00e1ndez asistir\u00e1 a un desayuno de recaudaci\u00f3n; luego encabezar\u00e1 un acto de juramentaci\u00f3n a un enorme grupo de generales retirados de las Fuerzas Armadas y la Polic\u00eda Nacional, que han decidido formar filas con el l\u00edder de la oposici\u00f3n pol\u00edtica dominicana, el cual se llevar\u00e1 a cabo en el hotel Matum de Santiago.<\/p>\n\n\n\n<p>En la tarde del s\u00e1bado, Leonel Fern\u00e1ndez vuelve a Santo Domingo para cortar la cinta y dejar formalmente inaugurada la Casa del Pueblo del municipio de Pedro Brand, desde donde seguir\u00e1 a un acto de juramentaci\u00f3n de nuevos miembros de la FP, pautado para las 4:30 p.m., en el Club CUP Los Alcarrizos, ubicado en la calle Respaldo John F. Kennedy, Los Alcarrizos. Posteriormente, el presidente de la Fuerza del Pueblo inaugurar\u00e1 dos casas del pueblo en este populoso municipio, una en la calle 24 y la otra en la calle Duarte, esquina calle 35.<\/p>\n\n\n\n<p>Domingo<\/p>\n\n\n\n<p>El presidente de la Fuerza del Pueblo, iniciar\u00e1 la agenda del domingo en el Municipio de Bayaguana, en Monte Plata, con un recorrido por toda la provincia. Aqu\u00ed, importantes dirigentes pol\u00edticos pasar\u00e1n a la FP, en un acto que se ha convocado para las 11:00 a.m., en el Car Wash El Para\u00edso, de la avenida Mirabal de este municipio.<\/p>\n\n\n\n<p>Al salir de Bayaguana Leonel Fern\u00e1ndez acompa\u00f1ar\u00e1 a los precandidatos municipales y congresuales de la Fuerza del Pueblo y aliados, que realizar\u00e1n bandereos en el Cruce de Monte Plata, parque Central de El Cacique y en Galindo, Don Juan.<\/p>\n\n\n\n<p>Durante su permanencia en Monte Plata, Fern\u00e1ndez almorzar\u00e1 con productores agropecuarios y cerrar\u00e1 la jornada del d\u00eda con una concentraci\u00f3n en la avenida Eusebio Manzueta, esquina calle Pio D\u00edaz, en Yamas\u00e1. All\u00ed se juramentar\u00e1n en la Fuerza del Pueblo los cuadros pol\u00edticos de mayor simpat\u00eda electoral en el municipio.<\/p>\n","protected":false},"excerpt":{"rendered":"<p>Dirigentes del PRM y el PLD pasar\u00e1n a la Fuerza del Pueblo en actos celebrados este fin de semana. El precandidato presidencial del partido Fuerza del Pueblo, Leonel Fern\u00e1ndez, desarrollar\u00e1&hellip;<\/p>\n","protected":false},"author":2,"featured_media":56792,"comment_status":"open","ping_status":"open","sticky":false,"template":"","format":"standard","meta":{"content-type":"","jetpack_post_was_ever_published":false,"_jetpack_newsletter_access":"","_jetpack_dont_email_post_to_subs":false,"_jetpack_newsletter_tier_id":0,"_jetpack_memberships_contains_paywalled_content":false,"_jetpack_memberships_contains_paid_content":false,"footnotes":""},"categories":[25],"tags":[51,66,1298,1049],"class_list":["post-56791","post","type-post","status-publish","format-standard","has-post-thumbnail","hentry","category-portada","tag-leonel-fernandez","tag-los-alcarrizos","tag-monte-plata","tag-santiago"],"jetpack_featured_media_url":"https:\/\/lasprimeras.com.do\/wp-content\/uploads\/2023\/08\/Leonel-Fernandez-1.jpg","jetpack-related-posts":[{"id":128064,"url":"https:\/\/lasprimeras.com.do\/index.php\/2026\/04\/17\/leonel-fernandez-encabezara-agenda-de-actividades-este-fin-de-semana-en-santiago-la-romana-y-santo-domingo\/","url_meta":{"origin":56791,"position":0},"title":"Leonel Fern\u00e1ndez encabezar\u00e1 agenda de actividades este fin de semana en Santiago, La Romana y Santo Domingo","author":"Nelson Feliz","date":"17 de abril de 2026","format":false,"excerpt":"El expresidente de la Rep\u00fablica y presidente del partido Fuerza del Pueblo, Leonel Fern\u00e1ndez, desarrollar\u00e1 una agenda de actividades durante este fin de semana en Santiago, La Romana y Santo Domingo, como parte de su din\u00e1mica de trabajo pol\u00edtico y contacto con distintos sectores del pa\u00eds. La jornada del l\u00edder\u2026","rel":"","context":"En \u00abPOLITICA\u00bb","block_context":{"text":"POLITICA","link":"https:\/\/lasprimeras.com.do\/index.php\/category\/politica\/"},"img":{"alt_text":"","src":"https:\/\/i0.wp.com\/lasprimeras.com.do\/wp-content\/uploads\/2025\/05\/Leonel-Fernandez-1.jpg?resize=350%2C200&ssl=1","width":350,"height":200,"srcset":"https:\/\/i0.wp.com\/lasprimeras.com.do\/wp-content\/uploads\/2025\/05\/Leonel-Fernandez-1.jpg?resize=350%2C200&ssl=1 1x, https:\/\/i0.wp.com\/lasprimeras.com.do\/wp-content\/uploads\/2025\/05\/Leonel-Fernandez-1.jpg?resize=525%2C300&ssl=1 1.5x"},"classes":[]},{"id":121680,"url":"https:\/\/lasprimeras.com.do\/index.php\/2026\/02\/07\/leonel-se-reune-con-lideres-cooperativistas-en-santiago\/","url_meta":{"origin":56791,"position":1},"title":"Leonel se re\u00fane con l\u00edderes cooperativistas en Santiago","author":"Nelson Feliz","date":"7 de febrero de 2026","format":false,"excerpt":"Fern\u00e1ndez garantiza respaldo estatal a las cooperativas en un gobierno de la FP. El l\u00edder pol\u00edtico continuar\u00e1 este fin de semana el proceso de juramentaci\u00f3n y fortalecimiento de las estructuras de la Fuerza del Pueblo en Santiago. El presidente del partido Fuerza del Pueblo (FP) Leonel Fern\u00e1ndez, afirm\u00f3 que el\u2026","rel":"","context":"En \u00abPOLITICA\u00bb","block_context":{"text":"POLITICA","link":"https:\/\/lasprimeras.com.do\/index.php\/category\/politica\/"},"img":{"alt_text":"Leonel Fern\u00e1ndez","src":"https:\/\/i0.wp.com\/lasprimeras.com.do\/wp-content\/uploads\/2026\/02\/Leonelito-1.jpg?resize=350%2C200&ssl=1","width":350,"height":200,"srcset":"https:\/\/i0.wp.com\/lasprimeras.com.do\/wp-content\/uploads\/2026\/02\/Leonelito-1.jpg?resize=350%2C200&ssl=1 1x, https:\/\/i0.wp.com\/lasprimeras.com.do\/wp-content\/uploads\/2026\/02\/Leonelito-1.jpg?resize=525%2C300&ssl=1 1.5x, https:\/\/i0.wp.com\/lasprimeras.com.do\/wp-content\/uploads\/2026\/02\/Leonelito-1.jpg?resize=700%2C400&ssl=1 2x"},"classes":[]},{"id":121670,"url":"https:\/\/lasprimeras.com.do\/index.php\/2026\/02\/06\/leonel-se-reune-con-industriales-y-comerciantes-en-santiago\/","url_meta":{"origin":56791,"position":2},"title":"Leonel se re\u00fane con industriales y comerciantes en Santiago","author":"Nelson Feliz","date":"6 de febrero de 2026","format":false,"excerpt":"Sostendr\u00e1 m\u00e1s encuentros con sectores empresariales, profesionales y sociales, adem\u00e1s de m\u00faltiples juramentaciones de nuevos miembros de la Fuerza del Pueblo. El presidente del partido Fuerza del Pueblo, Leonel Fern\u00e1ndez, inici\u00f3 este viernes una agenda de trabajo de tres d\u00edas en la provincia de Santiago con un encuentro con industriales\u2026","rel":"","context":"En \u00abPOLITICA\u00bb","block_context":{"text":"POLITICA","link":"https:\/\/lasprimeras.com.do\/index.php\/category\/politica\/"},"img":{"alt_text":"Leonel Fern\u00e1ndez","src":"https:\/\/i0.wp.com\/lasprimeras.com.do\/wp-content\/uploads\/2026\/02\/Leonel-Fernandez.jpg?resize=350%2C200&ssl=1","width":350,"height":200,"srcset":"https:\/\/i0.wp.com\/lasprimeras.com.do\/wp-content\/uploads\/2026\/02\/Leonel-Fernandez.jpg?resize=350%2C200&ssl=1 1x, https:\/\/i0.wp.com\/lasprimeras.com.do\/wp-content\/uploads\/2026\/02\/Leonel-Fernandez.jpg?resize=525%2C300&ssl=1 1.5x, https:\/\/i0.wp.com\/lasprimeras.com.do\/wp-content\/uploads\/2026\/02\/Leonel-Fernandez.jpg?resize=700%2C400&ssl=1 2x"},"classes":[]},{"id":109520,"url":"https:\/\/lasprimeras.com.do\/index.php\/2025\/09\/18\/leonel-juramenta-a-roberto-duran-y-a-un-grupo-de-ingenieros-y-profesionales-de-santiago\/","url_meta":{"origin":56791,"position":3},"title":"Leonel  juramenta a Roberto Dur\u00e1n y a un grupo de ingenieros y profesionales de Santiago","author":"Nelson Feliz","date":"18 de septiembre de 2025","format":false,"excerpt":"El presidente de la Fuerza del Pueblo (FP), Leonel Fern\u00e1ndez, jurament\u00f3 al ingeniero civil Roberto Dur\u00e1n junto a un equipo de destacados profesionales y dirigentes gremiales de Santiago, provenientes del Partido de la Liberaci\u00f3n Dominicana (PLD). Dur\u00e1n, es un destacado ingeniero gremialista, expresidente en varias ocasiones de la Regional Norte\u2026","rel":"","context":"En \u00abPOLITICA\u00bb","block_context":{"text":"POLITICA","link":"https:\/\/lasprimeras.com.do\/index.php\/category\/politica\/"},"img":{"alt_text":"","src":"https:\/\/i0.wp.com\/lasprimeras.com.do\/wp-content\/uploads\/2025\/09\/leonel.jpg?resize=350%2C200&ssl=1","width":350,"height":200,"srcset":"https:\/\/i0.wp.com\/lasprimeras.com.do\/wp-content\/uploads\/2025\/09\/leonel.jpg?resize=350%2C200&ssl=1 1x, https:\/\/i0.wp.com\/lasprimeras.com.do\/wp-content\/uploads\/2025\/09\/leonel.jpg?resize=525%2C300&ssl=1 1.5x, https:\/\/i0.wp.com\/lasprimeras.com.do\/wp-content\/uploads\/2025\/09\/leonel.jpg?resize=700%2C400&ssl=1 2x"},"classes":[]},{"id":106464,"url":"https:\/\/lasprimeras.com.do\/index.php\/2025\/08\/15\/regidor-del-prm-se-une-a-la-fuerza-del-pueblo-y-es-juramentado-por-leonel-fernandez\/","url_meta":{"origin":56791,"position":4},"title":"Regidor del PRM se une a la Fuerza del Pueblo y es juramentado por Leonel Fern\u00e1ndez","author":"Nelson Feliz","date":"15 de agosto de 2025","format":false,"excerpt":"En el marco de su visita a la Ciudad Coraz\u00f3n, el presidente del partido Fuerza del Pueblo (FP), Leonel Fern\u00e1ndez, jurament\u00f3 al regidor del Partido Revolucionario Moderno (PRM) de Hatillo Palma, provincia Montecristi, Dany Torres, quien formaliz\u00f3 su ingreso a las filas de la organizaci\u00f3n pol\u00edtica liderada por el exmandatario.\u2026","rel":"","context":"En \u00abPOLITICA\u00bb","block_context":{"text":"POLITICA","link":"https:\/\/lasprimeras.com.do\/index.php\/category\/politica\/"},"img":{"alt_text":"","src":"https:\/\/i0.wp.com\/lasprimeras.com.do\/wp-content\/uploads\/2025\/08\/Dany-Torres.jpg?resize=350%2C200&ssl=1","width":350,"height":200,"srcset":"https:\/\/i0.wp.com\/lasprimeras.com.do\/wp-content\/uploads\/2025\/08\/Dany-Torres.jpg?resize=350%2C200&ssl=1 1x, https:\/\/i0.wp.com\/lasprimeras.com.do\/wp-content\/uploads\/2025\/08\/Dany-Torres.jpg?resize=525%2C300&ssl=1 1.5x, https:\/\/i0.wp.com\/lasprimeras.com.do\/wp-content\/uploads\/2025\/08\/Dany-Torres.jpg?resize=700%2C400&ssl=1 2x"},"classes":[]},{"id":57375,"url":"https:\/\/lasprimeras.com.do\/index.php\/2023\/08\/11\/leonel-encabezara-este-fin-de-semana-actividades-de-la-fuerza-del-pueblo-en-la-linea-noroeste\/","url_meta":{"origin":56791,"position":5},"title":"Leonel encabezar\u00e1 este fin de semana actividades de la Fuerza del Pueblo en la l\u00ednea noroeste","author":"Nelson Feliz","date":"11 de agosto de 2023","format":false,"excerpt":"En Santo Domingo Este Leonel Fern\u00e1ndez har\u00e1 juramentaci\u00f3n en Club Calero. El precandidato presidencial del partido Fuerza del Pueblo, Leonel Fern\u00e1ndez, continuar\u00e1 este fin de semana con diversas actividades de juramentaci\u00f3n de nuevos miembros en el municipio Santo Domingo Este y en las provincias de Monte Cristi, Dajab\u00f3n y Santiago\u2026","rel":"","context":"En \u00abPORTADA\u00bb","block_context":{"text":"PORTADA","link":"https:\/\/lasprimeras.com.do\/index.php\/category\/portada\/"},"img":{"alt_text":"Leonel Fermandez","src":"https:\/\/i0.wp.com\/lasprimeras.com.do\/wp-content\/uploads\/2023\/08\/Leonel-Fermandez-1.jpg?resize=350%2C200&ssl=1","width":350,"height":200,"srcset":"https:\/\/i0.wp.com\/lasprimeras.com.do\/wp-content\/uploads\/2023\/08\/Leonel-Fermandez-1.jpg?resize=350%2C200&ssl=1 1x, https:\/\/i0.wp.com\/lasprimeras.com.do\/wp-content\/uploads\/2023\/08\/Leonel-Fermandez-1.jpg?resize=525%2C300&ssl=1 1.5x, https:\/\/i0.wp.com\/lasprimeras.com.do\/wp-content\/uploads\/2023\/08\/Leonel-Fermandez-1.jpg?resize=700%2C400&ssl=1 2x"},"classes":[]}],"jetpack_sharing_enabled":true,"_links":{"self":[{"href":"https:\/\/lasprimeras.com.do\/index.php\/wp-json\/wp\/v2\/posts\/56791","targetHints":{"allow":["GET"]}}],"collection":[{"href":"https:\/\/lasprimeras.com.do\/index.php\/wp-json\/wp\/v2\/posts"}],"about":[{"href":"https:\/\/lasprimeras.com.do\/index.php\/wp-json\/wp\/v2\/types\/post"}],"author":[{"embeddable":true,"href":"https:\/\/lasprimeras.com.do\/index.php\/wp-json\/wp\/v2\/users\/2"}],"replies":[{"embeddable":true,"href":"https:\/\/lasprimeras.com.do\/index.php\/wp-json\/wp\/v2\/comments?post=56791"}],"version-history":[{"count":1,"href":"https:\/\/lasprimeras.com.do\/index.php\/wp-json\/wp\/v2\/posts\/56791\/revisions"}],"predecessor-version":[{"id":56793,"href":"https:\/\/lasprimeras.com.do\/index.php\/wp-json\/wp\/v2\/posts\/56791\/revisions\/56793"}],"wp:featuredmedia":[{"embeddable":true,"href":"https:\/\/lasprimeras.com.do\/index.php\/wp-json\/wp\/v2\/media\/56792"}],"wp:attachment":[{"href":"https:\/\/lasprimeras.com.do\/index.php\/wp-json\/wp\/v2\/media?parent=56791"}],"wp:term":[{"taxonomy":"category","embeddable":true,"href":"https:\/\/lasprimeras.com.do\/index.php\/wp-json\/wp\/v2\/categories?post=56791"},{"taxonomy":"post_tag","embeddable":true,"href":"https:\/\/lasprimeras.com.do\/index.php\/wp-json\/wp\/v2\/tags?post=56791"}],"curies":[{"name":"wp","href":"https:\/\/api.w.org\/{rel}","templated":true}]}}