{"id":56803,"date":"2023-08-05T15:34:14","date_gmt":"2023-08-05T19:34:14","guid":{"rendered":"https:\/\/lasprimeras.com.do\/?p=56803"},"modified":"2023-08-05T15:34:16","modified_gmt":"2023-08-05T19:34:16","slug":"wessin-chavez-entiende-la-jce-debe-depurar-los-padrones-electorales-de-los-partidos","status":"publish","type":"post","link":"https:\/\/lasprimeras.com.do\/index.php\/2023\/08\/05\/wessin-chavez-entiende-la-jce-debe-depurar-los-padrones-electorales-de-los-partidos\/","title":{"rendered":"Wessin Ch\u00e1vez entiende la JCE debe depurar los padrones electorales de los partidos"},"content":{"rendered":"\n<p>El diputado nacional y presidente del Partido Quisqueyano Dem\u00f3crata Cristiano (PQDC), doctor El\u00edas Wessin Ch\u00e1vez, declar\u00f3 hoy que no entiende c\u00f3mo el (@PRM_Oficial) con toda la log\u00edstica disponible se despache con un Padr\u00f3n Electoral que supuestamente cuenta con m\u00e1s de 3 millones de afiliados.<\/p>\n\n\n\n<p>Para comenzar, si fuera cierta esa cifra, los dem\u00e1s partidos del sistema no tienen que ir a elecciones, \u00bfa buscar qu\u00e9?<\/p>\n\n\n\n<p>&#8220;Como es l\u00f3gico, se les destapa un l\u00edo, al salir a flote, gente que no es del PRM y que nunca se ha inscrito en ese partido.&#8221;&nbsp; Wessin Ch\u00e1vez agreg\u00f3: &#8220;Tengo familiares sorprendidos que aparecen en ese padr\u00f3n que solo se han inscrito en el PQDC.&#8221;<\/p>\n\n\n\n<p>Wessin Ch\u00e1vez, dijo que hemos sido precursores de que la @Junta Central, tiene que depurar los Padrones Electorales de los partidos pol\u00edticos, antes de la celebraci\u00f3n de las elecciones municipales, congresuales y generales del 2023.<\/p>\n\n\n\n<p>El legislador y presidente del PQDC, entiende que la JCE ha hecho algo al respecto, porque el PQDC ten\u00eda un padr\u00f3n de 150 mil inscritos y en la depuraci\u00f3n que hizo, nos quedaron 107 mil, por tanto, se supone que 43 mil est\u00e1n en otros partidos o han fallecido.<\/p>\n\n\n\n<p>\u201cEl tema es que la JCE debe depurar con mayor inter\u00e9s y eficacia a los partidos que sobrepasan el 5% de los votos v\u00e1lidos. Pues estos partidos son los que manejan a su antojo cifras y propaganda, para crear percepciones que no se ajustan a la realidad electoral\u201d, se\u00f1ala Wessin Ch\u00e1vez.<\/p>\n\n\n\n<p>Afirm\u00f3 que lo sucedido recientemente con el PRM es la muestra m\u00e1s fehaciente de lo que expongo. La transparencia debe ser una divisa del sistema pol\u00edtico dominicano, lo mismo que se le exige a los altos cargos de los partidos, debe quedar reflejado en los padrones electorales de los mismos.<\/p>\n\n\n\n<p>\u201cNo es \u00e9tico, que un ciudadano est\u00e9 inscrito en varios partidos a la vez. Como tampoco es \u00e9tico que las c\u00fapulas partidarias para abultar su n\u00f3mina dupliquen o tripliquen afiliaciones de gente que no ha dado su consentimiento\u201d, sostuvo el presidente del PQDC, doctor El\u00edas Wessin Ch\u00e1vez.<\/p>\n\n\n\n<p><a href=\"https:\/\/m.facebook.com\/story.php?story_fbid=pfbid02TqQozgFjdKpT3uPz6yLFhEDGvM5NHigL37hz85nWVp4X7WejQfBtpw5UjTk9JdEl&amp;id=601069228&amp;mibextid=Nif5oz\">https:\/\/m.facebook.com\/story.php?story_fbid=pfbid02TqQozgFjdKpT3uPz6yLFhEDGvM5NHigL37hz85nWVp4X7WejQfBtpw5UjTk9JdEl&amp;id=601069228&amp;mibextid=Nif5oz<\/a><\/p>\n","protected":false},"excerpt":{"rendered":"<p>El diputado nacional y presidente del Partido Quisqueyano Dem\u00f3crata Cristiano (PQDC), doctor El\u00edas Wessin Ch\u00e1vez, declar\u00f3 hoy que no entiende c\u00f3mo el (@PRM_Oficial) con toda la log\u00edstica disponible se despache&hellip;<\/p>\n","protected":false},"author":2,"featured_media":56804,"comment_status":"open","ping_status":"open","sticky":false,"template":"","format":"standard","meta":{"content-type":"","jetpack_post_was_ever_published":false,"_jetpack_newsletter_access":"","_jetpack_dont_email_post_to_subs":false,"_jetpack_newsletter_tier_id":0,"_jetpack_memberships_contains_paywalled_content":false,"_jetpack_memberships_contains_paid_content":false,"footnotes":""},"categories":[25],"tags":[5835,2988,5833,183,5834,718],"class_list":["post-56803","post","type-post","status-publish","format-standard","has-post-thumbnail","hentry","category-portada","tag-depurar","tag-electorales","tag-elias-wessin-chavez-4","tag-jce","tag-padrones","tag-partidos"],"jetpack_featured_media_url":"https:\/\/lasprimeras.com.do\/wp-content\/uploads\/2023\/08\/Elias-Wessin-Chavez.jpg","jetpack-related-posts":[{"id":61817,"url":"https:\/\/lasprimeras.com.do\/index.php\/2023\/10\/01\/pqdc-solicita-formalmente-a-la-jce-la-revision-de-los-inscritos-de-su-padron-que-segun-la-jce-estan-afiliados-en-otros-partidos\/","url_meta":{"origin":56803,"position":0},"title":"PQDC solicita formalmente a la JCE la revisi\u00f3n de los inscritos de su Padr\u00f3n, que seg\u00fan la JCE est\u00e1n afiliados en otros partidos","author":"Nelson Feliz","date":"1 de octubre de 2023","format":false,"excerpt":"El presidente del Partido Quisqueyano Dem\u00f3crata Cristiano (PQDC), doctor El\u00edas Wessin Ch\u00e1vez, solicit\u00f3 mediante instancia al presidente de la JCE, Rom\u00e1n Jaquez Liranzo y dem\u00e1s miembros la Junta Central Electoral, la explicaci\u00f3n y correcci\u00f3n del mecanismo de asignaci\u00f3n de militantes que la JCE utiliz\u00f3 para depurar los Padrones de los\u2026","rel":"","context":"En \u00abPORTADA\u00bb","block_context":{"text":"PORTADA","link":"https:\/\/lasprimeras.com.do\/index.php\/category\/portada\/"},"img":{"alt_text":"Elias Wessin Chavez","src":"https:\/\/i0.wp.com\/lasprimeras.com.do\/wp-content\/uploads\/2023\/10\/Elias-Wessin-Chavez-1.jpg?resize=350%2C200&ssl=1","width":350,"height":200,"srcset":"https:\/\/i0.wp.com\/lasprimeras.com.do\/wp-content\/uploads\/2023\/10\/Elias-Wessin-Chavez-1.jpg?resize=350%2C200&ssl=1 1x, https:\/\/i0.wp.com\/lasprimeras.com.do\/wp-content\/uploads\/2023\/10\/Elias-Wessin-Chavez-1.jpg?resize=525%2C300&ssl=1 1.5x, https:\/\/i0.wp.com\/lasprimeras.com.do\/wp-content\/uploads\/2023\/10\/Elias-Wessin-Chavez-1.jpg?resize=700%2C400&ssl=1 2x"},"classes":[]},{"id":106853,"url":"https:\/\/lasprimeras.com.do\/index.php\/2025\/08\/20\/wessin-chavez-presenta-rendicion-de-cuentas-correspondiente-al-periodo-legislativo-2024-2025\/","url_meta":{"origin":56803,"position":1},"title":"Wessin Ch\u00e1vez presenta &#8220;Rendici\u00f3n de Cuentas&#8221; correspondiente al periodo legislativo 2024-2025","author":"Nelson Feliz","date":"20 de agosto de 2025","format":false,"excerpt":"El diputado nacional y presidente del Partido Quisqueyano Dem\u00f3crata Cristiano (PQDC), doctor El\u00edas Wessin Ch\u00e1vez, present\u00f3 este martes su Rendici\u00f3n de Cuentas correspondiente al periodo legislativo 2024-2025; en cumplimiento del Art. 92 de la Constituci\u00f3n y al Reglamento de la C\u00e1mara de Diputados. El documento base sobre la Rendici\u00f3n de\u2026","rel":"","context":"En \u00abPOLITICA\u00bb","block_context":{"text":"POLITICA","link":"https:\/\/lasprimeras.com.do\/index.php\/category\/politica\/"},"img":{"alt_text":"","src":"https:\/\/i0.wp.com\/lasprimeras.com.do\/wp-content\/uploads\/2025\/08\/WhatsApp-Image-2025-08-20-at-8.53.29-AM.jpeg?resize=350%2C200&ssl=1","width":350,"height":200,"srcset":"https:\/\/i0.wp.com\/lasprimeras.com.do\/wp-content\/uploads\/2025\/08\/WhatsApp-Image-2025-08-20-at-8.53.29-AM.jpeg?resize=350%2C200&ssl=1 1x, https:\/\/i0.wp.com\/lasprimeras.com.do\/wp-content\/uploads\/2025\/08\/WhatsApp-Image-2025-08-20-at-8.53.29-AM.jpeg?resize=525%2C300&ssl=1 1.5x, https:\/\/i0.wp.com\/lasprimeras.com.do\/wp-content\/uploads\/2025\/08\/WhatsApp-Image-2025-08-20-at-8.53.29-AM.jpeg?resize=700%2C400&ssl=1 2x, https:\/\/i0.wp.com\/lasprimeras.com.do\/wp-content\/uploads\/2025\/08\/WhatsApp-Image-2025-08-20-at-8.53.29-AM.jpeg?resize=1050%2C600&ssl=1 3x, https:\/\/i0.wp.com\/lasprimeras.com.do\/wp-content\/uploads\/2025\/08\/WhatsApp-Image-2025-08-20-at-8.53.29-AM.jpeg?resize=1400%2C800&ssl=1 4x"},"classes":[]},{"id":107505,"url":"https:\/\/lasprimeras.com.do\/index.php\/2025\/08\/27\/elias-wessin-reclama-al-gobierno-que-rehabilite-y-modernice-el-hospital-psiquiatrico-padre-billini-el-28\/","url_meta":{"origin":56803,"position":2},"title":"El\u00edas Wessin reclama al Gobierno que rehabilite y modernice el Hospital Psiqui\u00e1trico Padre Billini (El 28)","author":"Nelson Feliz","date":"27 de agosto de 2025","format":false,"excerpt":"El diputado nacional y presidente del Partido Quisqueyano Dem\u00f3crata Cristiano (PQDC), El\u00edas Wessin hizo un llamado al gobierno del PRM, para que rehabilite y modernice el Hospital Psiqui\u00e1trico Padre Billini, mejor conocido como el Manicomio del Km 28 de la Carretera Duarte. El legislador opositor, denunci\u00f3 la corriente progre que\u2026","rel":"","context":"En \u00abPOLITICA\u00bb","block_context":{"text":"POLITICA","link":"https:\/\/lasprimeras.com.do\/index.php\/category\/politica\/"},"img":{"alt_text":"Elias Wessin Chavez","src":"https:\/\/i0.wp.com\/lasprimeras.com.do\/wp-content\/uploads\/2023\/10\/Elias-Wessin-Chavez-1.jpg?resize=350%2C200&ssl=1","width":350,"height":200,"srcset":"https:\/\/i0.wp.com\/lasprimeras.com.do\/wp-content\/uploads\/2023\/10\/Elias-Wessin-Chavez-1.jpg?resize=350%2C200&ssl=1 1x, https:\/\/i0.wp.com\/lasprimeras.com.do\/wp-content\/uploads\/2023\/10\/Elias-Wessin-Chavez-1.jpg?resize=525%2C300&ssl=1 1.5x, https:\/\/i0.wp.com\/lasprimeras.com.do\/wp-content\/uploads\/2023\/10\/Elias-Wessin-Chavez-1.jpg?resize=700%2C400&ssl=1 2x"},"classes":[]},{"id":56305,"url":"https:\/\/lasprimeras.com.do\/index.php\/2023\/07\/30\/pqdc-celebra-tercera-asamblea-nacional-de-dirigentes-donde-ratifica-pacto-con-fuerza-del-pueblo\/","url_meta":{"origin":56803,"position":3},"title":"PQDC celebra Tercera Asamblea Nacional de Dirigentes donde ratifica pacto con Fuerza del Pueblo","author":"Nelson Feliz","date":"30 de julio de 2023","format":false,"excerpt":"El Partido Quisqueyano Dem\u00f3crata Cristiano (PQDC) celebr\u00f3 hoy su 3ra. Asamblea Nacional de Dirigentes, en la cual eligieron sus cuadros dirigenciales y aprobaron el pacto de alianza firmado por su presidente El\u00edas Wessin Ch\u00e1vez con el partido Fuerza del Pueblo que dirige Leonel Fern\u00e1ndez de cara a las elecciones del\u2026","rel":"","context":"En \u00abPORTADA\u00bb","block_context":{"text":"PORTADA","link":"https:\/\/lasprimeras.com.do\/index.php\/category\/portada\/"},"img":{"alt_text":"Alianza PQDC","src":"https:\/\/i0.wp.com\/lasprimeras.com.do\/wp-content\/uploads\/2023\/07\/Alianza-PQDC-1.jpg?resize=350%2C200&ssl=1","width":350,"height":200,"srcset":"https:\/\/i0.wp.com\/lasprimeras.com.do\/wp-content\/uploads\/2023\/07\/Alianza-PQDC-1.jpg?resize=350%2C200&ssl=1 1x, https:\/\/i0.wp.com\/lasprimeras.com.do\/wp-content\/uploads\/2023\/07\/Alianza-PQDC-1.jpg?resize=525%2C300&ssl=1 1.5x, https:\/\/i0.wp.com\/lasprimeras.com.do\/wp-content\/uploads\/2023\/07\/Alianza-PQDC-1.jpg?resize=700%2C400&ssl=1 2x"},"classes":[]},{"id":87067,"url":"https:\/\/lasprimeras.com.do\/index.php\/2024\/08\/06\/elias-wessin-chavez-el-gobierno-pretende-otorgar-poder-en-demasia-a-la-pgr\/","url_meta":{"origin":56803,"position":4},"title":"El\u00edas Wessin Ch\u00e1vez:\u201d El Gobierno pretende otorgar poder en demas\u00eda a la PGR\u201d","author":"Nelson Feliz","date":"6 de agosto de 2024","format":false,"excerpt":"El presidente del Partido Quisqueyano Dem\u00f3crata Cristiano \u2013PQDC- y diputado nacional, El\u00edas Wessin Ch\u00e1vez, sostuvo hoy que el Proyecto de Reforma Constitucional que circula, bajo el argumento de una Justicia Independiente, se pretende otorgar a la Procuradur\u00eda General de la Rep\u00fablica (PGR) poder en demas\u00eda.\u00a0 Wessin Ch\u00e1vez, dijo que pr\u00e1cticamente\u2026","rel":"","context":"En \u00abPORTADA\u00bb","block_context":{"text":"PORTADA","link":"https:\/\/lasprimeras.com.do\/index.php\/category\/portada\/"},"img":{"alt_text":"El\u00edas Wessin Ch\u00e1vez","src":"https:\/\/i0.wp.com\/lasprimeras.com.do\/wp-content\/uploads\/2023\/09\/Elias-Wessin-Chavez.jpg?resize=350%2C200&ssl=1","width":350,"height":200},"classes":[]},{"id":53197,"url":"https:\/\/lasprimeras.com.do\/index.php\/2023\/06\/24\/wessin-chavez-califica-de-penoso-que-este-gobierno-asuma-la-ideologia-de-genero-como-politica-de-estado\/","url_meta":{"origin":56803,"position":5},"title":"Wessin Ch\u00e1vez califica de penoso que este gobierno asuma la Ideolog\u00eda de G\u00e9nero como pol\u00edtica de Estado","author":"Nelson Feliz","date":"24 de junio de 2023","format":false,"excerpt":"El presidente del Partido Quisqueyano Dem\u00f3crata Cristiano (PQDC) y diputado nacional, doctor El\u00edas Wessin Ch\u00e1vez, califico de penoso que este gobierno asuma la Ideolog\u00eda de G\u00e9nero como pol\u00edtica de Estado, en un acuerdo con una ministra espa\u00f1ola que postula que los ni\u00f1os pueden decidir tener sexo, si as\u00ed lo sienten\u2026","rel":"","context":"En \u00abPORTADA\u00bb","block_context":{"text":"PORTADA","link":"https:\/\/lasprimeras.com.do\/index.php\/category\/portada\/"},"img":{"alt_text":"El\u00edas Wessin Ch\u00e1vez","src":"https:\/\/i0.wp.com\/lasprimeras.com.do\/wp-content\/uploads\/2023\/06\/Elias-Wessin-Chavez.jpg?resize=350%2C200&ssl=1","width":350,"height":200,"srcset":"https:\/\/i0.wp.com\/lasprimeras.com.do\/wp-content\/uploads\/2023\/06\/Elias-Wessin-Chavez.jpg?resize=350%2C200&ssl=1 1x, https:\/\/i0.wp.com\/lasprimeras.com.do\/wp-content\/uploads\/2023\/06\/Elias-Wessin-Chavez.jpg?resize=525%2C300&ssl=1 1.5x, https:\/\/i0.wp.com\/lasprimeras.com.do\/wp-content\/uploads\/2023\/06\/Elias-Wessin-Chavez.jpg?resize=700%2C400&ssl=1 2x"},"classes":[]}],"jetpack_sharing_enabled":true,"_links":{"self":[{"href":"https:\/\/lasprimeras.com.do\/index.php\/wp-json\/wp\/v2\/posts\/56803","targetHints":{"allow":["GET"]}}],"collection":[{"href":"https:\/\/lasprimeras.com.do\/index.php\/wp-json\/wp\/v2\/posts"}],"about":[{"href":"https:\/\/lasprimeras.com.do\/index.php\/wp-json\/wp\/v2\/types\/post"}],"author":[{"embeddable":true,"href":"https:\/\/lasprimeras.com.do\/index.php\/wp-json\/wp\/v2\/users\/2"}],"replies":[{"embeddable":true,"href":"https:\/\/lasprimeras.com.do\/index.php\/wp-json\/wp\/v2\/comments?post=56803"}],"version-history":[{"count":1,"href":"https:\/\/lasprimeras.com.do\/index.php\/wp-json\/wp\/v2\/posts\/56803\/revisions"}],"predecessor-version":[{"id":56805,"href":"https:\/\/lasprimeras.com.do\/index.php\/wp-json\/wp\/v2\/posts\/56803\/revisions\/56805"}],"wp:featuredmedia":[{"embeddable":true,"href":"https:\/\/lasprimeras.com.do\/index.php\/wp-json\/wp\/v2\/media\/56804"}],"wp:attachment":[{"href":"https:\/\/lasprimeras.com.do\/index.php\/wp-json\/wp\/v2\/media?parent=56803"}],"wp:term":[{"taxonomy":"category","embeddable":true,"href":"https:\/\/lasprimeras.com.do\/index.php\/wp-json\/wp\/v2\/categories?post=56803"},{"taxonomy":"post_tag","embeddable":true,"href":"https:\/\/lasprimeras.com.do\/index.php\/wp-json\/wp\/v2\/tags?post=56803"}],"curies":[{"name":"wp","href":"https:\/\/api.w.org\/{rel}","templated":true}]}}