{"id":56806,"date":"2023-08-05T15:41:53","date_gmt":"2023-08-05T19:41:53","guid":{"rendered":"https:\/\/lasprimeras.com.do\/?p=56806"},"modified":"2023-08-05T15:41:55","modified_gmt":"2023-08-05T19:41:55","slug":"luis-alberto-inaugura-local-del-pld-en-villa-liberacion-en-sde","status":"publish","type":"post","link":"https:\/\/lasprimeras.com.do\/index.php\/2023\/08\/05\/luis-alberto-inaugura-local-del-pld-en-villa-liberacion-en-sde\/","title":{"rendered":"Luis Alberto inaugura local del PLD en Villa Liberaci\u00f3n en SDE"},"content":{"rendered":"\n<p><strong>Este viernes el recorrido se realiz\u00f3 en la circunscripci\u00f3n 3; este domingo realizar\u00e1 el Barrio a Barrio.<\/strong><\/p>\n\n\n\n<p>El candidato a alcalde del Partido de la Liberaci\u00f3n Dominicana (PLD) Santo Domingo Este, Luis Alberto Tejeda, recorri\u00f3 las calles del sector Villa Liberaci\u00f3n en un Casa a Casa, donde adem\u00e1s de escuchar a los mun\u00edcipes pudo contactar el nivel de deterioro de sus calles, drenaje pluvial y la falta de recogida de desechos s\u00f3lidos.<\/p>\n\n\n\n<p>En este recorrido, Luis Alberto estuvo acompa\u00f1ado de importantes dirigentes liderados por la diputada Isabel de la Cruz, quien expres\u00f3 que las comunidades de SDE necesitan una transformaci\u00f3n en cada rinc\u00f3n.<\/p>\n\n\n\n<p>Luego de caminar este sector de la circunscripci\u00f3n tres, acompa\u00f1ado de la precandidata a senadora Cristina Lizardo, los diputados Franklin Mart\u00ednez y Eduardo Hidalgo, entre otros l\u00edderes, el candidato peledeista dej\u00f3 inaugurado un local del PLD, en donde funcionar\u00e1 el Comando de campa\u00f1a del referido territorio.<\/p>\n\n\n\n<p>En este lugar Luis Alberto reiter\u00f3 que se propone rescatar a SDE ejecutando un verdadero programa de gobierno municipal que integre a las comunidades y sectores productivos.<\/p>\n\n\n\n<p>El aspirante termin\u00f3 con la frase que caracteriza al candidato presidencial del PLD, Abel Mart\u00ednez; \u201caguanten que para febrero falta poco\u201d, provocando la algarab\u00eda de los presentes.<\/p>\n\n\n\n<p><strong>Otras actividades durante la semana<\/strong><\/p>\n\n\n\n<p>El mi\u00e9rcoles y el jueves, Luis Alberto realiz\u00f3 tambi\u00e9n los denominados Casa a Casa, visitando los sectores de Villa Duarte y Katanga de la circunscripci\u00f3n 1 y 2 del municipio SDE.<\/p>\n\n\n\n<p><strong>Agenda para este domingo<\/strong><\/p>\n\n\n\n<p>Un despacho period\u00edstico inform\u00f3 que para este domingo, el aspirante a la alcald\u00eda encabezar\u00e1 un Barrio a Barrio por los sectores de Los Mina Sur, Los Mina Viejo, La Milagrosa, Invi de Los Mina, Las Enfermeras y Pidoca de la circunscripci\u00f3n 2.<\/p>\n","protected":false},"excerpt":{"rendered":"<p>Este viernes el recorrido se realiz\u00f3 en la circunscripci\u00f3n 3; este domingo realizar\u00e1 el Barrio a Barrio. El candidato a alcalde del Partido de la Liberaci\u00f3n Dominicana (PLD) Santo Domingo&hellip;<\/p>\n","protected":false},"author":2,"featured_media":56807,"comment_status":"open","ping_status":"open","sticky":false,"template":"","format":"standard","meta":{"content-type":"","jetpack_post_was_ever_published":false,"_jetpack_newsletter_access":"","_jetpack_dont_email_post_to_subs":false,"_jetpack_newsletter_tier_id":0,"_jetpack_memberships_contains_paywalled_content":false,"_jetpack_memberships_contains_paid_content":false,"footnotes":""},"categories":[25],"tags":[5837,4694,269,1016,5836],"class_list":["post-56806","post","type-post","status-publish","format-standard","has-post-thumbnail","hentry","category-portada","tag-barrio-a-barrio","tag-luis-alberto","tag-pld","tag-sde","tag-villa-liberacion"],"jetpack_featured_media_url":"https:\/\/lasprimeras.com.do\/wp-content\/uploads\/2023\/08\/Luis-Alberto-Tejada-1.jpg","jetpack-related-posts":[{"id":105250,"url":"https:\/\/lasprimeras.com.do\/index.php\/2025\/07\/31\/luis-alberto-tejeda-llama-a-la-validacion-activa-de-estructuras-partidarias\/","url_meta":{"origin":56806,"position":0},"title":"Luis Alberto Tejeda llama a la validaci\u00f3n activa de estructuras partidarias","author":"Nelson Feliz","date":"31 de julio de 2025","format":false,"excerpt":"El miembro del Comit\u00e9 Pol\u00edtico del Partido de la Liberaci\u00f3n Dominicana (PLD) y excandidato a la alcald\u00eda de Santo Domingo Este, Luis Alberto Tejeda, hizo un llamado enf\u00e1tico a la militancia pelede\u00edsta a participar activamente en el proceso de validaci\u00f3n interna. \u201cCon esta validaci\u00f3n quiero motivar a todos los miembros\u2026","rel":"","context":"En \u00abPOLITICA\u00bb","block_context":{"text":"POLITICA","link":"https:\/\/lasprimeras.com.do\/index.php\/category\/politica\/"},"img":{"alt_text":"Luis Alberto Tejeda","src":"https:\/\/i0.wp.com\/lasprimeras.com.do\/wp-content\/uploads\/2025\/07\/Luis-Alberto-Tejeda-1.jpg?resize=350%2C200&ssl=1","width":350,"height":200,"srcset":"https:\/\/i0.wp.com\/lasprimeras.com.do\/wp-content\/uploads\/2025\/07\/Luis-Alberto-Tejeda-1.jpg?resize=350%2C200&ssl=1 1x, https:\/\/i0.wp.com\/lasprimeras.com.do\/wp-content\/uploads\/2025\/07\/Luis-Alberto-Tejeda-1.jpg?resize=525%2C300&ssl=1 1.5x, https:\/\/i0.wp.com\/lasprimeras.com.do\/wp-content\/uploads\/2025\/07\/Luis-Alberto-Tejeda-1.jpg?resize=700%2C400&ssl=1 2x"},"classes":[]},{"id":102903,"url":"https:\/\/lasprimeras.com.do\/index.php\/2025\/07\/09\/danilo-medina-va-el-domingo-al-municipio-sde\/","url_meta":{"origin":56806,"position":1},"title":"Danilo Medina va el domingo al municipio SDE","author":"Nelson Feliz","date":"9 de julio de 2025","format":false,"excerpt":"El PLD en la Circunscripci\u00f3n Dos del municipio Santo Domingo Este organiza asamblea que presidir\u00e1n Danilo Medina y Johnny Pujols el pr\u00f3ximo domingo. El Partido de la Liberaci\u00f3n Dominicana (PLD) en la Circunscripci\u00f3n Electoral n\u00famero 2 del municipio Santo Domingo Este se prepara para recibir en ese territorio al presidente\u2026","rel":"","context":"En \u00abPOLITICA\u00bb","block_context":{"text":"POLITICA","link":"https:\/\/lasprimeras.com.do\/index.php\/category\/politica\/"},"img":{"alt_text":"Danilo Medina","src":"https:\/\/i0.wp.com\/lasprimeras.com.do\/wp-content\/uploads\/2024\/05\/Danilo-Medina-02.jpg?resize=350%2C200&ssl=1","width":350,"height":200,"srcset":"https:\/\/i0.wp.com\/lasprimeras.com.do\/wp-content\/uploads\/2024\/05\/Danilo-Medina-02.jpg?resize=350%2C200&ssl=1 1x, https:\/\/i0.wp.com\/lasprimeras.com.do\/wp-content\/uploads\/2024\/05\/Danilo-Medina-02.jpg?resize=525%2C300&ssl=1 1.5x, https:\/\/i0.wp.com\/lasprimeras.com.do\/wp-content\/uploads\/2024\/05\/Danilo-Medina-02.jpg?resize=700%2C400&ssl=1 2x"},"classes":[]},{"id":57071,"url":"https:\/\/lasprimeras.com.do\/index.php\/2023\/08\/08\/luis-alberto-asegura-gobierno-saco-cero-en-materia-de-seguridad\/","url_meta":{"origin":56806,"position":2},"title":"Luis Alberto asegura gobierno sac\u00f3 cero en materia de seguridad","author":"Nelson Feliz","date":"8 de agosto de 2023","format":false,"excerpt":"El candidato a alcalde por Santo Domingo Este, Luis Alberto Tejeda, asegur\u00f3 que el actual gobierno sac\u00f3 cero en materia de seguridad ciudadana, manifestando su preocupaci\u00f3n por la alta tasa de criminalidad. Al ser abordado por la prensa sobre el anuncio de posibles alianzas entre su partido y otras organizaciones\u2026","rel":"","context":"En \u00abPORTADA\u00bb","block_context":{"text":"PORTADA","link":"https:\/\/lasprimeras.com.do\/index.php\/category\/portada\/"},"img":{"alt_text":"Luis Alberto Tejada","src":"https:\/\/i0.wp.com\/lasprimeras.com.do\/wp-content\/uploads\/2023\/08\/Luis-Alberto-1.jpg?resize=350%2C200&ssl=1","width":350,"height":200,"srcset":"https:\/\/i0.wp.com\/lasprimeras.com.do\/wp-content\/uploads\/2023\/08\/Luis-Alberto-1.jpg?resize=350%2C200&ssl=1 1x, https:\/\/i0.wp.com\/lasprimeras.com.do\/wp-content\/uploads\/2023\/08\/Luis-Alberto-1.jpg?resize=525%2C300&ssl=1 1.5x, https:\/\/i0.wp.com\/lasprimeras.com.do\/wp-content\/uploads\/2023\/08\/Luis-Alberto-1.jpg?resize=700%2C400&ssl=1 2x"},"classes":[]},{"id":55919,"url":"https:\/\/lasprimeras.com.do\/index.php\/2023\/07\/26\/ciudadanos-manifiestan-atraso-abandono-y-desastre-por-parte-del-gobierno-y-ayuntamiento-de-sde\/","url_meta":{"origin":56806,"position":3},"title":"Ciudadanos manifiestan atraso, abandono y desastre por parte del gobierno y ayuntamiento de SDE","author":"Nelson Feliz","date":"26 de julio de 2023","format":false,"excerpt":"Las expresiones de los ciudadanos se produjeron en visitas realizadas por el candidato a alcalde Luis Alberto, en sus recorridos \u201cCasa a Casa\u201d. El candidato a alcalde del Partido de la Liberaci\u00f3n Dominicana (PLD) por el municipio Santo Domingo Este, Luis Alberto Tejeda, visit\u00f3 varios sectores del circunscripci\u00f3n 1 de\u2026","rel":"","context":"En \u00abPORTADA\u00bb","block_context":{"text":"PORTADA","link":"https:\/\/lasprimeras.com.do\/index.php\/category\/portada\/"},"img":{"alt_text":"Luis Alberto Tejada","src":"https:\/\/i0.wp.com\/lasprimeras.com.do\/wp-content\/uploads\/2023\/07\/Luis-Alberto-Tejada-1.jpg?resize=350%2C200&ssl=1","width":350,"height":200,"srcset":"https:\/\/i0.wp.com\/lasprimeras.com.do\/wp-content\/uploads\/2023\/07\/Luis-Alberto-Tejada-1.jpg?resize=350%2C200&ssl=1 1x, https:\/\/i0.wp.com\/lasprimeras.com.do\/wp-content\/uploads\/2023\/07\/Luis-Alberto-Tejada-1.jpg?resize=525%2C300&ssl=1 1.5x, https:\/\/i0.wp.com\/lasprimeras.com.do\/wp-content\/uploads\/2023\/07\/Luis-Alberto-Tejada-1.jpg?resize=700%2C400&ssl=1 2x, https:\/\/i0.wp.com\/lasprimeras.com.do\/wp-content\/uploads\/2023\/07\/Luis-Alberto-Tejada-1.jpg?resize=1050%2C600&ssl=1 3x, https:\/\/i0.wp.com\/lasprimeras.com.do\/wp-content\/uploads\/2023\/07\/Luis-Alberto-Tejada-1.jpg?resize=1400%2C800&ssl=1 4x"},"classes":[]},{"id":108010,"url":"https:\/\/lasprimeras.com.do\/index.php\/2025\/09\/02\/cristina-lizardo-el-pld-se-activa-en-la-implementacion-de-la-loe\/","url_meta":{"origin":56806,"position":4},"title":"Cristina Lizardo: El PLD se activa en la implementaci\u00f3n de la LOE","author":"Nelson Feliz","date":"2 de septiembre de 2025","format":false,"excerpt":"El Partido de la Liberaci\u00f3n Dominicana (PLD) en el municipio Santo Domingo Este pasa balance a la implementaci\u00f3n de la L\u00ednea Organizativa y Electoral (LOE). El Partido de la Liberaci\u00f3n Dominicana en los municipios Santo Domingo Este, Boca Chica, Guerra y San Luis y sus circunscripciones y distritos municipales, hizo\u2026","rel":"","context":"En \u00abPOLITICA\u00bb","block_context":{"text":"POLITICA","link":"https:\/\/lasprimeras.com.do\/index.php\/category\/politica\/"},"img":{"alt_text":"","src":"https:\/\/i0.wp.com\/lasprimeras.com.do\/wp-content\/uploads\/2025\/09\/Reunion-LOE-2.jpg?resize=350%2C200&ssl=1","width":350,"height":200,"srcset":"https:\/\/i0.wp.com\/lasprimeras.com.do\/wp-content\/uploads\/2025\/09\/Reunion-LOE-2.jpg?resize=350%2C200&ssl=1 1x, https:\/\/i0.wp.com\/lasprimeras.com.do\/wp-content\/uploads\/2025\/09\/Reunion-LOE-2.jpg?resize=525%2C300&ssl=1 1.5x, https:\/\/i0.wp.com\/lasprimeras.com.do\/wp-content\/uploads\/2025\/09\/Reunion-LOE-2.jpg?resize=700%2C400&ssl=1 2x"},"classes":[]},{"id":60205,"url":"https:\/\/lasprimeras.com.do\/index.php\/2023\/09\/11\/luis-alberto-proclama-sde-debe-ser-declarado-en-estado-de-emergencia\/","url_meta":{"origin":56806,"position":5},"title":"Luis Alberto proclama SDE debe ser declarado en Estado de Emergencia","author":"Nelson Feliz","date":"11 de septiembre de 2023","format":false,"excerpt":"El candidato a alcalde por el Partido de la Liberaci\u00f3n Dominicana, Luis Alberto Tejeda, manifest\u00f3 que \u00e9l y su equipo de trabajo est\u00e1n realizando operativos para combatir el Dengue, enfermedad que las \u00faltimas semanas ha tenido un repunte en el pa\u00eds afectando mayormente a los ni\u00f1os. Durante un recorrido por\u2026","rel":"","context":"En \u00abSin categor\u00eda\u00bb","block_context":{"text":"Sin categor\u00eda","link":"https:\/\/lasprimeras.com.do\/index.php\/category\/sin-categoria\/"},"img":{"alt_text":"Luis Alberto Tejada","src":"https:\/\/i0.wp.com\/lasprimeras.com.do\/wp-content\/uploads\/2023\/08\/Luis-Alberto-Tejada-3.jpg?resize=350%2C200&ssl=1","width":350,"height":200,"srcset":"https:\/\/i0.wp.com\/lasprimeras.com.do\/wp-content\/uploads\/2023\/08\/Luis-Alberto-Tejada-3.jpg?resize=350%2C200&ssl=1 1x, https:\/\/i0.wp.com\/lasprimeras.com.do\/wp-content\/uploads\/2023\/08\/Luis-Alberto-Tejada-3.jpg?resize=525%2C300&ssl=1 1.5x, https:\/\/i0.wp.com\/lasprimeras.com.do\/wp-content\/uploads\/2023\/08\/Luis-Alberto-Tejada-3.jpg?resize=700%2C400&ssl=1 2x"},"classes":[]}],"jetpack_sharing_enabled":true,"_links":{"self":[{"href":"https:\/\/lasprimeras.com.do\/index.php\/wp-json\/wp\/v2\/posts\/56806","targetHints":{"allow":["GET"]}}],"collection":[{"href":"https:\/\/lasprimeras.com.do\/index.php\/wp-json\/wp\/v2\/posts"}],"about":[{"href":"https:\/\/lasprimeras.com.do\/index.php\/wp-json\/wp\/v2\/types\/post"}],"author":[{"embeddable":true,"href":"https:\/\/lasprimeras.com.do\/index.php\/wp-json\/wp\/v2\/users\/2"}],"replies":[{"embeddable":true,"href":"https:\/\/lasprimeras.com.do\/index.php\/wp-json\/wp\/v2\/comments?post=56806"}],"version-history":[{"count":1,"href":"https:\/\/lasprimeras.com.do\/index.php\/wp-json\/wp\/v2\/posts\/56806\/revisions"}],"predecessor-version":[{"id":56808,"href":"https:\/\/lasprimeras.com.do\/index.php\/wp-json\/wp\/v2\/posts\/56806\/revisions\/56808"}],"wp:featuredmedia":[{"embeddable":true,"href":"https:\/\/lasprimeras.com.do\/index.php\/wp-json\/wp\/v2\/media\/56807"}],"wp:attachment":[{"href":"https:\/\/lasprimeras.com.do\/index.php\/wp-json\/wp\/v2\/media?parent=56806"}],"wp:term":[{"taxonomy":"category","embeddable":true,"href":"https:\/\/lasprimeras.com.do\/index.php\/wp-json\/wp\/v2\/categories?post=56806"},{"taxonomy":"post_tag","embeddable":true,"href":"https:\/\/lasprimeras.com.do\/index.php\/wp-json\/wp\/v2\/tags?post=56806"}],"curies":[{"name":"wp","href":"https:\/\/api.w.org\/{rel}","templated":true}]}}