{"id":56809,"date":"2023-08-05T17:28:46","date_gmt":"2023-08-05T21:28:46","guid":{"rendered":"https:\/\/lasprimeras.com.do\/?p=56809"},"modified":"2023-08-05T17:28:48","modified_gmt":"2023-08-05T21:28:48","slug":"leoneljuramenta-105-generales-de-las-ffaa-y-la-pn-en-la-fuerza-del-pueblo","status":"publish","type":"post","link":"https:\/\/lasprimeras.com.do\/index.php\/2023\/08\/05\/leoneljuramenta-105-generales-de-las-ffaa-y-la-pn-en-la-fuerza-del-pueblo\/","title":{"rendered":"Leoneljuramenta 105 generales de las FFAA y la PN en la Fuerza del Pueblo"},"content":{"rendered":"\n<p>Para cerrar con broche de oro su recorrido en la Ciudad Coraz\u00f3n, el precandidato presidencial del partido Fuerza del Pueblo, Leonel Fern\u00e1ndez, particip\u00f3 de un desayuno-encuentro de recaudaci\u00f3n de fondos para la continuidad de su campa\u00f1a electoral, en el cual se dieron cita figuras estelares del empresariado de Santiago.<\/p>\n\n\n\n<p>Luego, el l\u00edder pol\u00edtico encabez\u00f3 un acto de juramentaci\u00f3n de generales y coroneles retirados de las Fuerzas Armadas y la Polic\u00eda Nacional, que decidieron formar filas en la entidad pol\u00edtica de la Cayena blanca.<\/p>\n\n\n\n<p>Con estos actos se siguen consolidando los esfuerzos para garantizar los triunfos electorales del 2024.<\/p>\n\n\n\n<p>El acto de juramentaci\u00f3n de 105 generales (R), se efectu\u00f3 en el hist\u00f3rico hotel Matum, en el cual los nuevos militantes partidarios asumieron el compromiso de trabajar en el crecimiento de la entidad pol\u00edtica opositora, con miras a ganar la Presidencia de la Rep\u00fablica y obtener una gran cantidad de puestos de elecci\u00f3n popular en las alcald\u00edas y el Congreso Nacional en el 2024.<\/p>\n\n\n\n<p>El tambi\u00e9n presidente de la Fuerza del Pueblo, hab\u00eda tomado juramento, anteriormente, en esta organizaci\u00f3n pol\u00edtica a 118 generales retirados hace algunos meses, que sumado a los 105 integrados en el d\u00eda de hoy, totalizan 223 exjefes militares miembros en la FP, a los cuales se adicionan 171 oficiales superiores de menor rango.<\/p>\n\n\n\n<p>De los 105 generales retirados que se integran a las labores pol\u00edticas de la Fuerza del Pueblo, se resaltan el exjefe de la PN Rafael Guillermo Guzm\u00e1n Acosta, padre de quien tambi\u00e9n ocup\u00f3 la m\u00e1s alta posici\u00f3n en el cuerpo llamado a imponer el orden p\u00fablico, Rafael Guillermo Guzm\u00e1n Ferm\u00edn; Gilberto Delgado Valdez, quien ocup\u00f3 la Direcci\u00f3n General de Control de Drogas (DNCD) y la jefatura de la PN.<\/p>\n\n\n\n<p>La integraci\u00f3n de los ex oficiales de los cuerpos castrenses fue coordinada por la Secretar\u00eda de Seguridad y Defensa de la FP, que dirige el ex ministro de la Fuerzas Armadas, mayor general retirado Ram\u00f3n Antonio Aquino Garc\u00eda.<\/p>\n\n\n\n<p>En el acto, las palabras de bienvenida estuvieron a cargo del exjefe de la Polic\u00eda Nacional, Jos\u00e9 A. Polanco G\u00f3mez y; los agradecimientos a cargo del contralmirante retirado Jos\u00e9 \u00c1ngel Toribio Cambero, \u00e9ste dijo que, &#8220;Los que prometieron cambios de verdad lo han hecho, pero para da\u00f1ar todo lo bueno que hab\u00edamos alcanzado, nos vendieron sue\u00f1o y nos enga\u00f1aron&#8221;.<\/p>\n\n\n\n<figure class=\"wp-block-image size-full is-resized\"><img decoding=\"async\" src=\"https:\/\/lasprimeras.com.do\/wp-content\/uploads\/2023\/08\/generales.jpg\" alt=\"\" class=\"wp-image-56811\" width=\"838\" height=\"559\" srcset=\"https:\/\/lasprimeras.com.do\/wp-content\/uploads\/2023\/08\/generales.jpg 700w, https:\/\/lasprimeras.com.do\/wp-content\/uploads\/2023\/08\/generales-300x200.jpg 300w\" sizes=\"(max-width: 838px) 100vw, 838px\" \/><\/figure>\n\n\n\n<p><strong>Lista completa de Generales Retirados que cierran filas con Leonel Fern\u00e1ndez:<\/strong><\/p>\n\n\n\n<p>Del Ej\u00e9rcito de la Rep\u00fablica Dominicana (ERD), los Mayores Generales (R) Luis Francisco de Le\u00f3n Rodr\u00edguez, exdirector de la Escuela de Graduados de Altos Estudios Estrat\u00e9gicos (EGAEE), del Misterio de Defensa; el expresidente de la Junta de Retiro de las Fuerzas Armadas, Jos\u00e9 Esteban Taveras Arias; el excomandante de la Sexta Brigada de Infanter\u00eda del Ej\u00e9rcito Nacional, Audry Ortiz L\u00f3pez; el exdirector del Hospital Regional Marcelino V\u00e9lez Santana, Mayor General M\u00e9dico (R) ERD Luis Pichardo Matos; los Generales de Brigada (R) ERD, Pedro Rodr\u00edguez P\u00e9rez, Gerardo J\u00e1quez Moreta, William Eddy Rodr\u00edguez Minaya, Eusebio Mar\u00ed\u00f1ez Ram\u00edrez, Juan Ant. Paniagua, Ram\u00f3n Medrano Santana, Nicol\u00e1s Medina Florentino, Jos\u00e9 Manuel Novas Novas, Juan Nicol\u00e1s Marz\u00e1n Morel, Ram\u00f3n Guadalupe Bel\u00e9n Pichardo, Ram\u00f3n Antonio Bautista Calder\u00f3n; los Generales de Brigada M\u00e9dicos (R), Luis Taveras G\u00f3mez, Jos\u00e9 David Mateo, Luis Manuel P\u00e9rez M\u00e9ndez, Ignacio Manuel Taveras Cruz y el General de Brigada (R) Ingeniero Jhonny Rosario Pelaez.<\/p>\n\n\n\n<p>De la Armada de la Rep\u00fablica Dominicana (ARD), el exinspector General de ARD, Vicealmirante (R) Rafael R. Guill\u00e9n Sarante; los Contralmirantes (R), Juan Alberto Mart\u00ednez P\u00e9rez, Nicanor F\u00e9liz Cuevas, Jos\u00e9 \u00c1ngel Toribio Cambero, Manuel Emilio Col\u00f3n D\u00edaz, F\u00e9lix Manuel de los Santos de los Santos, Livingstone Mirabal Guill\u00e9n; el exjefe de Operaciones Navales, Manuel El\u00edas Rodr\u00edguez Medina; Fran Reinaldo Polanco de los Santos; los Contralmirantes M\u00e9dicos Edmundo Esteban Jameison y Manuel Fern\u00e1ndez Mart\u00ednez.<\/p>\n\n\n\n<p>De la Fuerza A\u00e9rea de la Rep\u00fablica Dominicana (FARD), el Mayor General (R) Girberto Delgado Valdez, los Generales de Brigada (R), Vidal Alc\u00e1ntara; exencargado de Operaciones de la Direcci\u00f3n de Inteligencia, A-2 de la Fuerza A\u00e9rea, Fausto Rufino Liriano Alberto; Luis Daniel Prandy S\u00e1nchez, Carlos Aurelio Duval Medina, Hugo Antonio Guzm\u00e1n Jim\u00e9nez; el gobernador del Palacio Nacional, Rub\u00e9n Bol\u00edvar Pacheco Santana; el General de Brigada (R) Piloto Secilio Castillo Santana; los Generales (R) M\u00e9dicos Manuel Oscar Mora y Francisco Javier Pimentel Perdomo y; el Mayor General (R) Francisco Romer L\u00f3pez.<\/p>\n\n\n\n<p>De la Polic\u00eda Nacional (PN), los Mayores General (R), Rafael Guillermo Guzm\u00e1n Acosta, Francisco Abreu Montes de Oca, Ludwing Miguel Suard\u00ed Correa, Vinicio Perdomo Feliz; los Generales de Brigada (R) Juan Feliz Novas, Juan Sergio P\u00e9rez Mancebo, Daniel Abreu Col\u00f3n, Francisco Abreu Pe\u00f1a, Francisco Vargas Ure\u00f1a, Antonio Calvo P\u00e9rez, Ricardo J\u00e1quez Ram\u00f3n, Fabi\u00e1n M\u00e9ndez, Abel Ant. Nin Ferreras, Gilberto Antonio de la Rosa Pastrano, Ricardo Ant. Scharbay V\u00e1squez, Jos\u00e9 Ant. Veloz Garc\u00eda, Rub\u00e9n Daneiro Castro P\u00e9rez, F\u00e9lix Alberto G\u00f3mez Geraldino, Francisco Ceballos L\u00f3pez, Fernando Arturo Belliard Acosta, Junior Ant. Ovalles Concepci\u00f3n, Sixto Ram\u00edrez de la Cruz, Jos\u00e9 Mart\u00edn Taveras Taveras, Juan M\u00e9ndez Ogando, Edgar Hamburgo Rinc\u00f3n, Marcos A. Castro Tavares, Juan Francisco Solano J\u00e1quez, Edilio De Jes\u00fas Genao N\u00fa\u00f1ez, Alfonso P\u00e9rez Medrano, Washington Green Almonte, Jos\u00e9 Dolores Mart\u00ednez Mateo, Tom\u00e1s Aquino Novas, William de Jes\u00fas Reyes Mart\u00ednez.<\/p>\n\n\n\n<p>Otros Generales de Brigada (R) de la PN que fueron juramentados son: Alejo Evangelista, Jos\u00e9 Manuel Hern\u00e1ndez Guti\u00e9rrez, Jos\u00e9 Matos Segura, Jelly Mariam Ure\u00f1a P\u00e9rez, El\u00edas Marte, Cristian R. Bello D\u00edaz, Juan Antonio Lora Castro, Karen Odalis Gonz\u00e1lez Mej\u00eda, V\u00edctor M\u00e9ndez L\u00f3pez, Alejandro Ant\u00f3nio Est\u00e9vez Germos\u00e9n, Rudy de Jes\u00fas Alm\u00e1nzar Medina, V\u00edctor Hern\u00e1ndez M\u00e9ndez, Antonia In\u00e9s de la Cruz Pereira, Livet Genoveva Corpor\u00e1n de Bello, V\u00edctor Cruz Fabi\u00e1n, Ram\u00f3n Primitivo Nieves, Jos\u00e9 Altagracia D\u00edaz Pujols, Julio C\u00e9sar Rodr\u00edguez Calder\u00f3n, Santos Olivo L\u00f3pez Vega, Jos\u00e9 Brea Rom\u00e1n, Onrris Manuel Rubio Feliz, William Herrera Jim\u00e9nez, Julio C\u00e9sar Lorenzo Pulinario, Jos\u00e9 Abrah\u00e1n M\u00e9ndez, Nelson Encarnaci\u00f3n Men\u00e9ndez, Luis Fernando S\u00e1nchez Mej\u00eda, Pedro Cuevas Valenzuela, Sergio Antonio Naut Gonz\u00e1lez, Julio Federico Francisco Campos Rodr\u00edguez.<\/p>\n","protected":false},"excerpt":{"rendered":"<p>Para cerrar con broche de oro su recorrido en la Ciudad Coraz\u00f3n, el precandidato presidencial del partido Fuerza del Pueblo, Leonel Fern\u00e1ndez, particip\u00f3 de un desayuno-encuentro de recaudaci\u00f3n de fondos&hellip;<\/p>\n","protected":false},"author":2,"featured_media":56810,"comment_status":"open","ping_status":"open","sticky":false,"template":"","format":"standard","meta":{"content-type":"","jetpack_post_was_ever_published":false,"_jetpack_newsletter_access":"","_jetpack_dont_email_post_to_subs":false,"_jetpack_newsletter_tier_id":0,"_jetpack_memberships_contains_paywalled_content":false,"_jetpack_memberships_contains_paid_content":false,"footnotes":""},"categories":[25],"tags":[546,158,2425,268,51,477],"class_list":["post-56809","post","type-post","status-publish","format-standard","has-post-thumbnail","hentry","category-portada","tag-ffaa","tag-fuerza-del-pueblo","tag-generales","tag-juramenta","tag-leonel-fernandez","tag-pn"],"jetpack_featured_media_url":"https:\/\/lasprimeras.com.do\/wp-content\/uploads\/2023\/08\/Leonel-Fernandez-2.jpg","jetpack-related-posts":[{"id":121070,"url":"https:\/\/lasprimeras.com.do\/index.php\/2026\/01\/31\/leonel-fernandez-encabezara-juramentacion-de-nuevos-miembros-de-fp-este-domingo\/","url_meta":{"origin":56809,"position":0},"title":"Leonel Fern\u00e1ndez encabezar\u00e1 juramentaci\u00f3n de nuevos miembros de FP este domingo","author":"Nelson Feliz","date":"31 de enero de 2026","format":false,"excerpt":"El presidente del partido Fuerza del Pueblo (FP), Leonel Fern\u00e1ndez, contin\u00faa este domingo el proceso de juramentaci\u00f3n de nuevos miembros en esa organizaci\u00f3n, como parte del fortalecimiento que impulsa la entidad opositora a nivel nacional. El acto de este domingo tendr\u00e1 lugar a las 10:00 de la ma\u00f1ana en el\u2026","rel":"","context":"En \u00abPOLITICA\u00bb","block_context":{"text":"POLITICA","link":"https:\/\/lasprimeras.com.do\/index.php\/category\/politica\/"},"img":{"alt_text":"","src":"https:\/\/i0.wp.com\/lasprimeras.com.do\/wp-content\/uploads\/2025\/08\/Leonel-Fernandez.jpg?resize=350%2C200&ssl=1","width":350,"height":200,"srcset":"https:\/\/i0.wp.com\/lasprimeras.com.do\/wp-content\/uploads\/2025\/08\/Leonel-Fernandez.jpg?resize=350%2C200&ssl=1 1x, https:\/\/i0.wp.com\/lasprimeras.com.do\/wp-content\/uploads\/2025\/08\/Leonel-Fernandez.jpg?resize=525%2C300&ssl=1 1.5x, https:\/\/i0.wp.com\/lasprimeras.com.do\/wp-content\/uploads\/2025\/08\/Leonel-Fernandez.jpg?resize=700%2C400&ssl=1 2x"},"classes":[]},{"id":106464,"url":"https:\/\/lasprimeras.com.do\/index.php\/2025\/08\/15\/regidor-del-prm-se-une-a-la-fuerza-del-pueblo-y-es-juramentado-por-leonel-fernandez\/","url_meta":{"origin":56809,"position":1},"title":"Regidor del PRM se une a la Fuerza del Pueblo y es juramentado por Leonel Fern\u00e1ndez","author":"Nelson Feliz","date":"15 de agosto de 2025","format":false,"excerpt":"En el marco de su visita a la Ciudad Coraz\u00f3n, el presidente del partido Fuerza del Pueblo (FP), Leonel Fern\u00e1ndez, jurament\u00f3 al regidor del Partido Revolucionario Moderno (PRM) de Hatillo Palma, provincia Montecristi, Dany Torres, quien formaliz\u00f3 su ingreso a las filas de la organizaci\u00f3n pol\u00edtica liderada por el exmandatario.\u2026","rel":"","context":"En \u00abPOLITICA\u00bb","block_context":{"text":"POLITICA","link":"https:\/\/lasprimeras.com.do\/index.php\/category\/politica\/"},"img":{"alt_text":"","src":"https:\/\/i0.wp.com\/lasprimeras.com.do\/wp-content\/uploads\/2025\/08\/Dany-Torres.jpg?resize=350%2C200&ssl=1","width":350,"height":200,"srcset":"https:\/\/i0.wp.com\/lasprimeras.com.do\/wp-content\/uploads\/2025\/08\/Dany-Torres.jpg?resize=350%2C200&ssl=1 1x, https:\/\/i0.wp.com\/lasprimeras.com.do\/wp-content\/uploads\/2025\/08\/Dany-Torres.jpg?resize=525%2C300&ssl=1 1.5x, https:\/\/i0.wp.com\/lasprimeras.com.do\/wp-content\/uploads\/2025\/08\/Dany-Torres.jpg?resize=700%2C400&ssl=1 2x"},"classes":[]},{"id":121683,"url":"https:\/\/lasprimeras.com.do\/index.php\/2026\/02\/08\/leonel-juramenta-en-la-fp-al-expresidente-del-pld-y-decenas-de-dirigentes-en-licey-al-medio\/","url_meta":{"origin":56809,"position":2},"title":"Leonel juramenta en la FP al expresidente del PLD y decenas de dirigentes en Licey al Medio","author":"Nelson Feliz","date":"8 de febrero de 2026","format":false,"excerpt":"El presidente del partido Fuerza del Pueblo (FP), Leonel Fern\u00e1ndez, encabez\u00f3 la tarde de este s\u00e1bado un acto de juramentaci\u00f3n en el municipio de Licey al Medio, donde formaliz\u00f3 la incorporaci\u00f3n a esa organizaci\u00f3n del dirigente pol\u00edtico Jos\u00e9 Dur\u00e1n L\u00f3pez, expresidente del Partido de la Liberaci\u00f3n Dominicana (PLD) en esa\u2026","rel":"","context":"En \u00abPOLITICA\u00bb","block_context":{"text":"POLITICA","link":"https:\/\/lasprimeras.com.do\/index.php\/category\/politica\/"},"img":{"alt_text":"Leonel Fern\u00e1ndez","src":"https:\/\/i0.wp.com\/lasprimeras.com.do\/wp-content\/uploads\/2026\/02\/Leonel-Fernandez-3.jpg?resize=350%2C200&ssl=1","width":350,"height":200,"srcset":"https:\/\/i0.wp.com\/lasprimeras.com.do\/wp-content\/uploads\/2026\/02\/Leonel-Fernandez-3.jpg?resize=350%2C200&ssl=1 1x, https:\/\/i0.wp.com\/lasprimeras.com.do\/wp-content\/uploads\/2026\/02\/Leonel-Fernandez-3.jpg?resize=525%2C300&ssl=1 1.5x, https:\/\/i0.wp.com\/lasprimeras.com.do\/wp-content\/uploads\/2026\/02\/Leonel-Fernandez-3.jpg?resize=700%2C400&ssl=1 2x"},"classes":[]},{"id":120569,"url":"https:\/\/lasprimeras.com.do\/index.php\/2026\/01\/25\/leonel-acusa-al-prm-de-haber-comprado-elecciones-con-fondos-de-senasa\/","url_meta":{"origin":56809,"position":3},"title":"Leonel acusa al PRM de haber comprado elecciones con fondos de SeNaSa","author":"Nelson Feliz","date":"25 de enero de 2026","format":false,"excerpt":"Fern\u00e1ndez anuncia obras prioritarias para La Cuchilla y Medina de Villa Altagracia El presidente del partido Fuerza del Pueblo, Leonel Fern\u00e1ndez, acus\u00f3 este s\u00e1bado al PRM de utilizar fondos p\u00fablicos del Seguro Nacional de Salud (SeNaSa) para \u201ccomprar elecciones\u201d, al tiempo que asumi\u00f3 compromisos concretos de obras prioritarias para los\u2026","rel":"","context":"En \u00abPOLITICA\u00bb","block_context":{"text":"POLITICA","link":"https:\/\/lasprimeras.com.do\/index.php\/category\/politica\/"},"img":{"alt_text":"Leonel Fern\u00e1ndez","src":"https:\/\/i0.wp.com\/lasprimeras.com.do\/wp-content\/uploads\/2026\/01\/Leonel-Fernandez-JURA.jpg?resize=350%2C200&ssl=1","width":350,"height":200,"srcset":"https:\/\/i0.wp.com\/lasprimeras.com.do\/wp-content\/uploads\/2026\/01\/Leonel-Fernandez-JURA.jpg?resize=350%2C200&ssl=1 1x, https:\/\/i0.wp.com\/lasprimeras.com.do\/wp-content\/uploads\/2026\/01\/Leonel-Fernandez-JURA.jpg?resize=525%2C300&ssl=1 1.5x, https:\/\/i0.wp.com\/lasprimeras.com.do\/wp-content\/uploads\/2026\/01\/Leonel-Fernandez-JURA.jpg?resize=700%2C400&ssl=1 2x"},"classes":[]},{"id":122259,"url":"https:\/\/lasprimeras.com.do\/index.php\/2026\/02\/15\/leonel-proyecta-47-frente-a-38-del-oficialismo-si-hoy-fueran-las-elecciones\/","url_meta":{"origin":56809,"position":4},"title":"Leonel proyecta 47% frente a 38% del oficialismo si hoy fueran las elecciones","author":"Nelson Feliz","date":"15 de febrero de 2026","format":false,"excerpt":"Juramenta en la Fuerza del Pueblo a Rosangela Celestino Pierret (Chambi), nieta de Polonio Pierret. El presidente del partido Fuerza del Pueblo (FP), Leonel Fern\u00e1ndez, afirm\u00f3 que, de celebrarse hoy las elecciones nacionales, esa organizaci\u00f3n obtendr\u00eda un 47% de intenci\u00f3n de los votos, frente a un 38% del partido de\u2026","rel":"","context":"En \u00abPOLITICA\u00bb","block_context":{"text":"POLITICA","link":"https:\/\/lasprimeras.com.do\/index.php\/category\/politica\/"},"img":{"alt_text":"Leonel Fern\u00e1ndez","src":"https:\/\/i0.wp.com\/lasprimeras.com.do\/wp-content\/uploads\/2026\/02\/Leonel-Fernandez-5.jpg?resize=350%2C200&ssl=1","width":350,"height":200,"srcset":"https:\/\/i0.wp.com\/lasprimeras.com.do\/wp-content\/uploads\/2026\/02\/Leonel-Fernandez-5.jpg?resize=350%2C200&ssl=1 1x, https:\/\/i0.wp.com\/lasprimeras.com.do\/wp-content\/uploads\/2026\/02\/Leonel-Fernandez-5.jpg?resize=525%2C300&ssl=1 1.5x, https:\/\/i0.wp.com\/lasprimeras.com.do\/wp-content\/uploads\/2026\/02\/Leonel-Fernandez-5.jpg?resize=700%2C400&ssl=1 2x"},"classes":[]},{"id":121680,"url":"https:\/\/lasprimeras.com.do\/index.php\/2026\/02\/07\/leonel-se-reune-con-lideres-cooperativistas-en-santiago\/","url_meta":{"origin":56809,"position":5},"title":"Leonel se re\u00fane con l\u00edderes cooperativistas en Santiago","author":"Nelson Feliz","date":"7 de febrero de 2026","format":false,"excerpt":"Fern\u00e1ndez garantiza respaldo estatal a las cooperativas en un gobierno de la FP. El l\u00edder pol\u00edtico continuar\u00e1 este fin de semana el proceso de juramentaci\u00f3n y fortalecimiento de las estructuras de la Fuerza del Pueblo en Santiago. El presidente del partido Fuerza del Pueblo (FP) Leonel Fern\u00e1ndez, afirm\u00f3 que el\u2026","rel":"","context":"En \u00abPOLITICA\u00bb","block_context":{"text":"POLITICA","link":"https:\/\/lasprimeras.com.do\/index.php\/category\/politica\/"},"img":{"alt_text":"Leonel Fern\u00e1ndez","src":"https:\/\/i0.wp.com\/lasprimeras.com.do\/wp-content\/uploads\/2026\/02\/Leonelito-1.jpg?resize=350%2C200&ssl=1","width":350,"height":200,"srcset":"https:\/\/i0.wp.com\/lasprimeras.com.do\/wp-content\/uploads\/2026\/02\/Leonelito-1.jpg?resize=350%2C200&ssl=1 1x, https:\/\/i0.wp.com\/lasprimeras.com.do\/wp-content\/uploads\/2026\/02\/Leonelito-1.jpg?resize=525%2C300&ssl=1 1.5x, https:\/\/i0.wp.com\/lasprimeras.com.do\/wp-content\/uploads\/2026\/02\/Leonelito-1.jpg?resize=700%2C400&ssl=1 2x"},"classes":[]}],"jetpack_sharing_enabled":true,"_links":{"self":[{"href":"https:\/\/lasprimeras.com.do\/index.php\/wp-json\/wp\/v2\/posts\/56809","targetHints":{"allow":["GET"]}}],"collection":[{"href":"https:\/\/lasprimeras.com.do\/index.php\/wp-json\/wp\/v2\/posts"}],"about":[{"href":"https:\/\/lasprimeras.com.do\/index.php\/wp-json\/wp\/v2\/types\/post"}],"author":[{"embeddable":true,"href":"https:\/\/lasprimeras.com.do\/index.php\/wp-json\/wp\/v2\/users\/2"}],"replies":[{"embeddable":true,"href":"https:\/\/lasprimeras.com.do\/index.php\/wp-json\/wp\/v2\/comments?post=56809"}],"version-history":[{"count":1,"href":"https:\/\/lasprimeras.com.do\/index.php\/wp-json\/wp\/v2\/posts\/56809\/revisions"}],"predecessor-version":[{"id":56812,"href":"https:\/\/lasprimeras.com.do\/index.php\/wp-json\/wp\/v2\/posts\/56809\/revisions\/56812"}],"wp:featuredmedia":[{"embeddable":true,"href":"https:\/\/lasprimeras.com.do\/index.php\/wp-json\/wp\/v2\/media\/56810"}],"wp:attachment":[{"href":"https:\/\/lasprimeras.com.do\/index.php\/wp-json\/wp\/v2\/media?parent=56809"}],"wp:term":[{"taxonomy":"category","embeddable":true,"href":"https:\/\/lasprimeras.com.do\/index.php\/wp-json\/wp\/v2\/categories?post=56809"},{"taxonomy":"post_tag","embeddable":true,"href":"https:\/\/lasprimeras.com.do\/index.php\/wp-json\/wp\/v2\/tags?post=56809"}],"curies":[{"name":"wp","href":"https:\/\/api.w.org\/{rel}","templated":true}]}}