{"id":56813,"date":"2023-08-05T17:52:17","date_gmt":"2023-08-05T21:52:17","guid":{"rendered":"https:\/\/lasprimeras.com.do\/?p=56813"},"modified":"2023-08-05T17:52:19","modified_gmt":"2023-08-05T21:52:19","slug":"abinader-entrega-mas-de-300-titulos-de-propiedad-en-montecristi","status":"publish","type":"post","link":"https:\/\/lasprimeras.com.do\/index.php\/2023\/08\/05\/abinader-entrega-mas-de-300-titulos-de-propiedad-en-montecristi\/","title":{"rendered":"Abinader entrega m\u00e1s de 300 t\u00edtulos de propiedad en Montecristi"},"content":{"rendered":"\n<p><strong>Presidente inaugura centro de INFOTEP y hotel Wyndham Garden El Morro<\/strong><\/p>\n\n\n\n<p>El presidente Luis Abinader fue recibido por cientos de rostros alegres por los mun\u00edcipes de Las Matas de Santa Cruz y Carbonera, tierras productoras de banano, arroz y ganado en la provincia Montecristi.<\/p>\n\n\n\n<p>A ellos, el mandatario les entreg\u00f3 sus t\u00edtulos de propiedad, beneficiando a m\u00e1s de 300 familias en Barrio el Bolsillo, Barrio Viejo, El Campamento, Barrio Lindo, El Tanque y Barrio Nuevo.<\/p>\n\n\n\n<p>El costo asumido por el gobierno para que estas familias hoy disfruten de un techo propio, fue de RD$ 35,600,000.00, con un costo individual de RD$ 80,000.00.<\/p>\n\n\n\n<p>Acto seguido, el mandatario revel\u00f3 que a solicitud propia, el Ministerio de Educaci\u00f3n est\u00e1 evaluando la identificaci\u00f3n de entre 300 y 400 planteles que puedan funcionar como polit\u00e9cnicos para el a\u00f1o escolar 2024-2025, con el prop\u00f3sito de alcanzar que todos los municipios importantes y grandes ciudades del pa\u00eds cuenten con estos centros.<\/p>\n\n\n\n<figure class=\"wp-block-image size-full is-resized\"><img decoding=\"async\" src=\"https:\/\/lasprimeras.com.do\/wp-content\/uploads\/2023\/08\/Luis-Abinader-2-1.jpg\" alt=\"\" class=\"wp-image-56815\" width=\"836\" height=\"557\" srcset=\"https:\/\/lasprimeras.com.do\/wp-content\/uploads\/2023\/08\/Luis-Abinader-2-1.jpg 700w, https:\/\/lasprimeras.com.do\/wp-content\/uploads\/2023\/08\/Luis-Abinader-2-1-300x200.jpg 300w\" sizes=\"(max-width: 836px) 100vw, 836px\" \/><\/figure>\n\n\n\n<p>Estos datos los ofreci\u00f3 al dar el primer palazo para la construcci\u00f3n de dos polit\u00e9cnicos en Las Matas de Santa Cruz, con \u00e9nfasis en producci\u00f3n agropecuaria, y en Pepillo Salcedo, con \u00e9nfasis en la parte industrial y log\u00edstica.<\/p>\n\n\n\n<p>De igual forma, el gobernante inaugur\u00f3 talleres del INFOTEP en Las Matas de Santa Cruz y Palo Verde, con 44 acciones formativas conforme a las necesidades de la zona, respondiendo positivamente a 18 empresas s\u00f3lo en este a\u00f1o.<br>&nbsp;<br>Rafael Santos Bad\u00eda, director general del INFOTEP, dijo que con este se agregan 792 participantes, sum\u00e1ndose a los 11,482 egresados desde 2020 solo en Montecristi.<\/p>\n\n\n\n<figure class=\"wp-block-image size-full is-resized\"><img decoding=\"async\" src=\"https:\/\/lasprimeras.com.do\/wp-content\/uploads\/2023\/08\/Luis-Abinader.jpg\" alt=\"\" class=\"wp-image-56816\" width=\"835\" height=\"604\" srcset=\"https:\/\/lasprimeras.com.do\/wp-content\/uploads\/2023\/08\/Luis-Abinader.jpg 700w, https:\/\/lasprimeras.com.do\/wp-content\/uploads\/2023\/08\/Luis-Abinader-300x217.jpg 300w\" sizes=\"(max-width: 835px) 100vw, 835px\" \/><\/figure>\n\n\n\n<p>Previamente, el Presidente particip\u00f3 en la inauguraci\u00f3n del Hotel Wyndham Garden El Morro con 56 habitaciones apto para hu\u00e9spedes vacacionales y corporativos.<\/p>\n\n\n\n<p>Sus instalaciones incluyen salones vers\u00e1tiles para reuniones, gimnasio, \u00e1rea de trabajo, bar, piscina servicios de bancos, farmacias y minimarket.<\/p>\n\n\n\n<p>M\u00e1s temprano el mandatario asisti\u00f3 a la presentaci\u00f3n del M\u00e1ster Plan para el Desarrollo Tur\u00edstico de Montecristi que permitir\u00e1 dinamizar las actividades econ\u00f3micas, log\u00edsticas e industriales de la zona, con inversi\u00f3n privada.<\/p>\n\n\n\n<p>Asimismo, busca contribuir a extender todas las actividades portuarias para que puedan llegar m\u00e1s barcos que por las condiciones naturales y su ubicaci\u00f3n estrat\u00e9gica puedan hacer del puerto de Manzanillo, la principal terminal portuaria del noroeste del pa\u00eds.<\/p>\n\n\n\n<p>De su lado, el ministro de la Presidencia, Joel Santos dio el primer palazo para la construcci\u00f3n del Sanctuary Residences Montecristi, con 109 villas e inversi\u00f3n privada estimada de USD$30,000,000.<\/p>\n\n\n\n<p>Santos Echeverr\u00eda agradeci\u00f3 en nombre del presidente Abinader a los empresarios e inversionistas por depositar su confianza en el desarrollo econ\u00f3mico de Montecristi.<\/p>\n\n\n\n<p>Ambos proyectos se beneficiar\u00e1n de las facilidades fiscales otorgadas por la ley 158-01 (CONFOTUR), lo que impulsar\u00e1 a\u00fan m\u00e1s su impacto econ\u00f3mico y desarrollo sostenible en la regi\u00f3n.<\/p>\n","protected":false},"excerpt":{"rendered":"<p>Presidente inaugura centro de INFOTEP y hotel Wyndham Garden El Morro El presidente Luis Abinader fue recibido por cientos de rostros alegres por los mun\u00edcipes de Las Matas de Santa&hellip;<\/p>\n","protected":false},"author":2,"featured_media":56814,"comment_status":"open","ping_status":"open","sticky":false,"template":"","format":"standard","meta":{"content-type":"","jetpack_post_was_ever_published":false,"_jetpack_newsletter_access":"","_jetpack_dont_email_post_to_subs":false,"_jetpack_newsletter_tier_id":0,"_jetpack_memberships_contains_paywalled_content":false,"_jetpack_memberships_contains_paid_content":false,"footnotes":""},"categories":[39,25],"tags":[67,2022,5838],"class_list":["post-56813","post","type-post","status-publish","format-standard","has-post-thumbnail","hentry","category-economia","category-portada","tag-luis-abinader","tag-montecristi","tag-titulos-de-propiedad"],"jetpack_featured_media_url":"https:\/\/lasprimeras.com.do\/wp-content\/uploads\/2023\/08\/Luis-Abinader-1.jpg","jetpack-related-posts":[{"id":101937,"url":"https:\/\/lasprimeras.com.do\/index.php\/2025\/06\/29\/abinader-entrega-titulos-de-propiedad-a-familias-de-la-yaguita-del-pastor-santiago\/","url_meta":{"origin":56813,"position":0},"title":"Abinader entrega t\u00edtulos de propiedad a familias de La Yag\u00fcita del Pastor, Santiago","author":"Nelson Feliz","date":"29 de junio de 2025","format":false,"excerpt":"El presidente Luis Abinader entreg\u00f3 este domingo 537 t\u00edtulos de propiedad a residentes en la Yaguita de Pastor, Santiago, como parte de llevarles justicia social, esperanza y transformaci\u00f3n a las comunidades. Con sonrisas en sus rostros, los beneficiarios recibieron al mandatario y le agradecieron por hacer posible este momento, en\u2026","rel":"","context":"En \u00abNACIONALES\u00bb","block_context":{"text":"NACIONALES","link":"https:\/\/lasprimeras.com.do\/index.php\/category\/nacionales\/"},"img":{"alt_text":"","src":"https:\/\/i0.wp.com\/lasprimeras.com.do\/wp-content\/uploads\/2025\/06\/Luis-Abinader-3-1.jpg?resize=350%2C200&ssl=1","width":350,"height":200,"srcset":"https:\/\/i0.wp.com\/lasprimeras.com.do\/wp-content\/uploads\/2025\/06\/Luis-Abinader-3-1.jpg?resize=350%2C200&ssl=1 1x, https:\/\/i0.wp.com\/lasprimeras.com.do\/wp-content\/uploads\/2025\/06\/Luis-Abinader-3-1.jpg?resize=525%2C300&ssl=1 1.5x, https:\/\/i0.wp.com\/lasprimeras.com.do\/wp-content\/uploads\/2025\/06\/Luis-Abinader-3-1.jpg?resize=700%2C400&ssl=1 2x"},"classes":[]},{"id":103090,"url":"https:\/\/lasprimeras.com.do\/index.php\/2025\/07\/11\/fracasa-la-visita-del-presidente-luis-abinader-a-montecristi\/","url_meta":{"origin":56813,"position":1},"title":"Fracasa la visita del presidente Luis Abinader a Montecristi","author":"Nelson Feliz","date":"11 de julio de 2025","format":false,"excerpt":"El pueblo le dio la espalda al mandatario en una visita marcada por el rechazo y la indiferencia. La m\u00e1s reciente visita del presidente Luis Abinader a la provincia Montecristi, result\u00f3 ser un verdadero fracaso pol\u00edtico, afirm\u00f3 el presidente del Partido de la Liberaci\u00f3n Dominicana all\u00ed. Alexander Rivas, presidente del\u2026","rel":"","context":"En \u00abPOLITICA\u00bb","block_context":{"text":"POLITICA","link":"https:\/\/lasprimeras.com.do\/index.php\/category\/politica\/"},"img":{"alt_text":"","src":"https:\/\/i0.wp.com\/lasprimeras.com.do\/wp-content\/uploads\/2025\/07\/Alexander-Rivas.jpg?resize=350%2C200&ssl=1","width":350,"height":200,"srcset":"https:\/\/i0.wp.com\/lasprimeras.com.do\/wp-content\/uploads\/2025\/07\/Alexander-Rivas.jpg?resize=350%2C200&ssl=1 1x, https:\/\/i0.wp.com\/lasprimeras.com.do\/wp-content\/uploads\/2025\/07\/Alexander-Rivas.jpg?resize=525%2C300&ssl=1 1.5x, https:\/\/i0.wp.com\/lasprimeras.com.do\/wp-content\/uploads\/2025\/07\/Alexander-Rivas.jpg?resize=700%2C400&ssl=1 2x"},"classes":[]},{"id":105323,"url":"https:\/\/lasprimeras.com.do\/index.php\/2025\/08\/01\/considera-gobierno-abinader-entre-los-mas-transparentes-y-democraticos-america-latina\/","url_meta":{"origin":56813,"position":2},"title":"Considera gobierno Abinader entre los m\u00e1s transparentes y democr\u00e1ticos Am\u00e9rica Latina","author":"Nelson Feliz","date":"1 de agosto de 2025","format":false,"excerpt":"Por Ram\u00f3n Mercedes NUEVA YORK.- El reconocido empresario y dirigente de la seccional del Partido Revolucionario Moderno (PRM) en esta ciudad, Roberto Rojas, afirm\u00f3 que el gobierno del presidente Luis Abinader figura entre los m\u00e1s transparentes y democr\u00e1ticos de Am\u00e9rica Latina. Rojas basa su planteamiento en los resultados de prestigiosas\u2026","rel":"","context":"En \u00abPOLITICA\u00bb","block_context":{"text":"POLITICA","link":"https:\/\/lasprimeras.com.do\/index.php\/category\/politica\/"},"img":{"alt_text":"","src":"https:\/\/i0.wp.com\/lasprimeras.com.do\/wp-content\/uploads\/2025\/08\/WhatsApp-Image-2025-08-01-at-5.43.21-AM.jpeg?resize=350%2C200&ssl=1","width":350,"height":200},"classes":[]},{"id":127993,"url":"https:\/\/lasprimeras.com.do\/index.php\/2026\/04\/18\/abinader-entrega-2000-de-8000-titulos-de-propiedad-en-los-guandules-y-nuevo-domingo-savio\/","url_meta":{"origin":56813,"position":3},"title":"Abinader entrega 2,000 de 8,000 t\u00edtulos de propiedad en Los Guandules y Nuevo Domingo Savio","author":"Nelson Feliz","date":"18 de abril de 2026","format":false,"excerpt":"Con la entrega de estos t\u00edtulos de propiedad, el presidente Abinader beneficia a m\u00e1s de 8,000 personas y deja atr\u00e1s seis d\u00e9cadas de incertidumbre entre los lugare\u00f1os En un acto hist\u00f3rico con el que se dejan atr\u00e1s seis d\u00e9cadas de espera e incertidumbre, el presidente Luis Abinader entreg\u00f3 2,000 t\u00edtulos\u2026","rel":"","context":"En \u00abNACIONALES\u00bb","block_context":{"text":"NACIONALES","link":"https:\/\/lasprimeras.com.do\/index.php\/category\/nacionales\/"},"img":{"alt_text":"","src":"https:\/\/i0.wp.com\/lasprimeras.com.do\/wp-content\/uploads\/2026\/04\/Abinader-1.jpg?resize=350%2C200&ssl=1","width":350,"height":200,"srcset":"https:\/\/i0.wp.com\/lasprimeras.com.do\/wp-content\/uploads\/2026\/04\/Abinader-1.jpg?resize=350%2C200&ssl=1 1x, https:\/\/i0.wp.com\/lasprimeras.com.do\/wp-content\/uploads\/2026\/04\/Abinader-1.jpg?resize=525%2C300&ssl=1 1.5x, https:\/\/i0.wp.com\/lasprimeras.com.do\/wp-content\/uploads\/2026\/04\/Abinader-1.jpg?resize=700%2C400&ssl=1 2x"},"classes":[]},{"id":86631,"url":"https:\/\/lasprimeras.com.do\/index.php\/2024\/07\/28\/abinader-promete-entregar-300-mil-nuevos-titulos-en-proximos-4-anos\/","url_meta":{"origin":56813,"position":4},"title":"Abinader promete entregar 300 mil nuevos t\u00edtulos en pr\u00f3ximos 4 a\u00f1os","author":"Nelson Feliz","date":"28 de julio de 2024","format":false,"excerpt":"El mandatario entreg\u00f3 este s\u00e1bado el t\u00edtulo 100 mil durante un acto en El Tamarindo, SDE, donde se trabaja para completar la \u00faltima entrega de 3,541 certificados El presidente Luis Abinader se propone entregar 300 mil nuevos t\u00edtulos de propiedad en los pr\u00f3ximos cuatro a\u00f1os, seg\u00fan manifest\u00f3 en el sector\u2026","rel":"","context":"En \u00abNACIONALES\u00bb","block_context":{"text":"NACIONALES","link":"https:\/\/lasprimeras.com.do\/index.php\/category\/nacionales\/"},"img":{"alt_text":"Luis Abinader","src":"https:\/\/i0.wp.com\/lasprimeras.com.do\/wp-content\/uploads\/2024\/07\/Luis-Abinader-9.jpg?resize=350%2C200&ssl=1","width":350,"height":200,"srcset":"https:\/\/i0.wp.com\/lasprimeras.com.do\/wp-content\/uploads\/2024\/07\/Luis-Abinader-9.jpg?resize=350%2C200&ssl=1 1x, https:\/\/i0.wp.com\/lasprimeras.com.do\/wp-content\/uploads\/2024\/07\/Luis-Abinader-9.jpg?resize=525%2C300&ssl=1 1.5x, https:\/\/i0.wp.com\/lasprimeras.com.do\/wp-content\/uploads\/2024\/07\/Luis-Abinader-9.jpg?resize=700%2C400&ssl=1 2x"},"classes":[]},{"id":66283,"url":"https:\/\/lasprimeras.com.do\/index.php\/2023\/11\/05\/abinader-entrega-1188-titulos-de-propiedad-en-elias-pina-y-dajabon\/","url_meta":{"origin":56813,"position":5},"title":"Abinader entrega 1188 t\u00edtulos de propiedad en El\u00edas Pi\u00f1a y Dajab\u00f3n","author":"Nelson Feliz","date":"5 de noviembre de 2023","format":false,"excerpt":"El presidente Luis Abinader entreg\u00f3 1,188 t\u00edtulos de propiedad a igual cantidad de familias de Hondo Valle, El\u00edas Pi\u00f1a, Capotillo y Dajab\u00f3n, qui\u00e9nes tendran acceso a cr\u00e9dito formal y mejorar las actividades comerciales. \u201cNo va a poder venir ning\u00fan gobierno a quitarles su tierra, ni ninguna persona que a veces,\u2026","rel":"","context":"En \u00abECONOM\u00cdA\u00bb","block_context":{"text":"ECONOM\u00cdA","link":"https:\/\/lasprimeras.com.do\/index.php\/category\/economia\/"},"img":{"alt_text":"Luis Abinader","src":"https:\/\/i0.wp.com\/lasprimeras.com.do\/wp-content\/uploads\/2023\/11\/Luis-Abinader-5.jpg?resize=350%2C200&ssl=1","width":350,"height":200,"srcset":"https:\/\/i0.wp.com\/lasprimeras.com.do\/wp-content\/uploads\/2023\/11\/Luis-Abinader-5.jpg?resize=350%2C200&ssl=1 1x, https:\/\/i0.wp.com\/lasprimeras.com.do\/wp-content\/uploads\/2023\/11\/Luis-Abinader-5.jpg?resize=525%2C300&ssl=1 1.5x, https:\/\/i0.wp.com\/lasprimeras.com.do\/wp-content\/uploads\/2023\/11\/Luis-Abinader-5.jpg?resize=700%2C400&ssl=1 2x"},"classes":[]}],"jetpack_sharing_enabled":true,"_links":{"self":[{"href":"https:\/\/lasprimeras.com.do\/index.php\/wp-json\/wp\/v2\/posts\/56813","targetHints":{"allow":["GET"]}}],"collection":[{"href":"https:\/\/lasprimeras.com.do\/index.php\/wp-json\/wp\/v2\/posts"}],"about":[{"href":"https:\/\/lasprimeras.com.do\/index.php\/wp-json\/wp\/v2\/types\/post"}],"author":[{"embeddable":true,"href":"https:\/\/lasprimeras.com.do\/index.php\/wp-json\/wp\/v2\/users\/2"}],"replies":[{"embeddable":true,"href":"https:\/\/lasprimeras.com.do\/index.php\/wp-json\/wp\/v2\/comments?post=56813"}],"version-history":[{"count":1,"href":"https:\/\/lasprimeras.com.do\/index.php\/wp-json\/wp\/v2\/posts\/56813\/revisions"}],"predecessor-version":[{"id":56817,"href":"https:\/\/lasprimeras.com.do\/index.php\/wp-json\/wp\/v2\/posts\/56813\/revisions\/56817"}],"wp:featuredmedia":[{"embeddable":true,"href":"https:\/\/lasprimeras.com.do\/index.php\/wp-json\/wp\/v2\/media\/56814"}],"wp:attachment":[{"href":"https:\/\/lasprimeras.com.do\/index.php\/wp-json\/wp\/v2\/media?parent=56813"}],"wp:term":[{"taxonomy":"category","embeddable":true,"href":"https:\/\/lasprimeras.com.do\/index.php\/wp-json\/wp\/v2\/categories?post=56813"},{"taxonomy":"post_tag","embeddable":true,"href":"https:\/\/lasprimeras.com.do\/index.php\/wp-json\/wp\/v2\/tags?post=56813"}],"curies":[{"name":"wp","href":"https:\/\/api.w.org\/{rel}","templated":true}]}}