{"id":56851,"date":"2023-08-05T21:05:34","date_gmt":"2023-08-06T01:05:34","guid":{"rendered":"https:\/\/lasprimeras.com.do\/?p=56851"},"modified":"2023-08-05T21:05:35","modified_gmt":"2023-08-06T01:05:35","slug":"roberto-fulcar-promete-dar-importantes-declaraciones-este-lunes","status":"publish","type":"post","link":"https:\/\/lasprimeras.com.do\/index.php\/2023\/08\/05\/roberto-fulcar-promete-dar-importantes-declaraciones-este-lunes\/","title":{"rendered":"Roberto Fulcar promete dar &#8220;importantes declaraciones&#8221; este lunes"},"content":{"rendered":"\n<p>El exministro de Educaci\u00f3n, Roberto Fulcar, realizar\u00e1 un encuentro con la presa este pr\u00f3ximo lunes donde dar\u00e1 a conocer &#8220;importantes declaraciones&#8221;, seg\u00fan ha trascendido a trav\u00e9s de la invitaci\u00f3n que ha sido enviada a los medios de comunicaci\u00f3n.<\/p>\n\n\n\n<p>El ministro sin cartera, ha permanecido fuera de los medios tras haber durado cuatro meses fuera del pa\u00eds donde estaba siendo tratado de problemas en su sistema gastrointestinal.<\/p>\n\n\n\n<p>Fulcar regres\u00f3 al pa\u00eds en febrero y hasta la fecha no ha tenido ning\u00fan tipo de acercamiento con los medios y tampoco se le ha visto en las actividades del Partido Revolucionario Moderno (PRM), del cual es un alto dirigente.<\/p>\n\n\n\n<p>El encuentro est\u00e1 programado para las 10:30 de la ma\u00f1ana en el restaurante Maniqu\u00ed de la Plaza de la Cultura.<\/p>\n\n\n\n<p>&#8220;Roberto Fulcar tiene el honor de invitarle a un encuentro de prensa para compartir importantes declaraciones&#8221;, se\u00f1ala la invitaci\u00f3n enviada a los medios de comunicaci\u00f3n.<\/p>\n\n\n\n<p>El exfuncionario fue sometido a dos cirug\u00edas en un centro m\u00e9dico en Massachusetts, Estados Unidos, producto de una colitis ulcerativa severa, enfermedad que provoc\u00f3 inflamaciones intestinales entre otras dolencias.<\/p>\n\n\n\n<p>Tras irse a los Estado Unidos la familia del exministro entabl\u00f3 una demanda en contra del expresidente de la C\u00e1mara de Cuentas, M\u00e1ximo Castillo Salas, por supuestamente dar declaraciones mal intencionadas en contra del exministro de Educaci\u00f3n, quien fue destituido del cargo.<\/p>\n","protected":false},"excerpt":{"rendered":"<p>El exministro de Educaci\u00f3n, Roberto Fulcar, realizar\u00e1 un encuentro con la presa este pr\u00f3ximo lunes donde dar\u00e1 a conocer &#8220;importantes declaraciones&#8221;, seg\u00fan ha trascendido a trav\u00e9s de la invitaci\u00f3n que&hellip;<\/p>\n","protected":false},"author":2,"featured_media":56852,"comment_status":"open","ping_status":"open","sticky":false,"template":"","format":"standard","meta":{"content-type":"","jetpack_post_was_ever_published":false,"_jetpack_newsletter_access":"","_jetpack_dont_email_post_to_subs":false,"_jetpack_newsletter_tier_id":0,"_jetpack_memberships_contains_paywalled_content":false,"_jetpack_memberships_contains_paid_content":false,"footnotes":""},"categories":[35],"tags":[4950,5860,5861],"class_list":["post-56851","post","type-post","status-publish","format-standard","has-post-thumbnail","hentry","category-nacionales","tag-declaraciones","tag-importantes","tag-roberto-fulcar"],"jetpack_featured_media_url":"https:\/\/lasprimeras.com.do\/wp-content\/uploads\/2023\/08\/Roberto-Fulcar.jpg","jetpack-related-posts":[{"id":57004,"url":"https:\/\/lasprimeras.com.do\/index.php\/2023\/08\/07\/roberto-fulcar-utiliza-logo-rf-que-coincide-con-la-linea-de-gorras-del-extenista-roger-federer\/","url_meta":{"origin":56851,"position":0},"title":"Roberto Fulcar utiliza logo &#8216;RF&#8217; que coincide con la l\u00ednea de gorras del extenista Roger Federer","author":"Nelson Feliz","date":"7 de agosto de 2023","format":false,"excerpt":"El exministro de Educaci\u00f3n, Roberto Fulcar, ha salido este lunes a la luz p\u00fablica en una comparecencia de prensa que tuvo lugar en un restaurante de la Plaza de la Cultura, en la que ha anunciado su retorno a la vida pol\u00edtica y ha ofrecido informaci\u00f3n sobre su proceso cl\u00ednico.\u2026","rel":"","context":"En \u00abNACIONALES\u00bb","block_context":{"text":"NACIONALES","link":"https:\/\/lasprimeras.com.do\/index.php\/category\/nacionales\/"},"img":{"alt_text":"","src":"https:\/\/i0.wp.com\/lasprimeras.com.do\/wp-content\/uploads\/2023\/08\/GORRAS.jpeg?resize=350%2C200&ssl=1","width":350,"height":200,"srcset":"https:\/\/i0.wp.com\/lasprimeras.com.do\/wp-content\/uploads\/2023\/08\/GORRAS.jpeg?resize=350%2C200&ssl=1 1x, https:\/\/i0.wp.com\/lasprimeras.com.do\/wp-content\/uploads\/2023\/08\/GORRAS.jpeg?resize=525%2C300&ssl=1 1.5x, https:\/\/i0.wp.com\/lasprimeras.com.do\/wp-content\/uploads\/2023\/08\/GORRAS.jpeg?resize=700%2C400&ssl=1 2x"},"classes":[]},{"id":59610,"url":"https:\/\/lasprimeras.com.do\/index.php\/2023\/09\/05\/roberto-fulcar-viajo-a-boston-este-fin-de-semana-para-seguimiento-proceso-medico\/","url_meta":{"origin":56851,"position":1},"title":"Roberto Fulcar viaj\u00f3 a Boston este fin de semana para seguimiento proceso m\u00e9dico","author":"Nelson Feliz","date":"5 de septiembre de 2023","format":false,"excerpt":"Aprovechar\u00e1 este viaje para reencontrarse con las personas que estuvieron d\u00e1ndole soporte humano y pendientes de su situaci\u00f3n mientras estuvo en los Estados Unidos Dando seguimiento a su proceso de salud, Roberto Fulcar parti\u00f3 este fin de semana a Boston, Massachussets, Estados Unidos, a realizar los procedimientos y evaluaciones pautados\u2026","rel":"","context":"En \u00abSin categor\u00eda\u00bb","block_context":{"text":"Sin categor\u00eda","link":"https:\/\/lasprimeras.com.do\/index.php\/category\/sin-categoria\/"},"img":{"alt_text":"Roberto Fulcar","src":"https:\/\/i0.wp.com\/lasprimeras.com.do\/wp-content\/uploads\/2023\/09\/Roberto-Fulcar.jpg?resize=350%2C200&ssl=1","width":350,"height":200,"srcset":"https:\/\/i0.wp.com\/lasprimeras.com.do\/wp-content\/uploads\/2023\/09\/Roberto-Fulcar.jpg?resize=350%2C200&ssl=1 1x, https:\/\/i0.wp.com\/lasprimeras.com.do\/wp-content\/uploads\/2023\/09\/Roberto-Fulcar.jpg?resize=525%2C300&ssl=1 1.5x"},"classes":[]},{"id":70422,"url":"https:\/\/lasprimeras.com.do\/index.php\/2023\/12\/11\/roberto-fulcar-sostiene-que-abinader-gana-en-primera-vuelta\/","url_meta":{"origin":56851,"position":2},"title":"Roberto Fulcar sostiene que Abinader gana en primera vuelta","author":"BIMARY DE JES\u00daS Matos","date":"11 de diciembre de 2023","format":false,"excerpt":"Santo Domingo.-Roberto Fulcar, afirm\u00f3 anoche que el actual presidente gana en primera vuelta porque a su juicio, el pasado no puede volver. El exministro de Educaci\u00f3n dijo que las elecciones de 2024 podr\u00edan ser las m\u00e1s importantes del presente siglo porque se confrontar\u00e1n una visi\u00f3n hacia adelante y una hacia\u2026","rel":"","context":"En \u00abSin categor\u00eda\u00bb","block_context":{"text":"Sin categor\u00eda","link":"https:\/\/lasprimeras.com.do\/index.php\/category\/sin-categoria\/"},"img":{"alt_text":"","src":"https:\/\/i0.wp.com\/lasprimeras.com.do\/wp-content\/uploads\/2023\/12\/juegos-sde-3.jpg?resize=350%2C200&ssl=1","width":350,"height":200,"srcset":"https:\/\/i0.wp.com\/lasprimeras.com.do\/wp-content\/uploads\/2023\/12\/juegos-sde-3.jpg?resize=350%2C200&ssl=1 1x, https:\/\/i0.wp.com\/lasprimeras.com.do\/wp-content\/uploads\/2023\/12\/juegos-sde-3.jpg?resize=525%2C300&ssl=1 1.5x"},"classes":[]},{"id":74153,"url":"https:\/\/lasprimeras.com.do\/index.php\/2024\/01\/19\/roberto-fulcar-dice-rd-tiene-motivos-para-sentir-orgullo-de-abinader\/","url_meta":{"origin":56851,"position":3},"title":"Roberto Fulcar dice RD tiene motivos para sentir orgullo de Abinader","author":"BIMARY DE JES\u00daS Matos","date":"19 de enero de 2024","format":false,"excerpt":"Santo Domingo.-En una entrevista en el programa \u00abBuena Noche\u00bb conducido por el reconocido comunicador y productor Nelson Javier, el Dr. Roberto Fulcar afirm\u00f3: \u201ca pesar de que al presidente Luis Abinader le ha tocado gobernar en el contexto m\u00e1s dif\u00edcil de la historia del pa\u00eds debido a la pandemia y\u2026","rel":"","context":"En \u00abNACIONALES\u00bb","block_context":{"text":"NACIONALES","link":"https:\/\/lasprimeras.com.do\/index.php\/category\/nacionales\/"},"img":{"alt_text":"","src":"https:\/\/i0.wp.com\/lasprimeras.com.do\/wp-content\/uploads\/2024\/01\/Demostenes-Martinez-Al-PRM-le-queda-poco-tiempo-en-el-poder-6-5.jpg?resize=350%2C200&ssl=1","width":350,"height":200,"srcset":"https:\/\/i0.wp.com\/lasprimeras.com.do\/wp-content\/uploads\/2024\/01\/Demostenes-Martinez-Al-PRM-le-queda-poco-tiempo-en-el-poder-6-5.jpg?resize=350%2C200&ssl=1 1x, https:\/\/i0.wp.com\/lasprimeras.com.do\/wp-content\/uploads\/2024\/01\/Demostenes-Martinez-Al-PRM-le-queda-poco-tiempo-en-el-poder-6-5.jpg?resize=525%2C300&ssl=1 1.5x"},"classes":[]},{"id":103646,"url":"https:\/\/lasprimeras.com.do\/index.php\/2025\/07\/17\/senador-julito-fulcar-canaliza-apertura-de-aulas-inclusivas-para-ninos-con-autismo-en-peravia\/","url_meta":{"origin":56851,"position":4},"title":"Senador Julito Fulcar canaliza apertura de aulas inclusivas para ni\u00f1os con autismo en Peravia","author":"Nelson Feliz","date":"17 de julio de 2025","format":false,"excerpt":"El senador Julito Fulcar de Peravia solicitud al Ministerio de Educaci\u00f3n (MINERD), la directora de Educaci\u00f3n Especial, Licda. Luc\u00eda V\u00e1squez Esp\u00ednola, visit\u00f3 las instalaciones del Distrito Educativo 03-04 en Ban\u00ed para coordinar la apertura de aulas inclusivas destinadas a ni\u00f1os dentro del espectro autista y con otras condiciones de discapacidad.\u2026","rel":"","context":"En \u00abNACIONALES\u00bb","block_context":{"text":"NACIONALES","link":"https:\/\/lasprimeras.com.do\/index.php\/category\/nacionales\/"},"img":{"alt_text":"","src":"https:\/\/i0.wp.com\/lasprimeras.com.do\/wp-content\/uploads\/2025\/07\/Julito-Fulcar-1.jpg?resize=350%2C200&ssl=1","width":350,"height":200,"srcset":"https:\/\/i0.wp.com\/lasprimeras.com.do\/wp-content\/uploads\/2025\/07\/Julito-Fulcar-1.jpg?resize=350%2C200&ssl=1 1x, https:\/\/i0.wp.com\/lasprimeras.com.do\/wp-content\/uploads\/2025\/07\/Julito-Fulcar-1.jpg?resize=525%2C300&ssl=1 1.5x, https:\/\/i0.wp.com\/lasprimeras.com.do\/wp-content\/uploads\/2025\/07\/Julito-Fulcar-1.jpg?resize=700%2C400&ssl=1 2x"},"classes":[]},{"id":124331,"url":"https:\/\/lasprimeras.com.do\/index.php\/2026\/03\/11\/julito-fulcar-llevara-exito-del-plan-estrategico-de-peravia-a-san-juan\/","url_meta":{"origin":56851,"position":5},"title":"Julito Fulcar llevar\u00e1 \u00e9xito del Plan Estrat\u00e9gico de Peravia a San Juan","author":"Nelson Feliz","date":"11 de marzo de 2026","format":false,"excerpt":"El Senador por Peravia, Julito Fulcar Encarnaci\u00f3n, encabezar\u00e1 este jueves un encuentro especial en San Juan de la Maguana, para exponer los logros y metodolog\u00edas del Plan de Desarrollo Estrat\u00e9gico y Sostenible de la provincia Peravia 2025-2050. El legislador estar\u00e1 acompa\u00f1ado por una comitiva t\u00e9cnica integrada por Juan Carlos Guzm\u00e1n,\u2026","rel":"","context":"En \u00abPOLITICA\u00bb","block_context":{"text":"POLITICA","link":"https:\/\/lasprimeras.com.do\/index.php\/category\/politica\/"},"img":{"alt_text":"Julito Fulcar","src":"https:\/\/i0.wp.com\/lasprimeras.com.do\/wp-content\/uploads\/2026\/03\/Julito-Fulcar.jpg?resize=350%2C200&ssl=1","width":350,"height":200,"srcset":"https:\/\/i0.wp.com\/lasprimeras.com.do\/wp-content\/uploads\/2026\/03\/Julito-Fulcar.jpg?resize=350%2C200&ssl=1 1x, https:\/\/i0.wp.com\/lasprimeras.com.do\/wp-content\/uploads\/2026\/03\/Julito-Fulcar.jpg?resize=525%2C300&ssl=1 1.5x, https:\/\/i0.wp.com\/lasprimeras.com.do\/wp-content\/uploads\/2026\/03\/Julito-Fulcar.jpg?resize=700%2C400&ssl=1 2x"},"classes":[]}],"jetpack_sharing_enabled":true,"_links":{"self":[{"href":"https:\/\/lasprimeras.com.do\/index.php\/wp-json\/wp\/v2\/posts\/56851","targetHints":{"allow":["GET"]}}],"collection":[{"href":"https:\/\/lasprimeras.com.do\/index.php\/wp-json\/wp\/v2\/posts"}],"about":[{"href":"https:\/\/lasprimeras.com.do\/index.php\/wp-json\/wp\/v2\/types\/post"}],"author":[{"embeddable":true,"href":"https:\/\/lasprimeras.com.do\/index.php\/wp-json\/wp\/v2\/users\/2"}],"replies":[{"embeddable":true,"href":"https:\/\/lasprimeras.com.do\/index.php\/wp-json\/wp\/v2\/comments?post=56851"}],"version-history":[{"count":1,"href":"https:\/\/lasprimeras.com.do\/index.php\/wp-json\/wp\/v2\/posts\/56851\/revisions"}],"predecessor-version":[{"id":56853,"href":"https:\/\/lasprimeras.com.do\/index.php\/wp-json\/wp\/v2\/posts\/56851\/revisions\/56853"}],"wp:featuredmedia":[{"embeddable":true,"href":"https:\/\/lasprimeras.com.do\/index.php\/wp-json\/wp\/v2\/media\/56852"}],"wp:attachment":[{"href":"https:\/\/lasprimeras.com.do\/index.php\/wp-json\/wp\/v2\/media?parent=56851"}],"wp:term":[{"taxonomy":"category","embeddable":true,"href":"https:\/\/lasprimeras.com.do\/index.php\/wp-json\/wp\/v2\/categories?post=56851"},{"taxonomy":"post_tag","embeddable":true,"href":"https:\/\/lasprimeras.com.do\/index.php\/wp-json\/wp\/v2\/tags?post=56851"}],"curies":[{"name":"wp","href":"https:\/\/api.w.org\/{rel}","templated":true}]}}