{"id":56854,"date":"2023-08-05T21:09:22","date_gmt":"2023-08-06T01:09:22","guid":{"rendered":"https:\/\/lasprimeras.com.do\/?p=56854"},"modified":"2023-08-05T21:09:23","modified_gmt":"2023-08-06T01:09:23","slug":"presidente-abinader-revela-lo-que-converso-con-su-homologo-frances-en-bruselas","status":"publish","type":"post","link":"https:\/\/lasprimeras.com.do\/index.php\/2023\/08\/05\/presidente-abinader-revela-lo-que-converso-con-su-homologo-frances-en-bruselas\/","title":{"rendered":"Presidente Abinader revela lo que convers\u00f3 con su hom\u00f3logo franc\u00e9s en Bruselas"},"content":{"rendered":"\n<p>El presidente Luis Abinader revel\u00f3 que en la breve conversaci\u00f3n que sostuvo en Bruselas con el presidente de Francia, Emmanuel Macron, le agradeci\u00f3 el apoyo y lo invit\u00f3 a visitar Rep\u00fablica Dominicana.<\/p>\n\n\n\n<p>Precis\u00f3 que aprovech\u00f3 la ocasi\u00f3n para agradecerle al presidente franc\u00e9s el apoyo que ha recibido el gobierno dominicano a trav\u00e9s de la Agencia Francesa de Desarrollo (AFD), principalmente en los proyectos de transporte colectivos.<\/p>\n\n\n\n<p>Emmanuel Macron respondi\u00f3 afirmativamente, expresando su entusiasmo por el viaje y asegurando que disfrutar\u00e1 de su estad\u00eda en Rep\u00fablica Dominicana.<\/p>\n\n\n\n<p>&#8220;El dijo, estoy al tanto de eso y seguiremos apoy\u00e1ndonos a\u00fan m\u00e1s. Por lo tanto, lo invit\u00e9 tambi\u00e9n a venir. \u00c9l va a estar revizando su itinerario para venir a Rep\u00fablica Dominicana y me dijo: estoy seguro que la pasar\u00e9 muy bien, y yo le dije: mejor de lo que usted cree&#8221;, inform\u00f3 Abinader.<\/p>\n\n\n\n<p>Abinader dijo que el acercamiento lo gestion\u00f3 su esposa Raquel Arbaje, quien en la anterior visita por la coronaci\u00f3n del Rey de Inglaterra, Carlos III, pudo hablar en franc\u00e9s con la esposa de Macron, y ya en la Cumbre de la Uni\u00f3n Europea Celac fue el gobernante franc\u00e9s quien se acerc\u00f3 y aprovech\u00f3 para hablarle, agradecerle e invitarlo a que visite la rep\u00fablica dominicana.<\/p>\n\n\n\n<p>Abinader se\u00f1al\u00f3 que actualmente la Agencia Francesa de Desarrollo es el banco internacional que m\u00e1s est\u00e1 apoyando los grandes proyectos de este pa\u00eds, m\u00e1s que cualquier otro.<\/p>\n\n\n\n<p>&#8220;O sea, el banco desarrollo de Francia ha tenido una funci\u00f3n muy especial en los programas de transporte masivo de este gobierno y los gobiernos anteriores tambi\u00e9n y eso yo se lo he agradecido al presidente Macron, conversamos y \u00e9l me dijo: seguiremos&#8221;, sostuvo el presidente.<\/p>\n\n\n\n<p>Indic\u00f3 que aunque la visita a Inglaterra fue breve, con dicha reuni\u00f3n se fortalecieron los lazos entre ambos pa\u00edses y sent\u00f3 las bases para una mayor colaboraci\u00f3n en materia de desarrollo y cooperaci\u00f3n bilateral.<\/p>\n\n\n\n<p>El presidente emiti\u00f3 esas declaraciones en el marco de su participaci\u00f3n como invitado especial del programa de radio &#8220;El Gobierno de la Ma\u00f1ana&#8221;, medio que hizo una transmisi\u00f3n especial este s\u00e1bado desde la provincia Montecristi, donde Abinader encabez\u00f3 varias actividades.<\/p>\n","protected":false},"excerpt":{"rendered":"<p>El presidente Luis Abinader revel\u00f3 que en la breve conversaci\u00f3n que sostuvo en Bruselas con el presidente de Francia, Emmanuel Macron, le agradeci\u00f3 el apoyo y lo invit\u00f3 a visitar&hellip;<\/p>\n","protected":false},"author":2,"featured_media":56855,"comment_status":"open","ping_status":"open","sticky":false,"template":"","format":"standard","meta":{"content-type":"","jetpack_post_was_ever_published":false,"_jetpack_newsletter_access":"","_jetpack_dont_email_post_to_subs":false,"_jetpack_newsletter_tier_id":0,"_jetpack_memberships_contains_paywalled_content":false,"_jetpack_memberships_contains_paid_content":false,"footnotes":""},"categories":[35,25],"tags":[4764,5864,5863,5862,67,935],"class_list":["post-56854","post","type-post","status-publish","format-standard","has-post-thumbnail","hentry","category-nacionales","category-portada","tag-bruselas","tag-converso","tag-frances","tag-homologo","tag-luis-abinader","tag-presidente"],"jetpack_featured_media_url":"https:\/\/lasprimeras.com.do\/wp-content\/uploads\/2023\/08\/Luis-Abinader-y-Emmanuel-Macron.jpg","jetpack-related-posts":[{"id":73840,"url":"https:\/\/lasprimeras.com.do\/index.php\/2024\/01\/16\/macron-envia-carta-a-abinader-y-francia-refuerza-lazos-con-rd\/","url_meta":{"origin":56854,"position":0},"title":"Macron env\u00eda carta a Abinader y Francia refuerza lazos con RD","author":"Nelson Feliz","date":"16 de enero de 2024","format":false,"excerpt":"El presidente de la Rep\u00fablica Francesa, Emmanuel Macron, envi\u00f3 una carta al presidente Luis Abinader con fecha 31 de diciembre de 2023, en la que destaca la buena relaci\u00f3n bilateral entre ambos pa\u00edses y el inter\u00e9s de Francia en contribuir a proyectos de infraestructura y movilidad urbana en Rep\u00fablica Dominicana.\u2026","rel":"","context":"En \u00abNACIONALES\u00bb","block_context":{"text":"NACIONALES","link":"https:\/\/lasprimeras.com.do\/index.php\/category\/nacionales\/"},"img":{"alt_text":"Macron y Abinader","src":"https:\/\/i0.wp.com\/lasprimeras.com.do\/wp-content\/uploads\/2024\/01\/Macron-y-Abinader.jpg?resize=350%2C200&ssl=1","width":350,"height":200,"srcset":"https:\/\/i0.wp.com\/lasprimeras.com.do\/wp-content\/uploads\/2024\/01\/Macron-y-Abinader.jpg?resize=350%2C200&ssl=1 1x, https:\/\/i0.wp.com\/lasprimeras.com.do\/wp-content\/uploads\/2024\/01\/Macron-y-Abinader.jpg?resize=525%2C300&ssl=1 1.5x, https:\/\/i0.wp.com\/lasprimeras.com.do\/wp-content\/uploads\/2024\/01\/Macron-y-Abinader.jpg?resize=700%2C400&ssl=1 2x"},"classes":[]},{"id":125387,"url":"https:\/\/lasprimeras.com.do\/index.php\/2026\/03\/22\/presidente-abinader-viaja-este-lunes-a-paris-se-reunira-con-su-homologo-emmanuel-macron\/","url_meta":{"origin":56854,"position":1},"title":"Presidente Abinader viaja este lunes a Par\u00eds se reunir\u00e1 con su hom\u00f3logo Emmanuel Macron","author":"Nelson Feliz","date":"22 de marzo de 2026","format":false,"excerpt":"Mandatario participar\u00e1 en Foro Global Anticorrupci\u00f3n de la OCDE y promover\u00e1 nuevas oportunidades de inversi\u00f3n con empresas francesas; se reunir\u00e1 con dominicanos organizados en diversos sectores en ese pa\u00eds Par\u00eds, Francia.\u2013 El presidente Luis Abinader viaja este lunes a Par\u00eds para desarrollar una agenda oficial de dos d\u00edas que incluye\u2026","rel":"","context":"En \u00abNACIONALES\u00bb","block_context":{"text":"NACIONALES","link":"https:\/\/lasprimeras.com.do\/index.php\/category\/nacionales\/"},"img":{"alt_text":"Luis Abinader","src":"https:\/\/i0.wp.com\/lasprimeras.com.do\/wp-content\/uploads\/2023\/07\/Luis-Abinader-viaja.jpg?resize=350%2C200&ssl=1","width":350,"height":200,"srcset":"https:\/\/i0.wp.com\/lasprimeras.com.do\/wp-content\/uploads\/2023\/07\/Luis-Abinader-viaja.jpg?resize=350%2C200&ssl=1 1x, https:\/\/i0.wp.com\/lasprimeras.com.do\/wp-content\/uploads\/2023\/07\/Luis-Abinader-viaja.jpg?resize=525%2C300&ssl=1 1.5x, https:\/\/i0.wp.com\/lasprimeras.com.do\/wp-content\/uploads\/2023\/07\/Luis-Abinader-viaja.jpg?resize=700%2C400&ssl=1 2x"},"classes":[]},{"id":125503,"url":"https:\/\/lasprimeras.com.do\/index.php\/2026\/03\/23\/abinader-arriba-a-francia-para-encuentro-con-macron-y-cumbre-de-la-ocde\/","url_meta":{"origin":56854,"position":2},"title":"Abinader arriba a Francia para encuentro con Macron y cumbre de la OCDE","author":"Nelson Feliz","date":"23 de marzo de 2026","format":false,"excerpt":"Secretario General OCDE invita al presidente Abinader a participar en el 18.\u00ba Foro Econ\u00f3mico Internacional sobre Am\u00e9rica Latina y el Caribe en junio de 2026 Visita estrecha lazos de confianza y colaboraci\u00f3n entre ambos pa\u00edses; se promover\u00e1n inversiones en sectores clave como infraestructura, transporte, log\u00edstica, zonas francas y energ\u00edas renovables\u2026","rel":"","context":"En \u00abNACIONALES\u00bb","block_context":{"text":"NACIONALES","link":"https:\/\/lasprimeras.com.do\/index.php\/category\/nacionales\/"},"img":{"alt_text":"Luis Abinader","src":"https:\/\/i0.wp.com\/lasprimeras.com.do\/wp-content\/uploads\/2026\/03\/Luis-Abinader-12.jpg?resize=350%2C200&ssl=1","width":350,"height":200,"srcset":"https:\/\/i0.wp.com\/lasprimeras.com.do\/wp-content\/uploads\/2026\/03\/Luis-Abinader-12.jpg?resize=350%2C200&ssl=1 1x, https:\/\/i0.wp.com\/lasprimeras.com.do\/wp-content\/uploads\/2026\/03\/Luis-Abinader-12.jpg?resize=525%2C300&ssl=1 1.5x, https:\/\/i0.wp.com\/lasprimeras.com.do\/wp-content\/uploads\/2026\/03\/Luis-Abinader-12.jpg?resize=700%2C400&ssl=1 2x"},"classes":[]},{"id":55036,"url":"https:\/\/lasprimeras.com.do\/index.php\/2023\/07\/17\/abinader-inicia-jornada-en-la-reunion-entre-lideres-europeos-y-del-caribe\/","url_meta":{"origin":56854,"position":3},"title":"Abinader inicia jornada en la reuni\u00f3n entre l\u00edderes europeos y del Caribe","author":"Nelson Feliz","date":"17 de julio de 2023","format":false,"excerpt":"El presidente Luis Abinader inici\u00f3 la jornada de hoy lunes en Bruselas, con su participaci\u00f3n en la reuni\u00f3n entre l\u00edderes europeos y del Caribe en el marco de la Cumbre UNI\u00d3N EUROPEA-CELAC que se celebra en esta naci\u00f3n este lunes y ma\u00f1ana martes. Previo a la reuni\u00f3n entre l\u00edderes europeos\u2026","rel":"","context":"En \u00abPORTADA\u00bb","block_context":{"text":"PORTADA","link":"https:\/\/lasprimeras.com.do\/index.php\/category\/portada\/"},"img":{"alt_text":"Luis Abinader","src":"https:\/\/i0.wp.com\/lasprimeras.com.do\/wp-content\/uploads\/2023\/07\/Luis-Abinader-2.jpg?resize=350%2C200&ssl=1","width":350,"height":200,"srcset":"https:\/\/i0.wp.com\/lasprimeras.com.do\/wp-content\/uploads\/2023\/07\/Luis-Abinader-2.jpg?resize=350%2C200&ssl=1 1x, https:\/\/i0.wp.com\/lasprimeras.com.do\/wp-content\/uploads\/2023\/07\/Luis-Abinader-2.jpg?resize=525%2C300&ssl=1 1.5x, https:\/\/i0.wp.com\/lasprimeras.com.do\/wp-content\/uploads\/2023\/07\/Luis-Abinader-2.jpg?resize=700%2C400&ssl=1 2x"},"classes":[]},{"id":49813,"url":"https:\/\/lasprimeras.com.do\/index.php\/2023\/05\/14\/macron-europa-debe-asegurar-relaciones-sostenibles-con-rusia\/","url_meta":{"origin":56854,"position":4},"title":"Macron: Europa debe asegurar relaciones &#8220;sostenibles&#8221; con Rusia","author":"prenxa100","date":"14 de mayo de 2023","format":false,"excerpt":"Francia, RT.-.El presidente franc\u00e9s afirm\u00f3 que precisamente a Europa le corresponde \"ver c\u00f3mo preparar la cuesti\u00f3n de las garant\u00edas de seguridad\" para futuras negociaciones entre las dos naciones. Para garantizar su seguridad, los pa\u00edses europeos deben no solo velar por el bienestar de Ucrania, sino tambi\u00e9n volver a un equilibrio\u2026","rel":"","context":"En \u00abSin categor\u00eda\u00bb","block_context":{"text":"Sin categor\u00eda","link":"https:\/\/lasprimeras.com.do\/index.php\/category\/sin-categoria\/"},"img":{"alt_text":"","src":"","width":0,"height":0},"classes":[]},{"id":100535,"url":"https:\/\/lasprimeras.com.do\/index.php\/2025\/06\/08\/presidente-abinader-y-el-rey-de-jordania-sostienen-reunion-bilateral\/","url_meta":{"origin":56854,"position":5},"title":"Presidente Abinader y el Rey de Jordania sostienen reuni\u00f3n bilateral","author":"Nelson Feliz","date":"8 de junio de 2025","format":false,"excerpt":"El presidente Luis Abinader y el rey de Jordania, Abdal\u00e1 II bin Al Hussein, sostuvieron una reuni\u00f3n bilateral la tarde de este domingo, en la que abordaron diversos temas de inter\u00e9s para ambas naciones. Durante el encuentro, los jefes de Estado conversaron sobre la importancia de fortalecer las relaciones bilaterales\u2026","rel":"","context":"En \u00abINTERNACIONALES\u00bb","block_context":{"text":"INTERNACIONALES","link":"https:\/\/lasprimeras.com.do\/index.php\/category\/sin-categoria\/internacionales\/"},"img":{"alt_text":"","src":"https:\/\/i0.wp.com\/lasprimeras.com.do\/wp-content\/uploads\/2025\/06\/ABINADER-5.jpg?resize=350%2C200&ssl=1","width":350,"height":200,"srcset":"https:\/\/i0.wp.com\/lasprimeras.com.do\/wp-content\/uploads\/2025\/06\/ABINADER-5.jpg?resize=350%2C200&ssl=1 1x, https:\/\/i0.wp.com\/lasprimeras.com.do\/wp-content\/uploads\/2025\/06\/ABINADER-5.jpg?resize=525%2C300&ssl=1 1.5x, https:\/\/i0.wp.com\/lasprimeras.com.do\/wp-content\/uploads\/2025\/06\/ABINADER-5.jpg?resize=700%2C400&ssl=1 2x"},"classes":[]}],"jetpack_sharing_enabled":true,"_links":{"self":[{"href":"https:\/\/lasprimeras.com.do\/index.php\/wp-json\/wp\/v2\/posts\/56854","targetHints":{"allow":["GET"]}}],"collection":[{"href":"https:\/\/lasprimeras.com.do\/index.php\/wp-json\/wp\/v2\/posts"}],"about":[{"href":"https:\/\/lasprimeras.com.do\/index.php\/wp-json\/wp\/v2\/types\/post"}],"author":[{"embeddable":true,"href":"https:\/\/lasprimeras.com.do\/index.php\/wp-json\/wp\/v2\/users\/2"}],"replies":[{"embeddable":true,"href":"https:\/\/lasprimeras.com.do\/index.php\/wp-json\/wp\/v2\/comments?post=56854"}],"version-history":[{"count":1,"href":"https:\/\/lasprimeras.com.do\/index.php\/wp-json\/wp\/v2\/posts\/56854\/revisions"}],"predecessor-version":[{"id":56856,"href":"https:\/\/lasprimeras.com.do\/index.php\/wp-json\/wp\/v2\/posts\/56854\/revisions\/56856"}],"wp:featuredmedia":[{"embeddable":true,"href":"https:\/\/lasprimeras.com.do\/index.php\/wp-json\/wp\/v2\/media\/56855"}],"wp:attachment":[{"href":"https:\/\/lasprimeras.com.do\/index.php\/wp-json\/wp\/v2\/media?parent=56854"}],"wp:term":[{"taxonomy":"category","embeddable":true,"href":"https:\/\/lasprimeras.com.do\/index.php\/wp-json\/wp\/v2\/categories?post=56854"},{"taxonomy":"post_tag","embeddable":true,"href":"https:\/\/lasprimeras.com.do\/index.php\/wp-json\/wp\/v2\/tags?post=56854"}],"curies":[{"name":"wp","href":"https:\/\/api.w.org\/{rel}","templated":true}]}}