{"id":56863,"date":"2023-08-06T21:25:40","date_gmt":"2023-08-07T01:25:40","guid":{"rendered":"https:\/\/lasprimeras.com.do\/?p=56863"},"modified":"2023-08-06T21:25:43","modified_gmt":"2023-08-07T01:25:43","slug":"roberto-angel-inaugura-paseo-de-los-colores-en-nagua-mas-de-mil-metros-cuadrados-de-arte-publico","status":"publish","type":"post","link":"https:\/\/lasprimeras.com.do\/index.php\/2023\/08\/06\/roberto-angel-inaugura-paseo-de-los-colores-en-nagua-mas-de-mil-metros-cuadrados-de-arte-publico\/","title":{"rendered":"Roberto \u00c1ngel inaugura \u201cPaseo de los Colores\u201d en Nagua; m\u00e1s de mil metros cuadrados de arte p\u00fablico"},"content":{"rendered":"\n<p>El director general de Proyectos Estrat\u00e9gicos y Especiales de la Presidencia, Roberto \u00c1ngel Salcedo, inaugur\u00f3 este domingo el Paseo de los Colores RD en el barrio Las 500s, de este municipio, como parte del Programa &#8220;Dominicana Cultural y Creativa&#8221;, que desarrolla la instituci\u00f3n en distintas localidades del pa\u00eds.<\/p>\n\n\n\n<p>Al entregar la obra art\u00edstica al alcalde Junior Peralta,Roberto \u00c1ngel afirm\u00f3 que en esta se resaltan los valores hist\u00f3ricos, naturales y culturales de Nagua y se hace un tributo a la luchadora independentista Mar\u00eda Trinidad S\u00e1nchez, quien confeccion\u00f3 la primera bandera dominicana, y con cuyo nombre se honra la provincia.<\/p>\n\n\n\n<figure class=\"wp-block-image size-full is-resized\"><img decoding=\"async\" src=\"https:\/\/lasprimeras.com.do\/wp-content\/uploads\/2023\/08\/Roberto-Angel-Salcedo.jpg\" alt=\"\" class=\"wp-image-56865\" width=\"835\" height=\"630\" srcset=\"https:\/\/lasprimeras.com.do\/wp-content\/uploads\/2023\/08\/Roberto-Angel-Salcedo.jpg 700w, https:\/\/lasprimeras.com.do\/wp-content\/uploads\/2023\/08\/Roberto-Angel-Salcedo-300x226.jpg 300w\" sizes=\"(max-width: 835px) 100vw, 835px\" \/><\/figure>\n\n\n\n<p>Dijo que adem\u00e1s, se rinde un merecido homenaje a los extintos m\u00fasicos t\u00edpicos Tatico Henr\u00edquez y Bartolo Alvarado (El Cieguito de Nagua), oriundos de la localidad.<\/p>\n\n\n\n<p>Manifest\u00f3 que la entidad que dirige ha identificado, en coordinaci\u00f3n con las alcald\u00edas y autoridades municipales y provinciales, extensiones territoriales para impactarlos con el arte p\u00fablico, rehabilitarlos e impactarlos con expresiones y valores culturales e hist\u00f3ricos de las comunidades, adem\u00e1s de hacerlos atractivos.<\/p>\n\n\n\n<figure class=\"wp-block-image size-full is-resized\"><img decoding=\"async\" src=\"https:\/\/lasprimeras.com.do\/wp-content\/uploads\/2023\/08\/Roberto-Angel-Salcedo-2.jpg\" alt=\"\" class=\"wp-image-56866\" width=\"835\" height=\"619\" srcset=\"https:\/\/lasprimeras.com.do\/wp-content\/uploads\/2023\/08\/Roberto-Angel-Salcedo-2.jpg 700w, https:\/\/lasprimeras.com.do\/wp-content\/uploads\/2023\/08\/Roberto-Angel-Salcedo-2-300x222.jpg 300w\" sizes=\"(max-width: 835px) 100vw, 835px\" \/><\/figure>\n\n\n\n<p>Sostuvo que estas expresiones artisticas en el sector Las 500s, de Nagua, es una primera fase, ya que se continuar\u00e1 impactando otros lugares del municipio y de toda la provincia con el proyecto &#8220;Los Colores de RD&#8221;.<\/p>\n\n\n\n<p>Con este paseo de los colores suman 18 los entregados por la Direcci\u00f3n General de Proyectos Estrat\u00e9gicos y Especiales de la Presidencia durante la gesti\u00f3n de Roberto \u00c1ngel Salcedo.<\/p>\n\n\n\n<p>Adjunto a la creatividad y expresi\u00f3n art\u00edstico-cultural en la referida barriada, el funcionario tambi\u00e9n encabez\u00f3 el remozamiento de pintura en 50 viviendas y apartamentos, de una capilla, una escuela, de una cancha y 14 otras obras mural\u00edsticas.<\/p>\n\n\n\n<figure class=\"wp-block-image size-full is-resized\"><img decoding=\"async\" src=\"https:\/\/lasprimeras.com.do\/wp-content\/uploads\/2023\/08\/Roberto-Angel-Salcedo-3.jpg\" alt=\"\" class=\"wp-image-56867\" width=\"835\" height=\"556\" srcset=\"https:\/\/lasprimeras.com.do\/wp-content\/uploads\/2023\/08\/Roberto-Angel-Salcedo-3.jpg 700w, https:\/\/lasprimeras.com.do\/wp-content\/uploads\/2023\/08\/Roberto-Angel-Salcedo-3-300x200.jpg 300w\" sizes=\"(max-width: 835px) 100vw, 835px\" \/><\/figure>\n\n\n\n<p>Adem\u00e1s de Nagua, las obras art\u00edsticas han sido establecidas en Esperanza, en Jaib\u00f3n de Mao, de la provincia Valverde; en los municipios San Fernando y Villa V\u00e1squez, de Montecristi; en Caleta de La Romana; tres en Los Alcarrizos en el entorno de las estaciones principales del telef\u00e9rico, y en el distrito municipal La G\u00fc\u00e1yiga, de Pedro Brand.<\/p>\n\n\n\n<p>Tambi\u00e9n en Villa Rivas, de la provincia Duarte; en Imbert y Luperon, de Puerto Plata; dos en Santa B\u00e1rbara, de Saman\u00e1; dos en Maim\u00f3n, de Monse\u00f1or Nouel; y en B\u00e1nica, de Elias Pi\u00f1a.<\/p>\n\n\n\n<p><strong>Habla el alcalde de Nagua<\/strong><\/p>\n\n\n\n<p>De su lado, el alcalde Junior Peralta agradeci\u00f3 a Salcedo por acoger su proyecto para embellecer y rehabilitar extensiones territoriales urbanas de Nagua y de convertirlas en zonas de recreaci\u00f3n y atractivo para los municipes.<\/p>\n\n\n\n<p><strong>\u201dPrimero T\u00fa y Cerca de T\u00ed\u201d<\/strong><\/p>\n\n\n\n<p>Roberto \u00c1ngel tambi\u00e9n encabez\u00f3 dos jornadas de inclusi\u00f3n social \u201cPrimero T\u00fa\u201d y \u201cCerca de T\u00ed\u201d en las que miles de j\u00f3venes, mujeres y embazadas, asi como adultos, y envejecientes en condiciones de vulnerabilidad recibieron asistencias m\u00e9dicas, odontol\u00f3gica, y registro de personas para gestionar el registro civil tard\u00edo, con el acompa\u00f1amiento de la Junta Central Electoral, asimismo, para obtener la tarjeta Sup\u00e9rate y lograr el primer empleo v\u00eda el Ministerio de Trabajo.<\/p>\n\n\n\n<p>A la vez se ofrecieron ayudas para personas envejecientes, se acogieron solicitudes para evaluaci\u00f3n e inscripci\u00f3n en cursos de formaci\u00f3n t\u00e9cnica y profesional en las Escuelas Vocacionales de las Fuerzas Armadas y la Polic\u00eda Nacional, en Infotep y el Instituto Tecnol\u00f3gico de las Americas (ITLA).<\/p>\n\n\n\n<p>A trav\u00e9s de los Comedores Econ\u00f3micos de la Presidencia tambi\u00e9n se distribuy\u00f3 entre los asistentes miles de raciones alimenticias, crudas y cocinadas, y servicios de Atenci\u00f3n a la Primera Infancia, a trav\u00e9s del INAIPI, entre otros que ofrecen, de manera integrada, 17 instituciones del Estado.<\/p>\n\n\n\n<p>La primera jornada se realiz\u00f3 en la Escuela Primaria San Jos\u00e9 de Villa, del barrio del mismo nombre, y la segunda en la Escuela Luis Yanguela, del Distrito Municipal Las Gordas, tambi\u00e9n de Mar\u00eda Trinidad S\u00e1nchez.<\/p>\n\n\n\n<p>Roberto \u00c1ngel destac\u00f3 que la de hoy fue la jornadas de inclusi\u00f3n \u201cPrimero T\u00fa\u201d, n\u00famero 96 del presente a\u00f1o, mediante las cuales m\u00e1s de 280 mil personas han sido favorecidas en todo el pa\u00eds.<\/p>\n\n\n\n<p>En cada una de estas actividades Roberto \u00c1ngel estuvo acompa\u00f1ado de la gobernadora provincial, Gregoria Correa, del alcalde Junior Peralta, de Freddy Correa, director general de la Administradora de Subsidios Sociales (Adess), del diputado Jorge Cavoli y de otros funcionarios provinciales y nacionales.<\/p>\n","protected":false},"excerpt":{"rendered":"<p>El director general de Proyectos Estrat\u00e9gicos y Especiales de la Presidencia, Roberto \u00c1ngel Salcedo, inaugur\u00f3 este domingo el Paseo de los Colores RD en el barrio Las 500s, de este&hellip;<\/p>\n","protected":false},"author":2,"featured_media":56864,"comment_status":"open","ping_status":"open","sticky":false,"template":"","format":"standard","meta":{"content-type":"","jetpack_post_was_ever_published":false,"_jetpack_newsletter_access":"","_jetpack_dont_email_post_to_subs":false,"_jetpack_newsletter_tier_id":0,"_jetpack_memberships_contains_paywalled_content":false,"_jetpack_memberships_contains_paid_content":false,"footnotes":""},"categories":[35,25],"tags":[5867,2026,5141,646],"class_list":["post-56863","post","type-post","status-publish","format-standard","has-post-thumbnail","hentry","category-nacionales","category-portada","tag-arte-publico","tag-nagua","tag-paseo-de-los-colores","tag-roberto-angel-salcedo"],"jetpack_featured_media_url":"https:\/\/lasprimeras.com.do\/wp-content\/uploads\/2023\/08\/Roberto-Angel-Salcedo-1.jpg","jetpack-related-posts":[{"id":70057,"url":"https:\/\/lasprimeras.com.do\/index.php\/2023\/12\/08\/roberto-angel-y-kelvin-cruz-entregan-en-la-vega-mas-de-6-mil-metros-cuadrados-de-arte-publico\/","url_meta":{"origin":56863,"position":0},"title":"Roberto \u00c1ngel y Kelvin Cruz entregan en La Vega m\u00e1s de 6 mil metros cuadrados de arte p\u00fablico","author":"Nelson Feliz","date":"8 de diciembre de 2023","format":false,"excerpt":"El director de Proyectos Estrat\u00e9gicos y Programas Especiales de la Presidencia, Roberto \u00c1ngel Salcedo, y el alcalde del municipio, Kelvin Cruz, entregaron este jueves un Paseo de Los Colores en la comunidad El Riito, con m\u00e1s de seis mil metros cuadrados de arte p\u00fablico, que resalta a figuras importantes de\u2026","rel":"","context":"En \u00abNACIONALES\u00bb","block_context":{"text":"NACIONALES","link":"https:\/\/lasprimeras.com.do\/index.php\/category\/nacionales\/"},"img":{"alt_text":"Roberto \u00c1ngel Salcedo","src":"https:\/\/i0.wp.com\/lasprimeras.com.do\/wp-content\/uploads\/2023\/12\/Roberto-Angel-Salcedo1.jpg?resize=350%2C200&ssl=1","width":350,"height":200,"srcset":"https:\/\/i0.wp.com\/lasprimeras.com.do\/wp-content\/uploads\/2023\/12\/Roberto-Angel-Salcedo1.jpg?resize=350%2C200&ssl=1 1x, https:\/\/i0.wp.com\/lasprimeras.com.do\/wp-content\/uploads\/2023\/12\/Roberto-Angel-Salcedo1.jpg?resize=525%2C300&ssl=1 1.5x, https:\/\/i0.wp.com\/lasprimeras.com.do\/wp-content\/uploads\/2023\/12\/Roberto-Angel-Salcedo1.jpg?resize=700%2C400&ssl=1 2x"},"classes":[]},{"id":53008,"url":"https:\/\/lasprimeras.com.do\/index.php\/2023\/06\/22\/roberto-angel-encabeza-diversas-actividades-en-monsenor-nouel\/","url_meta":{"origin":56863,"position":1},"title":"Roberto \u00c1ngel encabeza diversas actividades en Monse\u00f1or Nouel","author":"Nelson Feliz","date":"22 de junio de 2023","format":false,"excerpt":"Por Martin Restituyo \u00a0 El director de Proyectos Estrat\u00e9gicos y Especiales de la Presidencia (Propeep), Roberto \u00c1ngel Salcedo, encabez\u00f3 este jueves diversas actividades de acci\u00f3n social en la provincia Monse\u00f1or Noel, que incluy\u00f3 una jornada \"Primero T\u00fa\", la entrega de dos nuevos Paseos de los Colores y\u00a0 servicios a trav\u00e9s\u2026","rel":"","context":"En \u00abNACIONALES\u00bb","block_context":{"text":"NACIONALES","link":"https:\/\/lasprimeras.com.do\/index.php\/category\/nacionales\/"},"img":{"alt_text":"Roberto \u00c1ngel Salcedo","src":"https:\/\/i0.wp.com\/lasprimeras.com.do\/wp-content\/uploads\/2023\/06\/Roberto-Angel-Salcedo.jpg?resize=350%2C200&ssl=1","width":350,"height":200,"srcset":"https:\/\/i0.wp.com\/lasprimeras.com.do\/wp-content\/uploads\/2023\/06\/Roberto-Angel-Salcedo.jpg?resize=350%2C200&ssl=1 1x, https:\/\/i0.wp.com\/lasprimeras.com.do\/wp-content\/uploads\/2023\/06\/Roberto-Angel-Salcedo.jpg?resize=525%2C300&ssl=1 1.5x, https:\/\/i0.wp.com\/lasprimeras.com.do\/wp-content\/uploads\/2023\/06\/Roberto-Angel-Salcedo.jpg?resize=700%2C400&ssl=1 2x"},"classes":[]},{"id":91309,"url":"https:\/\/lasprimeras.com.do\/index.php\/2024\/11\/16\/roberto-angel-y-propeep-lanzan-el-programa-de-transformacion-cultural-arte-en-la-42\/","url_meta":{"origin":56863,"position":2},"title":"Roberto \u00c1ngel y Propeep lanzan el programa de transformaci\u00f3n cultural, \u201cArte en La 42\u201d","author":"Nelson Feliz","date":"16 de noviembre de 2024","format":false,"excerpt":"Donan instrumentos musicales a Indarte, para la formaci\u00f3n art\u00edstica, capacitaciones en distintas ramas del arte como la m\u00fasica, la danza, y la actuaci\u00f3n; adem\u00e1s, inaugura un vistoso \"Paseo de los Colores\" El director general de Proyectos y Programas Estrat\u00e9gicos y Especiales de la Presidencia, Roberto \u00c1ngel Salcedo, lanz\u00f3 este s\u00e1bado\u2026","rel":"","context":"En \u00abNACIONALES\u00bb","block_context":{"text":"NACIONALES","link":"https:\/\/lasprimeras.com.do\/index.php\/category\/nacionales\/"},"img":{"alt_text":"Roberto \u00c1ngel Salcedo","src":"https:\/\/i0.wp.com\/lasprimeras.com.do\/wp-content\/uploads\/2024\/11\/Roberto-Angel-Salcedo-02.jpg?resize=350%2C200&ssl=1","width":350,"height":200,"srcset":"https:\/\/i0.wp.com\/lasprimeras.com.do\/wp-content\/uploads\/2024\/11\/Roberto-Angel-Salcedo-02.jpg?resize=350%2C200&ssl=1 1x, https:\/\/i0.wp.com\/lasprimeras.com.do\/wp-content\/uploads\/2024\/11\/Roberto-Angel-Salcedo-02.jpg?resize=525%2C300&ssl=1 1.5x, https:\/\/i0.wp.com\/lasprimeras.com.do\/wp-content\/uploads\/2024\/11\/Roberto-Angel-Salcedo-02.jpg?resize=700%2C400&ssl=1 2x"},"classes":[]},{"id":86486,"url":"https:\/\/lasprimeras.com.do\/index.php\/2024\/07\/26\/roberto-angel-encabeza-lanzamiento-de-la-ruta-de-arte-urbano-en-la-provincia-duarte\/","url_meta":{"origin":56863,"position":3},"title":"Roberto \u00c1ngel encabeza lanzamiento de la &#8220;Ruta de Arte Urbano&#8221; en la provincia Duarte","author":"Nelson Feliz","date":"26 de julio de 2024","format":false,"excerpt":"La iniciativa abarca los municipios San Francisco de Macor\u00eds, Arenoso, Castillo, Pimentel, Las Guaranas, Villa Riva; y sus distritos municipales. El director de Proyectos Estrat\u00e9gicos y Especiales de la Presidencia (Propeep), Roberto \u00c1ngel Salcedo, encabez\u00f3 el acto de lanzamiento de la \"Ruta de Arte Urbano\", con 6,507.4 m\u00b2, en la\u2026","rel":"","context":"En \u00abNACIONALES\u00bb","block_context":{"text":"NACIONALES","link":"https:\/\/lasprimeras.com.do\/index.php\/category\/nacionales\/"},"img":{"alt_text":"Roberto \u00c1ngel Salcedo","src":"https:\/\/i0.wp.com\/lasprimeras.com.do\/wp-content\/uploads\/2024\/07\/Roberto-Angel-Salcedo.jpg?resize=350%2C200&ssl=1","width":350,"height":200,"srcset":"https:\/\/i0.wp.com\/lasprimeras.com.do\/wp-content\/uploads\/2024\/07\/Roberto-Angel-Salcedo.jpg?resize=350%2C200&ssl=1 1x, https:\/\/i0.wp.com\/lasprimeras.com.do\/wp-content\/uploads\/2024\/07\/Roberto-Angel-Salcedo.jpg?resize=525%2C300&ssl=1 1.5x, https:\/\/i0.wp.com\/lasprimeras.com.do\/wp-content\/uploads\/2024\/07\/Roberto-Angel-Salcedo.jpg?resize=700%2C400&ssl=1 2x"},"classes":[]},{"id":62739,"url":"https:\/\/lasprimeras.com.do\/index.php\/2023\/10\/06\/roberto-angel-y-kelvin-cruz-dejan-iniciados-mas-de-2-kms-de-arte-publico-en-la-vega\/","url_meta":{"origin":56863,"position":4},"title":"Roberto \u00c1ngel y Kelvin Cruz dejan iniciados m\u00e1s de 2 kms de arte p\u00fablico en La Vega","author":"Nelson Feliz","date":"6 de octubre de 2023","format":false,"excerpt":"El director de Proyectos Estrat\u00e9gicos y Especiales de la Presidencia, Roberto \u00c1ngel Salcedo, y el alcalde de La Vega, Kelvin Cruz, dejaron iniciados la creaci\u00f3n de m\u00e1s dos kil\u00f3metros lineales de arte p\u00fablico, en el Parque Lineal el Riito, de ese municipio, a fin de resaltar figuras prominentes de la\u2026","rel":"","context":"En \u00abENTRETENIMIENTO\u00bb","block_context":{"text":"ENTRETENIMIENTO","link":"https:\/\/lasprimeras.com.do\/index.php\/category\/entretenimiento\/"},"img":{"alt_text":"Roberto Angel Salcedo","src":"https:\/\/i0.wp.com\/lasprimeras.com.do\/wp-content\/uploads\/2023\/10\/Roberto-Angel-Salcedo.jpg?resize=350%2C200&ssl=1","width":350,"height":200,"srcset":"https:\/\/i0.wp.com\/lasprimeras.com.do\/wp-content\/uploads\/2023\/10\/Roberto-Angel-Salcedo.jpg?resize=350%2C200&ssl=1 1x, https:\/\/i0.wp.com\/lasprimeras.com.do\/wp-content\/uploads\/2023\/10\/Roberto-Angel-Salcedo.jpg?resize=525%2C300&ssl=1 1.5x, https:\/\/i0.wp.com\/lasprimeras.com.do\/wp-content\/uploads\/2023\/10\/Roberto-Angel-Salcedo.jpg?resize=700%2C400&ssl=1 2x"},"classes":[]},{"id":88201,"url":"https:\/\/lasprimeras.com.do\/index.php\/2024\/08\/23\/roberto-angel-hoy-sumamos-47898-m2-de-arte-publico-entregado-en-todo-el-territorio-nacional\/","url_meta":{"origin":56863,"position":5},"title":"Roberto \u00c1ngel: \u201cHoy sumamos 47,898 M2 de arte p\u00fablico entregado en todo el territorio nacional\u201d","author":"Nelson Feliz","date":"23 de agosto de 2024","format":false,"excerpt":"Con la entrega del Paseo de los Colores n\u00famero 105 de este a\u00f1o, la direcci\u00f3n de Proyectos Estrat\u00e9gicos y Especiales de la Presidencia (Propeep), suman 47,898 metros cuadrado de arte p\u00fablico urbano en todo el territorio nacional. Al encabezar la Ruta de Arte P\u00fablico Urbano, este viernes, en esta provincia,\u2026","rel":"","context":"En \u00abNACIONALES\u00bb","block_context":{"text":"NACIONALES","link":"https:\/\/lasprimeras.com.do\/index.php\/category\/nacionales\/"},"img":{"alt_text":"Roberto \u00c1ngel Salcedo","src":"https:\/\/i0.wp.com\/lasprimeras.com.do\/wp-content\/uploads\/2024\/08\/Roberto-Angel-Salcedo.jpg?resize=350%2C200&ssl=1","width":350,"height":200,"srcset":"https:\/\/i0.wp.com\/lasprimeras.com.do\/wp-content\/uploads\/2024\/08\/Roberto-Angel-Salcedo.jpg?resize=350%2C200&ssl=1 1x, https:\/\/i0.wp.com\/lasprimeras.com.do\/wp-content\/uploads\/2024\/08\/Roberto-Angel-Salcedo.jpg?resize=525%2C300&ssl=1 1.5x, https:\/\/i0.wp.com\/lasprimeras.com.do\/wp-content\/uploads\/2024\/08\/Roberto-Angel-Salcedo.jpg?resize=700%2C400&ssl=1 2x"},"classes":[]}],"jetpack_sharing_enabled":true,"_links":{"self":[{"href":"https:\/\/lasprimeras.com.do\/index.php\/wp-json\/wp\/v2\/posts\/56863","targetHints":{"allow":["GET"]}}],"collection":[{"href":"https:\/\/lasprimeras.com.do\/index.php\/wp-json\/wp\/v2\/posts"}],"about":[{"href":"https:\/\/lasprimeras.com.do\/index.php\/wp-json\/wp\/v2\/types\/post"}],"author":[{"embeddable":true,"href":"https:\/\/lasprimeras.com.do\/index.php\/wp-json\/wp\/v2\/users\/2"}],"replies":[{"embeddable":true,"href":"https:\/\/lasprimeras.com.do\/index.php\/wp-json\/wp\/v2\/comments?post=56863"}],"version-history":[{"count":1,"href":"https:\/\/lasprimeras.com.do\/index.php\/wp-json\/wp\/v2\/posts\/56863\/revisions"}],"predecessor-version":[{"id":56868,"href":"https:\/\/lasprimeras.com.do\/index.php\/wp-json\/wp\/v2\/posts\/56863\/revisions\/56868"}],"wp:featuredmedia":[{"embeddable":true,"href":"https:\/\/lasprimeras.com.do\/index.php\/wp-json\/wp\/v2\/media\/56864"}],"wp:attachment":[{"href":"https:\/\/lasprimeras.com.do\/index.php\/wp-json\/wp\/v2\/media?parent=56863"}],"wp:term":[{"taxonomy":"category","embeddable":true,"href":"https:\/\/lasprimeras.com.do\/index.php\/wp-json\/wp\/v2\/categories?post=56863"},{"taxonomy":"post_tag","embeddable":true,"href":"https:\/\/lasprimeras.com.do\/index.php\/wp-json\/wp\/v2\/tags?post=56863"}],"curies":[{"name":"wp","href":"https:\/\/api.w.org\/{rel}","templated":true}]}}