{"id":56877,"date":"2023-08-06T22:04:35","date_gmt":"2023-08-07T02:04:35","guid":{"rendered":"https:\/\/lasprimeras.com.do\/?p=56877"},"modified":"2023-08-06T22:04:36","modified_gmt":"2023-08-07T02:04:36","slug":"leonel-la-gente-comienza-a-decir-que-con-nosotros-se-vivia-mejor","status":"publish","type":"post","link":"https:\/\/lasprimeras.com.do\/index.php\/2023\/08\/06\/leonel-la-gente-comienza-a-decir-que-con-nosotros-se-vivia-mejor\/","title":{"rendered":"Leonel: &#8220;La gente comienza a decir que con nosotros se viv\u00eda mejor&#8221;"},"content":{"rendered":"\n<p><strong>Leonel juramenta varios exalcaldes y regidora en municipios de provincia Monte Plata<\/strong>.<\/p>\n\n\n\n<p>El precandidato presidencial de la Fuerza del Pueblo, Leonel Fern\u00e1ndez, realiz\u00f3 un recorrido este domingo por esta provincia, donde encabez\u00f3 varias juramentaciones de dirigentes de otros partidos y l\u00edderes sociales; adem\u00e1s acompa\u00f1\u00f3 a los precandidatos congresuales y municipales en actividades proselitistas.<\/p>\n\n\n\n<p>Los contactos del l\u00edder pol\u00edtico iniciaron en el municipio de Bayaguana, donde encabez\u00f3 un multitudinario acto de juramentaci\u00f3n, en el que se destacan el exalcalde Emerson Eusebio, la regidora Helena Romero, el asistente del actual alcalde y, aspirante a regidor, Fernando Bonifacio, entre otras personalidades, provenientes del PLD.<\/p>\n\n\n\n<p>En el discurso que pronunci\u00f3 Leonel Fern\u00e1ndez en Bayaguana, valor\u00f3 que el crecimiento de la Fuerza del Pueblo es constante, sostenido y din\u00e1mico; debido a que la gente valora el legado dejado en las gestiones de gobierno que les ha tocado encabezar y dicen que con \u00e9l se viv\u00eda mejor.<\/p>\n\n\n\n<p>&#8220;Crecemos cada d\u00eda, porque cada d\u00eda se incrementa la desesperanza y la desilusi\u00f3n con la actual gesti\u00f3n administrativa, y cada vez m\u00e1s se valora nuestro legado, se compara, se hace contraste, y la gente ya comienza a decir que en \u00e9poca nuestra se viv\u00eda mejor&#8221;, afirm\u00f3 Leonel Fern\u00e1ndez.<\/p>\n\n\n\n<p>En el acto celebrado en Bayaguana, caracterizado por la alegr\u00eda participaron militantes del Movimiento Rebelde, dirigido por Juan Ubieres y V Rep\u00fablica, dirigido por Jos\u00e9 Miguel Soto Jim\u00e9nez.<\/p>\n\n\n\n<p>En los momentos de salutaciones propici\u00f3 algarab\u00eda cuando se present\u00f3 como pr\u00f3ximo senador por Monte Plata a Juan Hubieres.<\/p>\n\n\n\n<p>Diagn\u00f3stico de necesidades<\/p>\n\n\n\n<p>En el acto de juramentaci\u00f3n se present\u00f3 un diagn\u00f3stico, hecho por la dirigencia municipal, de las obras prioritarias en el municipio de Bayaguana, las cuales el precandidato presidencial de la Fuerza del Pueblo se comprometi\u00f3 realizar en una pr\u00f3xima gesti\u00f3n, a partir del a\u00f1o 2024, estas son:<\/p>\n\n\n\n<ol class=\"wp-block-list\">\n<li>Continuaci\u00f3n de construcci\u00f3n de planteles escolares.<\/li>\n\n\n\n<li>Planta de tratamiento de aguas residuales.<\/li>\n\n\n\n<li>Carreteras que conectan las diferentes localidades con Bayaguana.<\/li>\n\n\n\n<li>Aceras, contenes y asfaltado de sectores.<\/li>\n\n\n\n<li>Acueductos para comunidades que componen el municipio.<\/li>\n\n\n\n<li>Incentivo financiero a la agroindustria.<\/li>\n\n\n\n<li>Trabajar en reactivaci\u00f3n y ampliaci\u00f3n de la zona franca.<\/li>\n<\/ol>\n\n\n\n<p>Varias de estas obras fueron paralizadas por las \u00faltimas gestiones de gobierno, luego de haber sido iniciadas por Leonel Fern\u00e1ndez cuando le toc\u00f3 dirigir los destinos de este pa\u00eds.<\/p>\n\n\n\n<p>Juramentados<\/p>\n\n\n\n<p>Adem\u00e1s del exalcalde Emerson Eusebio, la regidora Helena Romero y el asistente del actual alcalde, Fernando Bonifacio; tambi\u00e9n se integraron hoy a la Fuerza del Pueblo en Bayaguana, Vinicio Aguasanta, Jos\u00e9 Castro, Jos\u00e9 Ponciano, Georgina Sosa, Juan Rogelio Ortiz y Cirilo Chala.<\/p>\n\n\n\n<p>Recorrido<\/p>\n\n\n\n<p>Luego del acto de juramentaci\u00f3n, el l\u00edder de la Fuerza del Pueblo y sus aliados animaron a sus seguidores que participaban en bandereos simult\u00e1neos en el Cruce de Monte Plata, Parque Central de El Cacique y en Galindo, Don Juan.<\/p>\n\n\n\n<p>En la entrada del municipio cabecera de Monte Plata, el recorrido debi\u00f3 ser m\u00e1s lento de lo previsto, debido a la gran cantidad de personas que esper\u00f3 en las calles con intenci\u00f3n de saludar y manifestar apoyo al proyecto Leonel Fern\u00e1ndez presidente 2024-2028.<\/p>\n\n\n\n<p>Antes de llegar a esta productiva provincia, Leonel Fern\u00e1ndez correspondi\u00f3 al entusiasmo y se detuvo a saludar a los mun\u00edcipes de San Antonio de Guerra, que vestidos de verde lo esperaron en la calle.<\/p>\n\n\n\n<p>En su estad\u00eda en Monte Plata, Fern\u00e1ndez tambi\u00e9n visit\u00f3 el municipio de Yamas\u00e1, donde particip\u00f3 en un almuerzo con productores agropecuarios y encabez\u00f3 una concentraci\u00f3n en la avenida Eusebio Manzueta, esquina calle Pio D\u00edaz, lugar donde jurament\u00f3 a importantes l\u00edderes pol\u00edticos, entre ellos el ex alcalde Hermes Rosario, quien posee gran experiencia en municipalidad y administraci\u00f3n, porque adem\u00e1s ha sido regidor en tres ocasiones.<\/p>\n","protected":false},"excerpt":{"rendered":"<p>Leonel juramenta varios exalcaldes y regidora en municipios de provincia Monte Plata. El precandidato presidencial de la Fuerza del Pueblo, Leonel Fern\u00e1ndez, realiz\u00f3 un recorrido este domingo por esta provincia,&hellip;<\/p>\n","protected":false},"author":2,"featured_media":56878,"comment_status":"open","ping_status":"open","sticky":false,"template":"","format":"standard","meta":{"content-type":"","jetpack_post_was_ever_published":false,"_jetpack_newsletter_access":"","_jetpack_dont_email_post_to_subs":false,"_jetpack_newsletter_tier_id":0,"_jetpack_memberships_contains_paywalled_content":false,"_jetpack_memberships_contains_paid_content":false,"footnotes":""},"categories":[25],"tags":[189,5870,5871,1634,1298,2132],"class_list":["post-56877","post","type-post","status-publish","format-standard","has-post-thumbnail","hentry","category-portada","tag-desesperanza","tag-exalcaldes","tag-incrementa","tag-leonel-fernandez-2","tag-monte-plata","tag-regidora"],"jetpack_featured_media_url":"https:\/\/lasprimeras.com.do\/wp-content\/uploads\/2023\/08\/Leonel-Fernandez-3.jpg","jetpack-related-posts":[{"id":104714,"url":"https:\/\/lasprimeras.com.do\/index.php\/2025\/07\/26\/leonel-juramenta-un-regidor-un-vocal-varios-presidentes-de-intermedio-y-mas-dirigentes-del-pld\/","url_meta":{"origin":56877,"position":0},"title":"Leonel juramenta un regidor, un vocal, varios presidentes de intermedio y m\u00e1s dirigentes del PLD","author":"Nelson Feliz","date":"26 de julio de 2025","format":false,"excerpt":"El partido Fuerza del Pueblo (FP) continu\u00f3 el proceso de incorporaci\u00f3n de nuevos militantes a sus filas. Cientos de personas de los diferentes municipios de la provincia Peravia, pertenecientes al PLD y a otras organizaciones, fueron juramentadas por el presidente y l\u00edder de esta organizaci\u00f3n opositora, Leonel Fern\u00e1ndez. Entre los\u2026","rel":"","context":"En \u00abPOLITICA\u00bb","block_context":{"text":"POLITICA","link":"https:\/\/lasprimeras.com.do\/index.php\/category\/politica\/"},"img":{"alt_text":"","src":"https:\/\/i0.wp.com\/lasprimeras.com.do\/wp-content\/uploads\/2025\/07\/Leonel.jpg?resize=350%2C200&ssl=1","width":350,"height":200,"srcset":"https:\/\/i0.wp.com\/lasprimeras.com.do\/wp-content\/uploads\/2025\/07\/Leonel.jpg?resize=350%2C200&ssl=1 1x, https:\/\/i0.wp.com\/lasprimeras.com.do\/wp-content\/uploads\/2025\/07\/Leonel.jpg?resize=525%2C300&ssl=1 1.5x, https:\/\/i0.wp.com\/lasprimeras.com.do\/wp-content\/uploads\/2025\/07\/Leonel.jpg?resize=700%2C400&ssl=1 2x"},"classes":[]},{"id":103989,"url":"https:\/\/lasprimeras.com.do\/index.php\/2025\/07\/21\/leonel-juramenta-2-regidores-y-mas-dirigentes-del-pld-prm-y-otras-organizaciones-en-san-cristobal\/","url_meta":{"origin":56877,"position":1},"title":"Leonel juramenta 2 regidores y m\u00e1s dirigentes del PLD, PRM y otras organizaciones en San Crist\u00f3bal","author":"Nelson Feliz","date":"21 de julio de 2025","format":false,"excerpt":"En un acto multitudinario celebrado este domingo 20 de julio en el Club Deportivo Ciro P\u00e9rez, el presidente de la Fuerza del Pueblo (FP), Leonel Fern\u00e1ndez, jurament\u00f3 a dos regidores y decenas de dirigentes provenientes del Partido de la Liberaci\u00f3n Dominicana (PLD), del Partido Revolucionario Moderno (PRM) y de otras\u2026","rel":"","context":"En \u00abPOLITICA\u00bb","block_context":{"text":"POLITICA","link":"https:\/\/lasprimeras.com.do\/index.php\/category\/politica\/"},"img":{"alt_text":"Leonel Fern\u00e1ndez","src":"https:\/\/i0.wp.com\/lasprimeras.com.do\/wp-content\/uploads\/2025\/07\/Leonel-Fernandez-4.jpg?resize=350%2C200&ssl=1","width":350,"height":200,"srcset":"https:\/\/i0.wp.com\/lasprimeras.com.do\/wp-content\/uploads\/2025\/07\/Leonel-Fernandez-4.jpg?resize=350%2C200&ssl=1 1x, https:\/\/i0.wp.com\/lasprimeras.com.do\/wp-content\/uploads\/2025\/07\/Leonel-Fernandez-4.jpg?resize=525%2C300&ssl=1 1.5x, https:\/\/i0.wp.com\/lasprimeras.com.do\/wp-content\/uploads\/2025\/07\/Leonel-Fernandez-4.jpg?resize=700%2C400&ssl=1 2x"},"classes":[]},{"id":106464,"url":"https:\/\/lasprimeras.com.do\/index.php\/2025\/08\/15\/regidor-del-prm-se-une-a-la-fuerza-del-pueblo-y-es-juramentado-por-leonel-fernandez\/","url_meta":{"origin":56877,"position":2},"title":"Regidor del PRM se une a la Fuerza del Pueblo y es juramentado por Leonel Fern\u00e1ndez","author":"Nelson Feliz","date":"15 de agosto de 2025","format":false,"excerpt":"En el marco de su visita a la Ciudad Coraz\u00f3n, el presidente del partido Fuerza del Pueblo (FP), Leonel Fern\u00e1ndez, jurament\u00f3 al regidor del Partido Revolucionario Moderno (PRM) de Hatillo Palma, provincia Montecristi, Dany Torres, quien formaliz\u00f3 su ingreso a las filas de la organizaci\u00f3n pol\u00edtica liderada por el exmandatario.\u2026","rel":"","context":"En \u00abPOLITICA\u00bb","block_context":{"text":"POLITICA","link":"https:\/\/lasprimeras.com.do\/index.php\/category\/politica\/"},"img":{"alt_text":"","src":"https:\/\/i0.wp.com\/lasprimeras.com.do\/wp-content\/uploads\/2025\/08\/Dany-Torres.jpg?resize=350%2C200&ssl=1","width":350,"height":200,"srcset":"https:\/\/i0.wp.com\/lasprimeras.com.do\/wp-content\/uploads\/2025\/08\/Dany-Torres.jpg?resize=350%2C200&ssl=1 1x, https:\/\/i0.wp.com\/lasprimeras.com.do\/wp-content\/uploads\/2025\/08\/Dany-Torres.jpg?resize=525%2C300&ssl=1 1.5x, https:\/\/i0.wp.com\/lasprimeras.com.do\/wp-content\/uploads\/2025\/08\/Dany-Torres.jpg?resize=700%2C400&ssl=1 2x"},"classes":[]},{"id":121683,"url":"https:\/\/lasprimeras.com.do\/index.php\/2026\/02\/08\/leonel-juramenta-en-la-fp-al-expresidente-del-pld-y-decenas-de-dirigentes-en-licey-al-medio\/","url_meta":{"origin":56877,"position":3},"title":"Leonel juramenta en la FP al expresidente del PLD y decenas de dirigentes en Licey al Medio","author":"Nelson Feliz","date":"8 de febrero de 2026","format":false,"excerpt":"El presidente del partido Fuerza del Pueblo (FP), Leonel Fern\u00e1ndez, encabez\u00f3 la tarde de este s\u00e1bado un acto de juramentaci\u00f3n en el municipio de Licey al Medio, donde formaliz\u00f3 la incorporaci\u00f3n a esa organizaci\u00f3n del dirigente pol\u00edtico Jos\u00e9 Dur\u00e1n L\u00f3pez, expresidente del Partido de la Liberaci\u00f3n Dominicana (PLD) en esa\u2026","rel":"","context":"En \u00abPOLITICA\u00bb","block_context":{"text":"POLITICA","link":"https:\/\/lasprimeras.com.do\/index.php\/category\/politica\/"},"img":{"alt_text":"Leonel Fern\u00e1ndez","src":"https:\/\/i0.wp.com\/lasprimeras.com.do\/wp-content\/uploads\/2026\/02\/Leonel-Fernandez-3.jpg?resize=350%2C200&ssl=1","width":350,"height":200,"srcset":"https:\/\/i0.wp.com\/lasprimeras.com.do\/wp-content\/uploads\/2026\/02\/Leonel-Fernandez-3.jpg?resize=350%2C200&ssl=1 1x, https:\/\/i0.wp.com\/lasprimeras.com.do\/wp-content\/uploads\/2026\/02\/Leonel-Fernandez-3.jpg?resize=525%2C300&ssl=1 1.5x, https:\/\/i0.wp.com\/lasprimeras.com.do\/wp-content\/uploads\/2026\/02\/Leonel-Fernandez-3.jpg?resize=700%2C400&ssl=1 2x"},"classes":[]},{"id":115603,"url":"https:\/\/lasprimeras.com.do\/index.php\/2025\/11\/24\/regidor-del-pld-y-dirigentes-del-prm-se-juramentan-en-la-fuerza-del-pueblo\/","url_meta":{"origin":56877,"position":4},"title":"Regidor del PLD y dirigentes del PRM se juramentan en la Fuerza del Pueblo","author":"Nelson Feliz","date":"24 de noviembre de 2025","format":false,"excerpt":"En un acto encabezado por Radham\u00e9s Jim\u00e9nez Pe\u00f1a, l\u00edderes comunitarios, pastores y exdirigentes de varios partidos pol\u00edticos oficializaron su paso a las filas de la Fuerza del Pueblo. En una muestra de reconfiguraci\u00f3n pol\u00edtica en Santo Domingo Norte, un importante grupo de dirigentes y l\u00edderes comunitarios de distintas fuerzas pol\u00edticas\u2026","rel":"","context":"En \u00abPOLITICA\u00bb","block_context":{"text":"POLITICA","link":"https:\/\/lasprimeras.com.do\/index.php\/category\/politica\/"},"img":{"alt_text":"Radham\u00e9s Jim\u00e9nez Pe\u00f1a","src":"https:\/\/i0.wp.com\/lasprimeras.com.do\/wp-content\/uploads\/2025\/11\/Radhames-Jimenez-Pena-1.jpg?resize=350%2C200&ssl=1","width":350,"height":200,"srcset":"https:\/\/i0.wp.com\/lasprimeras.com.do\/wp-content\/uploads\/2025\/11\/Radhames-Jimenez-Pena-1.jpg?resize=350%2C200&ssl=1 1x, https:\/\/i0.wp.com\/lasprimeras.com.do\/wp-content\/uploads\/2025\/11\/Radhames-Jimenez-Pena-1.jpg?resize=525%2C300&ssl=1 1.5x, https:\/\/i0.wp.com\/lasprimeras.com.do\/wp-content\/uploads\/2025\/11\/Radhames-Jimenez-Pena-1.jpg?resize=700%2C400&ssl=1 2x"},"classes":[]},{"id":109511,"url":"https:\/\/lasprimeras.com.do\/index.php\/2025\/09\/18\/tribunal-de-monte-plata-reserva-fallo-en-caso-de-asesinato-del-regidor-renato-castillo\/","url_meta":{"origin":56877,"position":5},"title":"Tribunal de Monte Plata reserva fallo en caso de asesinato del regidor Renato Castillo","author":"Nelson Feliz","date":"18 de septiembre de 2025","format":false,"excerpt":"El Tribunal Colegiado de la jurisdicci\u00f3n judicial de Monte Plata se reserv\u00f3 para el pr\u00f3ximo 22 de septiembre, a las 9:00 de la ma\u00f1ana, la lectura del fallo sobre el asesinato del regidor Renato de Jes\u00fas Castillo, ocurrido hace 11 a\u00f1os, el 25 de junio de 2014. Por este hecho\u2026","rel":"","context":"En \u00abJUSTICIA\u00bb","block_context":{"text":"JUSTICIA","link":"https:\/\/lasprimeras.com.do\/index.php\/category\/justicia\/"},"img":{"alt_text":"","src":"https:\/\/i0.wp.com\/lasprimeras.com.do\/wp-content\/uploads\/2025\/09\/abogados-1.jpg?resize=350%2C200&ssl=1","width":350,"height":200,"srcset":"https:\/\/i0.wp.com\/lasprimeras.com.do\/wp-content\/uploads\/2025\/09\/abogados-1.jpg?resize=350%2C200&ssl=1 1x, https:\/\/i0.wp.com\/lasprimeras.com.do\/wp-content\/uploads\/2025\/09\/abogados-1.jpg?resize=525%2C300&ssl=1 1.5x, https:\/\/i0.wp.com\/lasprimeras.com.do\/wp-content\/uploads\/2025\/09\/abogados-1.jpg?resize=700%2C400&ssl=1 2x, https:\/\/i0.wp.com\/lasprimeras.com.do\/wp-content\/uploads\/2025\/09\/abogados-1.jpg?resize=1050%2C600&ssl=1 3x"},"classes":[]}],"jetpack_sharing_enabled":true,"_links":{"self":[{"href":"https:\/\/lasprimeras.com.do\/index.php\/wp-json\/wp\/v2\/posts\/56877","targetHints":{"allow":["GET"]}}],"collection":[{"href":"https:\/\/lasprimeras.com.do\/index.php\/wp-json\/wp\/v2\/posts"}],"about":[{"href":"https:\/\/lasprimeras.com.do\/index.php\/wp-json\/wp\/v2\/types\/post"}],"author":[{"embeddable":true,"href":"https:\/\/lasprimeras.com.do\/index.php\/wp-json\/wp\/v2\/users\/2"}],"replies":[{"embeddable":true,"href":"https:\/\/lasprimeras.com.do\/index.php\/wp-json\/wp\/v2\/comments?post=56877"}],"version-history":[{"count":1,"href":"https:\/\/lasprimeras.com.do\/index.php\/wp-json\/wp\/v2\/posts\/56877\/revisions"}],"predecessor-version":[{"id":56879,"href":"https:\/\/lasprimeras.com.do\/index.php\/wp-json\/wp\/v2\/posts\/56877\/revisions\/56879"}],"wp:featuredmedia":[{"embeddable":true,"href":"https:\/\/lasprimeras.com.do\/index.php\/wp-json\/wp\/v2\/media\/56878"}],"wp:attachment":[{"href":"https:\/\/lasprimeras.com.do\/index.php\/wp-json\/wp\/v2\/media?parent=56877"}],"wp:term":[{"taxonomy":"category","embeddable":true,"href":"https:\/\/lasprimeras.com.do\/index.php\/wp-json\/wp\/v2\/categories?post=56877"},{"taxonomy":"post_tag","embeddable":true,"href":"https:\/\/lasprimeras.com.do\/index.php\/wp-json\/wp\/v2\/tags?post=56877"}],"curies":[{"name":"wp","href":"https:\/\/api.w.org\/{rel}","templated":true}]}}