{"id":56884,"date":"2023-08-06T22:30:02","date_gmt":"2023-08-07T02:30:02","guid":{"rendered":"https:\/\/lasprimeras.com.do\/?p=56884"},"modified":"2023-08-06T22:30:04","modified_gmt":"2023-08-07T02:30:04","slug":"abel-a-jovenes-de-valverde-yo-llegare-al-gobierno-y-ustedes-conmigo","status":"publish","type":"post","link":"https:\/\/lasprimeras.com.do\/index.php\/2023\/08\/06\/abel-a-jovenes-de-valverde-yo-llegare-al-gobierno-y-ustedes-conmigo\/","title":{"rendered":"Abel a j\u00f3venes de Valverde: \u00abYo llegar\u00e9 al Gobierno y ustedes conmigo\u00bb"},"content":{"rendered":"\n<p>La Coordinaci\u00f3n Nacional de J\u00f3venes con Abel, que dirige Carolina Wegmuller, celebr\u00f3 este domingo un encuentro con primeros votantes en Esperanza, provincia Valverde.<\/p>\n\n\n\n<p>A pocos minutos de haber iniciado la actividad, apareci\u00f3 de sorpresa Abel Mart\u00ednez, candidato presidencial del Partido de la Liberaci\u00f3n Dominicana (PLD). De pie, todos aplaudieron con entusiasmo.<\/p>\n\n\n\n<p>Abel se sent\u00f3 de inmediato a hablar con ellos. Los j\u00f3venes les contaron sus preocupaciones por el desempleo, la falta de oportunidades y la incapacidad que tienen de planificar sus vidas, porque la situaci\u00f3n actual no lo permite. \u00abSin trabajo, sin dinero, \u00bfpara d\u00f3nde uno va?\u00bb, pregunt\u00f3 uno de los presentes.<\/p>\n\n\n\n<p>\u00abMe han planteado inquietudes, temores, necesidades. Yo vengo a ofrecerles certeza. Ustedes lo que necesitan es la certeza de que tendr\u00e1n un empleo al terminar los estudios, de que los novios j\u00f3venes puedan casarse y adquirir una vivienda. A partir del 2024, mi Gobierno velar\u00e1 por eso\u00bb, declar\u00f3.<\/p>\n\n\n\n<p>En una conversaci\u00f3n amena con centenares de j\u00f3venes de Valverde, Abel Mart\u00ednez les solicit\u00f3 integrarse de lleno, aportando nuevas ideas.<\/p>\n\n\n\n<p>\u00abNo es solo su voto lo que necesitamos para construir la mejor Rep\u00fablica Dominicana de todos los tiempos, tambi\u00e9n son sus ideas. Ustedes son muy importantes, ustedes son la Patria nueva, la columna que sostendr\u00e1 a nuestro pa\u00eds\u00bb, a\u00f1adi\u00f3.<\/p>\n\n\n\n<p>El candidato presidencial del PLD se declar\u00f3 defensor y garante de los derechos de los j\u00f3venes, propulsor de sus ideas y guardi\u00e1n de los espacios que les corresponden.<\/p>\n\n\n\n<p>\u00abUstedes est\u00e1n abrumados, atormentados con todo lo que est\u00e1 pasando. Desempleo, falta de oportunidad\u2026 pero no se desanimen, as\u00ed como se llama este municipio, eso les pido que tengan: Esperanza. Yo llegar\u00e9 al Gobierno y ustedes conmigo\u00bb, le habl\u00f3 a los j\u00f3venes Abel Mart\u00ednez.<\/p>\n","protected":false},"excerpt":{"rendered":"<p>La Coordinaci\u00f3n Nacional de J\u00f3venes con Abel, que dirige Carolina Wegmuller, celebr\u00f3 este domingo un encuentro con primeros votantes en Esperanza, provincia Valverde. A pocos minutos de haber iniciado la&hellip;<\/p>\n","protected":false},"author":2,"featured_media":56885,"comment_status":"open","ping_status":"open","sticky":false,"template":"","format":"standard","meta":{"content-type":"","jetpack_post_was_ever_published":false,"_jetpack_newsletter_access":"","_jetpack_dont_email_post_to_subs":false,"_jetpack_newsletter_tier_id":0,"_jetpack_memberships_contains_paywalled_content":false,"_jetpack_memberships_contains_paid_content":false,"footnotes":""},"categories":[1],"tags":[822,2007,3899,2915],"class_list":["post-56884","post","type-post","status-publish","format-standard","has-post-thumbnail","hentry","category-sin-categoria","tag-abel-martinez","tag-gobiernos","tag-jovenes","tag-valverde"],"jetpack_featured_media_url":"https:\/\/lasprimeras.com.do\/wp-content\/uploads\/2023\/08\/Abel-Martinez.jpg","jetpack-related-posts":[{"id":103532,"url":"https:\/\/lasprimeras.com.do\/index.php\/2025\/07\/16\/abel-martinez-denuncia-falta-de-cupo-en-escuelas-publicas-para-hijos-de-dominicanos\/","url_meta":{"origin":56884,"position":0},"title":"Abel Mart\u00ednez denuncia falta de cupo en escuelas p\u00fablicas para hijos de dominicanos","author":"Nelson Feliz","date":"16 de julio de 2025","format":false,"excerpt":"El exalcalde de Santiago de los Caballeros Abel Mart\u00ednez, miembro del Comit\u00e9 Pol\u00edtico del Partido de la Liberaci\u00f3n Dominicana (PLD) expres\u00f3 su profunda preocupaci\u00f3n ante las m\u00faltiples denuncias de padres dominicanos que no han podido inscribir a sus hijos en escuelas p\u00fablicas por falta de cupos disponibles, una situaci\u00f3n que\u2026","rel":"","context":"En \u00abPOLITICA\u00bb","block_context":{"text":"POLITICA","link":"https:\/\/lasprimeras.com.do\/index.php\/category\/politica\/"},"img":{"alt_text":"Abel Mart\u00ednez","src":"https:\/\/i0.wp.com\/lasprimeras.com.do\/wp-content\/uploads\/2025\/07\/Abel-Martinez.jpg?resize=350%2C200&ssl=1","width":350,"height":200,"srcset":"https:\/\/i0.wp.com\/lasprimeras.com.do\/wp-content\/uploads\/2025\/07\/Abel-Martinez.jpg?resize=350%2C200&ssl=1 1x, https:\/\/i0.wp.com\/lasprimeras.com.do\/wp-content\/uploads\/2025\/07\/Abel-Martinez.jpg?resize=525%2C300&ssl=1 1.5x, https:\/\/i0.wp.com\/lasprimeras.com.do\/wp-content\/uploads\/2025\/07\/Abel-Martinez.jpg?resize=700%2C400&ssl=1 2x"},"classes":[]},{"id":50470,"url":"https:\/\/lasprimeras.com.do\/index.php\/2023\/05\/21\/la-linea-noroeste-esta-con-abel-y-el-pld\/","url_meta":{"origin":56884,"position":1},"title":"La L\u00ednea Noroeste esta con Abel y el PLD","author":"prenxa100","date":"21 de mayo de 2023","format":false,"excerpt":"El PLD se moviliza en la L\u00ednea Noroeste. Representaci\u00f3n del CP encabeza encuentros en las provincias Valverde, Montecristi, Dajab\u00f3n y Santiago Rodriguez. Valverde, Mao.-.Repletos de entusiasmo y alegr\u00eda recibieron los municipios enclavados en la L\u00ednea Noroeste la representaci\u00f3n de la direcci\u00f3n del Partido de la Liberaci\u00f3n Dominicana (PLD) que llevaron\u2026","rel":"","context":"En \u00abPORTADA\u00bb","block_context":{"text":"PORTADA","link":"https:\/\/lasprimeras.com.do\/index.php\/category\/portada\/"},"img":{"alt_text":"","src":"","width":0,"height":0},"classes":[]},{"id":51117,"url":"https:\/\/lasprimeras.com.do\/index.php\/2023\/05\/27\/abel-martinez-dice-sentirse-orgulloso-con-la-juventud-que-lo-respalda\/","url_meta":{"origin":56884,"position":2},"title":"Abel Mart\u00ednez dice sentirse orgulloso con la juventud que lo respalda","author":"prenxa100","date":"27 de mayo de 2023","format":false,"excerpt":"Santiago.- El candidato presidencial por el Partido de la Liberaci\u00f3n Dominicana, Abel Mart\u00ednez, dijo que \u201cNos sentimos orgullosos de ver c\u00f3mo, una nueva generaci\u00f3n respalda este proyecto de naci\u00f3n del PLD que estamos construyendo y del cual ustedes son parte esencial\u201d, ante cientos de j\u00f3venes en este municipio. Abel expres\u00f3\u2026","rel":"","context":"En \u00abPORTADA\u00bb","block_context":{"text":"PORTADA","link":"https:\/\/lasprimeras.com.do\/index.php\/category\/portada\/"},"img":{"alt_text":"","src":"","width":0,"height":0},"classes":[]},{"id":104762,"url":"https:\/\/lasprimeras.com.do\/index.php\/2025\/07\/27\/abel-martinez-dice-sera-proclamado-candidato-presidencial-en-2027\/","url_meta":{"origin":56884,"position":3},"title":"Abel Mart\u00ednez dice ser\u00e1 proclamado candidato presidencial en 2027","author":"Nelson Feliz","date":"27 de julio de 2025","format":false,"excerpt":"En un encuentro con l\u00edderes del Partido de la Liberaci\u00f3n Dominicana (PLD), dirigentes comunitarios y ciudadanos comprometidos, Abel Mart\u00ednez reafirm\u00f3 su determinaci\u00f3n de trabajar por un \u00abnuevo comienzo\u00bb para la Rep\u00fablica Dominicana. El exalcalde de Santiago estuvo acompa\u00f1ado por su esposa, la comunicadora Nahiony Reyes. Anunci\u00f3 que en 2027 ser\u00e1\u2026","rel":"","context":"En \u00abPOLITICA\u00bb","block_context":{"text":"POLITICA","link":"https:\/\/lasprimeras.com.do\/index.php\/category\/politica\/"},"img":{"alt_text":"Abel Mart\u00ednez","src":"https:\/\/i0.wp.com\/lasprimeras.com.do\/wp-content\/uploads\/2024\/05\/Abel-Martinez-4.jpg?resize=350%2C200&ssl=1","width":350,"height":200,"srcset":"https:\/\/i0.wp.com\/lasprimeras.com.do\/wp-content\/uploads\/2024\/05\/Abel-Martinez-4.jpg?resize=350%2C200&ssl=1 1x, https:\/\/i0.wp.com\/lasprimeras.com.do\/wp-content\/uploads\/2024\/05\/Abel-Martinez-4.jpg?resize=525%2C300&ssl=1 1.5x, https:\/\/i0.wp.com\/lasprimeras.com.do\/wp-content\/uploads\/2024\/05\/Abel-Martinez-4.jpg?resize=700%2C400&ssl=1 2x"},"classes":[]},{"id":58702,"url":"https:\/\/lasprimeras.com.do\/index.php\/2023\/08\/27\/abel-en-montecristi-con-el-prm-el-pais-se-esta-cayendo-a-pedazos\/","url_meta":{"origin":56884,"position":4},"title":"Abel en Montecristi: \u00abCon el PRM, el pa\u00eds se est\u00e1 cayendo a pedazos\u00bb","author":"Nelson Feliz","date":"27 de agosto de 2023","format":false,"excerpt":"El candidato presidencial del Partido de la Liberaci\u00f3n Dominicana (PLD), Abel Mart\u00ednez, asegur\u00f3 que en el actual Gobierno del PRM, el pa\u00eds se est\u00e1 cayendo a pedazos. \u00abTrabajaremos para que retorne la comida barata, la energ\u00eda 24 horas, pero sobre todo, que la dignidad del pueblo dominicano pueda ser recuperada\u00bb,\u2026","rel":"","context":"En \u00abPORTADA\u00bb","block_context":{"text":"PORTADA","link":"https:\/\/lasprimeras.com.do\/index.php\/category\/portada\/"},"img":{"alt_text":"Abel Martinez","src":"https:\/\/i0.wp.com\/lasprimeras.com.do\/wp-content\/uploads\/2023\/08\/Abel-Martinez-1.jpeg?resize=350%2C200&ssl=1","width":350,"height":200,"srcset":"https:\/\/i0.wp.com\/lasprimeras.com.do\/wp-content\/uploads\/2023\/08\/Abel-Martinez-1.jpeg?resize=350%2C200&ssl=1 1x, https:\/\/i0.wp.com\/lasprimeras.com.do\/wp-content\/uploads\/2023\/08\/Abel-Martinez-1.jpeg?resize=525%2C300&ssl=1 1.5x, https:\/\/i0.wp.com\/lasprimeras.com.do\/wp-content\/uploads\/2023\/08\/Abel-Martinez-1.jpeg?resize=700%2C400&ssl=1 2x, https:\/\/i0.wp.com\/lasprimeras.com.do\/wp-content\/uploads\/2023\/08\/Abel-Martinez-1.jpeg?resize=1050%2C600&ssl=1 3x"},"classes":[]},{"id":122723,"url":"https:\/\/lasprimeras.com.do\/index.php\/2026\/02\/20\/abel-martinez-pide-al-pld-excluir-su-nombre-de-proceso-interno\/","url_meta":{"origin":56884,"position":5},"title":"Abel Mart\u00ednez pide al PLD excluir su nombre de proceso interno","author":"Nelson Feliz","date":"20 de febrero de 2026","format":false,"excerpt":"El dirigente pol\u00edtico Abel Mart\u00ednez solicit\u00f3 formalmente que su nombre sea excluido del listado de precandidatos que ser\u00e1 sometido a consideraci\u00f3n del Comit\u00e9 Central del Partido de la Liberaci\u00f3n Dominicana (PLD), cuya reuni\u00f3n est\u00e1 pautada para el 22 de febrero. La petici\u00f3n fue realizada mediante una carta dirigida al presidente\u2026","rel":"","context":"En \u00abPOLITICA\u00bb","block_context":{"text":"POLITICA","link":"https:\/\/lasprimeras.com.do\/index.php\/category\/politica\/"},"img":{"alt_text":"Abel Mart\u00ednez","src":"https:\/\/i0.wp.com\/lasprimeras.com.do\/wp-content\/uploads\/2025\/10\/Abel-Martinez-1.jpg?resize=350%2C200&ssl=1","width":350,"height":200,"srcset":"https:\/\/i0.wp.com\/lasprimeras.com.do\/wp-content\/uploads\/2025\/10\/Abel-Martinez-1.jpg?resize=350%2C200&ssl=1 1x, https:\/\/i0.wp.com\/lasprimeras.com.do\/wp-content\/uploads\/2025\/10\/Abel-Martinez-1.jpg?resize=525%2C300&ssl=1 1.5x, https:\/\/i0.wp.com\/lasprimeras.com.do\/wp-content\/uploads\/2025\/10\/Abel-Martinez-1.jpg?resize=700%2C400&ssl=1 2x"},"classes":[]}],"jetpack_sharing_enabled":true,"_links":{"self":[{"href":"https:\/\/lasprimeras.com.do\/index.php\/wp-json\/wp\/v2\/posts\/56884","targetHints":{"allow":["GET"]}}],"collection":[{"href":"https:\/\/lasprimeras.com.do\/index.php\/wp-json\/wp\/v2\/posts"}],"about":[{"href":"https:\/\/lasprimeras.com.do\/index.php\/wp-json\/wp\/v2\/types\/post"}],"author":[{"embeddable":true,"href":"https:\/\/lasprimeras.com.do\/index.php\/wp-json\/wp\/v2\/users\/2"}],"replies":[{"embeddable":true,"href":"https:\/\/lasprimeras.com.do\/index.php\/wp-json\/wp\/v2\/comments?post=56884"}],"version-history":[{"count":1,"href":"https:\/\/lasprimeras.com.do\/index.php\/wp-json\/wp\/v2\/posts\/56884\/revisions"}],"predecessor-version":[{"id":56886,"href":"https:\/\/lasprimeras.com.do\/index.php\/wp-json\/wp\/v2\/posts\/56884\/revisions\/56886"}],"wp:featuredmedia":[{"embeddable":true,"href":"https:\/\/lasprimeras.com.do\/index.php\/wp-json\/wp\/v2\/media\/56885"}],"wp:attachment":[{"href":"https:\/\/lasprimeras.com.do\/index.php\/wp-json\/wp\/v2\/media?parent=56884"}],"wp:term":[{"taxonomy":"category","embeddable":true,"href":"https:\/\/lasprimeras.com.do\/index.php\/wp-json\/wp\/v2\/categories?post=56884"},{"taxonomy":"post_tag","embeddable":true,"href":"https:\/\/lasprimeras.com.do\/index.php\/wp-json\/wp\/v2\/tags?post=56884"}],"curies":[{"name":"wp","href":"https:\/\/api.w.org\/{rel}","templated":true}]}}