{"id":56890,"date":"2023-08-06T22:52:29","date_gmt":"2023-08-07T02:52:29","guid":{"rendered":"https:\/\/lasprimeras.com.do\/?p=56890"},"modified":"2023-08-06T22:52:30","modified_gmt":"2023-08-07T02:52:30","slug":"mirtha-guerrero-pina-anuncia-candidatura-para-la-secretaria-general-del-cdp-en-nueva-york","status":"publish","type":"post","link":"https:\/\/lasprimeras.com.do\/index.php\/2023\/08\/06\/mirtha-guerrero-pina-anuncia-candidatura-para-la-secretaria-general-del-cdp-en-nueva-york\/","title":{"rendered":"Mirtha Guerrero Pi\u00f1a anuncia candidatura para la Secretar\u00eda General del CDP en Nueva York"},"content":{"rendered":"\n<p>La periodista y escritora Mirtha Guerrero Pi\u00f1a anunci\u00f3 oficialmente su candidatura para presidir la seccional del Colegio Dominicano de Periodistas (CDP) en Nueva York. El evento de presentaci\u00f3n de su candidatura tuvo lugar en el \u201cRestaurant 809\u201d, y cont\u00f3 con la asistencia de periodistas y personalidades de la comunidad.<\/p>\n\n\n\n<p>La plancha &#8220;Rescate y liderazgo&#8221; que present\u00f3 Guerrero Pi\u00f1a est\u00e1 conformada por Dajelis Rodr\u00edguez, Ibelka Viviana Ure\u00f1a, B\u00e9lgica Vargas, Roberto Francis, Zenith D\u00edaz y Fresa Torres, todos con una amplia trayectoria en el periodismo.<\/p>\n\n\n\n<p>La candidatura de Mirtha Guerrero Pi\u00f1a cuenta con el apoyo de los movimientos &#8220;Transformaci\u00f3n y \u00c9tica&#8221;, &#8220;2 Generaciones&#8221;, y &#8220;Convergencia&#8221;. Estas organizaciones se han unido para apoyar la visi\u00f3n de Guerrero Pi\u00f1a, cuyo enfoque est\u00e1 en revitalizar y fortalecer el Colegio Dominicano de Periodistas en Nueva York.<\/p>\n\n\n\n<p>Las elecciones del CDP para el periodo 2023-2025 est\u00e1n programadas para el viernes 25 de agosto, y se esperan con gran expectativa por parte de los miembros de la comunidad period\u00edstica. El liderazgo y el compromiso de Mirtha Guerrero Pi\u00f1a han generado un ambiente de esperanza y cambio en el gremio, despertando el anhelo de que el CDP en Nueva York alcance la excelencia y mejor representatividad bajo su direcci\u00f3n y el equipo que le acompa\u00f1a.<\/p>\n\n\n\n<p>Durante su discurso, Guerrero Pi\u00f1a manifest\u00f3 su firme compromiso con el rescate de los valores \u00e9ticos y profesionales. Asimismo, expres\u00f3 su determinaci\u00f3n para trabajar incansablemente en el fortalecimiento de la instituci\u00f3n, impulsando la capacitaci\u00f3n y el crecimiento de sus miembros para enfrentar los desaf\u00edos que plantea la comunicaci\u00f3n de este tiempo.<\/p>\n\n\n\n<p>La comunidad period\u00edstica y la sociedad en general esperan con gran expectativa los resultados de las elecciones del CDP en Nueva York, confiando en que la candidatura de Mirtha Guerrero Pi\u00f1a marque un nuevo camino de prosperidad y unidad para el gremio de periodistas en la Gran Manzana.<\/p>\n","protected":false},"excerpt":{"rendered":"<p>La periodista y escritora Mirtha Guerrero Pi\u00f1a anunci\u00f3 oficialmente su candidatura para presidir la seccional del Colegio Dominicano de Periodistas (CDP) en Nueva York. El evento de presentaci\u00f3n de su&hellip;<\/p>\n","protected":false},"author":2,"featured_media":56891,"comment_status":"open","ping_status":"open","sticky":false,"template":"","format":"standard","meta":{"content-type":"","jetpack_post_was_ever_published":false,"_jetpack_newsletter_access":"","_jetpack_dont_email_post_to_subs":false,"_jetpack_newsletter_tier_id":0,"_jetpack_memberships_contains_paywalled_content":false,"_jetpack_memberships_contains_paid_content":false,"footnotes":""},"categories":[84],"tags":[5874],"class_list":["post-56890","post","type-post","status-publish","format-standard","has-post-thumbnail","hentry","category-entretenimiento","tag-mirtha-guerrero-pina"],"jetpack_featured_media_url":"https:\/\/lasprimeras.com.do\/wp-content\/uploads\/2023\/08\/CDP-NY.jpg","jetpack-related-posts":[{"id":111870,"url":"https:\/\/lasprimeras.com.do\/index.php\/2025\/10\/14\/con-homenaje-postumo-a-maria-cristina-camilo-adompretur-juramenta-nueva-directiva-en-nueva-york\/","url_meta":{"origin":56890,"position":0},"title":"Con homenaje p\u00f3stumo a Mar\u00eda Cristina Camilo, Adompretur juramenta nueva directiva en Nueva York","author":"Nelson Feliz","date":"14 de octubre de 2025","format":false,"excerpt":"Por Aquiles Rojas NUEVA YORK. \u2013 La Asociaci\u00f3n Dominicana de Prensa Tur\u00edstica (Adompretur) filial Nueva York celebr\u00f3 este domingo el acto de juramentaci\u00f3n de su directiva correspondiente al per\u00edodo 2025-2027, durante una emotiva ceremonia realizada en los salones de la Direcci\u00f3n Dominicana de Cultura, en el alto Manhattan. El evento\u2026","rel":"","context":"En \u00abTURISMO\u00bb","block_context":{"text":"TURISMO","link":"https:\/\/lasprimeras.com.do\/index.php\/category\/turismo\/"},"img":{"alt_text":"","src":"https:\/\/i0.wp.com\/lasprimeras.com.do\/wp-content\/uploads\/2025\/10\/Adompretur.jpg?resize=350%2C200&ssl=1","width":350,"height":200,"srcset":"https:\/\/i0.wp.com\/lasprimeras.com.do\/wp-content\/uploads\/2025\/10\/Adompretur.jpg?resize=350%2C200&ssl=1 1x, https:\/\/i0.wp.com\/lasprimeras.com.do\/wp-content\/uploads\/2025\/10\/Adompretur.jpg?resize=525%2C300&ssl=1 1.5x, https:\/\/i0.wp.com\/lasprimeras.com.do\/wp-content\/uploads\/2025\/10\/Adompretur.jpg?resize=700%2C400&ssl=1 2x"},"classes":[]},{"id":101661,"url":"https:\/\/lasprimeras.com.do\/index.php\/2025\/06\/24\/periodistas-del-movimiento-marcelino-vega-respaldan-candidaturas-de-beato-al-cdp\/","url_meta":{"origin":56890,"position":1},"title":"Periodistas del Movimiento Marcelino Vega respaldan candidaturas de Beato al CDP","author":"Nelson Feliz","date":"24 de junio de 2025","format":false,"excerpt":"En un acto marcado por la unidad y la masiva asistencia de periodistas de todas las seccionales del pa\u00eds y el exterior, el Movimiento Marcelino Vega (MVM) present\u00f3 sus principales precandidaturas para las elecciones del Colegio Dominicano de Periodistas (CDP), a celebrarse el pr\u00f3ximo 29 de agosto. Durante la jornada,\u2026","rel":"","context":"En \u00abNACIONALES\u00bb","block_context":{"text":"NACIONALES","link":"https:\/\/lasprimeras.com.do\/index.php\/category\/nacionales\/"},"img":{"alt_text":"","src":"https:\/\/i0.wp.com\/lasprimeras.com.do\/wp-content\/uploads\/2025\/06\/Beato.jpg?resize=350%2C200&ssl=1","width":350,"height":200,"srcset":"https:\/\/i0.wp.com\/lasprimeras.com.do\/wp-content\/uploads\/2025\/06\/Beato.jpg?resize=350%2C200&ssl=1 1x, https:\/\/i0.wp.com\/lasprimeras.com.do\/wp-content\/uploads\/2025\/06\/Beato.jpg?resize=525%2C300&ssl=1 1.5x, https:\/\/i0.wp.com\/lasprimeras.com.do\/wp-content\/uploads\/2025\/06\/Beato.jpg?resize=700%2C400&ssl=1 2x"},"classes":[]},{"id":77414,"url":"https:\/\/lasprimeras.com.do\/index.php\/2024\/02\/20\/filial-sntp-sde-lamenta-fallecimiento-del-ex-presidente-del-cdp-adriano-de-la-cruz\/","url_meta":{"origin":56890,"position":2},"title":"Filial SNTP-SDE lamenta fallecimiento del ex presidente del CDP Adriano de la Cruz","author":"Nelson Feliz","date":"20 de febrero de 2024","format":false,"excerpt":"La filial Santo Domingo Este del Sindicato Nacional de Trabajadores de la Prensa (SNTP-SDE) lamento el fallecimiento del ex presidente del Colegio Dominicano de Periodistas y profesor universitario, Adriano de la Cruz. El veterano periodista y educador falleci\u00f3 este martes en un centro de salud privado, donde se encontraba internado\u2026","rel":"","context":"En \u00abNACIONALES\u00bb","block_context":{"text":"NACIONALES","link":"https:\/\/lasprimeras.com.do\/index.php\/category\/nacionales\/"},"img":{"alt_text":"Wilson Guerrero y Adriano de la Cruz","src":"https:\/\/i0.wp.com\/lasprimeras.com.do\/wp-content\/uploads\/2024\/02\/Wilson-Guerrero-y-Adriano-de-la-Cruz.jpg?resize=350%2C200&ssl=1","width":350,"height":200,"srcset":"https:\/\/i0.wp.com\/lasprimeras.com.do\/wp-content\/uploads\/2024\/02\/Wilson-Guerrero-y-Adriano-de-la-Cruz.jpg?resize=350%2C200&ssl=1 1x, https:\/\/i0.wp.com\/lasprimeras.com.do\/wp-content\/uploads\/2024\/02\/Wilson-Guerrero-y-Adriano-de-la-Cruz.jpg?resize=525%2C300&ssl=1 1.5x"},"classes":[]},{"id":102973,"url":"https:\/\/lasprimeras.com.do\/index.php\/2025\/07\/10\/marcelinistas-que-realizaron-asamblea-el-28-de-junio-notifican-a-olivo-de-leon-sobre-validez-de-esta\/","url_meta":{"origin":56890,"position":3},"title":"Marcelinistas que realizaron Asamblea el 28 de junio notifican a Olivo De Le\u00f3n sobre validez de esta","author":"Nelson Feliz","date":"10 de julio de 2025","format":false,"excerpt":"Mediante acto de alguacil, dirigentes y centenares de miembros del Movimiento Marcelino Vega (MMV) notificaron formalmente a los se\u00f1ores Olivo De Le\u00f3n, Mercedes Castillo, y Jos\u00e9 Bujosa Mieses sobre la legitimidad de la Asamblea General Ordinaria celebrada el pasado s\u00e1bado 28 de junio de 2025. Afirman que en esta asamblea\u2026","rel":"","context":"En \u00abNACIONALES\u00bb","block_context":{"text":"NACIONALES","link":"https:\/\/lasprimeras.com.do\/index.php\/category\/nacionales\/"},"img":{"alt_text":"Marcelinistas","src":"https:\/\/i0.wp.com\/lasprimeras.com.do\/wp-content\/uploads\/2025\/07\/Marcelinistas.jpg?resize=350%2C200&ssl=1","width":350,"height":200,"srcset":"https:\/\/i0.wp.com\/lasprimeras.com.do\/wp-content\/uploads\/2025\/07\/Marcelinistas.jpg?resize=350%2C200&ssl=1 1x, https:\/\/i0.wp.com\/lasprimeras.com.do\/wp-content\/uploads\/2025\/07\/Marcelinistas.jpg?resize=525%2C300&ssl=1 1.5x, https:\/\/i0.wp.com\/lasprimeras.com.do\/wp-content\/uploads\/2025\/07\/Marcelinistas.jpg?resize=700%2C400&ssl=1 2x"},"classes":[]},{"id":74712,"url":"https:\/\/lasprimeras.com.do\/index.php\/2024\/01\/25\/embajador-de-cuba-angel-arzuaga-recibe-comitiva-del-cdp-y-sntp\/","url_meta":{"origin":56890,"position":4},"title":"Embajador de Cuba \u00c1ngel Arzuaga recibe comitiva del CDP y SNTP","author":"Nelson Feliz","date":"25 de enero de 2024","format":false,"excerpt":"El embajador de Cuba en Rep\u00fablica Dominicana, \u00c1ngel Arzuaga Reyes, recibi\u00f3 en su sede una comitiva mixta del Colegio Dominicano de Periodistas (CDP) y del Sindicato Nacional de trabajadores de la Prensa (SNTP), a quienes invit\u00f3 a visitar la naci\u00f3n cubana para conocer la realidad de esa naci\u00f3n. El diplom\u00e1tico,\u2026","rel":"","context":"En \u00abNACIONALES\u00bb","block_context":{"text":"NACIONALES","link":"https:\/\/lasprimeras.com.do\/index.php\/category\/nacionales\/"},"img":{"alt_text":"Embajador de Cuba \u00c1ngel Arzuaga recibe comitiva del CDP y SNTP","src":"https:\/\/i0.wp.com\/lasprimeras.com.do\/wp-content\/uploads\/2024\/01\/Angel-Arzuaga.jpg?resize=350%2C200&ssl=1","width":350,"height":200,"srcset":"https:\/\/i0.wp.com\/lasprimeras.com.do\/wp-content\/uploads\/2024\/01\/Angel-Arzuaga.jpg?resize=350%2C200&ssl=1 1x, https:\/\/i0.wp.com\/lasprimeras.com.do\/wp-content\/uploads\/2024\/01\/Angel-Arzuaga.jpg?resize=525%2C300&ssl=1 1.5x, https:\/\/i0.wp.com\/lasprimeras.com.do\/wp-content\/uploads\/2024\/01\/Angel-Arzuaga.jpg?resize=700%2C400&ssl=1 2x"},"classes":[]},{"id":110610,"url":"https:\/\/lasprimeras.com.do\/index.php\/2025\/09\/30\/fray-jose-y-fundacion-futuro-cierto-entregaran-seis-nuevas-viviendas-dignas\/","url_meta":{"origin":56890,"position":5},"title":"Fray Jos\u00e9 y Fundaci\u00f3n Futuro Cierto entregar\u00e1n seis nuevas viviendas dignas","author":"Nelson Feliz","date":"30 de septiembre de 2025","format":false,"excerpt":"Solicitan apoyo de cada dominicano donando 50 pesos por cada miembro de su familia, en esta gran colecta anual 2025. La Fundaci\u00f3n Futuro Cierto (FFC) anunci\u00f3 que en el pr\u00f3ximo mes de octubre entregar\u00e1 seis nuevas casas para igual n\u00famero de familias carenciadas de Rancho La Guardia, provincia El\u00edas Pi\u00f1a,\u2026","rel":"","context":"En \u00abNACIONALES\u00bb","block_context":{"text":"NACIONALES","link":"https:\/\/lasprimeras.com.do\/index.php\/category\/nacionales\/"},"img":{"alt_text":"","src":"https:\/\/i0.wp.com\/lasprimeras.com.do\/wp-content\/uploads\/2025\/09\/Fundacion-Futuro-Cierto-1.jpg?resize=350%2C200&ssl=1","width":350,"height":200,"srcset":"https:\/\/i0.wp.com\/lasprimeras.com.do\/wp-content\/uploads\/2025\/09\/Fundacion-Futuro-Cierto-1.jpg?resize=350%2C200&ssl=1 1x, https:\/\/i0.wp.com\/lasprimeras.com.do\/wp-content\/uploads\/2025\/09\/Fundacion-Futuro-Cierto-1.jpg?resize=525%2C300&ssl=1 1.5x, https:\/\/i0.wp.com\/lasprimeras.com.do\/wp-content\/uploads\/2025\/09\/Fundacion-Futuro-Cierto-1.jpg?resize=700%2C400&ssl=1 2x"},"classes":[]}],"jetpack_sharing_enabled":true,"_links":{"self":[{"href":"https:\/\/lasprimeras.com.do\/index.php\/wp-json\/wp\/v2\/posts\/56890","targetHints":{"allow":["GET"]}}],"collection":[{"href":"https:\/\/lasprimeras.com.do\/index.php\/wp-json\/wp\/v2\/posts"}],"about":[{"href":"https:\/\/lasprimeras.com.do\/index.php\/wp-json\/wp\/v2\/types\/post"}],"author":[{"embeddable":true,"href":"https:\/\/lasprimeras.com.do\/index.php\/wp-json\/wp\/v2\/users\/2"}],"replies":[{"embeddable":true,"href":"https:\/\/lasprimeras.com.do\/index.php\/wp-json\/wp\/v2\/comments?post=56890"}],"version-history":[{"count":1,"href":"https:\/\/lasprimeras.com.do\/index.php\/wp-json\/wp\/v2\/posts\/56890\/revisions"}],"predecessor-version":[{"id":56892,"href":"https:\/\/lasprimeras.com.do\/index.php\/wp-json\/wp\/v2\/posts\/56890\/revisions\/56892"}],"wp:featuredmedia":[{"embeddable":true,"href":"https:\/\/lasprimeras.com.do\/index.php\/wp-json\/wp\/v2\/media\/56891"}],"wp:attachment":[{"href":"https:\/\/lasprimeras.com.do\/index.php\/wp-json\/wp\/v2\/media?parent=56890"}],"wp:term":[{"taxonomy":"category","embeddable":true,"href":"https:\/\/lasprimeras.com.do\/index.php\/wp-json\/wp\/v2\/categories?post=56890"},{"taxonomy":"post_tag","embeddable":true,"href":"https:\/\/lasprimeras.com.do\/index.php\/wp-json\/wp\/v2\/tags?post=56890"}],"curies":[{"name":"wp","href":"https:\/\/api.w.org\/{rel}","templated":true}]}}