{"id":56893,"date":"2023-08-06T23:01:06","date_gmt":"2023-08-07T03:01:06","guid":{"rendered":"https:\/\/lasprimeras.com.do\/?p=56893"},"modified":"2023-08-06T23:01:08","modified_gmt":"2023-08-07T03:01:08","slug":"familia-desamparada-lucha-contra-las-adversidades-de-la-pobreza-en-santiago","status":"publish","type":"post","link":"https:\/\/lasprimeras.com.do\/index.php\/2023\/08\/06\/familia-desamparada-lucha-contra-las-adversidades-de-la-pobreza-en-santiago\/","title":{"rendered":"Familia desamparada lucha contra las adversidades de la pobreza en Santiago"},"content":{"rendered":"\n<p>Una pareja de esposos de escasos recursos, residentes en Hato del Yaque de Santiago, enfrenta una dura realidad de subsistencia mientras lucha contra enfermedades que les impiden trabajar.<\/p>\n\n\n\n<p>Hipertensi\u00f3n, retenci\u00f3n de l\u00edquido, sordera, problemas de visi\u00f3n, entre otras enfermedades que les limita al momento de buscar un empleo, y ante esta situaci\u00f3n aseguran que solo les queda apelar a la caridad de las personas, como su \u00fanica opci\u00f3n para sobrevivir.<\/p>\n\n\n\n<p>La familia, compuesta por Fancisco Armengot de 70 a\u00f1os, y Rosa Ramona Rodr\u00edguez, de 55 a\u00f1os, procre\u00f3 cinco hijos, sin embargo de \u00e9stos solo una tiene un trabajo informal y colabora con el pago del alquiler de la vivienda donde viven de manera humilde.<\/p>\n\n\n\n<p>En la casa no cuentan con muebles ni art\u00edculos el\u00e9ctricos, como televisor o una nevera. En la cocina apenas tienen una estufa con la que pueden cocinar uno que otro alimento que pueden conseguir, ya sea donado por la iglesia a la que asiste, como por personas que se solidarizan de vez en cuando.<\/p>\n\n\n\n<p>La madre relata que dos de sus hijas se casaron y uno de sus hijos tambi\u00e9n, pero que lamentablemente no han recibido asistencia en sus momentos de necesidad.<\/p>\n\n\n\n<p>El padre de la familia, Francisco Armengot, sufre problemas de salud en la columna y los pies, lo que le impide trabajar. En medio de la desesperaci\u00f3n, su hija logra trabajar en una cocina, pero los ingresos que obtiene son m\u00ednimos y apenas alcanzan para cubrir sus necesidades b\u00e1sicas.<\/p>\n\n\n\n<p>La familia clama por una ayuda econ\u00f3mica que les permita afrontar sus dificultades y sobrellevar esta situaci\u00f3n cr\u00edtica.<\/p>\n\n\n\n<p>Ante esta situaci\u00f3n, informaron que pueden comunicarse con un colaborador de la familia, ya que estos no cuentan con un tel\u00e9fono. El n\u00famero de contacto es 809-863-2753 (Efrain).<\/p>\n\n\n\n<p>Fuente Diario Libre<\/p>\n","protected":false},"excerpt":{"rendered":"<p>Una pareja de esposos de escasos recursos, residentes en Hato del Yaque de Santiago, enfrenta una dura realidad de subsistencia mientras lucha contra enfermedades que les impiden trabajar. Hipertensi\u00f3n, retenci\u00f3n&hellip;<\/p>\n","protected":false},"author":2,"featured_media":56894,"comment_status":"open","ping_status":"open","sticky":false,"template":"","format":"standard","meta":{"content-type":"","jetpack_post_was_ever_published":false,"_jetpack_newsletter_access":"","_jetpack_dont_email_post_to_subs":false,"_jetpack_newsletter_tier_id":0,"_jetpack_memberships_contains_paywalled_content":false,"_jetpack_memberships_contains_paid_content":false,"footnotes":""},"categories":[35],"tags":[5875,5876,2649,1020,1436,1049],"class_list":["post-56893","post","type-post","status-publish","format-standard","has-post-thumbnail","hentry","category-nacionales","tag-adversidades","tag-desamparada","tag-familia","tag-lucha","tag-pobreza","tag-santiago"],"jetpack_featured_media_url":"https:\/\/lasprimeras.com.do\/wp-content\/uploads\/2023\/08\/FAMILIA.jpg","jetpack-related-posts":[{"id":105695,"url":"https:\/\/lasprimeras.com.do\/index.php\/2025\/08\/06\/trump-firma-orden-ejecutiva-reducir-personas-desamparadas-calles-usa\/","url_meta":{"origin":56893,"position":0},"title":"Trump firma orden ejecutiva reducir personas desamparadas calles USA","author":"Nelson Feliz","date":"6 de agosto de 2025","format":false,"excerpt":"NY en segundo lugar con m\u00e1s personas desamparadas. Por Ram\u00f3n Mercedes NUEVA YORK.- El presidente de Estados Unidos, Donald Trump, firm\u00f3 hace pocos d\u00edas una orden ejecutiva destinada a reforzar la seguridad p\u00fablica en estados y ciudades, ofreciendo recursos e incentivos para reducir el n\u00famero de personas desamparadas en las\u2026","rel":"","context":"En \u00abINTERNACIONALES\u00bb","block_context":{"text":"INTERNACIONALES","link":"https:\/\/lasprimeras.com.do\/index.php\/category\/sin-categoria\/internacionales\/"},"img":{"alt_text":"","src":"https:\/\/i0.wp.com\/lasprimeras.com.do\/wp-content\/uploads\/2025\/08\/WhatsApp-Image-2025-08-06-at-6.19.00-AM-2.jpeg?resize=350%2C200&ssl=1","width":350,"height":200,"srcset":"https:\/\/i0.wp.com\/lasprimeras.com.do\/wp-content\/uploads\/2025\/08\/WhatsApp-Image-2025-08-06-at-6.19.00-AM-2.jpeg?resize=350%2C200&ssl=1 1x, https:\/\/i0.wp.com\/lasprimeras.com.do\/wp-content\/uploads\/2025\/08\/WhatsApp-Image-2025-08-06-at-6.19.00-AM-2.jpeg?resize=525%2C300&ssl=1 1.5x, https:\/\/i0.wp.com\/lasprimeras.com.do\/wp-content\/uploads\/2025\/08\/WhatsApp-Image-2025-08-06-at-6.19.00-AM-2.jpeg?resize=700%2C400&ssl=1 2x"},"classes":[]},{"id":83649,"url":"https:\/\/lasprimeras.com.do\/index.php\/2024\/05\/22\/aldeas-infantiles-sos-llama-a-la-conciencia-social-en-el-mes-de-las-madres\/","url_meta":{"origin":56893,"position":1},"title":"Aldeas Infantiles SOS llama a la Conciencia Social en el Mes de las Madres","author":"Nelson Feliz","date":"22 de mayo de 2024","format":false,"excerpt":"Apoyemos a las madres en su lucha por el futuro familiar. Un llamado a la acci\u00f3n colectiva para garantizar su crecimiento y el de sus hijos. En nuestro pa\u00eds, un gran n\u00famero de madres est\u00e1 librando batallas heroicas a diario y en silencio, esta lucha de cierta forma, resulta invisible\u2026","rel":"","context":"En \u00abNACIONALES\u00bb","block_context":{"text":"NACIONALES","link":"https:\/\/lasprimeras.com.do\/index.php\/category\/nacionales\/"},"img":{"alt_text":"","src":"https:\/\/i0.wp.com\/lasprimeras.com.do\/wp-content\/uploads\/2024\/05\/aldeas.jpg?resize=350%2C200&ssl=1","width":350,"height":200,"srcset":"https:\/\/i0.wp.com\/lasprimeras.com.do\/wp-content\/uploads\/2024\/05\/aldeas.jpg?resize=350%2C200&ssl=1 1x, https:\/\/i0.wp.com\/lasprimeras.com.do\/wp-content\/uploads\/2024\/05\/aldeas.jpg?resize=525%2C300&ssl=1 1.5x, https:\/\/i0.wp.com\/lasprimeras.com.do\/wp-content\/uploads\/2024\/05\/aldeas.jpg?resize=700%2C400&ssl=1 2x"},"classes":[]},{"id":82592,"url":"https:\/\/lasprimeras.com.do\/index.php\/2024\/05\/05\/abel-martinez-el-19-de-mayo-provocaremos-un-desbordamiento-de-votos-que-transformara-toda-rd-video\/","url_meta":{"origin":56893,"position":2},"title":"Abel Mart\u00ednez: \u201cEl 19 de mayo provocaremos un desbordamiento de votos que transformar\u00e1 toda RD\u201d | Video","author":"Esteffany Vargas","date":"5 de mayo de 2024","format":false,"excerpt":"Mart\u00ednez expres\u00f3 que, al asumir la Presidencia de la Rep\u00fablica, se compromete a tomar medidas inmediatas para fortalecer el apoyo a las familias m\u00e1s vulnerables y dijo que quienes reciben actualmente el beneficio de la tarjeta Sup\u00e9rate, no solo la mantendr\u00e1n, sino que, adem\u00e1s, ser\u00e1n aumentadas a ocho mil pesos.\u2026","rel":"","context":"En \u00abSin categor\u00eda\u00bb","block_context":{"text":"Sin categor\u00eda","link":"https:\/\/lasprimeras.com.do\/index.php\/category\/sin-categoria\/"},"img":{"alt_text":"Abel Mart\u00ednez","src":"https:\/\/i0.wp.com\/lasprimeras.com.do\/wp-content\/uploads\/2024\/05\/Abel-Martinez-1.jpeg?resize=350%2C200&ssl=1","width":350,"height":200,"srcset":"https:\/\/i0.wp.com\/lasprimeras.com.do\/wp-content\/uploads\/2024\/05\/Abel-Martinez-1.jpeg?resize=350%2C200&ssl=1 1x, https:\/\/i0.wp.com\/lasprimeras.com.do\/wp-content\/uploads\/2024\/05\/Abel-Martinez-1.jpeg?resize=525%2C300&ssl=1 1.5x, https:\/\/i0.wp.com\/lasprimeras.com.do\/wp-content\/uploads\/2024\/05\/Abel-Martinez-1.jpeg?resize=700%2C400&ssl=1 2x, https:\/\/i0.wp.com\/lasprimeras.com.do\/wp-content\/uploads\/2024\/05\/Abel-Martinez-1.jpeg?resize=1050%2C600&ssl=1 3x, https:\/\/i0.wp.com\/lasprimeras.com.do\/wp-content\/uploads\/2024\/05\/Abel-Martinez-1.jpeg?resize=1400%2C800&ssl=1 4x"},"classes":[]},{"id":82931,"url":"https:\/\/lasprimeras.com.do\/index.php\/2024\/05\/09\/luis-el-gallo-felicita-a-presidente-abinader-por-dar-garantias-de-imparcialidad-y-respeto-en-proceso-electoral-destaca-reconocimiento-internacional\/","url_meta":{"origin":56893,"position":3},"title":"Luis \u201cEl Gallo\u201d felicita a presidente Abinader por dar garant\u00edas de imparcialidad y respeto en proceso electoral; destaca reconocimiento internacional","author":"BIMARY DE JES\u00daS Matos","date":"9 de mayo de 2024","format":false,"excerpt":"El l\u00edder de la Uni\u00f3n Dem\u00f3crata Cristiana \u2013UDC-, Luis Acosta Moreta, Luis \u201cEl Gallo\u201d, felicit\u00f3 hoy al presidente Luis Abinader por ser galardonado como el primer presidente dominicano en recibir el premio Chairman\u2019s Award for Leadership in the Americas, por su liderazgo en la regi\u00f3n. Abinader present\u00f3 ante el Consejo\u2026","rel":"","context":"En \u00abNACIONALES\u00bb","block_context":{"text":"NACIONALES","link":"https:\/\/lasprimeras.com.do\/index.php\/category\/nacionales\/"},"img":{"alt_text":"","src":"https:\/\/i0.wp.com\/lasprimeras.com.do\/wp-content\/uploads\/2024\/05\/IMG-20240509-WA0025.jpg?resize=350%2C200&ssl=1","width":350,"height":200,"srcset":"https:\/\/i0.wp.com\/lasprimeras.com.do\/wp-content\/uploads\/2024\/05\/IMG-20240509-WA0025.jpg?resize=350%2C200&ssl=1 1x, https:\/\/i0.wp.com\/lasprimeras.com.do\/wp-content\/uploads\/2024\/05\/IMG-20240509-WA0025.jpg?resize=525%2C300&ssl=1 1.5x, https:\/\/i0.wp.com\/lasprimeras.com.do\/wp-content\/uploads\/2024\/05\/IMG-20240509-WA0025.jpg?resize=700%2C400&ssl=1 2x, https:\/\/i0.wp.com\/lasprimeras.com.do\/wp-content\/uploads\/2024\/05\/IMG-20240509-WA0025.jpg?resize=1050%2C600&ssl=1 3x"},"classes":[]},{"id":108713,"url":"https:\/\/lasprimeras.com.do\/index.php\/2025\/09\/10\/alcalde-ulises-rodriguez-reinicia-los-trabajos-de-la-estacion-central-de-los-bomberos\/","url_meta":{"origin":56893,"position":4},"title":"Alcalde Ulises Rodr\u00edguez reinicia los trabajos de la Estaci\u00f3n Central de los Bomberos","author":"Nelson Feliz","date":"10 de septiembre de 2025","format":false,"excerpt":"La Alcald\u00eda de Santiago dej\u00f3 oficialmente iniciados los trabajos de terminaci\u00f3n de la Estaci\u00f3n Central de los Bomberos, con una inversi\u00f3n de RD$ 66,531,907.37, financiados con recursos del presupuesto administrativo municipal y del Gobierno central. Esta obra, ubicada en el sector El Dorado, permaneci\u00f3 inconclusa y en abandono por m\u00e1s\u2026","rel":"","context":"En \u00abECONOM\u00cdA\u00bb","block_context":{"text":"ECONOM\u00cdA","link":"https:\/\/lasprimeras.com.do\/index.php\/category\/economia\/"},"img":{"alt_text":"","src":"https:\/\/i0.wp.com\/lasprimeras.com.do\/wp-content\/uploads\/2025\/09\/Alcaldia-de-Santiago-.jpg?resize=350%2C200&ssl=1","width":350,"height":200,"srcset":"https:\/\/i0.wp.com\/lasprimeras.com.do\/wp-content\/uploads\/2025\/09\/Alcaldia-de-Santiago-.jpg?resize=350%2C200&ssl=1 1x, https:\/\/i0.wp.com\/lasprimeras.com.do\/wp-content\/uploads\/2025\/09\/Alcaldia-de-Santiago-.jpg?resize=525%2C300&ssl=1 1.5x, https:\/\/i0.wp.com\/lasprimeras.com.do\/wp-content\/uploads\/2025\/09\/Alcaldia-de-Santiago-.jpg?resize=700%2C400&ssl=1 2x"},"classes":[]},{"id":102707,"url":"https:\/\/lasprimeras.com.do\/index.php\/2025\/07\/07\/presidente-abinader-dona-su-sueldo-completo-a-causas-sociales\/","url_meta":{"origin":56893,"position":5},"title":"Presidente Abinader dona su sueldo completo a causas sociales","author":"Nelson Feliz","date":"7 de julio de 2025","format":false,"excerpt":"La donaci\u00f3n fue entregada a 18 fundaciones en \u00e1reas como salud infantil, apoyo a envejecientes, educaci\u00f3n y asistencia comunitaria, beneficiando a comunidades en varias provincias del pa\u00eds. En un hecho sin precedentes en la pol\u00edtica dominicana, el presidente Luis Abinader don\u00f3 la totalidad de su salario anual, m\u00e1s de RD$6\u2026","rel":"","context":"En \u00abECONOM\u00cdA\u00bb","block_context":{"text":"ECONOM\u00cdA","link":"https:\/\/lasprimeras.com.do\/index.php\/category\/economia\/"},"img":{"alt_text":"","src":"https:\/\/i0.wp.com\/lasprimeras.com.do\/wp-content\/uploads\/2025\/07\/Luis-Abinader-2-1.jpg?resize=350%2C200&ssl=1","width":350,"height":200,"srcset":"https:\/\/i0.wp.com\/lasprimeras.com.do\/wp-content\/uploads\/2025\/07\/Luis-Abinader-2-1.jpg?resize=350%2C200&ssl=1 1x, https:\/\/i0.wp.com\/lasprimeras.com.do\/wp-content\/uploads\/2025\/07\/Luis-Abinader-2-1.jpg?resize=525%2C300&ssl=1 1.5x, https:\/\/i0.wp.com\/lasprimeras.com.do\/wp-content\/uploads\/2025\/07\/Luis-Abinader-2-1.jpg?resize=700%2C400&ssl=1 2x"},"classes":[]}],"jetpack_sharing_enabled":true,"_links":{"self":[{"href":"https:\/\/lasprimeras.com.do\/index.php\/wp-json\/wp\/v2\/posts\/56893","targetHints":{"allow":["GET"]}}],"collection":[{"href":"https:\/\/lasprimeras.com.do\/index.php\/wp-json\/wp\/v2\/posts"}],"about":[{"href":"https:\/\/lasprimeras.com.do\/index.php\/wp-json\/wp\/v2\/types\/post"}],"author":[{"embeddable":true,"href":"https:\/\/lasprimeras.com.do\/index.php\/wp-json\/wp\/v2\/users\/2"}],"replies":[{"embeddable":true,"href":"https:\/\/lasprimeras.com.do\/index.php\/wp-json\/wp\/v2\/comments?post=56893"}],"version-history":[{"count":1,"href":"https:\/\/lasprimeras.com.do\/index.php\/wp-json\/wp\/v2\/posts\/56893\/revisions"}],"predecessor-version":[{"id":56895,"href":"https:\/\/lasprimeras.com.do\/index.php\/wp-json\/wp\/v2\/posts\/56893\/revisions\/56895"}],"wp:featuredmedia":[{"embeddable":true,"href":"https:\/\/lasprimeras.com.do\/index.php\/wp-json\/wp\/v2\/media\/56894"}],"wp:attachment":[{"href":"https:\/\/lasprimeras.com.do\/index.php\/wp-json\/wp\/v2\/media?parent=56893"}],"wp:term":[{"taxonomy":"category","embeddable":true,"href":"https:\/\/lasprimeras.com.do\/index.php\/wp-json\/wp\/v2\/categories?post=56893"},{"taxonomy":"post_tag","embeddable":true,"href":"https:\/\/lasprimeras.com.do\/index.php\/wp-json\/wp\/v2\/tags?post=56893"}],"curies":[{"name":"wp","href":"https:\/\/api.w.org\/{rel}","templated":true}]}}