{"id":56896,"date":"2023-08-06T23:09:01","date_gmt":"2023-08-07T03:09:01","guid":{"rendered":"https:\/\/lasprimeras.com.do\/?p=56896"},"modified":"2023-08-06T23:09:03","modified_gmt":"2023-08-07T03:09:03","slug":"muere-hombre-que-fue-quemado-por-su-pareja-mientras-dormia-en-moca","status":"publish","type":"post","link":"https:\/\/lasprimeras.com.do\/index.php\/2023\/08\/06\/muere-hombre-que-fue-quemado-por-su-pareja-mientras-dormia-en-moca\/","title":{"rendered":"Muere hombre que fue quemado por su pareja mientras dorm\u00eda en Moca"},"content":{"rendered":"\n<p>Antonio Valdez luch\u00f3 por su vida durante seis d\u00edas.<\/p>\n\n\n\n<p>Falleci\u00f3 en Moca, provincia Espaillat, un hombre que permanec\u00eda en estado cr\u00edtico por graves quemaduras en su cuerpo, luego de que su pareja le rociara gasolina y le prendiera fuego mientras dorm\u00eda.<\/p>\n\n\n\n<p>La v\u00edctima es Antonio Valdez, de 36 a\u00f1os de edad, y la agresora, quien est\u00e1 detenida y a espera que ma\u00f1ana lunes se le conozca medidas de coerci\u00f3n, es identificada como Jessica Mart\u00ednez.<\/p>\n\n\n\n<p>La comunidad de Moca se encuentra conmocionada por el episodio de violencia dom\u00e9stica que ha dejado una v\u00edctima fatal. Antonio recibi\u00f3 graves quemaduras y tuvo que ser trasladado a la unidad de quemados en la capital, lugar donde finalmente perdi\u00f3 la vida.<\/p>\n\n\n\n<p>El suceso ocurri\u00f3 en el sector La Punta del municipio Moca, provincia de Espaillat, la semana pasada. Seg\u00fan las autoridades, Jessica Mart\u00ednez, pareja de Valdez, es acusada de haber provocado intencionalmente el incendio que le caus\u00f3 las mortales quemaduras.<\/p>\n\n\n\n<p>La comunidad de Moca exige justicia y medidas contundentes para prevenir tragedias como esta en el futuro.<\/p>\n","protected":false},"excerpt":{"rendered":"<p>Antonio Valdez luch\u00f3 por su vida durante seis d\u00edas. Falleci\u00f3 en Moca, provincia Espaillat, un hombre que permanec\u00eda en estado cr\u00edtico por graves quemaduras en su cuerpo, luego de que&hellip;<\/p>\n","protected":false},"author":2,"featured_media":56897,"comment_status":"open","ping_status":"open","sticky":false,"template":"","format":"standard","meta":{"content-type":"","jetpack_post_was_ever_published":false,"_jetpack_newsletter_access":"","_jetpack_dont_email_post_to_subs":false,"_jetpack_newsletter_tier_id":0,"_jetpack_memberships_contains_paywalled_content":false,"_jetpack_memberships_contains_paid_content":false,"footnotes":""},"categories":[35],"tags":[1422,46,2030,650,1311,5877],"class_list":["post-56896","post","type-post","status-publish","format-standard","has-post-thumbnail","hentry","category-nacionales","tag-dormia","tag-hombre","tag-moca","tag-muere","tag-pareja","tag-quemado"],"jetpack_featured_media_url":"https:\/\/lasprimeras.com.do\/wp-content\/uploads\/2023\/08\/Antonio-Valdez.jpg","jetpack-related-posts":[{"id":123095,"url":"https:\/\/lasprimeras.com.do\/index.php\/2026\/02\/25\/carlos-gomez-presenta-en-moca-la-nueva-franquicia-heroes-de-moca-equipo-que-representara-a-espaillat-en-la-lnb\/","url_meta":{"origin":56896,"position":0},"title":"Carlos G\u00f3mez presenta en Moca la nueva franquicia \u201cH\u00e9roes de Moca\u201d, equipo que representar\u00e1 a Espaillat en la LNB","author":"Nelson Feliz","date":"25 de febrero de 2026","format":false,"excerpt":"Por: Nicol\u00e1s Grull\u00f3n Ubinas El empresario y pol\u00edtico Carlos G\u00f3mez present\u00f3 oficialmente en Moca la nueva franquicia de la Liga Nacional de Baloncesto (LNB), denominada H\u00e9roes de Moca, equipo que representar\u00e1 con orgullo a la provincia Espaillat en el principal escenario del baloncesto profesional dominicano. Durante la rueda de prensa\u2026","rel":"","context":"En \u00abDEPORTES\u00bb","block_context":{"text":"DEPORTES","link":"https:\/\/lasprimeras.com.do\/index.php\/category\/deportes\/"},"img":{"alt_text":"","src":"https:\/\/i0.wp.com\/lasprimeras.com.do\/wp-content\/uploads\/2026\/02\/Carlos-Gomez.jpg?resize=350%2C200&ssl=1","width":350,"height":200,"srcset":"https:\/\/i0.wp.com\/lasprimeras.com.do\/wp-content\/uploads\/2026\/02\/Carlos-Gomez.jpg?resize=350%2C200&ssl=1 1x, https:\/\/i0.wp.com\/lasprimeras.com.do\/wp-content\/uploads\/2026\/02\/Carlos-Gomez.jpg?resize=525%2C300&ssl=1 1.5x, https:\/\/i0.wp.com\/lasprimeras.com.do\/wp-content\/uploads\/2026\/02\/Carlos-Gomez.jpg?resize=700%2C400&ssl=1 2x"},"classes":[]},{"id":120241,"url":"https:\/\/lasprimeras.com.do\/index.php\/2026\/01\/21\/carlos-gomez-anuncia-llegada-de-franquicia-de-baloncesto-profesional-a-moca-desde-2026\/","url_meta":{"origin":56896,"position":1},"title":"Carlos G\u00f3mez anuncia llegada de franquicia de baloncesto profesional a Moca desde 2026","author":"Nelson Feliz","date":"21 de enero de 2026","format":false,"excerpt":"Por Nicol\u00e1s Grull\u00f3n Ubinas Carlos G\u00f3mez expres\u00f3 su m\u00e1s sincero agradecimiento y satisfacci\u00f3n al confirmar que, luego de un largo proceso de gesti\u00f3n, esfuerzo y perseverancia Moca contar\u00e1 con una franquicia de baloncesto profesional a partir de la temporada 2026, marcando un hecho hist\u00f3rico para la provincia Espaillat. El anuncio\u2026","rel":"","context":"En \u00abDEPORTES\u00bb","block_context":{"text":"DEPORTES","link":"https:\/\/lasprimeras.com.do\/index.php\/category\/deportes\/"},"img":{"alt_text":"Carlos G\u00f3mez","src":"https:\/\/i0.wp.com\/lasprimeras.com.do\/wp-content\/uploads\/2026\/01\/Carlos-Gomez.jpg?resize=350%2C200&ssl=1","width":350,"height":200,"srcset":"https:\/\/i0.wp.com\/lasprimeras.com.do\/wp-content\/uploads\/2026\/01\/Carlos-Gomez.jpg?resize=350%2C200&ssl=1 1x, https:\/\/i0.wp.com\/lasprimeras.com.do\/wp-content\/uploads\/2026\/01\/Carlos-Gomez.jpg?resize=525%2C300&ssl=1 1.5x, https:\/\/i0.wp.com\/lasprimeras.com.do\/wp-content\/uploads\/2026\/01\/Carlos-Gomez.jpg?resize=700%2C400&ssl=1 2x"},"classes":[]},{"id":110563,"url":"https:\/\/lasprimeras.com.do\/index.php\/2025\/09\/29\/hombre-dispara-a-la-expareja-cuando-salia-de-una-oficina-en-una-plaza-de-moca\/","url_meta":{"origin":56896,"position":2},"title":"Hombre dispara a la expareja cuando sal\u00eda de una oficina en una plaza de Moca","author":"Nelson Feliz","date":"29 de septiembre de 2025","format":false,"excerpt":"La v\u00edctima, identificada como Katerine Gonz\u00e1lez, fue ingresada a un centro de salud con una herida en la pierna izquierda. Un hombre hiri\u00f3 de bala a su expareja la tarde de este domingo, mientras ella sal\u00eda de una oficina en una plaza comercial de esta ciudad, en la provincia Espaillat.\u2026","rel":"","context":"En \u00abNACIONALES\u00bb","block_context":{"text":"NACIONALES","link":"https:\/\/lasprimeras.com.do\/index.php\/category\/nacionales\/"},"img":{"alt_text":"","src":"https:\/\/i0.wp.com\/lasprimeras.com.do\/wp-content\/uploads\/2025\/09\/Katerine-Gonzalez.jpg?resize=350%2C200&ssl=1","width":350,"height":200,"srcset":"https:\/\/i0.wp.com\/lasprimeras.com.do\/wp-content\/uploads\/2025\/09\/Katerine-Gonzalez.jpg?resize=350%2C200&ssl=1 1x, https:\/\/i0.wp.com\/lasprimeras.com.do\/wp-content\/uploads\/2025\/09\/Katerine-Gonzalez.jpg?resize=525%2C300&ssl=1 1.5x, https:\/\/i0.wp.com\/lasprimeras.com.do\/wp-content\/uploads\/2025\/09\/Katerine-Gonzalez.jpg?resize=700%2C400&ssl=1 2x"},"classes":[]},{"id":103589,"url":"https:\/\/lasprimeras.com.do\/index.php\/2025\/07\/16\/asomaprom-rechazan-reforma-laboral-sin-consenso-anuncian-la-33-a-edicion-de-la-feria-expo-moca-2025\/","url_meta":{"origin":56896,"position":3},"title":"Asomaprom rechazan reforma laboral sin consenso; anuncian la 33.\u00aa edici\u00f3n de la feria Expo Moca 2025","author":"Nelson Feliz","date":"16 de julio de 2025","format":false,"excerpt":"Al anunciar la 33.\u00aa edici\u00f3n de la feria Expo Moca 2025, el presidente de la Asociaci\u00f3n de Mayoristas en Provisiones de Moca (Asomaprom), Ysmael Rodr\u00edguez, llamo este mi\u00e9rcoles a todos los sectores involucrados a consensuar el proyecto de reforma laboral, al considerar que el aprobado en primera lectura en el\u2026","rel":"","context":"En \u00abECONOM\u00cdA\u00bb","block_context":{"text":"ECONOM\u00cdA","link":"https:\/\/lasprimeras.com.do\/index.php\/category\/economia\/"},"img":{"alt_text":"","src":"https:\/\/i0.wp.com\/lasprimeras.com.do\/wp-content\/uploads\/2025\/07\/Asomaprom-1.jpg?resize=350%2C200&ssl=1","width":350,"height":200,"srcset":"https:\/\/i0.wp.com\/lasprimeras.com.do\/wp-content\/uploads\/2025\/07\/Asomaprom-1.jpg?resize=350%2C200&ssl=1 1x, https:\/\/i0.wp.com\/lasprimeras.com.do\/wp-content\/uploads\/2025\/07\/Asomaprom-1.jpg?resize=525%2C300&ssl=1 1.5x, https:\/\/i0.wp.com\/lasprimeras.com.do\/wp-content\/uploads\/2025\/07\/Asomaprom-1.jpg?resize=700%2C400&ssl=1 2x"},"classes":[]},{"id":72288,"url":"https:\/\/lasprimeras.com.do\/index.php\/2023\/12\/28\/muere-hombre-acusado-de-abusar-sexualmente-de-su-madre-de-75-anos-en-moca\/","url_meta":{"origin":56896,"position":4},"title":"Muere hombre acusado de abusar sexualmente de su madre de 75 a\u00f1os en Moca","author":"Nelson Feliz","date":"28 de diciembre de 2023","format":false,"excerpt":"La Polic\u00eda Nacional y el Ministerio P\u00fablico investigan si su muerte se produjo a causa de los golpes que le propinaron vecinos y compa\u00f1eros de celda. La Polic\u00eda Nacional inform\u00f3 este jueves sobre el fallecimiento de un hombre que se encontraba en la c\u00e1rcel preventiva de la instituci\u00f3n en el\u2026","rel":"","context":"En \u00abMILITARES\u00bb","block_context":{"text":"MILITARES","link":"https:\/\/lasprimeras.com.do\/index.php\/category\/militares\/"},"img":{"alt_text":"Dar\u00edo Antonio Gonz\u00e1lez Mart\u00ednez viol\u00f3 a su madre de 75 a\u00f1o y recibi\u00f3 varios golpes por parte de los comunitarios","src":"https:\/\/i0.wp.com\/lasprimeras.com.do\/wp-content\/uploads\/2023\/12\/Dario-Antonio-Gonzalez-Martinez.jpg?resize=350%2C200&ssl=1","width":350,"height":200,"srcset":"https:\/\/i0.wp.com\/lasprimeras.com.do\/wp-content\/uploads\/2023\/12\/Dario-Antonio-Gonzalez-Martinez.jpg?resize=350%2C200&ssl=1 1x, https:\/\/i0.wp.com\/lasprimeras.com.do\/wp-content\/uploads\/2023\/12\/Dario-Antonio-Gonzalez-Martinez.jpg?resize=525%2C300&ssl=1 1.5x, https:\/\/i0.wp.com\/lasprimeras.com.do\/wp-content\/uploads\/2023\/12\/Dario-Antonio-Gonzalez-Martinez.jpg?resize=700%2C400&ssl=1 2x"},"classes":[]},{"id":96278,"url":"https:\/\/lasprimeras.com.do\/index.php\/2025\/03\/28\/hombre-rocia-gasolina-y-prende-fuego-a-su-pareja-en-vicente-noble\/","url_meta":{"origin":56896,"position":5},"title":"Hombre roc\u00eda gasolina y prende fuego a su pareja en Vicente Noble","author":"Nelson Feliz","date":"28 de marzo de 2025","format":false,"excerpt":"Un hombre identificado como \u00abTaja\u00bb roci\u00f3 con gasolina y prendi\u00f3 fuego a su pareja sentimental, en presencia de sus tres hijas, mientras se encontraban en su vivienda ubicada en el barrio Las Canarias, del municipio de Vicente Noble en Barahona. La v\u00edctima, identificada como Zaony, estaba compartiendo con sus hijas\u2026","rel":"","context":"En \u00abNACIONALES\u00bb","block_context":{"text":"NACIONALES","link":"https:\/\/lasprimeras.com.do\/index.php\/category\/nacionales\/"},"img":{"alt_text":"","src":"","width":0,"height":0},"classes":[]}],"jetpack_sharing_enabled":true,"_links":{"self":[{"href":"https:\/\/lasprimeras.com.do\/index.php\/wp-json\/wp\/v2\/posts\/56896","targetHints":{"allow":["GET"]}}],"collection":[{"href":"https:\/\/lasprimeras.com.do\/index.php\/wp-json\/wp\/v2\/posts"}],"about":[{"href":"https:\/\/lasprimeras.com.do\/index.php\/wp-json\/wp\/v2\/types\/post"}],"author":[{"embeddable":true,"href":"https:\/\/lasprimeras.com.do\/index.php\/wp-json\/wp\/v2\/users\/2"}],"replies":[{"embeddable":true,"href":"https:\/\/lasprimeras.com.do\/index.php\/wp-json\/wp\/v2\/comments?post=56896"}],"version-history":[{"count":1,"href":"https:\/\/lasprimeras.com.do\/index.php\/wp-json\/wp\/v2\/posts\/56896\/revisions"}],"predecessor-version":[{"id":56898,"href":"https:\/\/lasprimeras.com.do\/index.php\/wp-json\/wp\/v2\/posts\/56896\/revisions\/56898"}],"wp:featuredmedia":[{"embeddable":true,"href":"https:\/\/lasprimeras.com.do\/index.php\/wp-json\/wp\/v2\/media\/56897"}],"wp:attachment":[{"href":"https:\/\/lasprimeras.com.do\/index.php\/wp-json\/wp\/v2\/media?parent=56896"}],"wp:term":[{"taxonomy":"category","embeddable":true,"href":"https:\/\/lasprimeras.com.do\/index.php\/wp-json\/wp\/v2\/categories?post=56896"},{"taxonomy":"post_tag","embeddable":true,"href":"https:\/\/lasprimeras.com.do\/index.php\/wp-json\/wp\/v2\/tags?post=56896"}],"curies":[{"name":"wp","href":"https:\/\/api.w.org\/{rel}","templated":true}]}}