{"id":56899,"date":"2023-08-07T06:21:46","date_gmt":"2023-08-07T10:21:46","guid":{"rendered":"https:\/\/lasprimeras.com.do\/?p=56899"},"modified":"2023-08-07T06:21:53","modified_gmt":"2023-08-07T10:21:53","slug":"zelenski-pide-apoyo-a-latinoamerica-para-luchar-contra-el-colonialismo-extractivo-ruso","status":"publish","type":"post","link":"https:\/\/lasprimeras.com.do\/index.php\/2023\/08\/07\/zelenski-pide-apoyo-a-latinoamerica-para-luchar-contra-el-colonialismo-extractivo-ruso\/","title":{"rendered":"Zelenski pide apoyo a Latinoam\u00e9rica para luchar contra el \u201ccolonialismo\u201d extractivo ruso"},"content":{"rendered":"\n<p>El presidente ucraniano, Volod\u00edmir Zelenski, pidi\u00f3 hoy a los l\u00edderes y los pueblos de Am\u00e9rica Latina que ayuden a Ucrania humanitaria y pol\u00edticamente para poder seguir luchando contra el \u201ccolonialismo\u201d de Rusia que, seg\u00fan denunci\u00f3, est\u00e1 extrayendo de la Ucrania ocupada ingentes recursos naturales y econ\u00f3micos.<\/p>\n\n\n\n<p>En una entrevista con EFE y con varios medios latinoamericanos, Zelenski afirm\u00f3 que Rusia est\u00e1 recolectando y exportando grano y otros productos agr\u00edcolas de los territorios de Ucrania y apel\u00f3 a la experiencia de Latinoam\u00e9rica con el colonialismo para pedir solidaridad con la causa ucraniana.<\/p>\n\n\n\n<p>&#8220;Ustedes saben perfectamente qu\u00e9 significan las consecuencias del colonialismo&#8221;, afirm\u00f3.<\/p>\n\n\n\n<p>Adem\u00e1s del grano, Zelenski mencion\u00f3 la destrucci\u00f3n de la acer\u00eda Azovstal, en la ciudad ocupada de Mari\u00fapol, y de buena parte de la industria sider\u00fargica, lo que ha obligado a Ucrania a dejar de exportar algunas de las materias primas que m\u00e1s vend\u00eda en el extranjero.<\/p>\n\n\n\n<p>\u201c\u00bfQui\u00e9n controla las minas del Donb\u00e1s?\u201d, se pregunt\u00f3 ret\u00f3ricamente Zelenski, refiri\u00e9ndose a la regi\u00f3n del este de Ucrania rica en carb\u00f3n parcialmente ocupada por Rusia desde 2014, en la que la invasi\u00f3n a gran escala ha destruido buena parte de la actividad econ\u00f3mica que quedaba.<\/p>\n\n\n\n<p>\u201cEso es colonialismo\u201d, concluy\u00f3 Zelenski, que llam\u00f3 a estar alerta ante la acci\u00f3n de la propaganda rusa en Latinoam\u00e9rica y abog\u00f3 por \u201cm\u00e1s informaci\u00f3n\u201d como ant\u00eddoto a los discursos que responsabilizan a Ucrania de la guerra provocada por la invasi\u00f3n rusa.<\/p>\n\n\n\n<p>El jefe del Estado ucraniano advirti\u00f3 de la prevalencia de los mensajes promovidos por el Kremlin en redes sociales y a trav\u00e9s de plataformas como RT, que est\u00e1 prohibida en Europa pero sigue funcionando en Am\u00e9rica Latina.<\/p>\n\n\n\n<p>\u201cRusia gasta millones en esta actividad\u201d, declar\u00f3, y a\u00f1adi\u00f3 que Ucrania no tiene \u201ctantos medios financieros\u201d para hacer llegar sus mensajes a las audiencias latinoamericanas y de otras partes del mundo.<\/p>\n\n\n\n<p>Zelenski asever\u00f3 que es fundamental \u201ccomprender\u201d que la guerra de Ucrania viene de \u201cuna agresi\u00f3n no provocada\u201d para que los pa\u00edses de la regi\u00f3n &#8211; donde muchos l\u00edderes se han mostrado reacios a apoyar a Ucrania y a romper sus relaciones con Mosc\u00fa &#8211; incrementen su asistencia a Ucrania.<\/p>\n","protected":false},"excerpt":{"rendered":"<p>El presidente ucraniano, Volod\u00edmir Zelenski, pidi\u00f3 hoy a los l\u00edderes y los pueblos de Am\u00e9rica Latina que ayuden a Ucrania humanitaria y pol\u00edticamente para poder seguir luchando contra el \u201ccolonialismo\u201d&hellip;<\/p>\n","protected":false},"author":2,"featured_media":56900,"comment_status":"open","ping_status":"open","sticky":false,"template":"","format":"standard","meta":{"content-type":"","jetpack_post_was_ever_published":false,"_jetpack_newsletter_access":"","_jetpack_dont_email_post_to_subs":false,"_jetpack_newsletter_tier_id":0,"_jetpack_memberships_contains_paywalled_content":false,"_jetpack_memberships_contains_paid_content":false,"footnotes":""},"categories":[1],"tags":[5880,5879,337,5878,1650,3471],"class_list":["post-56899","post","type-post","status-publish","format-standard","has-post-thumbnail","hentry","category-sin-categoria","tag-colonialismo","tag-extractivo","tag-latinoamerica","tag-luchar","tag-ruso","tag-volodimir-zelenski-2"],"jetpack_featured_media_url":"https:\/\/lasprimeras.com.do\/wp-content\/uploads\/2023\/08\/Volodimir-Zelenski.jpg","jetpack-related-posts":[{"id":79974,"url":"https:\/\/lasprimeras.com.do\/index.php\/2024\/04\/02\/zelenski-advierte-ucrania-debera-ceder-terreno-sin-la-ayuda-de-eu\/","url_meta":{"origin":56899,"position":0},"title":"Zelenski advierte Ucrania deber\u00e1 ceder terreno sin la ayuda de EU","author":"BIMARY DE JES\u00daS Matos","date":"2 de abril de 2024","format":false,"excerpt":"KIEV.- El presidente ucraniano, Volod\u00edmir Zelenski, ha advertido que Ucrania deber\u00e1 retirarse \u00aba peque\u00f1os pasos\u00bb del terreno de combate con Rusia si no recibe la ayuda militar de Estados Unidos. \u00abSi no hay apoyo estadounidense, quiere decir que no tenemos defensa a\u00e9rea, ni misiles Patriot, ni dispositivos para la guerra\u2026","rel":"","context":"En \u00abSin categor\u00eda\u00bb","block_context":{"text":"Sin categor\u00eda","link":"https:\/\/lasprimeras.com.do\/index.php\/category\/sin-categoria\/"},"img":{"alt_text":"","src":"https:\/\/i0.wp.com\/lasprimeras.com.do\/wp-content\/uploads\/2024\/04\/66082c688d624.r_d.1536-837-3365.jpeg?resize=350%2C200&ssl=1","width":350,"height":200,"srcset":"https:\/\/i0.wp.com\/lasprimeras.com.do\/wp-content\/uploads\/2024\/04\/66082c688d624.r_d.1536-837-3365.jpeg?resize=350%2C200&ssl=1 1x, https:\/\/i0.wp.com\/lasprimeras.com.do\/wp-content\/uploads\/2024\/04\/66082c688d624.r_d.1536-837-3365.jpeg?resize=525%2C300&ssl=1 1.5x, https:\/\/i0.wp.com\/lasprimeras.com.do\/wp-content\/uploads\/2024\/04\/66082c688d624.r_d.1536-837-3365.jpeg?resize=700%2C400&ssl=1 2x"},"classes":[]},{"id":87829,"url":"https:\/\/lasprimeras.com.do\/index.php\/2024\/08\/18\/zelenski-denuncia-el-terrorismo-ruso-por-sus-bombardeos-de-esta-semana\/","url_meta":{"origin":56899,"position":1},"title":"Zelenski denuncia el &#8220;terrorismo ruso&#8221; por sus bombardeos de esta semana","author":"Nelson Feliz","date":"18 de agosto de 2024","format":false,"excerpt":"Le\u00f3polis (Ucrania),(EFE).- El presidente de Ucrania, Volod\u00edmir Zelenski, denunci\u00f3 el \"terrorismo ruso\" este domingo en un mensaje en redes sociales, en el que expuso que su pa\u00eds fue atacado por el Ej\u00e9rcito invasor con un millar de bombas, misiles y drones. \"M\u00e1s de 40 misiles de varios tipos, 740 bombas\u2026","rel":"","context":"En \u00abSin categor\u00eda\u00bb","block_context":{"text":"Sin categor\u00eda","link":"https:\/\/lasprimeras.com.do\/index.php\/category\/sin-categoria\/"},"img":{"alt_text":"Volod\u00edmir Zelenski","src":"https:\/\/i0.wp.com\/lasprimeras.com.do\/wp-content\/uploads\/2024\/08\/Volodimir-Zelenski.jpg?resize=350%2C200&ssl=1","width":350,"height":200,"srcset":"https:\/\/i0.wp.com\/lasprimeras.com.do\/wp-content\/uploads\/2024\/08\/Volodimir-Zelenski.jpg?resize=350%2C200&ssl=1 1x, https:\/\/i0.wp.com\/lasprimeras.com.do\/wp-content\/uploads\/2024\/08\/Volodimir-Zelenski.jpg?resize=525%2C300&ssl=1 1.5x, https:\/\/i0.wp.com\/lasprimeras.com.do\/wp-content\/uploads\/2024\/08\/Volodimir-Zelenski.jpg?resize=700%2C400&ssl=1 2x"},"classes":[]},{"id":52532,"url":"https:\/\/lasprimeras.com.do\/index.php\/2023\/06\/11\/zelenski-recibe-noticias-que-no-queria-oir-sobre-enormes-perdidas-en-su-contraofensiva\/","url_meta":{"origin":56899,"position":2},"title":"Zelenski recibe &#8220;noticias que no quer\u00eda o\u00edr&#8221; sobre enormes p\u00e9rdidas en su contraofensiva","author":"prenxa100","date":"11 de junio de 2023","format":false,"excerpt":"El Ej\u00e9rcito ucraniano sufri\u00f3 grandes p\u00e9rdidas en un intento de ofensiva en la regi\u00f3n de Zaporozhie, destac\u00f3 Stephen Bryen, periodista estadounidense y exfuncionario del Pent\u00e1gono. En su columna de la plataforma Substack, el experto escribi\u00f3 que el presidente de Ucrania, Volod\u00edmir Zelenski, que visit\u00f3 el territorio controlado por Kiev en\u2026","rel":"","context":"En \u00abSin categor\u00eda\u00bb","block_context":{"text":"Sin categor\u00eda","link":"https:\/\/lasprimeras.com.do\/index.php\/category\/sin-categoria\/"},"img":{"alt_text":"","src":"","width":0,"height":0},"classes":[]},{"id":70404,"url":"https:\/\/lasprimeras.com.do\/index.php\/2023\/12\/11\/zelenski-inicia-este-lunes-visita-de-trabajo-a-los-estados-unidos\/","url_meta":{"origin":56899,"position":3},"title":"Zelenski inicia este lunes visita de trabajo a los Estados Unidos","author":"BIMARY DE JES\u00daS Matos","date":"11 de diciembre de 2023","format":false,"excerpt":"Ucrania.-El presidente ucraniano, Volodimir Zelenski, iniciar\u00e1 este lunes una visita de trabajo a Estados Unidos en la que tiene previsto reunirse con el presidente estadounidense, Joe Biden, el martes. \u00abEl presidente de Ucrania se reunir\u00e1 con el presidente de Estados Unidos, Joe Biden, y mantendr\u00e1 una serie de encuentros y\u2026","rel":"","context":"En \u00abSin categor\u00eda\u00bb","block_context":{"text":"Sin categor\u00eda","link":"https:\/\/lasprimeras.com.do\/index.php\/category\/sin-categoria\/"},"img":{"alt_text":"","src":"https:\/\/i0.wp.com\/lasprimeras.com.do\/wp-content\/uploads\/2023\/12\/juegos-sde-1.jpg?resize=350%2C200&ssl=1","width":350,"height":200,"srcset":"https:\/\/i0.wp.com\/lasprimeras.com.do\/wp-content\/uploads\/2023\/12\/juegos-sde-1.jpg?resize=350%2C200&ssl=1 1x, https:\/\/i0.wp.com\/lasprimeras.com.do\/wp-content\/uploads\/2023\/12\/juegos-sde-1.jpg?resize=525%2C300&ssl=1 1.5x"},"classes":[]},{"id":70203,"url":"https:\/\/lasprimeras.com.do\/index.php\/2023\/12\/09\/zelenski-llama-a-impedir-que-rusia-retome-la-iniciativa\/","url_meta":{"origin":56899,"position":4},"title":"Zelenski llama a impedir que Rusia retome la iniciativa","author":"BIMARY DE JES\u00daS Matos","date":"9 de diciembre de 2023","format":false,"excerpt":"Kiev\/Mosc\u00fa, (EFE).- El presidente de Ucrania, Volod\u00edmir Zelenski, ha llamado a impedir que Rusia retome la iniciativa en el campo de batalla este invierno, en momentos en que las tropas rusas intensifican sus ataques a lo largo de todo el frente oriental. \u00abLa tarea de nuestro Estado, incluso ahora, en\u2026","rel":"","context":"En \u00abSin categor\u00eda\u00bb","block_context":{"text":"Sin categor\u00eda","link":"https:\/\/lasprimeras.com.do\/index.php\/category\/sin-categoria\/"},"img":{"alt_text":"","src":"https:\/\/i0.wp.com\/lasprimeras.com.do\/wp-content\/uploads\/2023\/12\/WhatsApp-Image-2023-12-07-at-7.22.09-PM-5-15.jpeg?resize=350%2C200&ssl=1","width":350,"height":200,"srcset":"https:\/\/i0.wp.com\/lasprimeras.com.do\/wp-content\/uploads\/2023\/12\/WhatsApp-Image-2023-12-07-at-7.22.09-PM-5-15.jpeg?resize=350%2C200&ssl=1 1x, https:\/\/i0.wp.com\/lasprimeras.com.do\/wp-content\/uploads\/2023\/12\/WhatsApp-Image-2023-12-07-at-7.22.09-PM-5-15.jpeg?resize=525%2C300&ssl=1 1.5x"},"classes":[]},{"id":68525,"url":"https:\/\/lasprimeras.com.do\/index.php\/2023\/11\/25\/ucrania-denuncia-ataque-ruso-con-drones-mayoria-contra-kiev\/","url_meta":{"origin":56899,"position":5},"title":"Ucrania denuncia ataque ruso con drones, mayor\u00eda contra Kiev","author":"BIMARY DE JES\u00daS Matos","date":"25 de noviembre de 2023","format":false,"excerpt":"Ucrania.-Las autoridades de Ucrania han denunciado este s\u00e1bado que las Fuerzas Armadas de Rusia han llevado a cabo un ataque masivo con m\u00e1s de 70 drones contra varios puntos del pa\u00eds, especialmente contra la capital, Kiev. Seg\u00fan ha detallado el departamento de prensa de la Fuerza A\u00e9rea ucraniana, Rusia ha\u2026","rel":"","context":"En \u00abSin categor\u00eda\u00bb","block_context":{"text":"Sin categor\u00eda","link":"https:\/\/lasprimeras.com.do\/index.php\/category\/sin-categoria\/"},"img":{"alt_text":"","src":"https:\/\/i0.wp.com\/lasprimeras.com.do\/wp-content\/uploads\/2023\/11\/WhatsApp-Image-2023-11-24-at-1.48.00-PM-5.jpeg?resize=350%2C200&ssl=1","width":350,"height":200,"srcset":"https:\/\/i0.wp.com\/lasprimeras.com.do\/wp-content\/uploads\/2023\/11\/WhatsApp-Image-2023-11-24-at-1.48.00-PM-5.jpeg?resize=350%2C200&ssl=1 1x, https:\/\/i0.wp.com\/lasprimeras.com.do\/wp-content\/uploads\/2023\/11\/WhatsApp-Image-2023-11-24-at-1.48.00-PM-5.jpeg?resize=525%2C300&ssl=1 1.5x"},"classes":[]}],"jetpack_sharing_enabled":true,"_links":{"self":[{"href":"https:\/\/lasprimeras.com.do\/index.php\/wp-json\/wp\/v2\/posts\/56899","targetHints":{"allow":["GET"]}}],"collection":[{"href":"https:\/\/lasprimeras.com.do\/index.php\/wp-json\/wp\/v2\/posts"}],"about":[{"href":"https:\/\/lasprimeras.com.do\/index.php\/wp-json\/wp\/v2\/types\/post"}],"author":[{"embeddable":true,"href":"https:\/\/lasprimeras.com.do\/index.php\/wp-json\/wp\/v2\/users\/2"}],"replies":[{"embeddable":true,"href":"https:\/\/lasprimeras.com.do\/index.php\/wp-json\/wp\/v2\/comments?post=56899"}],"version-history":[{"count":1,"href":"https:\/\/lasprimeras.com.do\/index.php\/wp-json\/wp\/v2\/posts\/56899\/revisions"}],"predecessor-version":[{"id":56901,"href":"https:\/\/lasprimeras.com.do\/index.php\/wp-json\/wp\/v2\/posts\/56899\/revisions\/56901"}],"wp:featuredmedia":[{"embeddable":true,"href":"https:\/\/lasprimeras.com.do\/index.php\/wp-json\/wp\/v2\/media\/56900"}],"wp:attachment":[{"href":"https:\/\/lasprimeras.com.do\/index.php\/wp-json\/wp\/v2\/media?parent=56899"}],"wp:term":[{"taxonomy":"category","embeddable":true,"href":"https:\/\/lasprimeras.com.do\/index.php\/wp-json\/wp\/v2\/categories?post=56899"},{"taxonomy":"post_tag","embeddable":true,"href":"https:\/\/lasprimeras.com.do\/index.php\/wp-json\/wp\/v2\/tags?post=56899"}],"curies":[{"name":"wp","href":"https:\/\/api.w.org\/{rel}","templated":true}]}}