{"id":56902,"date":"2023-08-07T06:26:22","date_gmt":"2023-08-07T10:26:22","guid":{"rendered":"https:\/\/lasprimeras.com.do\/?p=56902"},"modified":"2023-08-07T06:26:23","modified_gmt":"2023-08-07T10:26:23","slug":"un-verano-inusualmente-frio-en-centroeuropa-provoca-nevadas-bajo-los-2-000-metros-en-suiza","status":"publish","type":"post","link":"https:\/\/lasprimeras.com.do\/index.php\/2023\/08\/07\/un-verano-inusualmente-frio-en-centroeuropa-provoca-nevadas-bajo-los-2-000-metros-en-suiza\/","title":{"rendered":"Un verano inusualmente fr\u00edo en Centroeuropa provoca nevadas bajo los 2.000 metros en Suiza"},"content":{"rendered":"\n<p>Las temperaturas inusualmente bajas que en las \u00faltimas semanas se registran en algunos pa\u00edses centroeuropeos han provocado nevadas en zonas de los Alpes suizos, incluso por debajo de la cota de los 2.000 metros, indic\u00f3 hoy Radio Televisi\u00f3n Suiza (RTS).<\/p>\n\n\n\n<p>Las \u00faltimas precipitaciones en forma de nieve por debajo de esa cota se han producido en la noche del domingo a hoy lunes, e incluso han obligado a cerrar un puerto de monta\u00f1a en Nufenen (2.478 metros), que une los cantones alpinos de Valais y Tesino en el sur del pa\u00eds, relat\u00f3 el canal nacional suizo.<\/p>\n\n\n\n<p>El servicio meteorol\u00f3gico nacional tambi\u00e9n comparti\u00f3 hoy por redes sociales im\u00e1genes de otro puerto entre cantones, el de Oberalp (que comunica Grisones con Uri), cubierto de nieve tambi\u00e9n a alturas inferiores a los 2.000 metros.<\/p>\n\n\n\n<p>Aunque la situaci\u00f3n contrasta con las olas de calor vividas en el sur de Europa, especialmente en la costa Mediterr\u00e1nea, los meteor\u00f3logos suizos afirman que estas nevadas estivales a &#8220;baja altura&#8221; se producen en el pa\u00eds alpino cada dos o tres a\u00f1os.<\/p>\n\n\n\n<p>Tambi\u00e9n indican que en los pr\u00f3ximos d\u00edas subir\u00e1n las temperaturas hasta valores m\u00e1s habituales en estas fechas, lo que har\u00e1 que desaparezca r\u00e1pidamente la nieve ca\u00edda a baja altitud, manteni\u00e9ndose s\u00f3lo por encima de los 3.500 metros.<\/p>\n\n\n\n<p>Agencia EFE<\/p>\n","protected":false},"excerpt":{"rendered":"<p>Las temperaturas inusualmente bajas que en las \u00faltimas semanas se registran en algunos pa\u00edses centroeuropeos han provocado nevadas en zonas de los Alpes suizos, incluso por debajo de la cota&hellip;<\/p>\n","protected":false},"author":2,"featured_media":56903,"comment_status":"open","ping_status":"open","sticky":false,"template":"","format":"standard","meta":{"content-type":"","jetpack_post_was_ever_published":false,"_jetpack_newsletter_access":"","_jetpack_dont_email_post_to_subs":false,"_jetpack_newsletter_tier_id":0,"_jetpack_memberships_contains_paywalled_content":false,"_jetpack_memberships_contains_paid_content":false,"footnotes":""},"categories":[1],"tags":[5881,5882,5883,5884,2116],"class_list":["post-56902","post","type-post","status-publish","format-standard","has-post-thumbnail","hentry","category-sin-categoria","tag-centroeuropa","tag-inusualmente-frio","tag-nevadas","tag-suiza","tag-verano"],"jetpack_featured_media_url":"https:\/\/lasprimeras.com.do\/wp-content\/uploads\/2023\/08\/verano.jpg","jetpack-related-posts":[{"id":118679,"url":"https:\/\/lasprimeras.com.do\/index.php\/2026\/01\/02\/incendio-en-un-bar-en-estacion-de-esqui-en-suiza-causa-alrededor-de-40-muertos\/","url_meta":{"origin":56902,"position":0},"title":"Incendio en un bar en estaci\u00f3n de esqu\u00ed en Suiza causa alrededor de 40 muertos","author":"Nelson Feliz","date":"2 de enero de 2026","format":false,"excerpt":"POR JAMEY KEATEN, STEFANIE DAZIO and JOHN LEICESTER CRANS-MONTANA, Suiza (AP) \u2014 Axel Clavier sinti\u00f3 que se asfixiaba en el bar de los Alpes suizos donde momentos antes hab\u00eda estado celebrando el A\u00f1o Nuevo con amigos y docenas de personas m\u00e1s. El joven de 16 a\u00f1os, llegado desde Par\u00eds, escap\u00f3\u2026","rel":"","context":"En \u00abINTERNACIONALES\u00bb","block_context":{"text":"INTERNACIONALES","link":"https:\/\/lasprimeras.com.do\/index.php\/category\/sin-categoria\/internacionales\/"},"img":{"alt_text":"Incendio en un bar","src":"https:\/\/i0.wp.com\/lasprimeras.com.do\/wp-content\/uploads\/2026\/01\/Incendio-en-un-bar.jpg?resize=350%2C200&ssl=1","width":350,"height":200,"srcset":"https:\/\/i0.wp.com\/lasprimeras.com.do\/wp-content\/uploads\/2026\/01\/Incendio-en-un-bar.jpg?resize=350%2C200&ssl=1 1x, https:\/\/i0.wp.com\/lasprimeras.com.do\/wp-content\/uploads\/2026\/01\/Incendio-en-un-bar.jpg?resize=525%2C300&ssl=1 1.5x, https:\/\/i0.wp.com\/lasprimeras.com.do\/wp-content\/uploads\/2026\/01\/Incendio-en-un-bar.jpg?resize=700%2C400&ssl=1 2x"},"classes":[]},{"id":118643,"url":"https:\/\/lasprimeras.com.do\/index.php\/2026\/01\/01\/cuarenta-muertos-y-115-heridos-la-mayoria-graves-confirma-policia-tras-incendio-en-suiza\/","url_meta":{"origin":56902,"position":1},"title":"Cuarenta muertos y 115 heridos, la mayor\u00eda graves, confirma Polic\u00eda tras incendio en Suiza","author":"Nelson Feliz","date":"1 de enero de 2026","format":false,"excerpt":"Algunos de los casos m\u00e1s graves de v\u00edctimas con quemaduras muy graves y extendidas ser\u00e1n trasladados a Alemania Crans-Montana, EFE- Las autoridades suizas han confirmado que cuarenta personas murieron en la madrugada de hoy en el incendio de un bar, conocido por tener un p\u00fablico muy joven, en la estaci\u00f3n\u2026","rel":"","context":"En \u00abINTERNACIONALES\u00bb","block_context":{"text":"INTERNACIONALES","link":"https:\/\/lasprimeras.com.do\/index.php\/category\/sin-categoria\/internacionales\/"},"img":{"alt_text":"Agentes de polic\u00eda se encuentran cerca de un coche f\u00fanebre en el \u00e1rea donde se produjo un incendio en el bar y sal\u00f3n Le Constellation luego de una explosi\u00f3n en las primeras horas de la v\u00edspera de A\u00f1o Nuevo, en Crans-Montana, Suiza. (EFE\/EPA\/JEAN-CHRISTOPHE BOTT)","src":"https:\/\/i0.wp.com\/lasprimeras.com.do\/wp-content\/uploads\/2026\/01\/SUIZA.jpg?resize=350%2C200&ssl=1","width":350,"height":200,"srcset":"https:\/\/i0.wp.com\/lasprimeras.com.do\/wp-content\/uploads\/2026\/01\/SUIZA.jpg?resize=350%2C200&ssl=1 1x, https:\/\/i0.wp.com\/lasprimeras.com.do\/wp-content\/uploads\/2026\/01\/SUIZA.jpg?resize=525%2C300&ssl=1 1.5x, https:\/\/i0.wp.com\/lasprimeras.com.do\/wp-content\/uploads\/2026\/01\/SUIZA.jpg?resize=700%2C400&ssl=1 2x"},"classes":[]},{"id":94638,"url":"https:\/\/lasprimeras.com.do\/index.php\/2025\/03\/03\/presidente-abinader-encamina-rd-hacia-la-suiza-de-america\/","url_meta":{"origin":56902,"position":2},"title":"Presidente Abinader encamina RD hacia la Suiza de Am\u00e9rica","author":"Nelson Feliz","date":"3 de marzo de 2025","format":false,"excerpt":"Por Ram\u00f3n Mercedes NUEVA YORK.- El ex candidato a diputado por el exterior y dirigente del Partido Revolucionario Moderno (PRM) en esta ciudad, Roberto Rojas, manifest\u00f3 que el presidente Luis Abinader encamina la Rep\u00fablica Dominicana hacia la Suiza de Am\u00e9rica. Recuerda que Suiza tiene una pol\u00edtica de desarrollo sostenible que\u2026","rel":"","context":"En \u00abPOLITICA\u00bb","block_context":{"text":"POLITICA","link":"https:\/\/lasprimeras.com.do\/index.php\/category\/politica\/"},"img":{"alt_text":"Roberto Rojas","src":"https:\/\/i0.wp.com\/lasprimeras.com.do\/wp-content\/uploads\/2025\/03\/WhatsApp-Image-2025-03-03-at-6.11.05-AM.jpeg?resize=350%2C200&ssl=1","width":350,"height":200,"srcset":"https:\/\/i0.wp.com\/lasprimeras.com.do\/wp-content\/uploads\/2025\/03\/WhatsApp-Image-2025-03-03-at-6.11.05-AM.jpeg?resize=350%2C200&ssl=1 1x, https:\/\/i0.wp.com\/lasprimeras.com.do\/wp-content\/uploads\/2025\/03\/WhatsApp-Image-2025-03-03-at-6.11.05-AM.jpeg?resize=525%2C300&ssl=1 1.5x"},"classes":[]},{"id":84883,"url":"https:\/\/lasprimeras.com.do\/index.php\/2024\/06\/16\/abinader-regresa-de-su-viaje-a-suiza-donde-participo-en-la-cumbre-por-la-paz-en-ucrania\/","url_meta":{"origin":56902,"position":3},"title":"Abinader regresa de su viaje a Suiza donde particip\u00f3 en la Cumbre por La Paz en Ucrania","author":"Nelson Feliz","date":"16 de junio de 2024","format":false,"excerpt":"En el evento, el mandatario habl\u00f3 de los efectos de la guerra en la econom\u00eda. El presidente Luis Abinader regres\u00f3 al pa\u00eds la noche de este domingo de su viaje a Lucerna, Suiza donde particip\u00f3 en la Cumbre por la Paz en Ucrania. El mandatario arrib\u00f3 a las 10:37 de\u2026","rel":"","context":"En \u00abNACIONALES\u00bb","block_context":{"text":"NACIONALES","link":"https:\/\/lasprimeras.com.do\/index.php\/category\/nacionales\/"},"img":{"alt_text":"","src":"https:\/\/i0.wp.com\/lasprimeras.com.do\/wp-content\/uploads\/2023\/06\/Luis-Abinader-regresa-SICA.jpg?resize=350%2C200&ssl=1","width":350,"height":200,"srcset":"https:\/\/i0.wp.com\/lasprimeras.com.do\/wp-content\/uploads\/2023\/06\/Luis-Abinader-regresa-SICA.jpg?resize=350%2C200&ssl=1 1x, https:\/\/i0.wp.com\/lasprimeras.com.do\/wp-content\/uploads\/2023\/06\/Luis-Abinader-regresa-SICA.jpg?resize=525%2C300&ssl=1 1.5x, https:\/\/i0.wp.com\/lasprimeras.com.do\/wp-content\/uploads\/2023\/06\/Luis-Abinader-regresa-SICA.jpg?resize=700%2C400&ssl=1 2x"},"classes":[]},{"id":110715,"url":"https:\/\/lasprimeras.com.do\/index.php\/2025\/10\/01\/los-glaciares-suizos-se-redujeron-un-3-este-ano-el-4to-mayor-retroceso-registrado-segun-expertos\/","url_meta":{"origin":56902,"position":4},"title":"Los glaciares suizos se redujeron un 3% este a\u00f1o, el 4to mayor retroceso registrado, seg\u00fan expertos","author":"Nelson Feliz","date":"1 de octubre de 2025","format":false,"excerpt":"POR JAMEY KEATEN GINEBRA (AP) \u2014 Los glaciares de Suiza han enfrentado un deshielo \u201cenorme\u201d este a\u00f1o con una disminuci\u00f3n del 3% en el volumen total, la cuarta mayor ca\u00edda anual registrada, debido a los efectos del calentamiento global, informaron el mi\u00e9rcoles los principales glaci\u00f3logos suizos. La reducci\u00f3n de este\u2026","rel":"","context":"En \u00abCLIMA\u00bb","block_context":{"text":"CLIMA","link":"https:\/\/lasprimeras.com.do\/index.php\/category\/clima\/"},"img":{"alt_text":"","src":"https:\/\/i0.wp.com\/lasprimeras.com.do\/wp-content\/uploads\/2025\/10\/Los-glaciares-suizos.jpg?resize=350%2C200&ssl=1","width":350,"height":200,"srcset":"https:\/\/i0.wp.com\/lasprimeras.com.do\/wp-content\/uploads\/2025\/10\/Los-glaciares-suizos.jpg?resize=350%2C200&ssl=1 1x, https:\/\/i0.wp.com\/lasprimeras.com.do\/wp-content\/uploads\/2025\/10\/Los-glaciares-suizos.jpg?resize=525%2C300&ssl=1 1.5x, https:\/\/i0.wp.com\/lasprimeras.com.do\/wp-content\/uploads\/2025\/10\/Los-glaciares-suizos.jpg?resize=700%2C400&ssl=1 2x"},"classes":[]},{"id":84799,"url":"https:\/\/lasprimeras.com.do\/index.php\/2024\/06\/16\/80-paises-en-conferencia-suiza-coinciden-que-la-integridad-territorial-de-ucrania-debe-ser-la-base-de-cualquier-paz\/","url_meta":{"origin":56902,"position":5},"title":"80 pa\u00edses en conferencia Suiza coinciden que la integridad territorial de Ucrania debe ser la base de cualquier paz","author":"Nelson Feliz","date":"16 de junio de 2024","format":false,"excerpt":"POR JAMEY KEATEN OBB\u00dcRGEN, Suiza (AP) \u2014 Ochenta pa\u00edses pidieron conjuntamente el domingo que la \u201cintegridad territorial\u201d de Ucrania sea la base de cualquier acuerdo de paz para poner fin a la guerra de dos a\u00f1os de Rusia, aunque algunas naciones en desarrollo clave en una conferencia suiza no se\u2026","rel":"","context":"En \u00abSin categor\u00eda\u00bb","block_context":{"text":"Sin categor\u00eda","link":"https:\/\/lasprimeras.com.do\/index.php\/category\/sin-categoria\/"},"img":{"alt_text":"","src":"https:\/\/i0.wp.com\/lasprimeras.com.do\/wp-content\/uploads\/2024\/06\/conferencia-siuza.jpg?resize=350%2C200&ssl=1","width":350,"height":200,"srcset":"https:\/\/i0.wp.com\/lasprimeras.com.do\/wp-content\/uploads\/2024\/06\/conferencia-siuza.jpg?resize=350%2C200&ssl=1 1x, https:\/\/i0.wp.com\/lasprimeras.com.do\/wp-content\/uploads\/2024\/06\/conferencia-siuza.jpg?resize=525%2C300&ssl=1 1.5x, https:\/\/i0.wp.com\/lasprimeras.com.do\/wp-content\/uploads\/2024\/06\/conferencia-siuza.jpg?resize=700%2C400&ssl=1 2x"},"classes":[]}],"jetpack_sharing_enabled":true,"_links":{"self":[{"href":"https:\/\/lasprimeras.com.do\/index.php\/wp-json\/wp\/v2\/posts\/56902","targetHints":{"allow":["GET"]}}],"collection":[{"href":"https:\/\/lasprimeras.com.do\/index.php\/wp-json\/wp\/v2\/posts"}],"about":[{"href":"https:\/\/lasprimeras.com.do\/index.php\/wp-json\/wp\/v2\/types\/post"}],"author":[{"embeddable":true,"href":"https:\/\/lasprimeras.com.do\/index.php\/wp-json\/wp\/v2\/users\/2"}],"replies":[{"embeddable":true,"href":"https:\/\/lasprimeras.com.do\/index.php\/wp-json\/wp\/v2\/comments?post=56902"}],"version-history":[{"count":1,"href":"https:\/\/lasprimeras.com.do\/index.php\/wp-json\/wp\/v2\/posts\/56902\/revisions"}],"predecessor-version":[{"id":56904,"href":"https:\/\/lasprimeras.com.do\/index.php\/wp-json\/wp\/v2\/posts\/56902\/revisions\/56904"}],"wp:featuredmedia":[{"embeddable":true,"href":"https:\/\/lasprimeras.com.do\/index.php\/wp-json\/wp\/v2\/media\/56903"}],"wp:attachment":[{"href":"https:\/\/lasprimeras.com.do\/index.php\/wp-json\/wp\/v2\/media?parent=56902"}],"wp:term":[{"taxonomy":"category","embeddable":true,"href":"https:\/\/lasprimeras.com.do\/index.php\/wp-json\/wp\/v2\/categories?post=56902"},{"taxonomy":"post_tag","embeddable":true,"href":"https:\/\/lasprimeras.com.do\/index.php\/wp-json\/wp\/v2\/tags?post=56902"}],"curies":[{"name":"wp","href":"https:\/\/api.w.org\/{rel}","templated":true}]}}