{"id":56926,"date":"2023-08-07T08:41:26","date_gmt":"2023-08-07T12:41:26","guid":{"rendered":"https:\/\/lasprimeras.com.do\/?p=56926"},"modified":"2023-08-07T08:41:27","modified_gmt":"2023-08-07T12:41:27","slug":"prodominicana-presenta-republica-dominicana-como-hub-para-negocios-en-la-india","status":"publish","type":"post","link":"https:\/\/lasprimeras.com.do\/index.php\/2023\/08\/07\/prodominicana-presenta-republica-dominicana-como-hub-para-negocios-en-la-india\/","title":{"rendered":"ProDominicana presenta Rep\u00fablica Dominicana como Hub para negocios en la India"},"content":{"rendered":"\n<p>Se sostuvieron importantes reuniones en el Ministerio de Comercio, el Ministerio de Asuntos Exteriores, en el C\u00f3nclave Econ\u00f3mico India-Am\u00e9rica Latina y el Caribe (LAC) y se firm\u00f3 un acuerdo con Invest India.<\/p>\n\n\n\n<p>En el marco de una misi\u00f3n comercial en India, la directora ejecutiva del Centro de Exportaci\u00f3n e Inversi\u00f3n de la Rep\u00fablica Dominicana, Biviana Riveiro Disla, present\u00f3 las oportunidades de negocios que posee la Rep\u00fablica Dominicana como hub log\u00edstico y su marcada estabilidad pol\u00edtica, social y econ\u00f3mica que combinada con los incentivos sectoriales en turismo, zonas francas, desarrollo fronterizo que convierten al pa\u00eds en un destino ideal para industrias tradicionales as\u00ed como innovadoras como la farmac\u00e9utica, automotriz y el\u00e9ctrica.<\/p>\n\n\n\n<p>El encuentro estuvo organizado por el Embajador dominicano en la India, S.E. David Puig y su equipo de la embajada.<\/p>\n\n\n\n<p>Durante su misi\u00f3n, ProDominicana como agencia promotora de la inversi\u00f3n firm\u00f3 un acuerdo con la Sra. Nivruti Rai, directora general de la Agencia de Promoci\u00f3n y Facilitaci\u00f3n de Inversiones (Invest India), con el objetivo de fortalecer los v\u00ednculos comerciales, de inversi\u00f3n entre ambas naciones, as\u00ed como compartir mejores pr\u00e1cticas.<\/p>\n\n\n\n<p>Dentro de las reuniones institucionales sostenidas por Riveiro acompa\u00f1ada del Embajador Puig y la delegaci\u00f3n dominicana se destacan: el encuentro con el Secretario de Comercio Sunil Barthwal, con quien se convers\u00f3 sobre las oportunidades de negocios entre ambos pa\u00edses con el prop\u00f3sito de crear una mutua colaboraci\u00f3n y eliminar barreras de entradas de productos; la reuni\u00f3n con la Sra. Meenakashi Lekhi, Honorable ministra de Estado del Ministerio de Relaciones Exteriores responsable del \u00e1rea de Latinoam\u00e9rica y el Caribe con el fin de catapultar las relaciones e intercambios a todos los niveles; el se\u00f1or Utpal Gokhle, Jefe Gerente General del India EximBank con quien se exploraron los mecanismos de apoyo y financiamiento para inversiones y megaproyectos.<\/p>\n\n\n\n<p>En el marco de la participaci\u00f3n en el IX C\u00f3nclave Econ\u00f3mico India-Am\u00e9rica Latina y el Caribe (LAC), celebrado en Nueva Delhi, India del 3 al 5 de agosto, y en donde participaron unas 600 personas tanto de India como de m\u00e1s de 24 pa\u00edses de la regi\u00f3n, la directora de ProDominicana particip\u00f3 en un panel presentando las posibilidades, perspectivas y oportunidades en el marco de la Alianza con Sistema de Integraci\u00f3n Centroamericana (SICA), planteando los atributos para la coproducci\u00f3n, sinergias y las bondades del pa\u00eds como plataforma log\u00edstica y de alta conectividad.<\/p>\n\n\n\n<p>Este encuentro de alto nivel del c\u00f3nclave se abordaron t\u00f3picos como la facilitaci\u00f3n del comercio, las facilidades de log\u00edsticas y la sostenibilidad de la cadena de suministro, la agricultura y el procesamiento de alimentos, y las tendencias y estado de la industria de los productos farmac\u00e9uticos, energ\u00eda e infraestructura, seguridad y defensa, tecnolog\u00eda e industria automotriz.<\/p>\n\n\n\n<p>De igual forma, se levantaron m\u00e1s de 70 contactos y se realizaron m\u00e1s de 25 encuentros individuales con empresas importantes de la India entre las que se destacan TATA GROUP; Satang GM. Proyectos Kalpataru International Limited, Cosmos Internacional PVT, Indo Arabian L\u00edneas Mar\u00edtimas, Arunaya \u00d3rganics, Luxury Ampersand Frolics Group Dr Reddy&#8217;s, Karavan Estes LLP, India, Kimar Vyas, CEO KK Consultants, Girissh Bajaj, Director, Bajaj Processpack, Fan Hrim Earth Resources Management, Mahindra, entre otros.<\/p>\n","protected":false},"excerpt":{"rendered":"<p>Se sostuvieron importantes reuniones en el Ministerio de Comercio, el Ministerio de Asuntos Exteriores, en el C\u00f3nclave Econ\u00f3mico India-Am\u00e9rica Latina y el Caribe (LAC) y se firm\u00f3 un acuerdo con&hellip;<\/p>\n","protected":false},"author":2,"featured_media":56927,"comment_status":"open","ping_status":"open","sticky":false,"template":"","format":"standard","meta":{"content-type":"","jetpack_post_was_ever_published":false,"_jetpack_newsletter_access":"","_jetpack_dont_email_post_to_subs":false,"_jetpack_newsletter_tier_id":0,"_jetpack_memberships_contains_paywalled_content":false,"_jetpack_memberships_contains_paid_content":false,"footnotes":""},"categories":[39,25],"tags":[5894,783,1613,752,1226],"class_list":["post-56926","post","type-post","status-publish","format-standard","has-post-thumbnail","hentry","category-economia","category-portada","tag-hub","tag-india","tag-negocios","tag-prodominicana","tag-republica-dominicana"],"jetpack_featured_media_url":"https:\/\/lasprimeras.com.do\/wp-content\/uploads\/2023\/08\/ProDominicana-Mision-India.jpg","jetpack-related-posts":[{"id":106421,"url":"https:\/\/lasprimeras.com.do\/index.php\/2025\/08\/14\/prodominicana-celebrara-reconocimiento-inversion-en-republica-dominicana-2025\/","url_meta":{"origin":56926,"position":0},"title":"ProDominicana celebrar\u00e1 Reconocimiento Inversi\u00f3n en Rep\u00fablica Dominicana 2025","author":"Nelson Feliz","date":"14 de agosto de 2025","format":false,"excerpt":"El Centro de Exportaci\u00f3n e Inversi\u00f3n de la Rep\u00fablica Dominicana (ProDominicana), anunci\u00f3 la celebraci\u00f3n del evento anual \u201cReconocimiento a la Inversi\u00f3n en Rep\u00fablica Dominicana 2025\u201d, una ceremonia que tendr\u00e1 lugar el 11 de septiembre a las 5:00 p.m. en el Banco Central de la Rep\u00fablica Dominicana. El evento tiene como\u2026","rel":"","context":"En \u00abECONOM\u00cdA\u00bb","block_context":{"text":"ECONOM\u00cdA","link":"https:\/\/lasprimeras.com.do\/index.php\/category\/economia\/"},"img":{"alt_text":"Biviana Riveiro","src":"https:\/\/i0.wp.com\/lasprimeras.com.do\/wp-content\/uploads\/2025\/08\/Biviana-Riveiro.jpg?resize=350%2C200&ssl=1","width":350,"height":200,"srcset":"https:\/\/i0.wp.com\/lasprimeras.com.do\/wp-content\/uploads\/2025\/08\/Biviana-Riveiro.jpg?resize=350%2C200&ssl=1 1x, https:\/\/i0.wp.com\/lasprimeras.com.do\/wp-content\/uploads\/2025\/08\/Biviana-Riveiro.jpg?resize=525%2C300&ssl=1 1.5x, https:\/\/i0.wp.com\/lasprimeras.com.do\/wp-content\/uploads\/2025\/08\/Biviana-Riveiro.jpg?resize=700%2C400&ssl=1 2x"},"classes":[]},{"id":121410,"url":"https:\/\/lasprimeras.com.do\/index.php\/2026\/02\/04\/abinader-promueve-uso-de-hub-logistico-dominicano-para-dinamizar-exportaciones-agricolas-de-paraguay\/","url_meta":{"origin":56926,"position":1},"title":"Abinader promueve uso de hub log\u00edstico dominicano para dinamizar exportaciones agr\u00edcolas de Paraguay","author":"Nelson Feliz","date":"4 de febrero de 2026","format":false,"excerpt":"_Tambi\u00e9n se re\u00fane con la ministra de Estado del Ministerio de Relaciones Exteriores de los Emiratos \u00c1rabes Unidos, Noura bint Mohammed Al Kaabi._ *Dub\u00e1i, Emiratos \u00c1rabes Unidos.\u2013* El presidente de la Rep\u00fablica Dominicana, Luis Abinader, desarroll\u00f3 una agenda bilateral enfocada en fortalecer el posicionamiento estrat\u00e9gico del pa\u00eds en comercio, econom\u00eda\u2026","rel":"","context":"En \u00abECONOM\u00cdA\u00bb","block_context":{"text":"ECONOM\u00cdA","link":"https:\/\/lasprimeras.com.do\/index.php\/category\/economia\/"},"img":{"alt_text":"","src":"https:\/\/i0.wp.com\/lasprimeras.com.do\/wp-content\/uploads\/2026\/02\/IMG-20260204-WA0220-scaled.jpg?resize=350%2C200&ssl=1","width":350,"height":200,"srcset":"https:\/\/i0.wp.com\/lasprimeras.com.do\/wp-content\/uploads\/2026\/02\/IMG-20260204-WA0220-scaled.jpg?resize=350%2C200&ssl=1 1x, https:\/\/i0.wp.com\/lasprimeras.com.do\/wp-content\/uploads\/2026\/02\/IMG-20260204-WA0220-scaled.jpg?resize=525%2C300&ssl=1 1.5x, https:\/\/i0.wp.com\/lasprimeras.com.do\/wp-content\/uploads\/2026\/02\/IMG-20260204-WA0220-scaled.jpg?resize=700%2C400&ssl=1 2x, https:\/\/i0.wp.com\/lasprimeras.com.do\/wp-content\/uploads\/2026\/02\/IMG-20260204-WA0220-scaled.jpg?resize=1050%2C600&ssl=1 3x, https:\/\/i0.wp.com\/lasprimeras.com.do\/wp-content\/uploads\/2026\/02\/IMG-20260204-WA0220-scaled.jpg?resize=1400%2C800&ssl=1 4x"},"classes":[]},{"id":107457,"url":"https:\/\/lasprimeras.com.do\/index.php\/2025\/08\/27\/prodominicana-celebra-el-dia-nacional-de-la-republica-dominicana-en-expo-osaka-2025\/","url_meta":{"origin":56926,"position":2},"title":"ProDominicana celebra el D\u00eda Nacional de la Rep\u00fablica Dominicana en Expo Osaka 2025","author":"Nelson Feliz","date":"27 de agosto de 2025","format":false,"excerpt":"Osaka, Jap\u00f3n.\u2013 La directora ejecutiva del Centro de Exportaci\u00f3n e Inversi\u00f3n de la Rep\u00fablica Dominicana (ProDominicana), Biviana Riveiro, particip\u00f3 el D\u00eda Nacional de la Rep\u00fablica Dominicana en Expo Osaka 2025, como parte de la misi\u00f3n a Asia, reafirmando el compromiso de posicionar al pa\u00eds como destino estrat\u00e9gico para la inversi\u00f3n\u2026","rel":"","context":"En \u00abECONOM\u00cdA\u00bb","block_context":{"text":"ECONOM\u00cdA","link":"https:\/\/lasprimeras.com.do\/index.php\/category\/economia\/"},"img":{"alt_text":"","src":"https:\/\/i0.wp.com\/lasprimeras.com.do\/wp-content\/uploads\/2025\/08\/Dia-Nacional-Dominicano-en-Osaka.jpg?resize=350%2C200&ssl=1","width":350,"height":200,"srcset":"https:\/\/i0.wp.com\/lasprimeras.com.do\/wp-content\/uploads\/2025\/08\/Dia-Nacional-Dominicano-en-Osaka.jpg?resize=350%2C200&ssl=1 1x, https:\/\/i0.wp.com\/lasprimeras.com.do\/wp-content\/uploads\/2025\/08\/Dia-Nacional-Dominicano-en-Osaka.jpg?resize=525%2C300&ssl=1 1.5x, https:\/\/i0.wp.com\/lasprimeras.com.do\/wp-content\/uploads\/2025\/08\/Dia-Nacional-Dominicano-en-Osaka.jpg?resize=700%2C400&ssl=1 2x"},"classes":[]},{"id":129092,"url":"https:\/\/lasprimeras.com.do\/index.php\/2026\/04\/29\/prodominicana-y-aliados-impulsan-la-competitividad-exportadora-con-enfoque-en-diversificacion-de-mercados\/","url_meta":{"origin":56926,"position":3},"title":"ProDominicana y aliados impulsan la competitividad exportadora con enfoque en diversificaci\u00f3n de mercados","author":"Nelson Feliz","date":"29 de abril de 2026","format":false,"excerpt":"El Centro de Exportaci\u00f3n e Inversi\u00f3n de la Rep\u00fablica Dominicana (ProDominicana) en conjunto con Banco Popular Dominicano y la Red Global de Exportaci\u00f3n (RGX) realizaron el encuentro \u201cCompetitividad Exportadora: C\u00f3mo diversificar mercados y competir globalmente\u201d, un espacio orientado a fortalecer las capacidades del sector exportador dominicano frente a los retos\u2026","rel":"","context":"En \u00abECONOM\u00cdA\u00bb","block_context":{"text":"ECONOM\u00cdA","link":"https:\/\/lasprimeras.com.do\/index.php\/category\/economia\/"},"img":{"alt_text":"","src":"https:\/\/i0.wp.com\/lasprimeras.com.do\/wp-content\/uploads\/2026\/04\/IMG-20260429-WA0799.jpg?resize=350%2C200&ssl=1","width":350,"height":200,"srcset":"https:\/\/i0.wp.com\/lasprimeras.com.do\/wp-content\/uploads\/2026\/04\/IMG-20260429-WA0799.jpg?resize=350%2C200&ssl=1 1x, https:\/\/i0.wp.com\/lasprimeras.com.do\/wp-content\/uploads\/2026\/04\/IMG-20260429-WA0799.jpg?resize=525%2C300&ssl=1 1.5x, https:\/\/i0.wp.com\/lasprimeras.com.do\/wp-content\/uploads\/2026\/04\/IMG-20260429-WA0799.jpg?resize=700%2C400&ssl=1 2x, https:\/\/i0.wp.com\/lasprimeras.com.do\/wp-content\/uploads\/2026\/04\/IMG-20260429-WA0799.jpg?resize=1050%2C600&ssl=1 3x"},"classes":[]},{"id":123169,"url":"https:\/\/lasprimeras.com.do\/index.php\/2026\/02\/26\/espana-amplia-su-inversion-en-rd-del-turismo-a-la-energia-la-industria-y-la-conectividad\/","url_meta":{"origin":56926,"position":4},"title":"Espa\u00f1a ampl\u00eda su inversi\u00f3n en RD: del turismo a la energ\u00eda, la industria y la conectividad","author":"Nelson Feliz","date":"26 de febrero de 2026","format":false,"excerpt":"Biviana Riveiro subraya que la cercan\u00eda cultural impulsa inversiones canalizadas por ProDominicana. Madrid.- La directora ejecutiva del Centro de Exportaci\u00f3n e Inversi\u00f3n de la Rep\u00fablica Dominicana\u00a0(ProDominicana), Biviana Riveiro, se\u00f1al\u00f3 que la\u00a0apuesta del capital espa\u00f1ol por el pa\u00eds ha superado el turismo para alcanzar\u00a0la energ\u00eda, la industria y la conectividad,en una\u2026","rel":"","context":"En \u00abECONOM\u00cdA\u00bb","block_context":{"text":"ECONOM\u00cdA","link":"https:\/\/lasprimeras.com.do\/index.php\/category\/economia\/"},"img":{"alt_text":"","src":"https:\/\/i0.wp.com\/lasprimeras.com.do\/wp-content\/uploads\/2026\/02\/ProDominicana-2.jpg?resize=350%2C200&ssl=1","width":350,"height":200,"srcset":"https:\/\/i0.wp.com\/lasprimeras.com.do\/wp-content\/uploads\/2026\/02\/ProDominicana-2.jpg?resize=350%2C200&ssl=1 1x, https:\/\/i0.wp.com\/lasprimeras.com.do\/wp-content\/uploads\/2026\/02\/ProDominicana-2.jpg?resize=525%2C300&ssl=1 1.5x, https:\/\/i0.wp.com\/lasprimeras.com.do\/wp-content\/uploads\/2026\/02\/ProDominicana-2.jpg?resize=700%2C400&ssl=1 2x, https:\/\/i0.wp.com\/lasprimeras.com.do\/wp-content\/uploads\/2026\/02\/ProDominicana-2.jpg?resize=1050%2C600&ssl=1 3x"},"classes":[]},{"id":124450,"url":"https:\/\/lasprimeras.com.do\/index.php\/2026\/03\/12\/prodominicana-reconoce-a-empresas-en-vanguardia-exportadora\/","url_meta":{"origin":56926,"position":5},"title":"ProDominicana reconoce a empresas en Vanguardia Exportadora","author":"Nelson Feliz","date":"12 de marzo de 2026","format":false,"excerpt":"Exportaciones dominicanas crecen 14.4% en 2025 El Centro de Exportaci\u00f3n e Inversi\u00f3n de la Rep\u00fablica Dominicana (ProDominicana) celebr\u00f3 la segunda edici\u00f3n del reconocimiento \u201cVanguardia Exportadora\u201d, un evento que destaca a las empresas que han logrado posicionar con \u00e9xito sus productos y servicios en los mercados internacionales durante el a\u00f1o 2025.\u2026","rel":"","context":"En \u00abECONOM\u00cdA\u00bb","block_context":{"text":"ECONOM\u00cdA","link":"https:\/\/lasprimeras.com.do\/index.php\/category\/economia\/"},"img":{"alt_text":"Vanguardia Exportadora","src":"https:\/\/i0.wp.com\/lasprimeras.com.do\/wp-content\/uploads\/2026\/03\/Vanguardia-Exportadora.jpg?resize=350%2C200&ssl=1","width":350,"height":200,"srcset":"https:\/\/i0.wp.com\/lasprimeras.com.do\/wp-content\/uploads\/2026\/03\/Vanguardia-Exportadora.jpg?resize=350%2C200&ssl=1 1x, https:\/\/i0.wp.com\/lasprimeras.com.do\/wp-content\/uploads\/2026\/03\/Vanguardia-Exportadora.jpg?resize=525%2C300&ssl=1 1.5x, https:\/\/i0.wp.com\/lasprimeras.com.do\/wp-content\/uploads\/2026\/03\/Vanguardia-Exportadora.jpg?resize=700%2C400&ssl=1 2x"},"classes":[]}],"jetpack_sharing_enabled":true,"_links":{"self":[{"href":"https:\/\/lasprimeras.com.do\/index.php\/wp-json\/wp\/v2\/posts\/56926","targetHints":{"allow":["GET"]}}],"collection":[{"href":"https:\/\/lasprimeras.com.do\/index.php\/wp-json\/wp\/v2\/posts"}],"about":[{"href":"https:\/\/lasprimeras.com.do\/index.php\/wp-json\/wp\/v2\/types\/post"}],"author":[{"embeddable":true,"href":"https:\/\/lasprimeras.com.do\/index.php\/wp-json\/wp\/v2\/users\/2"}],"replies":[{"embeddable":true,"href":"https:\/\/lasprimeras.com.do\/index.php\/wp-json\/wp\/v2\/comments?post=56926"}],"version-history":[{"count":1,"href":"https:\/\/lasprimeras.com.do\/index.php\/wp-json\/wp\/v2\/posts\/56926\/revisions"}],"predecessor-version":[{"id":56928,"href":"https:\/\/lasprimeras.com.do\/index.php\/wp-json\/wp\/v2\/posts\/56926\/revisions\/56928"}],"wp:featuredmedia":[{"embeddable":true,"href":"https:\/\/lasprimeras.com.do\/index.php\/wp-json\/wp\/v2\/media\/56927"}],"wp:attachment":[{"href":"https:\/\/lasprimeras.com.do\/index.php\/wp-json\/wp\/v2\/media?parent=56926"}],"wp:term":[{"taxonomy":"category","embeddable":true,"href":"https:\/\/lasprimeras.com.do\/index.php\/wp-json\/wp\/v2\/categories?post=56926"},{"taxonomy":"post_tag","embeddable":true,"href":"https:\/\/lasprimeras.com.do\/index.php\/wp-json\/wp\/v2\/tags?post=56926"}],"curies":[{"name":"wp","href":"https:\/\/api.w.org\/{rel}","templated":true}]}}