{"id":56935,"date":"2023-08-07T10:18:34","date_gmt":"2023-08-07T14:18:34","guid":{"rendered":"https:\/\/lasprimeras.com.do\/?p=56935"},"modified":"2023-08-07T10:18:36","modified_gmt":"2023-08-07T14:18:36","slug":"el-presidente-abinader-esta-en-un-momento-crucial","status":"publish","type":"post","link":"https:\/\/lasprimeras.com.do\/index.php\/2023\/08\/07\/el-presidente-abinader-esta-en-un-momento-crucial\/","title":{"rendered":"El presidente Abinader est\u00e1 en un momento crucial"},"content":{"rendered":"\n<p>Por Elio Valdez<\/p>\n\n\n\n<p>El presidente Luis Abinader se encuentra en uno de los momentos m\u00e1s importantes y cruciales de su carrera pol\u00edtica. O lo que es lo mismo: Est\u00e1 en una encrucijada que hasta puede definir su futuro pol\u00edtico y su aspiraci\u00f3n a la reelecci\u00f3n.<\/p>\n\n\n\n<p>En estos momentos el mandatario debe decir, sin titubeos, a qu\u00e9 grupo complace o se mantiene aliado de las posiciones pol\u00edticas a lo interno del oficialista Partido Revolucionario Moderno que \u00e9l lidera.<\/p>\n\n\n\n<p>Pero, \u00bfa qu\u00e9 me refiero de manera concreta? Sencillo: A que Abinader est\u00e1 en la obligaci\u00f3n de tomar la decisi\u00f3n firme respecto a esa realidad.<\/p>\n\n\n\n<p>Significa que debe tener un \u201csabio acuerdo\u201d con el ex presidente y compa\u00f1ero de partido Hip\u00f3lito Mejia. Pero, \u00bfc\u00f3mo lo hace?<\/p>\n\n\n\n<p>Creo que la respuesta es tambi\u00e9n sencilla: debe de no aceptar a Carolina Mej\u00eda (la hija mimada de Hip\u00f3lito) como candidata a la vicepresidencia. Con esa valiente decisi\u00f3n podr\u00eda trazar la raya y de esa manera establecer diferencia con \u201cPapa Hip\u00f3lito\u201d.<\/p>\n\n\n\n<p>Sin embargo, tomar esa actitud tiene un precio pol\u00edtico muy alto debido a que m\u00e1s de la mitad de los ministros y funcionarios medios del gobierno pertenecen al grupo de Mej\u00eda e igualmente precisar que los cuerpos castrense tambi\u00e9n responden del llamado \u201cGuapo de Gurabo\u201d.<\/p>\n\n\n\n<p>Pero, \u00bfromper las relaciones con Mej\u00eda?<\/p>\n\n\n\n<p>El otro camino que se podr\u00eda dar en tan compleja situaci\u00f3n pol\u00edtica,es romper las relaciones y la llamada \u201cjuntilla\u201d con el grupo empresarial del Cibao y no repetir la f\u00f3rmula con la actual vicepresidenta Raquel Pe\u00f1a.<\/p>\n\n\n\n<p>Hay que anotar, aunque esta opini\u00f3n no caiga bien en algunos sectores f\u00e1ticos, lo se\u00f1alado podr\u00eda calificarse como negativo.<\/p>\n\n\n\n<p>Sobre este importante aspecto decir que Raquel que Pe\u00f1a -y tambi\u00e9n es un criterio que no debe encontrar oposici\u00f3n- es una se\u00f1ora que en un momento dado de la presente administraci\u00f3n de Abinader, seg\u00fan repotes cre\u00edbles, \u201cle hizo sombra al mandatario, pero pronto decidi\u00f3 \u201cbajar la guardia\u201d.<\/p>\n\n\n\n<p>No obstante, exponer que en pol\u00edtica nada debe descartarse por lo que esa actitud de Raquel Pe\u00f1a podr\u00eda repetirse.<\/p>\n\n\n\n<p>Es que el grupo empresarial del Cibao tiene el poder para imponer sus ideas a nivel de Estado y partiendo de lo que se observa en ese segmento social, no descartar -y esta es una especie que tambi\u00e9n podr\u00eda tener visos de realidad- que infuyentes miembros del mismo poderoso grupo del Cibao se acerquen (\u00bf?) al proyecto pol\u00edtico del expresidente Leonel Fern\u00e1ndez, l\u00edder del partido Fuerza del Pueblo.<\/p>\n\n\n\n<p>As\u00ed las cosas, en los meses por venir el presidente Abinader tendr\u00eda \u201cuna papa caliente\u201d en sus manos. Esta situaci\u00f3n lo obligar\u00e1 a manejar tener un accionar estrat\u00e9gico inteligente.<\/p>\n\n\n\n<p>Dependiente c\u00f3mo el mandatario maneje esa realidad, podr\u00eda depender su anhelada aspiraci\u00f3n de reelegirse por cuatro a\u00f1os m\u00e1s.<\/p>\n\n\n\n<p>Asimismo, hay que tener bien claro que si Abinader pierde la elecciones del 24, le ser\u00eda muy dif\u00edcil -pr\u00e1cticamente imposible- volver a gobernar el pa\u00eds tras venideras consultas electorales. Y es que, por l\u00f3gica, en el PRM tiene muchos dirigentes detr\u00e1s esperando su turno.<\/p>\n\n\n\n<p>Entonces es obvio que sus compa\u00f1eros perreme\u00edstas no le dar\u00edan el apoyo que recibi\u00f3 en los pasados procesos de los a\u00f1os 2016 y 2020.<\/p>\n\n\n\n<p>\u00a1M\u00e1s claro de ah\u00ed, \u00a1ni el agua cristalina!<\/p>\n","protected":false},"excerpt":{"rendered":"<p>Por Elio Valdez El presidente Luis Abinader se encuentra en uno de los momentos m\u00e1s importantes y cruciales de su carrera pol\u00edtica. O lo que es lo mismo: Est\u00e1 en&hellip;<\/p>\n","protected":false},"author":2,"featured_media":56936,"comment_status":"open","ping_status":"open","sticky":false,"template":"","format":"standard","meta":{"content-type":"","jetpack_post_was_ever_published":false,"_jetpack_newsletter_access":"","_jetpack_dont_email_post_to_subs":false,"_jetpack_newsletter_tier_id":0,"_jetpack_memberships_contains_paywalled_content":false,"_jetpack_memberships_contains_paid_content":false,"footnotes":""},"categories":[95,25],"tags":[5899],"class_list":["post-56935","post","type-post","status-publish","format-standard","has-post-thumbnail","hentry","category-opinion","category-portada","tag-el-presidente-abinader-esta-en-un-momento-crucial"],"jetpack_featured_media_url":"https:\/\/lasprimeras.com.do\/wp-content\/uploads\/2023\/08\/Elio-Valdez.jpg","jetpack-related-posts":[{"id":100643,"url":"https:\/\/lasprimeras.com.do\/index.php\/2025\/06\/09\/rosalia-sosa-abinader-no-debe-asumir-la-presidencia-del-prm\/","url_meta":{"origin":56935,"position":0},"title":"Rosal\u00eda Sosa: \u201cAbinader no debe asumir la presidencia del PRM\u201d","author":"Nelson Feliz","date":"9 de junio de 2025","format":false,"excerpt":"La Vicerrectora de Extensi\u00f3n de la Universidad Aut\u00f3noma de Santo Domingo (UASD) y miembro del Movimiento C\u00edvico no Partidista (Participaci\u00f3n Ciudadana), Rosal\u00eda Sosa, expres\u00f3 este lunes su desacuerdo con la posibilidad de que el presidente Luis Abinader asuma la presidencia del Partido Revolucionario Moderno (PRM), advirtiendo que ello representar\u00eda un\u2026","rel":"","context":"En \u00abPOLITICA\u00bb","block_context":{"text":"POLITICA","link":"https:\/\/lasprimeras.com.do\/index.php\/category\/politica\/"},"img":{"alt_text":"","src":"https:\/\/i0.wp.com\/lasprimeras.com.do\/wp-content\/uploads\/2025\/06\/Rosalia-Sosa.jpg?resize=350%2C200&ssl=1","width":350,"height":200,"srcset":"https:\/\/i0.wp.com\/lasprimeras.com.do\/wp-content\/uploads\/2025\/06\/Rosalia-Sosa.jpg?resize=350%2C200&ssl=1 1x, https:\/\/i0.wp.com\/lasprimeras.com.do\/wp-content\/uploads\/2025\/06\/Rosalia-Sosa.jpg?resize=525%2C300&ssl=1 1.5x"},"classes":[]},{"id":87918,"url":"https:\/\/lasprimeras.com.do\/index.php\/2024\/08\/19\/partido-y-movimientos-politicos-clave-del-triunfo-de-luis-abinader-y-el-prm-en-las-pasadas-elecciones\/","url_meta":{"origin":56935,"position":1},"title":"Partido y movimientos pol\u00edticos: clave del triunfo de Luis Abinader y el PRM en las pasadas elecciones","author":"Nelson Feliz","date":"19 de agosto de 2024","format":false,"excerpt":"Ante la incertidumbre generada por la falta de designaci\u00f3n de dirigentes y miembros de los diferentes movimientos pol\u00edticos que han apoyado a Luis Abinader desde sus primeras aspiraciones presidenciales, William Lockward, coordinador general de \u00c9lite Team, asegur\u00f3 que el jefe de Estado tomar\u00e1 en cuenta a todos los que contribuyeron\u2026","rel":"","context":"En \u00abSin categor\u00eda\u00bb","block_context":{"text":"Sin categor\u00eda","link":"https:\/\/lasprimeras.com.do\/index.php\/category\/sin-categoria\/"},"img":{"alt_text":"movimientos","src":"https:\/\/i0.wp.com\/lasprimeras.com.do\/wp-content\/uploads\/2024\/08\/movimientos.jpg?resize=350%2C200&ssl=1","width":350,"height":200,"srcset":"https:\/\/i0.wp.com\/lasprimeras.com.do\/wp-content\/uploads\/2024\/08\/movimientos.jpg?resize=350%2C200&ssl=1 1x, https:\/\/i0.wp.com\/lasprimeras.com.do\/wp-content\/uploads\/2024\/08\/movimientos.jpg?resize=525%2C300&ssl=1 1.5x, https:\/\/i0.wp.com\/lasprimeras.com.do\/wp-content\/uploads\/2024\/08\/movimientos.jpg?resize=700%2C400&ssl=1 2x"},"classes":[]},{"id":117142,"url":"https:\/\/lasprimeras.com.do\/index.php\/2025\/12\/08\/bautista-rojas-gomez-denuncia-crisis-en-senasa-y-el-sector-salud\/","url_meta":{"origin":56935,"position":2},"title":"Bautista Rojas G\u00f3mez denuncia crisis en SENASA y el sector salud","author":"Nelson Feliz","date":"8 de diciembre de 2025","format":false,"excerpt":"Advierte sobre alto costo del cerdo navide\u00f1o y posible movilizaci\u00f3n popular El prominente dirigente pol\u00edtico y secretario de Organizaci\u00f3n de la Fuerza del Pueblo (FP), Dr. Bautista Rojas G\u00f3mez, ha lanzado fuertes acusaciones contra la administraci\u00f3n del presidente Luis Abinader, centrando sus cr\u00edticas en la gesti\u00f3n de la Seguro Nacional\u2026","rel":"","context":"En \u00abPOLITICA\u00bb","block_context":{"text":"POLITICA","link":"https:\/\/lasprimeras.com.do\/index.php\/category\/politica\/"},"img":{"alt_text":"Bautista Rojas G\u00f3mez","src":"https:\/\/i0.wp.com\/lasprimeras.com.do\/wp-content\/uploads\/2025\/12\/Bautista-Rojas-Gomez.jpg?resize=350%2C200&ssl=1","width":350,"height":200,"srcset":"https:\/\/i0.wp.com\/lasprimeras.com.do\/wp-content\/uploads\/2025\/12\/Bautista-Rojas-Gomez.jpg?resize=350%2C200&ssl=1 1x, https:\/\/i0.wp.com\/lasprimeras.com.do\/wp-content\/uploads\/2025\/12\/Bautista-Rojas-Gomez.jpg?resize=525%2C300&ssl=1 1.5x, https:\/\/i0.wp.com\/lasprimeras.com.do\/wp-content\/uploads\/2025\/12\/Bautista-Rojas-Gomez.jpg?resize=700%2C400&ssl=1 2x, https:\/\/i0.wp.com\/lasprimeras.com.do\/wp-content\/uploads\/2025\/12\/Bautista-Rojas-Gomez.jpg?resize=1050%2C600&ssl=1 3x"},"classes":[]},{"id":127857,"url":"https:\/\/lasprimeras.com.do\/index.php\/2026\/04\/16\/mochotran-destaca-labor-de-abinader-al-congelar-combustibles-califica-medida-como-una-accion-patriotica\/","url_meta":{"origin":56935,"position":3},"title":"Mochotran destaca labor de Abinader al congelar combustibles; califica medida como una \u201cacci\u00f3n patri\u00f3tica\u201d","author":"Nelson Feliz","date":"16 de abril de 2026","format":false,"excerpt":"Por Martin Restituyo El presidente del Grupo de Empresas de Transporte Mochotran, Alfredo Pulinario Mariot (Tito), salud\u00f3 con entusiasmo la iniciativa del mandatario Luis Abinader de mantener congelados los precios de los combustibles para la pr\u00f3xima semana. El dirigente choferil destac\u00f3 que esta decisi\u00f3n gubernamental llega en un momento crucial\u2026","rel":"","context":"En \u00abECONOM\u00cdA\u00bb","block_context":{"text":"ECONOM\u00cdA","link":"https:\/\/lasprimeras.com.do\/index.php\/category\/economia\/"},"img":{"alt_text":"","src":"https:\/\/i0.wp.com\/lasprimeras.com.do\/wp-content\/uploads\/2026\/04\/Tito-Pulinario-dia-del-periodista.jpg?resize=350%2C200&ssl=1","width":350,"height":200},"classes":[]},{"id":102917,"url":"https:\/\/lasprimeras.com.do\/index.php\/2025\/07\/10\/yayo-sanz-lovaton-apoya-advertencia-de-abinader-de-cancelar-funcionarios-que-hagan-politica\/","url_meta":{"origin":56935,"position":4},"title":"Yayo Sanz Lovat\u00f3n apoya advertencia de Abinader de cancelar funcionarios que hagan pol\u00edtica","author":"Nelson Feliz","date":"10 de julio de 2025","format":false,"excerpt":"El director general de Aduanas, Eduardo Sanz Lovat\u00f3n, respald\u00f3 la advertencia del presidente Luis Abinader a sus funcionarios de que no podr\u00e1n realizar proselitismo o campa\u00f1a pol\u00edtica desde cargos p\u00fablicos, \u00f3 ser\u00e1n cancelados. \u201cNuestra lucha fue para lograr los cambios en marcha. As\u00ed fundamos un partido de la nada cuando\u2026","rel":"","context":"En \u00abPOLITICA\u00bb","block_context":{"text":"POLITICA","link":"https:\/\/lasprimeras.com.do\/index.php\/category\/politica\/"},"img":{"alt_text":"Yayo Sanz Lovat\u00f3n","src":"https:\/\/i0.wp.com\/lasprimeras.com.do\/wp-content\/uploads\/2025\/07\/Yayo-Sanz-Lovaton.jpg?resize=350%2C200&ssl=1","width":350,"height":200,"srcset":"https:\/\/i0.wp.com\/lasprimeras.com.do\/wp-content\/uploads\/2025\/07\/Yayo-Sanz-Lovaton.jpg?resize=350%2C200&ssl=1 1x, https:\/\/i0.wp.com\/lasprimeras.com.do\/wp-content\/uploads\/2025\/07\/Yayo-Sanz-Lovaton.jpg?resize=525%2C300&ssl=1 1.5x"},"classes":[]},{"id":125512,"url":"https:\/\/lasprimeras.com.do\/index.php\/2026\/03\/23\/udc-apoya-medidas-de-abinader-para-enfrentar-alza-de-combustibles\/","url_meta":{"origin":56935,"position":5},"title":"UDC apoya medidas de Abinader para enfrentar alza de combustibles","author":"Nelson Feliz","date":"23 de marzo de 2026","format":false,"excerpt":"El l\u00edder de la Uni\u00f3n Dem\u00f3crata Cristiana \u2013UDC, Luis Acosta Moreta, Luis \u201cEl Gallo\u201d, respald\u00f3 hoy las medidas tomadas por el presidente Luis Abinader para hacer frente a la crisis de los combustibles, y llam\u00f3 a un pacto nacional para buscar soluciones inmediatas. Destac\u00f3 que el presidente Abinader est\u00e1 trabajando\u2026","rel":"","context":"En \u00abPOLITICA\u00bb","block_context":{"text":"POLITICA","link":"https:\/\/lasprimeras.com.do\/index.php\/category\/politica\/"},"img":{"alt_text":"Luis Acosta Moreta","src":"https:\/\/i0.wp.com\/lasprimeras.com.do\/wp-content\/uploads\/2025\/04\/Luis-Acosta-Moreta.jpg?resize=350%2C200&ssl=1","width":350,"height":200,"srcset":"https:\/\/i0.wp.com\/lasprimeras.com.do\/wp-content\/uploads\/2025\/04\/Luis-Acosta-Moreta.jpg?resize=350%2C200&ssl=1 1x, https:\/\/i0.wp.com\/lasprimeras.com.do\/wp-content\/uploads\/2025\/04\/Luis-Acosta-Moreta.jpg?resize=525%2C300&ssl=1 1.5x, https:\/\/i0.wp.com\/lasprimeras.com.do\/wp-content\/uploads\/2025\/04\/Luis-Acosta-Moreta.jpg?resize=700%2C400&ssl=1 2x"},"classes":[]}],"jetpack_sharing_enabled":true,"_links":{"self":[{"href":"https:\/\/lasprimeras.com.do\/index.php\/wp-json\/wp\/v2\/posts\/56935","targetHints":{"allow":["GET"]}}],"collection":[{"href":"https:\/\/lasprimeras.com.do\/index.php\/wp-json\/wp\/v2\/posts"}],"about":[{"href":"https:\/\/lasprimeras.com.do\/index.php\/wp-json\/wp\/v2\/types\/post"}],"author":[{"embeddable":true,"href":"https:\/\/lasprimeras.com.do\/index.php\/wp-json\/wp\/v2\/users\/2"}],"replies":[{"embeddable":true,"href":"https:\/\/lasprimeras.com.do\/index.php\/wp-json\/wp\/v2\/comments?post=56935"}],"version-history":[{"count":1,"href":"https:\/\/lasprimeras.com.do\/index.php\/wp-json\/wp\/v2\/posts\/56935\/revisions"}],"predecessor-version":[{"id":56937,"href":"https:\/\/lasprimeras.com.do\/index.php\/wp-json\/wp\/v2\/posts\/56935\/revisions\/56937"}],"wp:featuredmedia":[{"embeddable":true,"href":"https:\/\/lasprimeras.com.do\/index.php\/wp-json\/wp\/v2\/media\/56936"}],"wp:attachment":[{"href":"https:\/\/lasprimeras.com.do\/index.php\/wp-json\/wp\/v2\/media?parent=56935"}],"wp:term":[{"taxonomy":"category","embeddable":true,"href":"https:\/\/lasprimeras.com.do\/index.php\/wp-json\/wp\/v2\/categories?post=56935"},{"taxonomy":"post_tag","embeddable":true,"href":"https:\/\/lasprimeras.com.do\/index.php\/wp-json\/wp\/v2\/tags?post=56935"}],"curies":[{"name":"wp","href":"https:\/\/api.w.org\/{rel}","templated":true}]}}