{"id":56951,"date":"2023-08-07T12:46:21","date_gmt":"2023-08-07T16:46:21","guid":{"rendered":"https:\/\/lasprimeras.com.do\/?p=56951"},"modified":"2023-08-07T12:46:23","modified_gmt":"2023-08-07T16:46:23","slug":"abel-martinez-confirma-que-el-pld-la-fp-y-el-prd-buscan-conformar-un-acuerdo-opositor","status":"publish","type":"post","link":"https:\/\/lasprimeras.com.do\/index.php\/2023\/08\/07\/abel-martinez-confirma-que-el-pld-la-fp-y-el-prd-buscan-conformar-un-acuerdo-opositor\/","title":{"rendered":"Abel Mart\u00ednez confirma que el PLD, la FP y el PRD buscan conformar un acuerdo opositor"},"content":{"rendered":"\n<p><strong>El dirigente pelede\u00edsta y alcalde de Santiago opina que el pacto podr\u00eda surgir desde las elecciones municipales o aplicarse a la segunda vuelta del proceso presidencial de 2024.<\/strong><\/p>\n\n\n\n<p>La propuesta que hace el candidato presidencial del Partido de la Liberaci\u00f3n Dominicana (PLD), Abel Mart\u00ednez, es contundente: que se forme un bloque opositor firmado desde ahora para enfrentar al Partido Revolucionario Moderno (PRM), sea desde las elecciones municipales o en la segunda vuelta de las elecciones de 2024.<\/p>\n\n\n\n<p>Para Mart\u00ednez, el partido de oposici\u00f3n que clasifique en la primera vuelta en las elecciones presidenciales de 2024 debe ser apoyado en la segunda ronda por las otras formaciones de la oposici\u00f3n, aunque entiende que ese pacto puede surgir desde las elecciones municipales.<\/p>\n\n\n\n<p>El tambi\u00e9n Alcalde de Santiago manifest\u00f3 que el PLD est\u00e1 en conversaciones con los partidos Fuerza del Pueblo y el Partido Revolucionario Dominicano (PRD) y se les plantear\u00e1 su idea, la cual espera acojan.<\/p>\n\n\n\n<p>&#8220;Ojal\u00e1 que los dem\u00e1s partidos, en este caso con los que estamos sentados ya, la Fuerza del Pueblo y el PRD, puedan acoger esta propuesta que nosotros hacemos&#8221;, explic\u00f3 Mart\u00ednez.<\/p>\n\n\n\n<p>La posici\u00f3n del candidato pelede\u00edsta fue propuesta a la Comisi\u00f3n de Alianzas del PLD, la cual espera la tome en consideraci\u00f3n, pero se\u00f1ala que no quiere interferir en la toma de estas decisiones tan trascendentales.<\/p>\n\n\n\n<p>&#8220;Hay una comisi\u00f3n sentada hablando con las dem\u00e1s fuerzas pol\u00edticas, eso se ha anunciado. Nosotros no queremos interferir con esa comisi\u00f3n, pero s\u00ed puedo decir que la primera alianza que debe hacerse, y nosotros la hemos propuesto y se la hemos dicho a los que nos representan en esa comisi\u00f3n, es que en la primera vuelta electoral el partido de oposici\u00f3n que clasifique sea apoyado en la segunda vuelta electoral por los otros partidos que participen en ese acuerdo&#8221;, declar\u00f3 Mart\u00ednez en el Di\u00e1logo Libre.<\/p>\n\n\n\n<p>El fin de esta propuesta es que los partidos de oposici\u00f3n se apoyen entre s\u00ed para enfrentar al Partido Revolucionario Moderno (PRM), ya que entiende que la organizaci\u00f3n oficialista puede clasificar para una segunda vuelta.<\/p>\n\n\n\n<p>&#8220;La estamos haciendo p\u00fablica ahora ante este prestigioso medio de comunicaci\u00f3n, pero la adelantamos, eso debemos firmarlo desde ya&#8221;, afirm\u00f3.<\/p>\n\n\n\n<p>Explic\u00f3 que en la mesa de negociaciones se est\u00e1 planteando la posibilidad de que en las elecciones de febrero en algunos lugares los partidos de oposici\u00f3n apoyen entre s\u00ed a algunos candidatos, esto dependiendo de las expectativas de cada organizaci\u00f3n pol\u00edtica.<\/p>\n\n\n\n<p>&#8220;Independientemente de las de febrero (elecciones municipales) que lleguemos o no a una a alianza, debe existir una alianza establecida desde ahora, firmada, y un compromiso nacional de que el que clasifique sea apoyado por las dem\u00e1s fuerzas de oposici\u00f3n&#8221;, dijo.<\/p>\n\n\n\n<p>Sobre si Danilo Medina apoya su planteamiento, Mart\u00ednez explic\u00f3 que \u00e9l est\u00e1 comprometido con que el pa\u00eds tenga un nuevo rumbo.<\/p>\n\n\n\n<p><strong>Una segunda vuelta<\/strong><\/p>\n\n\n\n<p>Al ser cuestionado sobre si el PLD estar\u00eda dispuesto a apoyar a la Fuerza del Pueblo en caso de una segunda vuelta, Mart\u00ednez indic\u00f3 que la organizaci\u00f3n que representar\u00e1 en los comicios del 2024 est\u00e1 trabajando para &#8220;irse&#8221; en una primera vuelta.<\/p>\n\n\n\n<p>&#8220;Estamos trabajando para el primer lugar. Hoy en d\u00eda la realidad plantea un escenario de segunda vuelta, eso al d\u00eda de hoy no podemos decir que no es as\u00ed, eso pudiera cambiar a principios de a\u00f1o, al final de este a\u00f1o, la situaci\u00f3n como va y el gobierno desmoron\u00e1ndose&#8221;, expuso el candidato del PLD.<\/p>\n\n\n\n<p>Defendi\u00f3 su planteamiento se\u00f1alando que esa es la propuesta que el PLD debe poner sobre la mesa de las negociaciones en las alianzas, independientemente de que exista una intenci\u00f3n de llegar a acuerdos en algunas municipalidades.<\/p>\n\n\n\n<p>Manifest\u00f3 que si los dem\u00e1s partidos entienden que pueden clasificar: &#8220;No veo raz\u00f3n entonces por lo que no digan que s\u00ed inmediatamente\u2026 Me voy m\u00e1s lejos, yo a eso le agrego la propuesta de que podemos hacerlo, incluso, desde las municipales.<\/p>\n\n\n\n<p>El partido que saque m\u00e1s votos en las municipales, \u00e9se ser\u00e1 entonces el que ir\u00e1 en la primera vuelta como partido apoyado por el partido de oposici\u00f3n que participe en el acuerdo&#8221;.<\/p>\n\n\n\n<p><strong>A\u00fan no ha elegido a su vicepresidente<\/strong><\/p>\n\n\n\n<p>Sobre si ya el partido eligi\u00f3 qui\u00e9n ser\u00e1 su compa\u00f1ero o compa\u00f1era de boleta, Mart\u00ednez indic\u00f3 que ese es un tema que no se ha tratado, porque es prematuro, y que a lo interno del PLD se est\u00e1 trabajando en el territorio nacional y en el exterior de cara a las elecciones de 2024, por lo cual el tema, por ahora, no es prioritario.<\/p>\n\n\n\n<p>&#8220;En caso de la que ser\u00e1 la candidata o candidato, porque la ley as\u00ed lo prev\u00e9, todav\u00eda no es el momento, pero llegar\u00e1 el momento, pero sabemos que ser\u00e1 una buena selecci\u00f3n&#8221;, puntualiz\u00f3. Para el candidato presidencial pelede\u00edsta a\u00fan \u00e9l no se puede adelantar a tomar una decisi\u00f3n sobre qui\u00e9n lo acompa\u00f1ar\u00e1 en la boleta, ya que todav\u00eda no se ha contemplado, pero dice que el partido lo discutir\u00e1 en el futuro.<\/p>\n\n\n\n<p><strong>Alcald\u00eda de Santiago<\/strong><\/p>\n\n\n\n<p>El candidato presidencial explic\u00f3 que los santiagueros son celosos con su ciudad y por ello no se van a arriesgar, por lo cual el pr\u00f3ximo alcalde de la Ciudad Coraz\u00f3n ser\u00eda pelede\u00edsta.<\/p>\n\n\n\n<p>&#8220;Nosotros no podemos arriesgarnos a que Santiago vuelva atr\u00e1s, no me queda ninguna duda que la alcald\u00eda quedar\u00e1 en manos de un pelede\u00edsta, de un PLD que fue que rescat\u00f3 a Santiago y lo transform\u00f3&#8221;, explic\u00f3.<\/p>\n","protected":false},"excerpt":{"rendered":"<p>El dirigente pelede\u00edsta y alcalde de Santiago opina que el pacto podr\u00eda surgir desde las elecciones municipales o aplicarse a la segunda vuelta del proceso presidencial de 2024. La propuesta&hellip;<\/p>\n","protected":false},"author":2,"featured_media":53580,"comment_status":"open","ping_status":"open","sticky":false,"template":"","format":"standard","meta":{"content-type":"","jetpack_post_was_ever_published":false,"_jetpack_newsletter_access":"","_jetpack_dont_email_post_to_subs":false,"_jetpack_newsletter_tier_id":0,"_jetpack_memberships_contains_paywalled_content":false,"_jetpack_memberships_contains_paid_content":false,"footnotes":""},"categories":[1],"tags":[822],"class_list":["post-56951","post","type-post","status-publish","format-standard","has-post-thumbnail","hentry","category-sin-categoria","tag-abel-martinez"],"jetpack_featured_media_url":"https:\/\/lasprimeras.com.do\/wp-content\/uploads\/2023\/06\/Abel-Martinez.jpg","jetpack-related-posts":[{"id":58237,"url":"https:\/\/lasprimeras.com.do\/index.php\/2023\/08\/21\/leonel-y-abel-se-apoyaran-en-una-segunda-vuelta-electoral\/","url_meta":{"origin":56951,"position":0},"title":"Leonel y Abel se apoyar\u00e1n en una segunda vuelta electoral","author":"Nelson Feliz","date":"21 de agosto de 2023","format":false,"excerpt":"Con el Partido Revolucionario Dominicano (PRD) de intermediario, el Partido de la Liberaci\u00f3n Dominicana (PLD) y la Fuerza del Pueblo (FP) caminar\u00e1n juntos para las elecciones del 2024, un acuerdo que sorprende debido a la rivalidad entre las dos organizaciones pol\u00edticas tras la renuncia de Leonel Fern\u00e1ndez en el 2019,\u2026","rel":"","context":"En \u00abSin categor\u00eda\u00bb","block_context":{"text":"Sin categor\u00eda","link":"https:\/\/lasprimeras.com.do\/index.php\/category\/sin-categoria\/"},"img":{"alt_text":"","src":"https:\/\/i0.wp.com\/lasprimeras.com.do\/wp-content\/uploads\/2023\/08\/opositores-efd40cf7-focus-0-0-546-350.jpg?resize=350%2C200&ssl=1","width":350,"height":200,"srcset":"https:\/\/i0.wp.com\/lasprimeras.com.do\/wp-content\/uploads\/2023\/08\/opositores-efd40cf7-focus-0-0-546-350.jpg?resize=350%2C200&ssl=1 1x, https:\/\/i0.wp.com\/lasprimeras.com.do\/wp-content\/uploads\/2023\/08\/opositores-efd40cf7-focus-0-0-546-350.jpg?resize=525%2C300&ssl=1 1.5x"},"classes":[]},{"id":51128,"url":"https:\/\/lasprimeras.com.do\/index.php\/2023\/05\/27\/pena-guaba-abel-martinez-puede-lograr-hundir-al-pld\/","url_meta":{"origin":56951,"position":1},"title":"Pe\u00f1a Guaba: \u201cAbel Mart\u00ednez puede lograr hundir al PLD\u201d","author":"prenxa100","date":"27 de mayo de 2023","format":false,"excerpt":"Santo Domingo.- El presidente del Bloque Institucional Socialdemocrata (BIS), Jos\u00e9 Francisco Pe\u00f1a Guaba, dijo que Abel Mart\u00ednez puede lograr hundir al Partido de la Liberaci\u00f3n Dominicana en las pr\u00f3ximas elecciones presidenciales del 2024. \u201cEl Alcalde Mart\u00ednez puede lograr hundir al PLD, negar posibilidad a sus candidatos en una coalici\u00f3n opositora\u2026","rel":"","context":"En \u00abSin categor\u00eda\u00bb","block_context":{"text":"Sin categor\u00eda","link":"https:\/\/lasprimeras.com.do\/index.php\/category\/sin-categoria\/"},"img":{"alt_text":"","src":"","width":0,"height":0},"classes":[]},{"id":79383,"url":"https:\/\/lasprimeras.com.do\/index.php\/2024\/03\/26\/ramon-raposo-vaticina-escenario-para-una-segunda-vuelta\/","url_meta":{"origin":56951,"position":2},"title":"Ram\u00f3n Raposo vaticina escenario para una segunda vuelta","author":"Nelson Feliz","date":"26 de marzo de 2024","format":false,"excerpt":"El candidato a diputado nacional del Partido Revolucionario Dominicano (PRD), Ram\u00f3n Raposo vaticin\u00f3 un escenario de segunda vuelta favorable para la oposici\u00f3n. El activista social y pol\u00edtico Ram\u00f3n Raposo destac\u00f3 que el contundente pronunciamiento realizado por los candidatos a la Presidencia por el PRD, Miguel Vargas, junto al candidato del\u2026","rel":"","context":"En \u00abSin categor\u00eda\u00bb","block_context":{"text":"Sin categor\u00eda","link":"https:\/\/lasprimeras.com.do\/index.php\/category\/sin-categoria\/"},"img":{"alt_text":"Ram\u00f3n Raposo","src":"https:\/\/i0.wp.com\/lasprimeras.com.do\/wp-content\/uploads\/2024\/03\/Ramon-Raposo.jpg?resize=350%2C200&ssl=1","width":350,"height":200,"srcset":"https:\/\/i0.wp.com\/lasprimeras.com.do\/wp-content\/uploads\/2024\/03\/Ramon-Raposo.jpg?resize=350%2C200&ssl=1 1x, https:\/\/i0.wp.com\/lasprimeras.com.do\/wp-content\/uploads\/2024\/03\/Ramon-Raposo.jpg?resize=525%2C300&ssl=1 1.5x"},"classes":[]},{"id":76834,"url":"https:\/\/lasprimeras.com.do\/index.php\/2024\/02\/14\/abel-martinez-lo-que-pasara-en-estas-elecciones-sera-un-diluvio-de-votos-morados\/","url_meta":{"origin":56951,"position":3},"title":"Abel Mart\u00ednez: \u00abLo que pasar\u00e1 en estas elecciones ser\u00e1 un diluvio de votos morados\u00bb","author":"Nelson Feliz","date":"14 de febrero de 2024","format":false,"excerpt":"El candidato presidencial por el Partido de la Liberaci\u00f3n Dominicana (PLD), Abel Mart\u00ednez, asegur\u00f3 que en las elecciones municipales habr\u00e1 un \u00abdiluvio de votos morados\u00bb que garantizar\u00e1 el rescate de la Rep\u00fablica Dominicana. El l\u00edder de la oposici\u00f3n habl\u00f3 durante el cierre de campa\u00f1a en la gran \u00abMarcha-Caravana del Triunfo\u00bb\u2026","rel":"","context":"En \u00abPORTADA\u00bb","block_context":{"text":"PORTADA","link":"https:\/\/lasprimeras.com.do\/index.php\/category\/portada\/"},"img":{"alt_text":"ABEL MARTINEZ","src":"https:\/\/i0.wp.com\/lasprimeras.com.do\/wp-content\/uploads\/2024\/02\/aBEL-mARTINEZ-1.jpg?resize=350%2C200&ssl=1","width":350,"height":200,"srcset":"https:\/\/i0.wp.com\/lasprimeras.com.do\/wp-content\/uploads\/2024\/02\/aBEL-mARTINEZ-1.jpg?resize=350%2C200&ssl=1 1x, https:\/\/i0.wp.com\/lasprimeras.com.do\/wp-content\/uploads\/2024\/02\/aBEL-mARTINEZ-1.jpg?resize=525%2C300&ssl=1 1.5x"},"classes":[]},{"id":53482,"url":"https:\/\/lasprimeras.com.do\/index.php\/2023\/06\/26\/encuesta-revela-abel-martinez-y-jeffrey-infante-encabezan-preferencias-en-santiago\/","url_meta":{"origin":56951,"position":4},"title":"Encuesta revela Abel Mart\u00ednez y Jeffrey Infante encabezan preferencias en Santiago","author":"Nelson Feliz","date":"26 de junio de 2023","format":false,"excerpt":"Una reciente encuesta llevada a cabo en el municipio de Santiago, por la firma encuestadora Data Consulting, revela las simpat\u00edas pol\u00edticas y las intenciones de voto de los ciudadanos en relaci\u00f3n con las pr\u00f3ximas elecciones presidenciales y municipales. El estudio, realizado del 9 al 13 de junio de 2023, cont\u00f3\u2026","rel":"","context":"En \u00abPORTADA\u00bb","block_context":{"text":"PORTADA","link":"https:\/\/lasprimeras.com.do\/index.php\/category\/portada\/"},"img":{"alt_text":"","src":"https:\/\/i0.wp.com\/lasprimeras.com.do\/wp-content\/uploads\/2023\/06\/encuesta-cibao.jpg?resize=350%2C200&ssl=1","width":350,"height":200,"srcset":"https:\/\/i0.wp.com\/lasprimeras.com.do\/wp-content\/uploads\/2023\/06\/encuesta-cibao.jpg?resize=350%2C200&ssl=1 1x, https:\/\/i0.wp.com\/lasprimeras.com.do\/wp-content\/uploads\/2023\/06\/encuesta-cibao.jpg?resize=525%2C300&ssl=1 1.5x, https:\/\/i0.wp.com\/lasprimeras.com.do\/wp-content\/uploads\/2023\/06\/encuesta-cibao.jpg?resize=700%2C400&ssl=1 2x"},"classes":[]},{"id":81468,"url":"https:\/\/lasprimeras.com.do\/index.php\/2024\/04\/21\/danilo-medina-habra-segunda-vuelta-y-abel-martinez-sera-el-presidente\/","url_meta":{"origin":56951,"position":5},"title":"Danilo Medina: \u00abHabr\u00e1 segunda vuelta y Abel Mart\u00ednez ser\u00e1 el presidente\u00bb","author":"Nelson Feliz","date":"21 de abril de 2024","format":false,"excerpt":"El dos veces presidente de la Rep\u00fablica Dominicana, Danilo Medina, reiter\u00f3 que no hay forma de que ninguno de los tres partidos gane en la primera vuelta, por lo que habr\u00e1 una segunda que se librar\u00e1 entre el candidato presidencial por el Partido de la Liberaci\u00f3n Dominicana (PLD), Abel Mart\u00ednez\u2026","rel":"","context":"En \u00abPORTADA\u00bb","block_context":{"text":"PORTADA","link":"https:\/\/lasprimeras.com.do\/index.php\/category\/portada\/"},"img":{"alt_text":"Danilo Medina","src":"https:\/\/i0.wp.com\/lasprimeras.com.do\/wp-content\/uploads\/2024\/04\/Danilo-Medina.jpeg?resize=350%2C200&ssl=1","width":350,"height":200,"srcset":"https:\/\/i0.wp.com\/lasprimeras.com.do\/wp-content\/uploads\/2024\/04\/Danilo-Medina.jpeg?resize=350%2C200&ssl=1 1x, https:\/\/i0.wp.com\/lasprimeras.com.do\/wp-content\/uploads\/2024\/04\/Danilo-Medina.jpeg?resize=525%2C300&ssl=1 1.5x"},"classes":[]}],"jetpack_sharing_enabled":true,"_links":{"self":[{"href":"https:\/\/lasprimeras.com.do\/index.php\/wp-json\/wp\/v2\/posts\/56951","targetHints":{"allow":["GET"]}}],"collection":[{"href":"https:\/\/lasprimeras.com.do\/index.php\/wp-json\/wp\/v2\/posts"}],"about":[{"href":"https:\/\/lasprimeras.com.do\/index.php\/wp-json\/wp\/v2\/types\/post"}],"author":[{"embeddable":true,"href":"https:\/\/lasprimeras.com.do\/index.php\/wp-json\/wp\/v2\/users\/2"}],"replies":[{"embeddable":true,"href":"https:\/\/lasprimeras.com.do\/index.php\/wp-json\/wp\/v2\/comments?post=56951"}],"version-history":[{"count":1,"href":"https:\/\/lasprimeras.com.do\/index.php\/wp-json\/wp\/v2\/posts\/56951\/revisions"}],"predecessor-version":[{"id":56952,"href":"https:\/\/lasprimeras.com.do\/index.php\/wp-json\/wp\/v2\/posts\/56951\/revisions\/56952"}],"wp:featuredmedia":[{"embeddable":true,"href":"https:\/\/lasprimeras.com.do\/index.php\/wp-json\/wp\/v2\/media\/53580"}],"wp:attachment":[{"href":"https:\/\/lasprimeras.com.do\/index.php\/wp-json\/wp\/v2\/media?parent=56951"}],"wp:term":[{"taxonomy":"category","embeddable":true,"href":"https:\/\/lasprimeras.com.do\/index.php\/wp-json\/wp\/v2\/categories?post=56951"},{"taxonomy":"post_tag","embeddable":true,"href":"https:\/\/lasprimeras.com.do\/index.php\/wp-json\/wp\/v2\/tags?post=56951"}],"curies":[{"name":"wp","href":"https:\/\/api.w.org\/{rel}","templated":true}]}}