{"id":56957,"date":"2023-08-07T13:09:34","date_gmt":"2023-08-07T17:09:34","guid":{"rendered":"https:\/\/lasprimeras.com.do\/?p=56957"},"modified":"2023-08-07T13:09:35","modified_gmt":"2023-08-07T17:09:35","slug":"policia-auxiliar-refuerza-su-compromiso-con-la-comunidad-educativa","status":"publish","type":"post","link":"https:\/\/lasprimeras.com.do\/index.php\/2023\/08\/07\/policia-auxiliar-refuerza-su-compromiso-con-la-comunidad-educativa\/","title":{"rendered":"Polic\u00eda Auxiliar refuerza su compromiso con la comunidad educativa"},"content":{"rendered":"\n<p>Por Martin Restituyo<\/p>\n\n\n\n<p>El Ministerio de Interior y Polic\u00eda a trav\u00e9s de La Direcci\u00f3n de la Polic\u00eda Auxiliar renueva su compromiso con la comunidad educativa al continuar con la capacitaci\u00f3n de sus agentes.<\/p>\n\n\n\n<p>Con el prop\u00f3sito de brindar un servicio m\u00e1s proactivo, especialmente dirigido a los estudiantes de Planteles Escolares a nivel nacional.<\/p>\n\n\n\n<p>La Polic\u00eda Auxiliar ha llevado a cabo un proceso de capacitaci\u00f3n para fortalecer la formaci\u00f3n de su personal.<\/p>\n\n\n\n<p>La directora de la Polic\u00eda Auxiliar, coronel Berki Mar\u00eda Torres Tejada, destac\u00f3 la relevancia de los distintos entrenamientos como pilar fundamental para afianzar los valores institucionales y el papel que desempe\u00f1ar\u00e1n los nuevos agentes como garantes de la seguridad escolar en todo el pa\u00eds; su labor estar\u00e1 enfocada en velar por la protecci\u00f3n y bienestar de los estudiantes, maestros y personal administrativo.<\/p>\n\n\n\n<p>El programa de capacitaci\u00f3n para los j\u00f3venes que ser\u00e1n polic\u00edas auxiliares escolares ser\u00e1 impartido por el personal de la Escuela de Entrenamiento Policial &#8220;Mayor General (r) Eulogio Benito Moncion Leonardo, P.N.&#8221;, bajo la direcci\u00f3n del coronel Jorge Landeta Estrella. Este proceso formativo tendr\u00e1 una duraci\u00f3n aproximada de seis semanas e incluir\u00e1 diversos temas de inter\u00e9s para la comunidad educativa.<\/p>\n\n\n\n<figure class=\"wp-block-image size-full is-resized\"><img decoding=\"async\" src=\"https:\/\/lasprimeras.com.do\/wp-content\/uploads\/2023\/08\/Policia-Auxiliar-1.jpg\" alt=\"\" class=\"wp-image-56959\" width=\"838\" height=\"559\" srcset=\"https:\/\/lasprimeras.com.do\/wp-content\/uploads\/2023\/08\/Policia-Auxiliar-1.jpg 700w, https:\/\/lasprimeras.com.do\/wp-content\/uploads\/2023\/08\/Policia-Auxiliar-1-300x200.jpg 300w\" sizes=\"(max-width: 838px) 100vw, 838px\" \/><\/figure>\n\n\n\n<p>Entre los temas a abordar se encuentran:<\/p>\n\n\n\n<ol class=\"wp-block-list\">\n<li>C\u00f3digo de vestimenta y reglamento de uniforme.<\/li>\n\n\n\n<li>Misi\u00f3n, visi\u00f3n y valores de la instituci\u00f3n.<\/li>\n\n\n\n<li>Lineamientos institucionales y la Historia de la Polic\u00eda Nacional.<\/li>\n\n\n\n<li>Reglamento sobre el uso de la fuerza y su aplicaci\u00f3n en la resoluci\u00f3n de conflictos.<\/li>\n\n\n\n<li>Uso de la autoridad y principios \u00e9ticos.<\/li>\n\n\n\n<li>Ley 590-16, Org\u00e1nica de la Polic\u00eda Nacional y su decreto de aplicaci\u00f3n (20-22).<\/li>\n\n\n\n<li>C\u00f3digo Procesal Penal (Ley 72-02) y Constituci\u00f3n Dominicana.<\/li>\n\n\n\n<li>Normas de conducta y Reglamento para el uso de medios digitales y redes sociales del personal de la Polic\u00eda Nacional.<\/li>\n\n\n\n<li>Polic\u00eda de Proximidad aplicada a la Polic\u00eda Escolar, entre otros temas relevantes.<\/li>\n<\/ol>\n\n\n\n<p>Es importante destacar que previo a este proceso de reforzamiento, los polic\u00edas auxiliares recibieron aproximadamente tres meses de entrenamiento en sus respectivas provincias, impartido por la Polic\u00eda Auxiliar.<\/p>\n\n\n\n<p>Estos j\u00f3venes provienen de diversas provincias como Azua, Barahona, Neiba-Bahoruco, Jiman\u00ed -Independencia , Pedernales, Ocoa, Cotu\u00ed, San Pedro, Dajab\u00f3n, Mao, Moca, Salcedo, Puerto Plata, Gran Santo Domingo, Saman\u00e1 y Ban\u00ed.<\/p>\n\n\n\n<p>Una vez comoletado el ciclo de formaci\u00f3n, los nuevos agentes asumir\u00e1n importantes funciones.<\/p>\n\n\n\n<p>Incluyendo la implementaci\u00f3n de medidas de prevenci\u00f3n de riesgos en los centros educativos, con un enfoque en promover la transferencia de conocimientos en prevenci\u00f3n de la violencia entre los estudiantes.<\/p>\n\n\n\n<p>Asimismo, mantendr\u00e1n una estrecha coordinaci\u00f3n con los organismos de socorro y emergencia para intervenir en situaciones que as\u00ed lo requieran, entre otras responsabilidades destinadas a contribuir al \u00f3ptimo desarrollo de las actividades educativas.<\/p>\n\n\n\n<p>La Polic\u00eda Auxiliar reitera su compromiso con la seguridad y bienestar de la comunidad educativa Dominicana y continuar\u00e1 trabajando en estrecha colaboraci\u00f3n con las instituciones y la sociedad civil para seguir fortaleciendo la convivencia pac\u00edfica y el entorno seguro en las escuelas de todo el pa\u00eds.<\/p>\n","protected":false},"excerpt":{"rendered":"<p>Por Martin Restituyo El Ministerio de Interior y Polic\u00eda a trav\u00e9s de La Direcci\u00f3n de la Polic\u00eda Auxiliar renueva su compromiso con la comunidad educativa al continuar con la capacitaci\u00f3n&hellip;<\/p>\n","protected":false},"author":2,"featured_media":56958,"comment_status":"open","ping_status":"open","sticky":false,"template":"","format":"standard","meta":{"content-type":"","jetpack_post_was_ever_published":false,"_jetpack_newsletter_access":"","_jetpack_dont_email_post_to_subs":false,"_jetpack_newsletter_tier_id":0,"_jetpack_memberships_contains_paywalled_content":false,"_jetpack_memberships_contains_paid_content":false,"footnotes":""},"categories":[3057],"tags":[3660,5914,2986,562,2152,5913,48],"class_list":["post-56957","post","type-post","status-publish","format-standard","has-post-thumbnail","hentry","category-militares","tag-agentes","tag-auxiliar","tag-capacitacion","tag-compromiso","tag-comunidad","tag-educativa","tag-policia"],"jetpack_featured_media_url":"https:\/\/lasprimeras.com.do\/wp-content\/uploads\/2023\/08\/Policia-Auxiliar.jpg","jetpack-related-posts":[{"id":97235,"url":"https:\/\/lasprimeras.com.do\/index.php\/2025\/04\/17\/policia-municipal-lideres-comunitarios-y-la-digesett-garantizan-la-seguridad-vial-en-semana-santa\/","url_meta":{"origin":56957,"position":0},"title":"Polic\u00eda Municipal, L\u00edderes Comunitarios y la DIGESETT garantizan la Seguridad Vial en Semana Santa","author":"Nelson Feliz","date":"17 de abril de 2025","format":false,"excerpt":"Un total de 225 miembros, compuestos por Polic\u00eda Municipal de Santo Domingo Este, Polic\u00eda Auxiliar y l\u00edderes comunitarios de Ban\u00ed, se han comprometido a brindar apoyo a los agentes de la Direcci\u00f3n General de Seguridad de Tr\u00e1nsito y Transporte Terrestre (DIGESETT) para prevenir accidentes durante la Semana Santa. Este operativo\u2026","rel":"","context":"En \u00abNACIONALES\u00bb","block_context":{"text":"NACIONALES","link":"https:\/\/lasprimeras.com.do\/index.php\/category\/nacionales\/"},"img":{"alt_text":"","src":"https:\/\/i0.wp.com\/lasprimeras.com.do\/wp-content\/uploads\/2025\/04\/digessett.jpg?resize=350%2C200&ssl=1","width":350,"height":200,"srcset":"https:\/\/i0.wp.com\/lasprimeras.com.do\/wp-content\/uploads\/2025\/04\/digessett.jpg?resize=350%2C200&ssl=1 1x, https:\/\/i0.wp.com\/lasprimeras.com.do\/wp-content\/uploads\/2025\/04\/digessett.jpg?resize=525%2C300&ssl=1 1.5x, https:\/\/i0.wp.com\/lasprimeras.com.do\/wp-content\/uploads\/2025\/04\/digessett.jpg?resize=700%2C400&ssl=1 2x"},"classes":[]},{"id":92812,"url":"https:\/\/lasprimeras.com.do\/index.php\/2025\/01\/15\/jovenes-asisten-a-convocatoria-para-pertenecer-a-la-policia-auxiliar-en-la-zona-este\/","url_meta":{"origin":56957,"position":1},"title":"J\u00f3venes asisten a convocatoria para pertenecer a la Polic\u00eda Auxiliar en la zona Este","author":"Nelson Feliz","date":"15 de enero de 2025","format":false,"excerpt":"La Gobernaci\u00f3n de San Pedro de Macor\u00eds fue escenario de una notable participaci\u00f3n de j\u00f3venes en la reciente convocatoria para integrarse a la Polic\u00eda Auxiliar. M\u00e1s de 600 j\u00f3venes, provenientes de distintas localidades de las provincias de Hato Mayor, La Romana y San Pedro de Macor\u00eds, se presentaron al llamado,\u2026","rel":"","context":"En \u00abMILITARES\u00bb","block_context":{"text":"MILITARES","link":"https:\/\/lasprimeras.com.do\/index.php\/category\/militares\/"},"img":{"alt_text":"","src":"https:\/\/i0.wp.com\/lasprimeras.com.do\/wp-content\/uploads\/2025\/01\/Policia-Auxiliar-1.jpg?resize=350%2C200&ssl=1","width":350,"height":200,"srcset":"https:\/\/i0.wp.com\/lasprimeras.com.do\/wp-content\/uploads\/2025\/01\/Policia-Auxiliar-1.jpg?resize=350%2C200&ssl=1 1x, https:\/\/i0.wp.com\/lasprimeras.com.do\/wp-content\/uploads\/2025\/01\/Policia-Auxiliar-1.jpg?resize=525%2C300&ssl=1 1.5x, https:\/\/i0.wp.com\/lasprimeras.com.do\/wp-content\/uploads\/2025\/01\/Policia-Auxiliar-1.jpg?resize=700%2C400&ssl=1 2x"},"classes":[]},{"id":88043,"url":"https:\/\/lasprimeras.com.do\/index.php\/2024\/08\/21\/designan-al-coronel-carlos-g-pena-mendez-como-nuevo-director-del-area-de-policia-auxiliar\/","url_meta":{"origin":56957,"position":2},"title":"Designan al coronel Carlos G. Pe\u00f1a M\u00e9ndez como nuevo director del \u00c1rea de Polic\u00eda Auxiliar","author":"Nelson Feliz","date":"21 de agosto de 2024","format":false,"excerpt":"La Direcci\u00f3n General de la Polic\u00eda Nacional ha designado al coronel Carlos G. Pe\u00f1a M\u00e9ndez como nuevo director del \u00c1rea de Polic\u00eda Auxiliar, en sustituci\u00f3n de la coronel Berkis Mar\u00eda Torres Tejada. El acto de juramentaci\u00f3n se realiz\u00f3 hoy en el Ministerio de Interior y Polic\u00eda, en presencia de la\u2026","rel":"","context":"En \u00abMILITARES\u00bb","block_context":{"text":"MILITARES","link":"https:\/\/lasprimeras.com.do\/index.php\/category\/militares\/"},"img":{"alt_text":"","src":"https:\/\/i0.wp.com\/lasprimeras.com.do\/wp-content\/uploads\/2024\/08\/faride.jpg?resize=350%2C200&ssl=1","width":350,"height":200,"srcset":"https:\/\/i0.wp.com\/lasprimeras.com.do\/wp-content\/uploads\/2024\/08\/faride.jpg?resize=350%2C200&ssl=1 1x, https:\/\/i0.wp.com\/lasprimeras.com.do\/wp-content\/uploads\/2024\/08\/faride.jpg?resize=525%2C300&ssl=1 1.5x, https:\/\/i0.wp.com\/lasprimeras.com.do\/wp-content\/uploads\/2024\/08\/faride.jpg?resize=700%2C400&ssl=1 2x"},"classes":[]},{"id":104298,"url":"https:\/\/lasprimeras.com.do\/index.php\/2025\/07\/23\/guzman-peralta-designa-en-areas-educativas-y-reafirma-compromiso-con-la-capacitacion-de-los-agentes\/","url_meta":{"origin":56957,"position":3},"title":"Guzm\u00e1n Peralta designa en \u00e1reas educativas y reafirma compromiso con la capacitaci\u00f3n de los agentes","author":"Nelson Feliz","date":"23 de julio de 2025","format":false,"excerpt":"Coronel Familia Acevedo hace historia al convertirse en la primera mujer en comandar la Escuela de Entrenamiento Policial mayor general Benito Eulogio Monci\u00f3n Leonardo. El director general de la Polic\u00eda Nacional, mayor general Ram\u00f3n Antonio Guzm\u00e1n Peralta, introdujo importantes cambios en las estructuras educativas de mando encargadas de guiar la\u2026","rel":"","context":"En \u00abMILITARES\u00bb","block_context":{"text":"MILITARES","link":"https:\/\/lasprimeras.com.do\/index.php\/category\/militares\/"},"img":{"alt_text":"Ram\u00f3n Antonio Guzm\u00e1n Peralta","src":"https:\/\/i0.wp.com\/lasprimeras.com.do\/wp-content\/uploads\/2025\/03\/Ramon-Antonio-Guzman-Peralta.jpg?resize=350%2C200&ssl=1","width":350,"height":200,"srcset":"https:\/\/i0.wp.com\/lasprimeras.com.do\/wp-content\/uploads\/2025\/03\/Ramon-Antonio-Guzman-Peralta.jpg?resize=350%2C200&ssl=1 1x, https:\/\/i0.wp.com\/lasprimeras.com.do\/wp-content\/uploads\/2025\/03\/Ramon-Antonio-Guzman-Peralta.jpg?resize=525%2C300&ssl=1 1.5x, https:\/\/i0.wp.com\/lasprimeras.com.do\/wp-content\/uploads\/2025\/03\/Ramon-Antonio-Guzman-Peralta.jpg?resize=700%2C400&ssl=1 2x"},"classes":[]},{"id":63285,"url":"https:\/\/lasprimeras.com.do\/index.php\/2023\/10\/11\/abinader-deja-inaugurado-importante-centro-de-entrenamiento-policial\/","url_meta":{"origin":56957,"position":4},"title":"Abinader deja inaugurado importante Centro de Entrenamiento Policial.","author":"Nelson Feliz","date":"11 de octubre de 2023","format":false,"excerpt":"Mandatario asegura evoluci\u00f3n educativa de la PN est\u00e1 dando pasos agigantados y, se est\u00e1n viendo sus frutos, con la apertura del centro. El presidente Luis Abinader inaugur\u00f3 este mi\u00e9rcoles el nuevo Centro de Entrenamiento Policial en este municipio, que servir\u00e1 para el entrenamiento y capacitaci\u00f3n de unos 3 mil nuevos\u2026","rel":"","context":"En \u00abMILITARES\u00bb","block_context":{"text":"MILITARES","link":"https:\/\/lasprimeras.com.do\/index.php\/category\/militares\/"},"img":{"alt_text":"Luis Abinader","src":"https:\/\/i0.wp.com\/lasprimeras.com.do\/wp-content\/uploads\/2023\/10\/Luis-Abinader-2-1.jpg?resize=350%2C200&ssl=1","width":350,"height":200,"srcset":"https:\/\/i0.wp.com\/lasprimeras.com.do\/wp-content\/uploads\/2023\/10\/Luis-Abinader-2-1.jpg?resize=350%2C200&ssl=1 1x, https:\/\/i0.wp.com\/lasprimeras.com.do\/wp-content\/uploads\/2023\/10\/Luis-Abinader-2-1.jpg?resize=525%2C300&ssl=1 1.5x"},"classes":[]},{"id":110927,"url":"https:\/\/lasprimeras.com.do\/index.php\/2025\/10\/02\/interior-y-policia-inicia-en-sd-este-formacion-de-aspirantes-a-policia-auxiliar\/","url_meta":{"origin":56957,"position":5},"title":"Interior y Polic\u00eda inicia en SD-Este formaci\u00f3n de aspirantes a Polic\u00eda Auxiliar","author":"Nelson Feliz","date":"2 de octubre de 2025","format":false,"excerpt":"Durante la ceremonia, la ministra Faride Raful destac\u00f3 la importancia de ese municipio, el m\u00e1s grande de la provincia Santo Domingo. El Ministerio de Interior y Polic\u00eda inici\u00f3 la formaci\u00f3n de los aspirantes a Polic\u00eda Auxiliar, con la integraci\u00f3n de 80 j\u00f3venes de Santo Domingo Este, en un acto encabezado\u2026","rel":"","context":"En \u00abMILITARES\u00bb","block_context":{"text":"MILITARES","link":"https:\/\/lasprimeras.com.do\/index.php\/category\/militares\/"},"img":{"alt_text":"","src":"https:\/\/i0.wp.com\/lasprimeras.com.do\/wp-content\/uploads\/2025\/10\/Faride-Raful.jpg?resize=350%2C200&ssl=1","width":350,"height":200,"srcset":"https:\/\/i0.wp.com\/lasprimeras.com.do\/wp-content\/uploads\/2025\/10\/Faride-Raful.jpg?resize=350%2C200&ssl=1 1x, https:\/\/i0.wp.com\/lasprimeras.com.do\/wp-content\/uploads\/2025\/10\/Faride-Raful.jpg?resize=525%2C300&ssl=1 1.5x, https:\/\/i0.wp.com\/lasprimeras.com.do\/wp-content\/uploads\/2025\/10\/Faride-Raful.jpg?resize=700%2C400&ssl=1 2x"},"classes":[]}],"jetpack_sharing_enabled":true,"_links":{"self":[{"href":"https:\/\/lasprimeras.com.do\/index.php\/wp-json\/wp\/v2\/posts\/56957","targetHints":{"allow":["GET"]}}],"collection":[{"href":"https:\/\/lasprimeras.com.do\/index.php\/wp-json\/wp\/v2\/posts"}],"about":[{"href":"https:\/\/lasprimeras.com.do\/index.php\/wp-json\/wp\/v2\/types\/post"}],"author":[{"embeddable":true,"href":"https:\/\/lasprimeras.com.do\/index.php\/wp-json\/wp\/v2\/users\/2"}],"replies":[{"embeddable":true,"href":"https:\/\/lasprimeras.com.do\/index.php\/wp-json\/wp\/v2\/comments?post=56957"}],"version-history":[{"count":1,"href":"https:\/\/lasprimeras.com.do\/index.php\/wp-json\/wp\/v2\/posts\/56957\/revisions"}],"predecessor-version":[{"id":56960,"href":"https:\/\/lasprimeras.com.do\/index.php\/wp-json\/wp\/v2\/posts\/56957\/revisions\/56960"}],"wp:featuredmedia":[{"embeddable":true,"href":"https:\/\/lasprimeras.com.do\/index.php\/wp-json\/wp\/v2\/media\/56958"}],"wp:attachment":[{"href":"https:\/\/lasprimeras.com.do\/index.php\/wp-json\/wp\/v2\/media?parent=56957"}],"wp:term":[{"taxonomy":"category","embeddable":true,"href":"https:\/\/lasprimeras.com.do\/index.php\/wp-json\/wp\/v2\/categories?post=56957"},{"taxonomy":"post_tag","embeddable":true,"href":"https:\/\/lasprimeras.com.do\/index.php\/wp-json\/wp\/v2\/tags?post=56957"}],"curies":[{"name":"wp","href":"https:\/\/api.w.org\/{rel}","templated":true}]}}