{"id":56966,"date":"2023-08-07T13:51:00","date_gmt":"2023-08-07T17:51:00","guid":{"rendered":"https:\/\/lasprimeras.com.do\/?p=56966"},"modified":"2023-08-07T13:51:02","modified_gmt":"2023-08-07T17:51:02","slug":"lanzan-tres-candidaturas-a-regidores-en-sde-por-alianza-pais","status":"publish","type":"post","link":"https:\/\/lasprimeras.com.do\/index.php\/2023\/08\/07\/lanzan-tres-candidaturas-a-regidores-en-sde-por-alianza-pais\/","title":{"rendered":"Lanzan tres candidaturas a regidores en SDE por Alianza Pa\u00eds"},"content":{"rendered":"\n<p>Por Mart\u00edn Restituyo<\/p>\n\n\n\n<p>El presidente del Partido Alianza Pa\u00eds (AlPais), doctor Guillermo Moreno, encabez\u00f3 este fin de semana los actos de lanzamiento oficial de tres candidaturas a regidores por distintas demarcaciones en Santo Domingo Este.<\/p>\n\n\n\n<p>Durante las actividades desarrolladas por separado este domingo, Alianza Pa\u00eds present\u00f3 en un primer acto la candidatura a regidor por la Circunscripci\u00f3n n\u00famero 3 de los dirigentes de esa organizaci\u00f3n pol\u00edtica Edwin Padr\u00f3n, as\u00ed como Pablo G\u00f3mez e Ysmeira Germ\u00e1n, aspirantes a la misma posici\u00f3n por la Circunscripci\u00f3n #2 de esa demarcaci\u00f3n, respectivamente.<\/p>\n\n\n\n<p>Al hacer uso de la palabra, Guillermo Moreno, acompa\u00f1ado de la Secretaria de Organizaci\u00f3n del partido y Vicealcaldesa \u00c1ngela Henr\u00edquez, el diputado Pedro Mart\u00ednez y el dirigente Ram\u00f3n Vargas, destac\u00f3 el entusiasmo, energ\u00eda y alegr\u00eda que sent\u00eda al ver la integraci\u00f3n y empoderamiento de los j\u00f3venes de Santo Domingo Este que est\u00e1n incursionando en la pol\u00edtica con nuevas ideas y el compromiso de aportar.<\/p>\n\n\n\n<p>Dijo &#8220;Para nosotros es una sorpresa agradable y satisfactoria la disposici\u00f3n, actitud y responsabilidad de estos compa\u00f1eros de asumir el compromiso de ser regidores a la sala capitular del Ayuntamiento Santo Domingo Este y eso es lo que queremos en Alianza Pa\u00eds, por que nos aseguran el presente y el porvenir&#8221; asegur\u00f3.<\/p>\n\n\n\n<p>En tal sentido, el doctor Guillermo Moreno, les exhort\u00f3 a trabajar juntos mano a mano y con determinaci\u00f3n para enderezar y echar hacia delante la naci\u00f3n dominicana &#8220;de eso es que se trata de hacer lo que hay que hacer para que haya una responsabilidad compartida entre los j\u00f3venes y los de juventud acumulada&#8221; dijo.<\/p>\n\n\n\n<p>As\u00ed mismo, manifest\u00f3 su satisfacci\u00f3n por el respaldo y participaci\u00f3n de Aliancistas de larga data a los nuevos precandidatos del partido, lo que seg\u00fan explic\u00f3, evidencia que hay verdera cohesi\u00f3n en esa organizaci\u00f3n pol\u00edtica y en ese espacio, as\u00ed como la transmisi\u00f3n de experiencias acumuladas.<\/p>\n\n\n\n<p>El presidente de Alianza Pa\u00eds, consider\u00f3 adem\u00e1s importante que dentro de esa organizaci\u00f3n pol\u00edtica surjan nuevas pr\u00e1cticas, energ\u00edas y nuevas acciones que son precisamente &#8220;ustedes los m\u00e1s j\u00f3venes las que la van a afrontar&#8221; concluy\u00f3 Guillermo Moreno.<\/p>\n","protected":false},"excerpt":{"rendered":"<p>Por Mart\u00edn Restituyo El presidente del Partido Alianza Pa\u00eds (AlPais), doctor Guillermo Moreno, encabez\u00f3 este fin de semana los actos de lanzamiento oficial de tres candidaturas a regidores por distintas&hellip;<\/p>\n","protected":false},"author":2,"featured_media":56967,"comment_status":"open","ping_status":"open","sticky":false,"template":"","format":"standard","meta":{"content-type":"","jetpack_post_was_ever_published":false,"_jetpack_newsletter_access":"","_jetpack_dont_email_post_to_subs":false,"_jetpack_newsletter_tier_id":0,"_jetpack_memberships_contains_paywalled_content":false,"_jetpack_memberships_contains_paid_content":false,"footnotes":""},"categories":[25],"tags":[2811,40,271,1570],"class_list":["post-56966","post","type-post","status-publish","format-standard","has-post-thumbnail","hentry","category-portada","tag-alianza-pais","tag-candidaturas","tag-regidores","tag-santo-domingo-este"],"jetpack_featured_media_url":"https:\/\/lasprimeras.com.do\/wp-content\/uploads\/2023\/08\/Guillermo-Moreno.jpg","jetpack-related-posts":[{"id":59889,"url":"https:\/\/lasprimeras.com.do\/index.php\/2023\/09\/08\/fuerza-del-pueblo-ratifica-candidatura-de-julio-romero-y-aclara-rumores-sobre-alianza-opositora-rescate-rd\/","url_meta":{"origin":56966,"position":0},"title":"Fuerza del Pueblo ratifica candidatura de Julio Romero y aclara rumores sobre \u201cAlianza Opositora Rescate RD\u201d","author":"Nelson Feliz","date":"8 de septiembre de 2023","format":false,"excerpt":"El miembro de la Direcci\u00f3n Pol\u00edtica de la circunscripci\u00f3n numero uno y enlace de la Comisi\u00f3n de Alianza de la Fuerza del Pueblo (FP), Nathanael Concepci\u00f3n, ratific\u00f3 este viernes a Julio Romero como candidato alcalde de Santo Domingo Este y pidi\u00f3 a que no nos dejemos confundir con las negociaciones\u2026","rel":"","context":"En \u00abPORTADA\u00bb","block_context":{"text":"PORTADA","link":"https:\/\/lasprimeras.com.do\/index.php\/category\/portada\/"},"img":{"alt_text":"Julio Romero","src":"https:\/\/i0.wp.com\/lasprimeras.com.do\/wp-content\/uploads\/2023\/09\/Julio-Romero.jpg?resize=350%2C200&ssl=1","width":350,"height":200,"srcset":"https:\/\/i0.wp.com\/lasprimeras.com.do\/wp-content\/uploads\/2023\/09\/Julio-Romero.jpg?resize=350%2C200&ssl=1 1x, https:\/\/i0.wp.com\/lasprimeras.com.do\/wp-content\/uploads\/2023\/09\/Julio-Romero.jpg?resize=525%2C300&ssl=1 1.5x, https:\/\/i0.wp.com\/lasprimeras.com.do\/wp-content\/uploads\/2023\/09\/Julio-Romero.jpg?resize=700%2C400&ssl=1 2x"},"classes":[]},{"id":55201,"url":"https:\/\/lasprimeras.com.do\/index.php\/2023\/07\/19\/alianza-pais-asegura-que-candidatura-de-guillermo-moreno-no-ha-sido-tratada\/","url_meta":{"origin":56966,"position":1},"title":"Alianza Pa\u00eds asegura que candidatura de Guillermo Moreno no ha sido tratada","author":"Nelson Feliz","date":"19 de julio de 2023","format":false,"excerpt":"El diputado de Alianza Pa\u00eds, Pedro Mart\u00ednez, asegur\u00f3 este martes que en la \u00faltima reuni\u00f3n de la Comisi\u00f3n Pol\u00edtica de ese partido no fue tratado el tema referente a las aspiraciones electorales de Guillermo Moreno por esa organizaci\u00f3n con miras a las pr\u00f3ximas elecciones. Sobre la informaci\u00f3n de que Moreno,\u2026","rel":"","context":"En \u00abSin categor\u00eda\u00bb","block_context":{"text":"Sin categor\u00eda","link":"https:\/\/lasprimeras.com.do\/index.php\/category\/sin-categoria\/"},"img":{"alt_text":"Guillermo Moreno","src":"https:\/\/i0.wp.com\/lasprimeras.com.do\/wp-content\/uploads\/2023\/07\/Guillermo-Moreno.jpg?resize=350%2C200&ssl=1","width":350,"height":200,"srcset":"https:\/\/i0.wp.com\/lasprimeras.com.do\/wp-content\/uploads\/2023\/07\/Guillermo-Moreno.jpg?resize=350%2C200&ssl=1 1x, https:\/\/i0.wp.com\/lasprimeras.com.do\/wp-content\/uploads\/2023\/07\/Guillermo-Moreno.jpg?resize=525%2C300&ssl=1 1.5x, https:\/\/i0.wp.com\/lasprimeras.com.do\/wp-content\/uploads\/2023\/07\/Guillermo-Moreno.jpg?resize=700%2C400&ssl=1 2x"},"classes":[]},{"id":73396,"url":"https:\/\/lasprimeras.com.do\/index.php\/2024\/01\/10\/prm-anuncia-candidatura-de-guillermo-moreno-a-senaduria-del-distrito-nacional\/","url_meta":{"origin":56966,"position":2},"title":"PRM anuncia candidatura de Guillermo Moreno a senadur\u00eda del Distrito Nacional","author":"BIMARY DE JES\u00daS Matos","date":"10 de enero de 2024","format":false,"excerpt":"Santo Domingo.-El Partido Revolucionario Moderno (PRM) ha hecho oficial el anuncio de Guillermo Moreno como su candidato para senador por el Distrito Nacional. El presidente del Partido Alianza Pa\u00eds ocupar\u00e1 el lugar de la actual senadora Faride Raful en la boleta electoral. Raful anunci\u00f3 que, debido a una \u00abdecisi\u00f3n estrat\u00e9gica\u00bb\u2026","rel":"","context":"En \u00abSin categor\u00eda\u00bb","block_context":{"text":"Sin categor\u00eda","link":"https:\/\/lasprimeras.com.do\/index.php\/category\/sin-categoria\/"},"img":{"alt_text":"","src":"https:\/\/i0.wp.com\/lasprimeras.com.do\/wp-content\/uploads\/2024\/01\/En-Ecuador-encapuchados-armados-tomaron-canal-de-television-mientras-transmitia-en-vivo-3-3.jpg?resize=350%2C200&ssl=1","width":350,"height":200,"srcset":"https:\/\/i0.wp.com\/lasprimeras.com.do\/wp-content\/uploads\/2024\/01\/En-Ecuador-encapuchados-armados-tomaron-canal-de-television-mientras-transmitia-en-vivo-3-3.jpg?resize=350%2C200&ssl=1 1x, https:\/\/i0.wp.com\/lasprimeras.com.do\/wp-content\/uploads\/2024\/01\/En-Ecuador-encapuchados-armados-tomaron-canal-de-television-mientras-transmitia-en-vivo-3-3.jpg?resize=525%2C300&ssl=1 1.5x"},"classes":[]},{"id":73921,"url":"https:\/\/lasprimeras.com.do\/index.php\/2024\/01\/17\/carolina-duarte-lanza-su-candidatura-a-regidora-por-el-municipio-sdo\/","url_meta":{"origin":56966,"position":3},"title":"Carolina Duarte lanza su candidatura a regidora por el municipio SDO","author":"Nelson Feliz","date":"17 de enero de 2024","format":false,"excerpt":"Francisco Pe\u00f1a y Jos\u00e9 And\u00fajar dan respaldo a Carolina Duarte como regidora Con la presencia del candidato alcalde por el municipio Francisco Pe\u00f1a y el actual alcalde Jos\u00e9 And\u00fajar y los principales lideres pol\u00edtico de esta demarcaci\u00f3n, Carolina Duarte lanza su candidatura a regidora por en la alianza entre el\u2026","rel":"","context":"En \u00abSin categor\u00eda\u00bb","block_context":{"text":"Sin categor\u00eda","link":"https:\/\/lasprimeras.com.do\/index.php\/category\/sin-categoria\/"},"img":{"alt_text":"Carolina Duarte","src":"https:\/\/i0.wp.com\/lasprimeras.com.do\/wp-content\/uploads\/2024\/01\/Carolina-Duarte-1.jpg?resize=350%2C200&ssl=1","width":350,"height":200,"srcset":"https:\/\/i0.wp.com\/lasprimeras.com.do\/wp-content\/uploads\/2024\/01\/Carolina-Duarte-1.jpg?resize=350%2C200&ssl=1 1x, https:\/\/i0.wp.com\/lasprimeras.com.do\/wp-content\/uploads\/2024\/01\/Carolina-Duarte-1.jpg?resize=525%2C300&ssl=1 1.5x, https:\/\/i0.wp.com\/lasprimeras.com.do\/wp-content\/uploads\/2024\/01\/Carolina-Duarte-1.jpg?resize=700%2C400&ssl=1 2x"},"classes":[]},{"id":68744,"url":"https:\/\/lasprimeras.com.do\/index.php\/2023\/11\/27\/guillermo-moreno-confirma-sera-el-candidato-a-senador-del-prm-en-el-dn\/","url_meta":{"origin":56966,"position":4},"title":"Guillermo Moreno confirma ser\u00e1 el candidato a senador del PRM en el DN","author":"Nelson Feliz","date":"27 de noviembre de 2023","format":false,"excerpt":"El presidente del partido Alianza Pa\u00eds (ALPAIS) Guillermo Moreno, confirm\u00f3 que arrib\u00f3 a un acuerdo con el gobernante Partido Revolucionario Moderno (PRM) para las elecciones generales del 2024. Sin embargo,asegur\u00f3 que no le puso una \u201cpistola en la cabeza\u201d al PRM para exigir cualquier candidatura congresual, a prop\u00f3sito de rumores\u2026","rel":"","context":"En \u00abSin categor\u00eda\u00bb","block_context":{"text":"Sin categor\u00eda","link":"https:\/\/lasprimeras.com.do\/index.php\/category\/sin-categoria\/"},"img":{"alt_text":"Guillermo Moreno","src":"https:\/\/i0.wp.com\/lasprimeras.com.do\/wp-content\/uploads\/2023\/09\/Guillermo-Moreno.jpg?resize=350%2C200&ssl=1","width":350,"height":200,"srcset":"https:\/\/i0.wp.com\/lasprimeras.com.do\/wp-content\/uploads\/2023\/09\/Guillermo-Moreno.jpg?resize=350%2C200&ssl=1 1x, https:\/\/i0.wp.com\/lasprimeras.com.do\/wp-content\/uploads\/2023\/09\/Guillermo-Moreno.jpg?resize=525%2C300&ssl=1 1.5x, https:\/\/i0.wp.com\/lasprimeras.com.do\/wp-content\/uploads\/2023\/09\/Guillermo-Moreno.jpg?resize=700%2C400&ssl=1 2x"},"classes":[]},{"id":121875,"url":"https:\/\/lasprimeras.com.do\/index.php\/2026\/02\/11\/victor-terrero-respalda-postura-de-danilo-medina-sobre-alianzas-el-voto-del-pld-es-solo-para-la-boleta-morada\/","url_meta":{"origin":56966,"position":5},"title":"V\u00edctor Terrero respalda postura de Danilo Medina sobre alianzas: &#8220;El voto del PLD es solo para la boleta morada&#8221;","author":"Nelson Feliz","date":"11 de febrero de 2026","format":false,"excerpt":"El miembro del Comit\u00e9 Central del Partido de la Liberaci\u00f3n Dominicana (PLD), doctor V\u00edctor Manuel Terrero, manifest\u00f3 su total respaldo a las recientes declaraciones del presidente de la organizaci\u00f3n, Danilo Medina, respecto a la estrategia electoral de cara a los pr\u00f3ximos comicios. Terrero enfatiz\u00f3 que la militancia se mantiene firme\u2026","rel":"","context":"En \u00abPOLITICA\u00bb","block_context":{"text":"POLITICA","link":"https:\/\/lasprimeras.com.do\/index.php\/category\/politica\/"},"img":{"alt_text":"V\u00edctor Terrero","src":"https:\/\/i0.wp.com\/lasprimeras.com.do\/wp-content\/uploads\/2023\/07\/Victor-Terrero.jpeg?resize=350%2C200&ssl=1","width":350,"height":200,"srcset":"https:\/\/i0.wp.com\/lasprimeras.com.do\/wp-content\/uploads\/2023\/07\/Victor-Terrero.jpeg?resize=350%2C200&ssl=1 1x, https:\/\/i0.wp.com\/lasprimeras.com.do\/wp-content\/uploads\/2023\/07\/Victor-Terrero.jpeg?resize=525%2C300&ssl=1 1.5x, https:\/\/i0.wp.com\/lasprimeras.com.do\/wp-content\/uploads\/2023\/07\/Victor-Terrero.jpeg?resize=700%2C400&ssl=1 2x"},"classes":[]}],"jetpack_sharing_enabled":true,"_links":{"self":[{"href":"https:\/\/lasprimeras.com.do\/index.php\/wp-json\/wp\/v2\/posts\/56966","targetHints":{"allow":["GET"]}}],"collection":[{"href":"https:\/\/lasprimeras.com.do\/index.php\/wp-json\/wp\/v2\/posts"}],"about":[{"href":"https:\/\/lasprimeras.com.do\/index.php\/wp-json\/wp\/v2\/types\/post"}],"author":[{"embeddable":true,"href":"https:\/\/lasprimeras.com.do\/index.php\/wp-json\/wp\/v2\/users\/2"}],"replies":[{"embeddable":true,"href":"https:\/\/lasprimeras.com.do\/index.php\/wp-json\/wp\/v2\/comments?post=56966"}],"version-history":[{"count":1,"href":"https:\/\/lasprimeras.com.do\/index.php\/wp-json\/wp\/v2\/posts\/56966\/revisions"}],"predecessor-version":[{"id":56968,"href":"https:\/\/lasprimeras.com.do\/index.php\/wp-json\/wp\/v2\/posts\/56966\/revisions\/56968"}],"wp:featuredmedia":[{"embeddable":true,"href":"https:\/\/lasprimeras.com.do\/index.php\/wp-json\/wp\/v2\/media\/56967"}],"wp:attachment":[{"href":"https:\/\/lasprimeras.com.do\/index.php\/wp-json\/wp\/v2\/media?parent=56966"}],"wp:term":[{"taxonomy":"category","embeddable":true,"href":"https:\/\/lasprimeras.com.do\/index.php\/wp-json\/wp\/v2\/categories?post=56966"},{"taxonomy":"post_tag","embeddable":true,"href":"https:\/\/lasprimeras.com.do\/index.php\/wp-json\/wp\/v2\/tags?post=56966"}],"curies":[{"name":"wp","href":"https:\/\/api.w.org\/{rel}","templated":true}]}}