{"id":56989,"date":"2023-08-07T19:23:27","date_gmt":"2023-08-07T23:23:27","guid":{"rendered":"https:\/\/lasprimeras.com.do\/?p=56989"},"modified":"2023-08-07T19:23:28","modified_gmt":"2023-08-07T23:23:28","slug":"capturan-hombre-en-moca-buscado-por-el-homicidio-de-dos-personas-en-cotui","status":"publish","type":"post","link":"https:\/\/lasprimeras.com.do\/index.php\/2023\/08\/07\/capturan-hombre-en-moca-buscado-por-el-homicidio-de-dos-personas-en-cotui\/","title":{"rendered":"Capturan hombre en Moca buscado por el homicidio de dos personas en Cotu\u00ed"},"content":{"rendered":"\n<p><strong>Se le se\u00f1ala como el responsable de \u00a0asesinato contra su expareja y la actual pareja de esta.<\/strong><\/p>\n\n\n\n<p>Miembros de la Polic\u00eda Nacional en Moca arrestan sujeto que era activamente buscado por el hecho ocurrido en fecha 31-03-2023, donde resultaron fallecidos los nombrados Geraldine Altagracia Jimenez Carrion y Ruben Mena Agramonte, de 28 y 41 a\u00f1os, el hecho sucedi\u00f3 en la calle Alfredo Abreu del Sector Altagracia de Cotui.<\/p>\n\n\n\n<p>El detenido es el nombrado Adalgenis Valdez Ramirez y\/o Algenis Valdez, quien tras cometer el doble asesinato emprendi\u00f3 la huida por los que se le buscaba activamente.<\/p>\n\n\n\n<figure class=\"wp-block-image size-full\"><img decoding=\"async\" width=\"591\" height=\"590\" src=\"https:\/\/lasprimeras.com.do\/wp-content\/uploads\/2023\/08\/TRES.jpg\" alt=\"\" class=\"wp-image-56991\" srcset=\"https:\/\/lasprimeras.com.do\/wp-content\/uploads\/2023\/08\/TRES.jpg 591w, https:\/\/lasprimeras.com.do\/wp-content\/uploads\/2023\/08\/TRES-300x300.jpg 300w, https:\/\/lasprimeras.com.do\/wp-content\/uploads\/2023\/08\/TRES-150x150.jpg 150w\" sizes=\"(max-width: 591px) 100vw, 591px\" \/><\/figure>\n\n\n\n<p>El apresamiento se produjo momento en que agentes de la acci\u00f3n r\u00e1pida, polic\u00eda preventiva se encontraban desarrollando su labores preventivos y notaron a tres elementos que se desplazaban a bordo de un veh\u00edculo Hyundai, gris, de manera sospechosa por la Ramon C\u00e1ceres, pr\u00f3ximo al Higuerito, municipio de Moca, por lo que fueron detenidos y al revisarlos se ocup\u00f3 una arma de fuego tipo pistola marca ZORAKI, calibre 9mm con su cargador y (5) c\u00e1psulas.<\/p>\n\n\n\n<p>La polic\u00eda profundiza las investigaciones con relaci\u00f3n a este y los otros sujetos apresados junto a \u00e9l.<\/p>\n","protected":false},"excerpt":{"rendered":"<p>Se le se\u00f1ala como el responsable de \u00a0asesinato contra su expareja y la actual pareja de esta. Miembros de la Polic\u00eda Nacional en Moca arrestan sujeto que era activamente buscado&hellip;<\/p>\n","protected":false},"author":2,"featured_media":56990,"comment_status":"open","ping_status":"open","sticky":false,"template":"","format":"standard","meta":{"content-type":"","jetpack_post_was_ever_published":false,"_jetpack_newsletter_access":"","_jetpack_dont_email_post_to_subs":false,"_jetpack_newsletter_tier_id":0,"_jetpack_memberships_contains_paywalled_content":false,"_jetpack_memberships_contains_paid_content":false,"footnotes":""},"categories":[3057],"tags":[318,5926,46,492,2030],"class_list":["post-56989","post","type-post","status-publish","format-standard","has-post-thumbnail","hentry","category-militares","tag-capturan","tag-cotui-2","tag-hombre","tag-homicidio","tag-moca"],"jetpack_featured_media_url":"https:\/\/lasprimeras.com.do\/wp-content\/uploads\/2023\/08\/PRESO.jpg","jetpack-related-posts":[{"id":92539,"url":"https:\/\/lasprimeras.com.do\/index.php\/2025\/01\/06\/capturan-a-kiningo-acusado-de-asesinato-y-tentativa-de-homicidio-en-la-vega\/","url_meta":{"origin":56989,"position":0},"title":"Capturan a \u201cKiningo\u201d acusado de asesinato y tentativa de homicidio en La Vega","author":"Nelson Feliz","date":"6 de enero de 2025","format":false,"excerpt":"La Polic\u00eda Nacional, a trav\u00e9s de la Subdirecci\u00f3n de Investigaci\u00f3n (DICRIM) arrestaron a Frankely Miguel Caraballo Minaya, conocido como \u201cKiningo\u201d, residente en el sector Santa Rosa de Moca, provincia Espaillat. El arresto se realiz\u00f3 en cumplimiento con una orden judicial y tras una exhaustiva labor de inteligencia e investigaci\u00f3n, por\u2026","rel":"","context":"En \u00abMILITARES\u00bb","block_context":{"text":"MILITARES","link":"https:\/\/lasprimeras.com.do\/index.php\/category\/militares\/"},"img":{"alt_text":"Kiningo","src":"https:\/\/i0.wp.com\/lasprimeras.com.do\/wp-content\/uploads\/2025\/01\/Kiningo.jpg?resize=350%2C200&ssl=1","width":350,"height":200,"srcset":"https:\/\/i0.wp.com\/lasprimeras.com.do\/wp-content\/uploads\/2025\/01\/Kiningo.jpg?resize=350%2C200&ssl=1 1x, https:\/\/i0.wp.com\/lasprimeras.com.do\/wp-content\/uploads\/2025\/01\/Kiningo.jpg?resize=525%2C300&ssl=1 1.5x, https:\/\/i0.wp.com\/lasprimeras.com.do\/wp-content\/uploads\/2025\/01\/Kiningo.jpg?resize=700%2C400&ssl=1 2x"},"classes":[]},{"id":97091,"url":"https:\/\/lasprimeras.com.do\/index.php\/2025\/04\/14\/apresan-uno-de-los-presuntos-autores-de-ultimar-hombre-en-moca\/","url_meta":{"origin":56989,"position":1},"title":"Apresan uno de los presuntos autores de ultimar hombre en Moca","author":"Nelson Feliz","date":"14 de abril de 2025","format":false,"excerpt":"Fue apresado por agentes policiales de esta Direcci\u00f3n Regional Espaillat, adscritos a la Sub direcci\u00f3n de Investigaciones (DICRIM), y en compa\u00f1\u00eda de Ministerio Publico en Moca, provincia Espaillat, uno de los presuntos autores de ultimar un hombre en Boca F\u00e9rrea, mientras dorm\u00eda en su residencia. Se trata del nombrado ANGEL\u2026","rel":"","context":"En \u00abMILITARES\u00bb","block_context":{"text":"MILITARES","link":"https:\/\/lasprimeras.com.do\/index.php\/category\/militares\/"},"img":{"alt_text":"","src":"https:\/\/i0.wp.com\/lasprimeras.com.do\/wp-content\/uploads\/2025\/04\/WhatsApp-Image-2025-04-14-at-12.08.06-PM.jpeg?resize=350%2C200&ssl=1","width":350,"height":200,"srcset":"https:\/\/i0.wp.com\/lasprimeras.com.do\/wp-content\/uploads\/2025\/04\/WhatsApp-Image-2025-04-14-at-12.08.06-PM.jpeg?resize=350%2C200&ssl=1 1x, https:\/\/i0.wp.com\/lasprimeras.com.do\/wp-content\/uploads\/2025\/04\/WhatsApp-Image-2025-04-14-at-12.08.06-PM.jpeg?resize=525%2C300&ssl=1 1.5x, https:\/\/i0.wp.com\/lasprimeras.com.do\/wp-content\/uploads\/2025\/04\/WhatsApp-Image-2025-04-14-at-12.08.06-PM.jpeg?resize=700%2C400&ssl=1 2x, https:\/\/i0.wp.com\/lasprimeras.com.do\/wp-content\/uploads\/2025\/04\/WhatsApp-Image-2025-04-14-at-12.08.06-PM.jpeg?resize=1050%2C600&ssl=1 3x, https:\/\/i0.wp.com\/lasprimeras.com.do\/wp-content\/uploads\/2025\/04\/WhatsApp-Image-2025-04-14-at-12.08.06-PM.jpeg?resize=1400%2C800&ssl=1 4x"},"classes":[]},{"id":107333,"url":"https:\/\/lasprimeras.com.do\/index.php\/2025\/08\/26\/los-restos-de-pennsylvania-y-sus-tres-hijos-envenenados-en-el-ensanche-isabelitafueron-velados-en-cotui\/","url_meta":{"origin":56989,"position":2},"title":"Los restos de Pennsylvania y sus tres hijos envenenados en el Ensanche Isabelita,fueron velados en Cotu\u00ed","author":"Nelson Feliz","date":"26 de agosto de 2025","format":false,"excerpt":"Fueron velados en Cotu\u00ed, provincia S\u00e1nchez Ram\u00edrez, los restos de Pennsylvania Mercedes Jim\u00e9nez Valdez y sus tres hijos, de 11, 9 y 7 a\u00f1os, quienes perdieron la vida el domingo en un suceso que ha impactado al pa\u00eds, luego de que la mujer presuntamente envenenara a los menores y luego\u2026","rel":"","context":"En \u00abNACIONALES\u00bb","block_context":{"text":"NACIONALES","link":"https:\/\/lasprimeras.com.do\/index.php\/category\/nacionales\/"},"img":{"alt_text":"","src":"https:\/\/i0.wp.com\/lasprimeras.com.do\/wp-content\/uploads\/2025\/08\/VELAN.jpg?resize=350%2C200&ssl=1","width":350,"height":200,"srcset":"https:\/\/i0.wp.com\/lasprimeras.com.do\/wp-content\/uploads\/2025\/08\/VELAN.jpg?resize=350%2C200&ssl=1 1x, https:\/\/i0.wp.com\/lasprimeras.com.do\/wp-content\/uploads\/2025\/08\/VELAN.jpg?resize=525%2C300&ssl=1 1.5x"},"classes":[]},{"id":110035,"url":"https:\/\/lasprimeras.com.do\/index.php\/2025\/09\/25\/se-entrega-cachanga-acusado-de-abusar-sexualmente-de-una-joven-en-cotui\/","url_meta":{"origin":56989,"position":3},"title":"Se entrega \u201cCachanga\u201d acusado de abusar sexualmente de una joven en Cotu\u00ed","author":"Nelson Feliz","date":"25 de septiembre de 2025","format":false,"excerpt":"Cachanga, tambi\u00e9n agredi\u00f3 a su hermano con el mismo padecimiento Por Luis Ozuna Tras el constante asedio por parte de la Policia Nacional, un hombre que era activamente buscado mediante orden de arresto, se entreg\u00f3 este mi\u00e9rcoles en compa\u00f1\u00eda de sus familiares, para enfrentar la justicia en Cotu\u00ed. El hombre\u2026","rel":"","context":"En \u00abMILITARES\u00bb","block_context":{"text":"MILITARES","link":"https:\/\/lasprimeras.com.do\/index.php\/category\/militares\/"},"img":{"alt_text":"","src":"https:\/\/i0.wp.com\/lasprimeras.com.do\/wp-content\/uploads\/2025\/09\/William-Jose-Rondon-Serrano.jpg?resize=350%2C200&ssl=1","width":350,"height":200},"classes":[]},{"id":56896,"url":"https:\/\/lasprimeras.com.do\/index.php\/2023\/08\/06\/muere-hombre-que-fue-quemado-por-su-pareja-mientras-dormia-en-moca\/","url_meta":{"origin":56989,"position":4},"title":"Muere hombre que fue quemado por su pareja mientras dorm\u00eda en Moca","author":"Nelson Feliz","date":"6 de agosto de 2023","format":false,"excerpt":"Antonio Valdez luch\u00f3 por su vida durante seis d\u00edas. Falleci\u00f3 en Moca, provincia Espaillat, un hombre que permanec\u00eda en estado cr\u00edtico por graves quemaduras en su cuerpo, luego de que su pareja le rociara gasolina y le prendiera fuego mientras dorm\u00eda. La v\u00edctima es Antonio Valdez, de 36 a\u00f1os de\u2026","rel":"","context":"En \u00abNACIONALES\u00bb","block_context":{"text":"NACIONALES","link":"https:\/\/lasprimeras.com.do\/index.php\/category\/nacionales\/"},"img":{"alt_text":"Antonio Valdez","src":"https:\/\/i0.wp.com\/lasprimeras.com.do\/wp-content\/uploads\/2023\/08\/Antonio-Valdez.jpg?resize=350%2C200&ssl=1","width":350,"height":200,"srcset":"https:\/\/i0.wp.com\/lasprimeras.com.do\/wp-content\/uploads\/2023\/08\/Antonio-Valdez.jpg?resize=350%2C200&ssl=1 1x, https:\/\/i0.wp.com\/lasprimeras.com.do\/wp-content\/uploads\/2023\/08\/Antonio-Valdez.jpg?resize=525%2C300&ssl=1 1.5x, https:\/\/i0.wp.com\/lasprimeras.com.do\/wp-content\/uploads\/2023\/08\/Antonio-Valdez.jpg?resize=700%2C400&ssl=1 2x"},"classes":[]},{"id":110563,"url":"https:\/\/lasprimeras.com.do\/index.php\/2025\/09\/29\/hombre-dispara-a-la-expareja-cuando-salia-de-una-oficina-en-una-plaza-de-moca\/","url_meta":{"origin":56989,"position":5},"title":"Hombre dispara a la expareja cuando sal\u00eda de una oficina en una plaza de Moca","author":"Nelson Feliz","date":"29 de septiembre de 2025","format":false,"excerpt":"La v\u00edctima, identificada como Katerine Gonz\u00e1lez, fue ingresada a un centro de salud con una herida en la pierna izquierda. Un hombre hiri\u00f3 de bala a su expareja la tarde de este domingo, mientras ella sal\u00eda de una oficina en una plaza comercial de esta ciudad, en la provincia Espaillat.\u2026","rel":"","context":"En \u00abNACIONALES\u00bb","block_context":{"text":"NACIONALES","link":"https:\/\/lasprimeras.com.do\/index.php\/category\/nacionales\/"},"img":{"alt_text":"","src":"https:\/\/i0.wp.com\/lasprimeras.com.do\/wp-content\/uploads\/2025\/09\/Katerine-Gonzalez.jpg?resize=350%2C200&ssl=1","width":350,"height":200,"srcset":"https:\/\/i0.wp.com\/lasprimeras.com.do\/wp-content\/uploads\/2025\/09\/Katerine-Gonzalez.jpg?resize=350%2C200&ssl=1 1x, https:\/\/i0.wp.com\/lasprimeras.com.do\/wp-content\/uploads\/2025\/09\/Katerine-Gonzalez.jpg?resize=525%2C300&ssl=1 1.5x, https:\/\/i0.wp.com\/lasprimeras.com.do\/wp-content\/uploads\/2025\/09\/Katerine-Gonzalez.jpg?resize=700%2C400&ssl=1 2x"},"classes":[]}],"jetpack_sharing_enabled":true,"_links":{"self":[{"href":"https:\/\/lasprimeras.com.do\/index.php\/wp-json\/wp\/v2\/posts\/56989","targetHints":{"allow":["GET"]}}],"collection":[{"href":"https:\/\/lasprimeras.com.do\/index.php\/wp-json\/wp\/v2\/posts"}],"about":[{"href":"https:\/\/lasprimeras.com.do\/index.php\/wp-json\/wp\/v2\/types\/post"}],"author":[{"embeddable":true,"href":"https:\/\/lasprimeras.com.do\/index.php\/wp-json\/wp\/v2\/users\/2"}],"replies":[{"embeddable":true,"href":"https:\/\/lasprimeras.com.do\/index.php\/wp-json\/wp\/v2\/comments?post=56989"}],"version-history":[{"count":1,"href":"https:\/\/lasprimeras.com.do\/index.php\/wp-json\/wp\/v2\/posts\/56989\/revisions"}],"predecessor-version":[{"id":56992,"href":"https:\/\/lasprimeras.com.do\/index.php\/wp-json\/wp\/v2\/posts\/56989\/revisions\/56992"}],"wp:featuredmedia":[{"embeddable":true,"href":"https:\/\/lasprimeras.com.do\/index.php\/wp-json\/wp\/v2\/media\/56990"}],"wp:attachment":[{"href":"https:\/\/lasprimeras.com.do\/index.php\/wp-json\/wp\/v2\/media?parent=56989"}],"wp:term":[{"taxonomy":"category","embeddable":true,"href":"https:\/\/lasprimeras.com.do\/index.php\/wp-json\/wp\/v2\/categories?post=56989"},{"taxonomy":"post_tag","embeddable":true,"href":"https:\/\/lasprimeras.com.do\/index.php\/wp-json\/wp\/v2\/tags?post=56989"}],"curies":[{"name":"wp","href":"https:\/\/api.w.org\/{rel}","templated":true}]}}