{"id":56993,"date":"2023-08-07T19:34:08","date_gmt":"2023-08-07T23:34:08","guid":{"rendered":"https:\/\/lasprimeras.com.do\/?p=56993"},"modified":"2023-08-07T19:34:09","modified_gmt":"2023-08-07T23:34:09","slug":"mueren-13-haitianos-al-deslizarse-yipeta-donde-iban-clandestinamente-en-esperanza","status":"publish","type":"post","link":"https:\/\/lasprimeras.com.do\/index.php\/2023\/08\/07\/mueren-13-haitianos-al-deslizarse-yipeta-donde-iban-clandestinamente-en-esperanza\/","title":{"rendered":"Mueren 13 haitianos al deslizarse yipeta donde iban clandestinamente en Esperanza"},"content":{"rendered":"\n<p><strong>Entre v\u00edctimas hay una ni\u00f1a de cuatro a\u00f1os y una reci\u00e9n nacida.<\/strong><\/p>\n\n\n\n<p>La Direcci\u00f3n Regional Noroeste de la Policia Nacional confirm\u00f3 este lunes la muerte de trece ciudadanos haitianos, entre ellos una ni\u00f1a reci\u00e9n nacida y otra de cuatro a\u00f1os de edad, a consecuencia de deslizarse sufrir un deslizamiento una yipeta que los transportaba ilegalmente.<\/p>\n\n\n\n<p>La tragedia se produjo cerca de la medianoche de ayer domingo, cuando el conductor del veh\u00edculo marca Toyota Runne, color blanco, placa G237587, perdiera el control del mismo y cayera en el canal de riego, ubicado en el tramo carretero de la comunidad Pe\u00f1uela, municipio de Esperanza.<\/p>\n\n\n\n<p>Entre las v\u00edctimas figuran nueve hombres, dos mujeres y las dos ni\u00f1as, de las cuales han sido identificadas los nombrados Fanes Celicourt, Fresly Ben-Alse, Fleury Duuhomme y Marie Juceline Santelmomo.<\/p>\n\n\n\n<p>Todos eran transportados ilegalmente desde Hait\u00ed, supuestamente fon destino a la ciudad de Santiago y Santo Domingo.<\/p>\n\n\n\n<p>Hasta el momento no se ha podido establecer la identidad del conductor del veh\u00edculo, ni su estado, porque alegadamente habr\u00eda desaparecido de la escena de la tragedia, conforme a los datos preliminares obtenidos.<\/p>\n\n\n\n<p>Tras lamentar el hecho, la Direcci\u00f3n Regional Noroeste de la Policia Nacional, dijo que profundizan las investigaciones a fin de poder establecer responsabilidades.<\/p>\n","protected":false},"excerpt":{"rendered":"<p>Entre v\u00edctimas hay una ni\u00f1a de cuatro a\u00f1os y una reci\u00e9n nacida. La Direcci\u00f3n Regional Noroeste de la Policia Nacional confirm\u00f3 este lunes la muerte de trece ciudadanos haitianos, entre&hellip;<\/p>\n","protected":false},"author":2,"featured_media":56994,"comment_status":"open","ping_status":"open","sticky":false,"template":"","format":"standard","meta":{"content-type":"","jetpack_post_was_ever_published":false,"_jetpack_newsletter_access":"","_jetpack_dont_email_post_to_subs":false,"_jetpack_newsletter_tier_id":0,"_jetpack_memberships_contains_paywalled_content":false,"_jetpack_memberships_contains_paid_content":false,"footnotes":""},"categories":[3057],"tags":[5927,263,238,1050],"class_list":["post-56993","post","type-post","status-publish","format-standard","has-post-thumbnail","hentry","category-militares","tag-clandestinamente","tag-haitianos","tag-mueren","tag-vehiculos"],"jetpack_featured_media_url":"https:\/\/lasprimeras.com.do\/wp-content\/uploads\/2023\/08\/haitianos.jpg","jetpack-related-posts":[{"id":92291,"url":"https:\/\/lasprimeras.com.do\/index.php\/2025\/01\/01\/cuatro-personas-heridas-al-deslizarse-vehiculo-en-la-carretera-el-seibo-hato-mayor\/","url_meta":{"origin":56993,"position":0},"title":"Cuatro personas heridas al deslizarse veh\u00edculo en la carretera El Seibo-Hato Mayor","author":"Nelson Feliz","date":"1 de enero de 2025","format":false,"excerpt":"Un beb\u00e9 de un mes entre los lesionados. Por Irentoni Vega@viphatomayor Al menos cuatro personas resultaron heridas, entre ellas un beb\u00e9 de un mes y 12 d\u00edas de nacido, tras deslizarse una yipeta en la altura del Km\/7 de la carretera El Seibo-Hato Mayor, pr\u00f3ximo al Club Gall\u00edstico. Los lesionados\u2026","rel":"","context":"En \u00abNACIONALES\u00bb","block_context":{"text":"NACIONALES","link":"https:\/\/lasprimeras.com.do\/index.php\/category\/nacionales\/"},"img":{"alt_text":"","src":"https:\/\/i0.wp.com\/lasprimeras.com.do\/wp-content\/uploads\/2025\/01\/dos.jpg?resize=350%2C200&ssl=1","width":350,"height":200,"srcset":"https:\/\/i0.wp.com\/lasprimeras.com.do\/wp-content\/uploads\/2025\/01\/dos.jpg?resize=350%2C200&ssl=1 1x, https:\/\/i0.wp.com\/lasprimeras.com.do\/wp-content\/uploads\/2025\/01\/dos.jpg?resize=525%2C300&ssl=1 1.5x, https:\/\/i0.wp.com\/lasprimeras.com.do\/wp-content\/uploads\/2025\/01\/dos.jpg?resize=700%2C400&ssl=1 2x"},"classes":[]},{"id":54354,"url":"https:\/\/lasprimeras.com.do\/index.php\/2023\/07\/10\/una-nina-muere-y-otras-dos-resultan-heridas-junto-a-una-adulta-tras-deslizarse-motocicleta-en-montecristi\/","url_meta":{"origin":56993,"position":1},"title":"Una ni\u00f1a muere y otras dos resultan heridas junto a una adulta tras deslizarse motocicleta en Montecristi","author":"Nelson Feliz","date":"10 de julio de 2023","format":false,"excerpt":"Una ni\u00f1a de cuatro a\u00f1os de edad falleci\u00f3 anoche y otras dos menores de 8 y 3 a\u00f1os resultaron heridas, incluyendo una adulta de 28 a\u00f1os, al deslizarse la motocicleta donde se desplazaban, pr\u00f3ximo al Batey Maguaca, en el municipio San Fernando de Montecristi. La v\u00edctima fatal es la menor\u2026","rel":"","context":"En \u00abNACIONALES\u00bb","block_context":{"text":"NACIONALES","link":"https:\/\/lasprimeras.com.do\/index.php\/category\/nacionales\/"},"img":{"alt_text":"Hospital P\u00fablico Padre Fantino","src":"https:\/\/i0.wp.com\/lasprimeras.com.do\/wp-content\/uploads\/2023\/07\/WhatsApp-Image-2023-07-10-at-8.23.29-AM.jpeg?resize=350%2C200&ssl=1","width":350,"height":200,"srcset":"https:\/\/i0.wp.com\/lasprimeras.com.do\/wp-content\/uploads\/2023\/07\/WhatsApp-Image-2023-07-10-at-8.23.29-AM.jpeg?resize=350%2C200&ssl=1 1x, https:\/\/i0.wp.com\/lasprimeras.com.do\/wp-content\/uploads\/2023\/07\/WhatsApp-Image-2023-07-10-at-8.23.29-AM.jpeg?resize=525%2C300&ssl=1 1.5x, https:\/\/i0.wp.com\/lasprimeras.com.do\/wp-content\/uploads\/2023\/07\/WhatsApp-Image-2023-07-10-at-8.23.29-AM.jpeg?resize=700%2C400&ssl=1 2x"},"classes":[]},{"id":50798,"url":"https:\/\/lasprimeras.com.do\/index.php\/2023\/05\/24\/conductor-de-motocicleta-muere-al-deslizarse-en-la-carretera-pedernales-oviedo\/","url_meta":{"origin":56993,"position":2},"title":"Conductor de motocicleta muere al deslizarse en la carretera Pedernales-Oviedo","author":"prenxa100","date":"24 de mayo de 2023","format":false,"excerpt":"Por Odalis B\u00e1ez OVIEDO , Pedernales.- Un hombre de 34 a\u00f1os de edad muri\u00f3 al deslizarse la motocicleta que conduc\u00eda en el tramo carretero entre el municipio de Oviedo y Pedernales. La v\u00edctima fue identificada como Jael Alex\u00e1nder P\u00e9rez, quien sufri\u00f3 un deslizamiento en la motocicleta marca Suzuky sin placa\u2026","rel":"","context":"En \u00abNACIONALES\u00bb","block_context":{"text":"NACIONALES","link":"https:\/\/lasprimeras.com.do\/index.php\/category\/nacionales\/"},"img":{"alt_text":"","src":"https:\/\/i0.wp.com\/atento.com.do\/wp-content\/uploads\/2023\/05\/WhatsApp-Image-2023-05-24-at-6.54.56-AM-768x1024.jpeg?resize=350%2C200","width":350,"height":200,"srcset":"https:\/\/i0.wp.com\/atento.com.do\/wp-content\/uploads\/2023\/05\/WhatsApp-Image-2023-05-24-at-6.54.56-AM-768x1024.jpeg?resize=350%2C200 1x, https:\/\/i0.wp.com\/atento.com.do\/wp-content\/uploads\/2023\/05\/WhatsApp-Image-2023-05-24-at-6.54.56-AM-768x1024.jpeg?resize=525%2C300 1.5x, https:\/\/i0.wp.com\/atento.com.do\/wp-content\/uploads\/2023\/05\/WhatsApp-Image-2023-05-24-at-6.54.56-AM-768x1024.jpeg?resize=700%2C400 2x"},"classes":[]},{"id":57124,"url":"https:\/\/lasprimeras.com.do\/index.php\/2023\/08\/09\/dos-muertos-y-cinco-heridos-deja-choque-dos-yipetas-la-vega\/","url_meta":{"origin":56993,"position":3},"title":"Dos muertos y cinco heridos deja choque dos yipetas La Vega","author":"Nelson Feliz","date":"9 de agosto de 2023","format":false,"excerpt":"Dos personas murieron y otras cinco resultaron heridas en un choque entre dos yipetas en la autopista Duarte, entre La Vega y Santiago. Los muertos son Anderson Joel Dom\u00ednguez, de 37 a\u00f1os, y la menor de cinco a\u00f1os G\u00e9nesis Pe\u00f1a L\u00f3pez. Entre los heridos figuran Bethania Trinidad Guzm\u00e1n, de 38;\u2026","rel":"","context":"En \u00abNACIONALES\u00bb","block_context":{"text":"NACIONALES","link":"https:\/\/lasprimeras.com.do\/index.php\/category\/nacionales\/"},"img":{"alt_text":"","src":"https:\/\/i0.wp.com\/lasprimeras.com.do\/wp-content\/uploads\/2023\/08\/Mueren-dos-personas-en-autopista-6-de-Noviembre.jpg?resize=350%2C200&ssl=1","width":350,"height":200,"srcset":"https:\/\/i0.wp.com\/lasprimeras.com.do\/wp-content\/uploads\/2023\/08\/Mueren-dos-personas-en-autopista-6-de-Noviembre.jpg?resize=350%2C200&ssl=1 1x, https:\/\/i0.wp.com\/lasprimeras.com.do\/wp-content\/uploads\/2023\/08\/Mueren-dos-personas-en-autopista-6-de-Noviembre.jpg?resize=525%2C300&ssl=1 1.5x"},"classes":[]},{"id":59756,"url":"https:\/\/lasprimeras.com.do\/index.php\/2023\/09\/07\/detienen-yipeta-llena-de-haitianos-en-santiago-rodriguez\/","url_meta":{"origin":56993,"position":4},"title":"Detienen yipeta llena de haitianos en Santiago Rodr\u00edguez","author":"Nelson Feliz","date":"7 de septiembre de 2023","format":false,"excerpt":"El conductor del veh\u00edculo emprendi\u00f3 la huida y se encuentra pr\u00f3fugo de la justicia. Luego de una fuerte persecuci\u00f3n a tiros, miembros del Ej\u00e9rcito de la Rep\u00fablica Dominicana detuvieron un veh\u00edculo lleno de haitianos indocumentados de diferentes edades y sexo, quienes buscaban restablecerse en pueblos dominicanos para huir de la\u2026","rel":"","context":"En \u00abNACIONALES\u00bb","block_context":{"text":"NACIONALES","link":"https:\/\/lasprimeras.com.do\/index.php\/category\/nacionales\/"},"img":{"alt_text":"haitianos","src":"https:\/\/i0.wp.com\/lasprimeras.com.do\/wp-content\/uploads\/2023\/09\/haitianos.jpeg?resize=350%2C200&ssl=1","width":350,"height":200,"srcset":"https:\/\/i0.wp.com\/lasprimeras.com.do\/wp-content\/uploads\/2023\/09\/haitianos.jpeg?resize=350%2C200&ssl=1 1x, https:\/\/i0.wp.com\/lasprimeras.com.do\/wp-content\/uploads\/2023\/09\/haitianos.jpeg?resize=525%2C300&ssl=1 1.5x, https:\/\/i0.wp.com\/lasprimeras.com.do\/wp-content\/uploads\/2023\/09\/haitianos.jpeg?resize=700%2C400&ssl=1 2x"},"classes":[]},{"id":56923,"url":"https:\/\/lasprimeras.com.do\/index.php\/2023\/08\/07\/al-menos-13-haitianos-muertos-al-caer-vehiculo-en-canal-en-esperanza-valverde\/","url_meta":{"origin":56993,"position":5},"title":"Al menos 13 haitianos muertos al caer veh\u00edculo en canal en Esperanza, Valverde","author":"Nelson Feliz","date":"7 de agosto de 2023","format":false,"excerpt":"Las autoridades manifestaron que investigan el caso debido a que se presume se trata de tr\u00e1fico ilegal de haitianos. Unos 13 haitianos indocumentados perdieron la vida la madrugada de este lunes al deslizarse el veh\u00edculo en que se trasladaban y caer en un canal de riego. El hecho ocurri\u00f3 en\u2026","rel":"","context":"En \u00abNACIONALES\u00bb","block_context":{"text":"NACIONALES","link":"https:\/\/lasprimeras.com.do\/index.php\/category\/nacionales\/"},"img":{"alt_text":"","src":"https:\/\/i0.wp.com\/lasprimeras.com.do\/wp-content\/uploads\/2023\/08\/accidente-1.jpg?resize=350%2C200&ssl=1","width":350,"height":200},"classes":[]}],"jetpack_sharing_enabled":true,"_links":{"self":[{"href":"https:\/\/lasprimeras.com.do\/index.php\/wp-json\/wp\/v2\/posts\/56993","targetHints":{"allow":["GET"]}}],"collection":[{"href":"https:\/\/lasprimeras.com.do\/index.php\/wp-json\/wp\/v2\/posts"}],"about":[{"href":"https:\/\/lasprimeras.com.do\/index.php\/wp-json\/wp\/v2\/types\/post"}],"author":[{"embeddable":true,"href":"https:\/\/lasprimeras.com.do\/index.php\/wp-json\/wp\/v2\/users\/2"}],"replies":[{"embeddable":true,"href":"https:\/\/lasprimeras.com.do\/index.php\/wp-json\/wp\/v2\/comments?post=56993"}],"version-history":[{"count":1,"href":"https:\/\/lasprimeras.com.do\/index.php\/wp-json\/wp\/v2\/posts\/56993\/revisions"}],"predecessor-version":[{"id":56995,"href":"https:\/\/lasprimeras.com.do\/index.php\/wp-json\/wp\/v2\/posts\/56993\/revisions\/56995"}],"wp:featuredmedia":[{"embeddable":true,"href":"https:\/\/lasprimeras.com.do\/index.php\/wp-json\/wp\/v2\/media\/56994"}],"wp:attachment":[{"href":"https:\/\/lasprimeras.com.do\/index.php\/wp-json\/wp\/v2\/media?parent=56993"}],"wp:term":[{"taxonomy":"category","embeddable":true,"href":"https:\/\/lasprimeras.com.do\/index.php\/wp-json\/wp\/v2\/categories?post=56993"},{"taxonomy":"post_tag","embeddable":true,"href":"https:\/\/lasprimeras.com.do\/index.php\/wp-json\/wp\/v2\/tags?post=56993"}],"curies":[{"name":"wp","href":"https:\/\/api.w.org\/{rel}","templated":true}]}}