{"id":57002,"date":"2023-08-07T20:11:45","date_gmt":"2023-08-08T00:11:45","guid":{"rendered":"https:\/\/lasprimeras.com.do\/?p=57002"},"modified":"2023-08-07T20:11:46","modified_gmt":"2023-08-08T00:11:46","slug":"coe-aumenta-a-nueve-provincias-en-alerta-verde-por-vaguada-y-onda-tropical","status":"publish","type":"post","link":"https:\/\/lasprimeras.com.do\/index.php\/2023\/08\/07\/coe-aumenta-a-nueve-provincias-en-alerta-verde-por-vaguada-y-onda-tropical\/","title":{"rendered":"COE aumenta a nueve provincias en alerta verde por vaguada y onda tropical"},"content":{"rendered":"\n<p><strong>Las autoridades agregaron a Santiago, La Vega y Monse\u00f1or Nouel.<\/strong><\/p>\n\n\n\n<p>El Centro de Operaciones de Emergencia (COE) aument\u00f3 a nueve la cantidad de provincias en alerta verde por posibles crecidas de r\u00edos, arroyos y ca\u00f1adas, as\u00ed como inundaciones, debido a la incidencia de una vaguada y una onda tropical.<\/p>\n\n\n\n<p>Las autoridades agregaron a Santiago, La Vega y Monse\u00f1or Nouel al listado que ya inclu\u00eda a Santo Domingo, San Crist\u00f3bal, Distrito Nacional, San Jos\u00e9 de Ocoa, Hato Mayor y Monte Plata.<\/p>\n\n\n\n<p>El COE recomienda a las personas abstenerse de cruzar r\u00edos, arroyos y ca\u00f1adas que presenten altos vol\u00famenes de agua y no hacer uso de balnearios (r\u00edos), en las provincias bajo alerta.<\/p>\n","protected":false},"excerpt":{"rendered":"<p>Las autoridades agregaron a Santiago, La Vega y Monse\u00f1or Nouel. El Centro de Operaciones de Emergencia (COE) aument\u00f3 a nueve la cantidad de provincias en alerta verde por posibles crecidas&hellip;<\/p>\n","protected":false},"author":2,"featured_media":55104,"comment_status":"open","ping_status":"open","sticky":false,"template":"","format":"standard","meta":{"content-type":"","jetpack_post_was_ever_published":false,"_jetpack_newsletter_access":"","_jetpack_dont_email_post_to_subs":false,"_jetpack_newsletter_tier_id":0,"_jetpack_memberships_contains_paywalled_content":false,"_jetpack_memberships_contains_paid_content":false,"footnotes":""},"categories":[35,25],"tags":[5931,1519,2266,5932,1825,1518],"class_list":["post-57002","post","type-post","status-publish","format-standard","has-post-thumbnail","hentry","category-nacionales","category-portada","tag-alerta-verde","tag-aumenta","tag-coe","tag-nueve","tag-provincias","tag-vaguada"],"jetpack_featured_media_url":"https:\/\/lasprimeras.com.do\/wp-content\/uploads\/2023\/07\/lluvias-1.jpg","jetpack-related-posts":[{"id":90566,"url":"https:\/\/lasprimeras.com.do\/index.php\/2024\/10\/24\/coe-aumenta-a-cinco-las-provincias-en-alerta-amarilla-por-vaguada-y-onda-tropical\/","url_meta":{"origin":57002,"position":0},"title":"COE aumenta a cinco las provincias en alerta amarilla por vaguada y onda tropical","author":"Nelson Feliz","date":"24 de octubre de 2024","format":false,"excerpt":"El Centro de Operaciones de Emergencias (COE) aument\u00f3 a cinco las provincias en alerta amarilla debido a la incidencia de una vaguada y una onda tropical, que han generado incrementos nubosos acompa\u00f1ados de aguaceros en gran parte del pa\u00eds. Actualmente, el Distrito Nacional y seis provincias est\u00e1n en alerta verde.\u2026","rel":"","context":"En \u00abNACIONALES\u00bb","block_context":{"text":"NACIONALES","link":"https:\/\/lasprimeras.com.do\/index.php\/category\/nacionales\/"},"img":{"alt_text":"","src":"https:\/\/i0.wp.com\/lasprimeras.com.do\/wp-content\/uploads\/2024\/10\/coe-1.jpg?resize=350%2C200&ssl=1","width":350,"height":200},"classes":[]},{"id":59451,"url":"https:\/\/lasprimeras.com.do\/index.php\/2023\/09\/04\/coe-emite-alerta-verde-para-5-provincias-por-incidencia-de-onda-tropical\/","url_meta":{"origin":57002,"position":1},"title":"COE emite alerta verde para 5 provincias por incidencia de onda tropical","author":"Nelson Feliz","date":"4 de septiembre de 2023","format":false,"excerpt":"El Centro de Operaciones de Energ\u00eda (COE) coloca en alerta verde a cinco provincias por posibles crecidas de r\u00edos, arroyos y ca\u00f1adas debido a la incidencia de aguaceros generados por una vaguada y onda tropical sobre el territorio nacional. Las provincias bajo alerta son el Distrito Nacional, Santo Domingo, La\u2026","rel":"","context":"En \u00abNACIONALES\u00bb","block_context":{"text":"NACIONALES","link":"https:\/\/lasprimeras.com.do\/index.php\/category\/nacionales\/"},"img":{"alt_text":"coe","src":"https:\/\/i0.wp.com\/lasprimeras.com.do\/wp-content\/uploads\/2023\/08\/coe.jpg?resize=350%2C200&ssl=1","width":350,"height":200,"srcset":"https:\/\/i0.wp.com\/lasprimeras.com.do\/wp-content\/uploads\/2023\/08\/coe.jpg?resize=350%2C200&ssl=1 1x, https:\/\/i0.wp.com\/lasprimeras.com.do\/wp-content\/uploads\/2023\/08\/coe.jpg?resize=525%2C300&ssl=1 1.5x, https:\/\/i0.wp.com\/lasprimeras.com.do\/wp-content\/uploads\/2023\/08\/coe.jpg?resize=700%2C400&ssl=1 2x"},"classes":[]},{"id":112044,"url":"https:\/\/lasprimeras.com.do\/index.php\/2025\/10\/16\/coe-coloca-al-distrito-nacional-y-23-provincias-en-alerta-por-efectos-de-vaguada\/","url_meta":{"origin":57002,"position":2},"title":"COE coloca al Distrito Nacional y 23 provincias en alerta por efectos de vaguada","author":"Nelson Feliz","date":"16 de octubre de 2025","format":false,"excerpt":"El Centro de Operaciones de Emergencias (COE) mantiene seis provincias en alerta amarilla y coloca 17 provincias y el Distrito Nacional en alerta verde, debido a una vaguada frontal que est\u00e1 generando nublados con aguaceros de moderados a fuertes, tormentas el\u00e9ctricas y r\u00e1fagas de viento, seg\u00fan muestran las im\u00e1genes satelitales\u2026","rel":"","context":"En \u00abCLIMA\u00bb","block_context":{"text":"CLIMA","link":"https:\/\/lasprimeras.com.do\/index.php\/category\/clima\/"},"img":{"alt_text":"","src":"https:\/\/i0.wp.com\/lasprimeras.com.do\/wp-content\/uploads\/2025\/10\/coe-2.jpg?resize=350%2C200&ssl=1","width":350,"height":200,"srcset":"https:\/\/i0.wp.com\/lasprimeras.com.do\/wp-content\/uploads\/2025\/10\/coe-2.jpg?resize=350%2C200&ssl=1 1x, https:\/\/i0.wp.com\/lasprimeras.com.do\/wp-content\/uploads\/2025\/10\/coe-2.jpg?resize=525%2C300&ssl=1 1.5x"},"classes":[]},{"id":110099,"url":"https:\/\/lasprimeras.com.do\/index.php\/2025\/09\/25\/coe-pone-9-provincias-en-alerta-amarilla-y-7-en-verde-por-lluvias-de-onda-tropical-y-vaguada\/","url_meta":{"origin":57002,"position":3},"title":"COE pone 9 provincias en alerta amarilla y 7 en verde por lluvias de onda tropical y vaguada","author":"Nelson Feliz","date":"25 de septiembre de 2025","format":false,"excerpt":"El Centro de Operaciones de Emergencias (COE) ampli\u00f3 a 16 las provincias en alerta por la incidencia activa de una onda tropical y una vaguada en varios niveles de la troposfera. En ese sentido, nueve provincias se encuentran en alerta amarilla, siendo estas el Gran Santo Domingo, Mar\u00eda Trinidad S\u00e1nchez,\u2026","rel":"","context":"En \u00abCLIMA\u00bb","block_context":{"text":"CLIMA","link":"https:\/\/lasprimeras.com.do\/index.php\/category\/clima\/"},"img":{"alt_text":"","src":"https:\/\/i0.wp.com\/lasprimeras.com.do\/wp-content\/uploads\/2025\/09\/coe.jpeg?resize=350%2C200&ssl=1","width":350,"height":200,"srcset":"https:\/\/i0.wp.com\/lasprimeras.com.do\/wp-content\/uploads\/2025\/09\/coe.jpeg?resize=350%2C200&ssl=1 1x, https:\/\/i0.wp.com\/lasprimeras.com.do\/wp-content\/uploads\/2025\/09\/coe.jpeg?resize=525%2C300&ssl=1 1.5x, https:\/\/i0.wp.com\/lasprimeras.com.do\/wp-content\/uploads\/2025\/09\/coe.jpeg?resize=700%2C400&ssl=1 2x"},"classes":[]},{"id":126919,"url":"https:\/\/lasprimeras.com.do\/index.php\/2026\/04\/06\/coe-al-menos-11-provincias-en-alerta-y-el-distrito-nacional-por-vaguada\/","url_meta":{"origin":57002,"position":4},"title":"COE: Al menos 11 provincias en alerta y el Distrito Nacional por vaguada","author":"Nelson Feliz","date":"6 de abril de 2026","format":false,"excerpt":"El Centro de Operaciones de Emergencias (COE) inform\u00f3 la tarde de este lunes que mantiene dos provincias en alerta amarilla y nueve, junto al Distrito Nacional, en alerta verde, debido a la incidencia de una vaguada, los efectos del viento del sureste y el calentamiento diurno, fen\u00f3menos que provocan aguaceros,\u2026","rel":"","context":"En \u00abCLIMA\u00bb","block_context":{"text":"CLIMA","link":"https:\/\/lasprimeras.com.do\/index.php\/category\/clima\/"},"img":{"alt_text":"Mapa del pa\u00eds con las provincias en alarta","src":"https:\/\/i0.wp.com\/lasprimeras.com.do\/wp-content\/uploads\/2026\/04\/Mapa-del-pais-con-las-provincias-en-alarta.jpg?resize=350%2C200&ssl=1","width":350,"height":200,"srcset":"https:\/\/i0.wp.com\/lasprimeras.com.do\/wp-content\/uploads\/2026\/04\/Mapa-del-pais-con-las-provincias-en-alarta.jpg?resize=350%2C200&ssl=1 1x, https:\/\/i0.wp.com\/lasprimeras.com.do\/wp-content\/uploads\/2026\/04\/Mapa-del-pais-con-las-provincias-en-alarta.jpg?resize=525%2C300&ssl=1 1.5x, https:\/\/i0.wp.com\/lasprimeras.com.do\/wp-content\/uploads\/2026\/04\/Mapa-del-pais-con-las-provincias-en-alarta.jpg?resize=700%2C400&ssl=1 2x"},"classes":[]},{"id":98284,"url":"https:\/\/lasprimeras.com.do\/index.php\/2025\/05\/06\/coe-eleva-a-nueve-las-provincias-en-alerta-amarilla-por-las-lluvias\/","url_meta":{"origin":57002,"position":5},"title":"COE eleva a nueve las provincias en alerta amarilla por las lluvias","author":"Nelson Feliz","date":"6 de mayo de 2025","format":false,"excerpt":"Estas son: Santo Domingo, Monse\u00f1or Nouel, Santiago, Puerto Plata, Dajab\u00f3n, La Vega, Monte Plata, San Juan y Espaillat. El Centro de Operaciones de Emergencias (COE) aument\u00f3 la noche de este lunes a nueve las provincias en alerta amarilla y mantiene al Distrito Nacional y a 11 en verde, debido la\u2026","rel":"","context":"En \u00abNACIONALES\u00bb","block_context":{"text":"NACIONALES","link":"https:\/\/lasprimeras.com.do\/index.php\/category\/nacionales\/"},"img":{"alt_text":"","src":"https:\/\/i0.wp.com\/lasprimeras.com.do\/wp-content\/uploads\/2025\/05\/GqO5baTXIAE0l_Z.jpg?resize=350%2C200&ssl=1","width":350,"height":200,"srcset":"https:\/\/i0.wp.com\/lasprimeras.com.do\/wp-content\/uploads\/2025\/05\/GqO5baTXIAE0l_Z.jpg?resize=350%2C200&ssl=1 1x, https:\/\/i0.wp.com\/lasprimeras.com.do\/wp-content\/uploads\/2025\/05\/GqO5baTXIAE0l_Z.jpg?resize=525%2C300&ssl=1 1.5x"},"classes":[]}],"jetpack_sharing_enabled":true,"_links":{"self":[{"href":"https:\/\/lasprimeras.com.do\/index.php\/wp-json\/wp\/v2\/posts\/57002","targetHints":{"allow":["GET"]}}],"collection":[{"href":"https:\/\/lasprimeras.com.do\/index.php\/wp-json\/wp\/v2\/posts"}],"about":[{"href":"https:\/\/lasprimeras.com.do\/index.php\/wp-json\/wp\/v2\/types\/post"}],"author":[{"embeddable":true,"href":"https:\/\/lasprimeras.com.do\/index.php\/wp-json\/wp\/v2\/users\/2"}],"replies":[{"embeddable":true,"href":"https:\/\/lasprimeras.com.do\/index.php\/wp-json\/wp\/v2\/comments?post=57002"}],"version-history":[{"count":1,"href":"https:\/\/lasprimeras.com.do\/index.php\/wp-json\/wp\/v2\/posts\/57002\/revisions"}],"predecessor-version":[{"id":57003,"href":"https:\/\/lasprimeras.com.do\/index.php\/wp-json\/wp\/v2\/posts\/57002\/revisions\/57003"}],"wp:featuredmedia":[{"embeddable":true,"href":"https:\/\/lasprimeras.com.do\/index.php\/wp-json\/wp\/v2\/media\/55104"}],"wp:attachment":[{"href":"https:\/\/lasprimeras.com.do\/index.php\/wp-json\/wp\/v2\/media?parent=57002"}],"wp:term":[{"taxonomy":"category","embeddable":true,"href":"https:\/\/lasprimeras.com.do\/index.php\/wp-json\/wp\/v2\/categories?post=57002"},{"taxonomy":"post_tag","embeddable":true,"href":"https:\/\/lasprimeras.com.do\/index.php\/wp-json\/wp\/v2\/tags?post=57002"}],"curies":[{"name":"wp","href":"https:\/\/api.w.org\/{rel}","templated":true}]}}