{"id":57008,"date":"2023-08-07T20:30:37","date_gmt":"2023-08-08T00:30:37","guid":{"rendered":"https:\/\/lasprimeras.com.do\/?p=57008"},"modified":"2023-08-07T20:30:39","modified_gmt":"2023-08-08T00:30:39","slug":"los-secuestros-de-ninos-y-mujeres-se-triplican-en-dos-anos-en-haiti-por-la-escalada-de-violencia","status":"publish","type":"post","link":"https:\/\/lasprimeras.com.do\/index.php\/2023\/08\/07\/los-secuestros-de-ninos-y-mujeres-se-triplican-en-dos-anos-en-haiti-por-la-escalada-de-violencia\/","title":{"rendered":"Los secuestros de ni\u00f1os y mujeres se triplican en dos a\u00f1os en Hait\u00ed por la escalada de violencia"},"content":{"rendered":"\n<p>La escalada de violencia en la que vive sumido Hait\u00ed ha provocado que en apenas dos a\u00f1os se hayan triplicado los secuestros de ni\u00f1os y mujeres, seg\u00fan datos del Fondo de Naciones Unidas para la Infancia (UNICEF), que tiene registrados casi 300 casos durante los primeros seis meses de 2023 y teme que siga empeorando una situaci\u00f3n que ya califica de &#8220;catastr\u00f3fica&#8221;.<\/p>\n\n\n\n<p>El patr\u00f3n se repite en la mayor\u00eda de los casos: los rehenes secuestrados por los grupos armados se convierten en una forma de presi\u00f3n para obtener dinero, una especia de &#8220;moneda de cambio&#8221;. El director regional de UNICEF para Am\u00e9rica Latina y el Caribe, Gary Conille, ha subrayado en un comunicado que &#8220;las mujeres y los ni\u00f1os no son mercanc\u00edas&#8221; y ve &#8220;extremadamente preocupante&#8221; la actual tendencia.<\/p>\n\n\n\n<p>&#8220;He sido testigo de la incre\u00edble resistencia de los ni\u00f1os, mujeres y familias haitianos a medida que se enfrentan a desaf\u00edos aparentemente insuperables, neg\u00e1ndose a rendirse&#8221;, pero &#8220;su valent\u00eda se enfrenta a un terror cada vez mayor e impensable&#8221;, ha advertido Conille.<\/p>\n\n\n\n<p>La concatenaci\u00f3n de crisis en que vive sumido Hait\u00ed ha llevado a que 5,2 millones de personas, casi la mitad de la poblaci\u00f3n, necesite ayuda humanitaria, incluidos tres millones de ni\u00f1os. La red sanitaria y educativa tambi\u00e9n ha sufrido ataques constantes, en un escenario en el que las organizaciones humanitarias tienen dificultades para moverse con libertad por los saqueos, el bloqueo de carreteras y la presencia extendida de grupos armados, especialmente en Puerto Pr\u00edncipe.<\/p>\n\n\n\n<p>UNICEF, que ofrece atenci\u00f3n m\u00e9dica, apoyo psicosocial y espacios seguros, ha reclamado de manera &#8220;urgente&#8221; la liberaci\u00f3n &#8220;inmediata&#8221; de todas las personas secuestradas en Hait\u00ed, v\u00edctimas de secuelas f\u00edsicas y psicol\u00f3gicas.<\/p>\n\n\n\n<p>Agencia EUROPA PRESS<\/p>\n","protected":false},"excerpt":{"rendered":"<p>La escalada de violencia en la que vive sumido Hait\u00ed ha provocado que en apenas dos a\u00f1os se hayan triplicado los secuestros de ni\u00f1os y mujeres, seg\u00fan datos del Fondo&hellip;<\/p>\n","protected":false},"author":2,"featured_media":57009,"comment_status":"open","ping_status":"open","sticky":false,"template":"","format":"standard","meta":{"content-type":"","jetpack_post_was_ever_published":false,"_jetpack_newsletter_access":"","_jetpack_dont_email_post_to_subs":false,"_jetpack_newsletter_tier_id":0,"_jetpack_memberships_contains_paywalled_content":false,"_jetpack_memberships_contains_paid_content":false,"footnotes":""},"categories":[1],"tags":[5455,217,836,58,3897,5937,3882],"class_list":["post-57008","post","type-post","status-publish","format-standard","has-post-thumbnail","hentry","category-sin-categoria","tag-escalada","tag-haiti","tag-mujeres","tag-ninos","tag-secuestros","tag-triplican","tag-violencia"],"jetpack_featured_media_url":"https:\/\/lasprimeras.com.do\/wp-content\/uploads\/2023\/08\/secuestros.jpeg","jetpack-related-posts":[{"id":93418,"url":"https:\/\/lasprimeras.com.do\/index.php\/2025\/02\/09\/haiti-registra-un-aumento-del-1000-de-violencia-sexual-contra-ninos\/","url_meta":{"origin":57008,"position":0},"title":"Hait\u00ed registra un aumento del 1,000% de violencia sexual contra ni\u00f1os","author":"Nelson Feliz","date":"9 de febrero de 2025","format":false,"excerpt":"Tres millones de ni\u00f1os necesitar\u00e1n ayuda humanitaria urgente este a\u00f1o, seg\u00fan el fondo de la ONU Madrid, Espa\u00f1a,Europa Press.-.El Fondo de Naciones Unidas para la Infancia (UNICEF) ha denunciado este viernes los \"horrores inimaginables\" a los que los grupos armados someten a los ni\u00f1os en Hait\u00ed, donde la violencia sexual\u2026","rel":"","context":"En \u00abINTERNACIONALES\u00bb","block_context":{"text":"INTERNACIONALES","link":"https:\/\/lasprimeras.com.do\/index.php\/category\/sin-categoria\/internacionales\/"},"img":{"alt_text":"","src":"https:\/\/i0.wp.com\/lasprimeras.com.do\/wp-content\/uploads\/2025\/02\/Un-grupo-de-ninos-y-ninas-en-una-fuente-comunitaria-en-Haiti.jpeg?resize=350%2C200&ssl=1","width":350,"height":200,"srcset":"https:\/\/i0.wp.com\/lasprimeras.com.do\/wp-content\/uploads\/2025\/02\/Un-grupo-de-ninos-y-ninas-en-una-fuente-comunitaria-en-Haiti.jpeg?resize=350%2C200&ssl=1 1x, https:\/\/i0.wp.com\/lasprimeras.com.do\/wp-content\/uploads\/2025\/02\/Un-grupo-de-ninos-y-ninas-en-una-fuente-comunitaria-en-Haiti.jpeg?resize=525%2C300&ssl=1 1.5x, https:\/\/i0.wp.com\/lasprimeras.com.do\/wp-content\/uploads\/2025\/02\/Un-grupo-de-ninos-y-ninas-en-una-fuente-comunitaria-en-Haiti.jpeg?resize=700%2C400&ssl=1 2x"},"classes":[]},{"id":55846,"url":"https:\/\/lasprimeras.com.do\/index.php\/2023\/07\/25\/policia-haitiana-dispersa-a-congregados-ante-la-embajada-de-eeuu-tras-huir-de-sus-barrios\/","url_meta":{"origin":57008,"position":1},"title":"Polic\u00eda haitiana dispersa a congregados ante la embajada de EEUU tras huir de sus barrios","author":"Nelson Feliz","date":"25 de julio de 2023","format":false,"excerpt":"Hab\u00eda beb\u00e9s, ni\u00f1os, mujeres y sobre todo j\u00f3venes de zonas como Dumornay, Gallette y Morquette, en Tabarre, presa de la violencia de las bandas. Decenas de personas fueron dispersadas este martes por la Polic\u00eda Nacional Haitiana (PNH), despu\u00e9s de que, tras huir de sus casas en el barrio capitalino de\u2026","rel":"","context":"En \u00abSin categor\u00eda\u00bb","block_context":{"text":"Sin categor\u00eda","link":"https:\/\/lasprimeras.com.do\/index.php\/category\/sin-categoria\/"},"img":{"alt_text":"Ciudadanos haitianos apostados frente a la embajada de EEUU","src":"https:\/\/i0.wp.com\/lasprimeras.com.do\/wp-content\/uploads\/2023\/07\/Ciudadanos-haitianos-apostados-frente-a-la-embajada-de-EEUU.jpg?resize=350%2C200&ssl=1","width":350,"height":200,"srcset":"https:\/\/i0.wp.com\/lasprimeras.com.do\/wp-content\/uploads\/2023\/07\/Ciudadanos-haitianos-apostados-frente-a-la-embajada-de-EEUU.jpg?resize=350%2C200&ssl=1 1x, https:\/\/i0.wp.com\/lasprimeras.com.do\/wp-content\/uploads\/2023\/07\/Ciudadanos-haitianos-apostados-frente-a-la-embajada-de-EEUU.jpg?resize=525%2C300&ssl=1 1.5x, https:\/\/i0.wp.com\/lasprimeras.com.do\/wp-content\/uploads\/2023\/07\/Ciudadanos-haitianos-apostados-frente-a-la-embajada-de-EEUU.jpg?resize=700%2C400&ssl=1 2x"},"classes":[]},{"id":62169,"url":"https:\/\/lasprimeras.com.do\/index.php\/2023\/10\/03\/detalles-de-lo-autorizado-por-la-onu-para-la-mision-multinacional-de-seguridad-en-haiti\/","url_meta":{"origin":57008,"position":2},"title":"Detalles de lo autorizado por la ONU para la misi\u00f3n multinacional de seguridad en Hait\u00ed","author":"Nelson Feliz","date":"3 de octubre de 2023","format":false,"excerpt":"Solo este a\u00f1o, se reportaron 3,000 homicidios; 1,500 v\u00edctimas de secuestros y unas 200,000 personas huyeron hogares por la violencia. Consejo de Seguridad autoriza el despliegue de una La misi\u00f3n deber\u00e1 proveer durante los pr\u00f3ximos 12 meses apoyo operacional a la Polic\u00eda Nacional con el objetivo de mejorar las condiciones\u2026","rel":"","context":"En \u00abSin categor\u00eda\u00bb","block_context":{"text":"Sin categor\u00eda","link":"https:\/\/lasprimeras.com.do\/index.php\/category\/sin-categoria\/"},"img":{"alt_text":"","src":"https:\/\/i0.wp.com\/lasprimeras.com.do\/wp-content\/uploads\/2023\/10\/onu.jpeg?resize=350%2C200&ssl=1","width":350,"height":200,"srcset":"https:\/\/i0.wp.com\/lasprimeras.com.do\/wp-content\/uploads\/2023\/10\/onu.jpeg?resize=350%2C200&ssl=1 1x, https:\/\/i0.wp.com\/lasprimeras.com.do\/wp-content\/uploads\/2023\/10\/onu.jpeg?resize=525%2C300&ssl=1 1.5x, https:\/\/i0.wp.com\/lasprimeras.com.do\/wp-content\/uploads\/2023\/10\/onu.jpeg?resize=700%2C400&ssl=1 2x"},"classes":[]},{"id":53641,"url":"https:\/\/lasprimeras.com.do\/index.php\/2023\/06\/29\/la-situacion-en-haiti-nunca-ha-estado-tan-mal-segun-la-jefa-de-unicef\/","url_meta":{"origin":57008,"position":3},"title":"La situaci\u00f3n en Hait\u00ed &#8220;nunca ha estado tan mal&#8221;, seg\u00fan la jefa de Unicef","author":"Nelson Feliz","date":"29 de junio de 2023","format":false,"excerpt":"A esta situaci\u00f3n se suman las inundaciones y temblores de tierra. Ni\u00f1as violadas, menores reclutados por bandas criminales, casas quemadas. La jefa de Unicef describi\u00f3 el jueves los \"horrores\" que sufre la poblaci\u00f3n de Hait\u00ed y pidi\u00f3 al mundo que no se olvide de este pa\u00eds asolado por la violencia.\u2026","rel":"","context":"En \u00abSin categor\u00eda\u00bb","block_context":{"text":"Sin categor\u00eda","link":"https:\/\/lasprimeras.com.do\/index.php\/category\/sin-categoria\/"},"img":{"alt_text":"Varias personas desplazadas por la violencia de las pandillas, instaladas en el patio delantero de Jean-Kere Almicar, donde se refugiaron, en Puerto Pr\u00edncipe, Hait\u00ed, el 4 de junio de 2023.","src":"https:\/\/i0.wp.com\/lasprimeras.com.do\/wp-content\/uploads\/2023\/06\/Varias-personas-desplazadas.png?resize=350%2C200&ssl=1","width":350,"height":200,"srcset":"https:\/\/i0.wp.com\/lasprimeras.com.do\/wp-content\/uploads\/2023\/06\/Varias-personas-desplazadas.png?resize=350%2C200&ssl=1 1x, https:\/\/i0.wp.com\/lasprimeras.com.do\/wp-content\/uploads\/2023\/06\/Varias-personas-desplazadas.png?resize=525%2C300&ssl=1 1.5x, https:\/\/i0.wp.com\/lasprimeras.com.do\/wp-content\/uploads\/2023\/06\/Varias-personas-desplazadas.png?resize=700%2C400&ssl=1 2x"},"classes":[]},{"id":68926,"url":"https:\/\/lasprimeras.com.do\/index.php\/2023\/11\/29\/informe-de-onu-denuncia-una-expansion-de-la-violencia-de-bandas-a-zonas-rurales-de-haiti\/","url_meta":{"origin":57008,"position":4},"title":"Informe de ONU denuncia una expansi\u00f3n de la violencia de bandas a zonas rurales de Hait\u00ed","author":"Nelson Feliz","date":"29 de noviembre de 2023","format":false,"excerpt":"GINEBRA, EFE. \u2013 La violencia de bandas criminales en Hait\u00ed, que ha sumido al pa\u00eds en el caos y ha causado la muerte de al menos 3.960 personas en lo que va de a\u00f1o, se est\u00e1 extendiendo de la capital Puerto Pr\u00edncipe a otras zonas rurales del pa\u00eds antes consideradas\u2026","rel":"","context":"En \u00abSin categor\u00eda\u00bb","block_context":{"text":"Sin categor\u00eda","link":"https:\/\/lasprimeras.com.do\/index.php\/category\/sin-categoria\/"},"img":{"alt_text":"ONU HAITI","src":"https:\/\/i0.wp.com\/lasprimeras.com.do\/wp-content\/uploads\/2023\/11\/ONU-HAITI.jpg?resize=350%2C200&ssl=1","width":350,"height":200,"srcset":"https:\/\/i0.wp.com\/lasprimeras.com.do\/wp-content\/uploads\/2023\/11\/ONU-HAITI.jpg?resize=350%2C200&ssl=1 1x, https:\/\/i0.wp.com\/lasprimeras.com.do\/wp-content\/uploads\/2023\/11\/ONU-HAITI.jpg?resize=525%2C300&ssl=1 1.5x, https:\/\/i0.wp.com\/lasprimeras.com.do\/wp-content\/uploads\/2023\/11\/ONU-HAITI.jpg?resize=700%2C400&ssl=1 2x"},"classes":[]},{"id":71361,"url":"https:\/\/lasprimeras.com.do\/index.php\/2023\/12\/19\/la-sip-expresa-su-alarma-por-desaparicion-y-secuestro-de-periodistas-en-haiti\/","url_meta":{"origin":57008,"position":5},"title":"La SIP expresa su alarma por desaparici\u00f3n y secuestro de periodistas en Hait\u00ed","author":"Nelson Feliz","date":"19 de diciembre de 2023","format":false,"excerpt":"La organizaci\u00f3n inst\u00f3 a la comunidad internacional a solidarizarse con la prensa local. La Sociedad Interamericana de Prensa (SIP) denunci\u00f3 este martes la desaparici\u00f3n de un periodista y el secuestro de otro comunicador en Hait\u00ed. Mediante un comunicado, la entidad conden\u00f3 los actos de violencia y la inseguridad que mantiene\u2026","rel":"","context":"En \u00abSin categor\u00eda\u00bb","block_context":{"text":"Sin categor\u00eda","link":"https:\/\/lasprimeras.com.do\/index.php\/category\/sin-categoria\/"},"img":{"alt_text":"violencia","src":"https:\/\/i0.wp.com\/lasprimeras.com.do\/wp-content\/uploads\/2023\/12\/violencia.jpg?resize=350%2C200&ssl=1","width":350,"height":200,"srcset":"https:\/\/i0.wp.com\/lasprimeras.com.do\/wp-content\/uploads\/2023\/12\/violencia.jpg?resize=350%2C200&ssl=1 1x, https:\/\/i0.wp.com\/lasprimeras.com.do\/wp-content\/uploads\/2023\/12\/violencia.jpg?resize=525%2C300&ssl=1 1.5x, https:\/\/i0.wp.com\/lasprimeras.com.do\/wp-content\/uploads\/2023\/12\/violencia.jpg?resize=700%2C400&ssl=1 2x"},"classes":[]}],"jetpack_sharing_enabled":true,"_links":{"self":[{"href":"https:\/\/lasprimeras.com.do\/index.php\/wp-json\/wp\/v2\/posts\/57008","targetHints":{"allow":["GET"]}}],"collection":[{"href":"https:\/\/lasprimeras.com.do\/index.php\/wp-json\/wp\/v2\/posts"}],"about":[{"href":"https:\/\/lasprimeras.com.do\/index.php\/wp-json\/wp\/v2\/types\/post"}],"author":[{"embeddable":true,"href":"https:\/\/lasprimeras.com.do\/index.php\/wp-json\/wp\/v2\/users\/2"}],"replies":[{"embeddable":true,"href":"https:\/\/lasprimeras.com.do\/index.php\/wp-json\/wp\/v2\/comments?post=57008"}],"version-history":[{"count":1,"href":"https:\/\/lasprimeras.com.do\/index.php\/wp-json\/wp\/v2\/posts\/57008\/revisions"}],"predecessor-version":[{"id":57010,"href":"https:\/\/lasprimeras.com.do\/index.php\/wp-json\/wp\/v2\/posts\/57008\/revisions\/57010"}],"wp:featuredmedia":[{"embeddable":true,"href":"https:\/\/lasprimeras.com.do\/index.php\/wp-json\/wp\/v2\/media\/57009"}],"wp:attachment":[{"href":"https:\/\/lasprimeras.com.do\/index.php\/wp-json\/wp\/v2\/media?parent=57008"}],"wp:term":[{"taxonomy":"category","embeddable":true,"href":"https:\/\/lasprimeras.com.do\/index.php\/wp-json\/wp\/v2\/categories?post=57008"},{"taxonomy":"post_tag","embeddable":true,"href":"https:\/\/lasprimeras.com.do\/index.php\/wp-json\/wp\/v2\/tags?post=57008"}],"curies":[{"name":"wp","href":"https:\/\/api.w.org\/{rel}","templated":true}]}}