{"id":57014,"date":"2023-08-07T20:45:41","date_gmt":"2023-08-08T00:45:41","guid":{"rendered":"https:\/\/lasprimeras.com.do\/?p=57014"},"modified":"2023-08-07T20:45:42","modified_gmt":"2023-08-08T00:45:42","slug":"electores-del-dn-se-identifican-con-mi-candidatura-a-senador-afirma-jose-dantes","status":"publish","type":"post","link":"https:\/\/lasprimeras.com.do\/index.php\/2023\/08\/07\/electores-del-dn-se-identifican-con-mi-candidatura-a-senador-afirma-jose-dantes\/","title":{"rendered":"Electores del DN se identifican con mi candidatura a Senador, afirma Jos\u00e9 Dant\u00e9s"},"content":{"rendered":"\n<p>El aspirante a la candidatura senatorial del Partido de la Liberaci\u00f3n Dominicana (PLD) para el Distrito Nacional, Jos\u00e9 Dant\u00e9s D\u00edaz, afirm\u00f3 hoy que su propuesta de candidatura es la que m\u00e1s ha calado tanto dentro como fuera de la organizaci\u00f3n pol\u00edtica.<\/p>\n\n\n\n<p>En este sentido, durante una entrevista en el programa Teleradio Am\u00e9rica en Vivo que conduce Humberto Salazar, el tambi\u00e9n miembro del Comit\u00e9 Pol\u00edtico y secretario Jur\u00eddico del PLD dijo que hay que rescatar la plaza del Distrito Nacional, que es una plaza simb\u00f3lica y, para esos fines, se necesita el candidato \u201cque m\u00e1s pueda conectar con esta plaza, con el que m\u00e1s se identifiquen los electores del Distrito Nacional y, en ese caso, creo mi perfil es el que cumple con todas esas condiciones\u201d, afirm\u00f3.<\/p>\n\n\n\n<p>Inform\u00f3 que a pesar de que la candidatura ha sido reservada para uso interno del PLD, el candidato a senador del DN ser\u00e1 escogido a trav\u00e9s de encuestas, pues no hay un candidato seleccionado ni una decisi\u00f3n estrat\u00e9gica de darle la candidatura a nadie como han especulado algunas personas.<\/p>\n\n\n\n<p>\u201cLo que yo s\u00ed te puedo garantizar es que cuando esa consulta se haga, al que van a marcar, al que van a seleccionar es a Jos\u00e9 Dant\u00e9s porque adem\u00e1s de que tengo un a\u00f1o y medio trabajando la candidatura\u2026reitero, mi perfil creo que es el que m\u00e1s se conecta con el Distrito Nacional y que es competitivo frente a los otros dos, de los dos partidos principales que van a ir a las elecciones en mayo pr\u00f3ximo\u201d, agreg\u00f3.<\/p>\n\n\n\n<p>Al criticar el desempe\u00f1o de la actual senadora de la Capital, Jos\u00e9 Dant\u00e9s expres\u00f3 que \u201cel Distrito Nacional puede tener la certeza que yo siempre les dir\u00e9 la verdad porque tengo una sola cara y un solo discurso\u201d.<\/p>\n\n\n\n<p>Por otro lado, el secretario Jur\u00eddico del PLD respald\u00f3 las acciones de su Partido de solicitar a la Junta Central Electoral que no d\u00e9 por recibido el padr\u00f3n depositado por el PRM hasta tanto no se haga una investigaci\u00f3n de la inclusi\u00f3n de cientos de dirigentes pol\u00edticos de otros partidos y miles de personas de todos los \u00e1mbitos de la vida nacional que, inconsultamente, fueron integrados como miembros del partido oficial.<\/p>\n","protected":false},"excerpt":{"rendered":"<p>El aspirante a la candidatura senatorial del Partido de la Liberaci\u00f3n Dominicana (PLD) para el Distrito Nacional, Jos\u00e9 Dant\u00e9s D\u00edaz, afirm\u00f3 hoy que su propuesta de candidatura es la que&hellip;<\/p>\n","protected":false},"author":2,"featured_media":57015,"comment_status":"open","ping_status":"open","sticky":false,"template":"","format":"standard","meta":{"content-type":"","jetpack_post_was_ever_published":false,"_jetpack_newsletter_access":"","_jetpack_dont_email_post_to_subs":false,"_jetpack_newsletter_tier_id":0,"_jetpack_memberships_contains_paywalled_content":false,"_jetpack_memberships_contains_paid_content":false,"footnotes":""},"categories":[1],"tags":[870,2162,3360,5941,1101],"class_list":["post-57014","post","type-post","status-publish","format-standard","has-post-thumbnail","hentry","category-sin-categoria","tag-candidatura","tag-dn","tag-electores","tag-jose-dantes","tag-senador"],"jetpack_featured_media_url":"https:\/\/lasprimeras.com.do\/wp-content\/uploads\/2023\/08\/Jose-Dantes.jpg","jetpack-related-posts":[{"id":52394,"url":"https:\/\/lasprimeras.com.do\/index.php\/2023\/06\/09\/prm-encabeza-preferencia-de-electores-en-tres-circ-del-dn\/","url_meta":{"origin":57014,"position":0},"title":"PRM encabeza preferencia de electores en tres Circ. del DN","author":"prenxa100","date":"9 de junio de 2023","format":false,"excerpt":"El Partido Revolucionarios Moderno (PRM) encabeza las preferencias de los electores de la Circunscripci\u00f3n tres del Distrito Nacional para las elecciones presidenciales y congresuales de mayo del venidero a\u00f1o 2023. As\u00ed lo evidencian los resultados de las encuestas realizadas por las firmas Centro Econ\u00f3mico del Cibao Research & Strategy (CEC)\u2026","rel":"","context":"En \u00abSin categor\u00eda\u00bb","block_context":{"text":"Sin categor\u00eda","link":"https:\/\/lasprimeras.com.do\/index.php\/category\/sin-categoria\/"},"img":{"alt_text":"","src":"","width":0,"height":0},"classes":[]},{"id":104456,"url":"https:\/\/lasprimeras.com.do\/index.php\/2025\/07\/24\/dantes-pide-sanciones-por-el-uso-de-fondos-publicos-en-promociones-de-aspirantes-del-prm\/","url_meta":{"origin":57014,"position":1},"title":"Dant\u00e9s pide sanciones por el &#8220;uso de fondos p\u00fablicos&#8221; en promociones de aspirantes del PRM","author":"Nelson Feliz","date":"24 de julio de 2025","format":false,"excerpt":"El miembro del Comit\u00e9 Pol\u00edtico del Partido de la Liberaci\u00f3n Dominicana (PLD), Jos\u00e9 Dant\u00e9s D\u00edaz, denunci\u00f3 el uso de fondos p\u00fablicos en la promoci\u00f3n de los aspirantes a la candidatura presidencial del PRM. \u201cLos aspirantes del PRM a la candidatura presidencial, est\u00e1n haciendo campa\u00f1as proselitistas desde los puestos p\u00fablicos, con\u2026","rel":"","context":"En \u00abPOLITICA\u00bb","block_context":{"text":"POLITICA","link":"https:\/\/lasprimeras.com.do\/index.php\/category\/politica\/"},"img":{"alt_text":"","src":"https:\/\/i0.wp.com\/lasprimeras.com.do\/wp-content\/uploads\/2025\/07\/Jose-Dantes-Diaz.jpg?resize=350%2C200&ssl=1","width":350,"height":200,"srcset":"https:\/\/i0.wp.com\/lasprimeras.com.do\/wp-content\/uploads\/2025\/07\/Jose-Dantes-Diaz.jpg?resize=350%2C200&ssl=1 1x, https:\/\/i0.wp.com\/lasprimeras.com.do\/wp-content\/uploads\/2025\/07\/Jose-Dantes-Diaz.jpg?resize=525%2C300&ssl=1 1.5x, https:\/\/i0.wp.com\/lasprimeras.com.do\/wp-content\/uploads\/2025\/07\/Jose-Dantes-Diaz.jpg?resize=700%2C400&ssl=1 2x"},"classes":[]},{"id":115791,"url":"https:\/\/lasprimeras.com.do\/index.php\/2025\/11\/25\/jose-dantes-responde-a-paliza-escandalos-y-extradiciones-por-narcotrafico-provienen-de-dirigentes-y-allegados-al-prm\/","url_meta":{"origin":57014,"position":2},"title":"Jos\u00e9 Dant\u00e9s responde a Paliza: Esc\u00e1ndalos y extradiciones por narcotr\u00e1fico provienen de dirigentes y allegados al PRM","author":"Nelson Feliz","date":"25 de noviembre de 2025","format":false,"excerpt":"El miembro del Comit\u00e9 Pol\u00edtico del Partido de la Liberaci\u00f3n Dominicana (PLD), Jos\u00e9 Dant\u00e9s D\u00edaz, record\u00f3 que la docena de casos, esc\u00e1ndalos y extradiciones por el crimen de narcotr\u00e1fico provienen de dirigentes y allegados al PRM, \u201cno del sistema ni de otros partidos\u201d. El secretario de Asuntos Jur\u00eddicos del PLD,\u2026","rel":"","context":"En \u00abPOLITICA\u00bb","block_context":{"text":"POLITICA","link":"https:\/\/lasprimeras.com.do\/index.php\/category\/politica\/"},"img":{"alt_text":"","src":"https:\/\/i0.wp.com\/lasprimeras.com.do\/wp-content\/uploads\/2025\/11\/Jose-Dantes.jpg?resize=350%2C200&ssl=1","width":350,"height":200,"srcset":"https:\/\/i0.wp.com\/lasprimeras.com.do\/wp-content\/uploads\/2025\/11\/Jose-Dantes.jpg?resize=350%2C200&ssl=1 1x, https:\/\/i0.wp.com\/lasprimeras.com.do\/wp-content\/uploads\/2025\/11\/Jose-Dantes.jpg?resize=525%2C300&ssl=1 1.5x, https:\/\/i0.wp.com\/lasprimeras.com.do\/wp-content\/uploads\/2025\/11\/Jose-Dantes.jpg?resize=700%2C400&ssl=1 2x"},"classes":[]},{"id":88805,"url":"https:\/\/lasprimeras.com.do\/index.php\/2024\/09\/07\/luis-alberto-respalda-a-jose-dantes-para-la-secretaria-general-del-pld\/","url_meta":{"origin":57014,"position":3},"title":"Luis Alberto respalda a Jos\u00e9 Dant\u00e9s para la Secretar\u00eda General del PLD","author":"Nelson Feliz","date":"7 de septiembre de 2024","format":false,"excerpt":"El Partido de la Liberaci\u00f3n Dominicana (PLD) necesita un Secretario General que posea una s\u00f3lida trayectoria, inteligencia estrat\u00e9gica y firmeza para enfrentar los retos que atraviesa la organizaci\u00f3n morada para su proceso de renovaci\u00f3n y fortalecimiento. En este contexto, el reconocido dirigente del PLD y excandidato a la alcald\u00eda de\u2026","rel":"","context":"En \u00abPORTADA\u00bb","block_context":{"text":"PORTADA","link":"https:\/\/lasprimeras.com.do\/index.php\/category\/portada\/"},"img":{"alt_text":"Luis Alberto","src":"https:\/\/i0.wp.com\/lasprimeras.com.do\/wp-content\/uploads\/2024\/09\/Luis-Alberto-1.jpg?resize=350%2C200&ssl=1","width":350,"height":200,"srcset":"https:\/\/i0.wp.com\/lasprimeras.com.do\/wp-content\/uploads\/2024\/09\/Luis-Alberto-1.jpg?resize=350%2C200&ssl=1 1x, https:\/\/i0.wp.com\/lasprimeras.com.do\/wp-content\/uploads\/2024\/09\/Luis-Alberto-1.jpg?resize=525%2C300&ssl=1 1.5x"},"classes":[]},{"id":111816,"url":"https:\/\/lasprimeras.com.do\/index.php\/2025\/10\/14\/pld-acusa-al-gobierno-de-maquillar-cifras-y-relajar-entrega-de-titulos-con-impuestos\/","url_meta":{"origin":57014,"position":4},"title":"PLD acusa al Gobierno de maquillar cifras y relajar entrega de t\u00edtulos con impuestos","author":"Nelson Feliz","date":"14 de octubre de 2025","format":false,"excerpt":"El miembro del Comit\u00e9 Pol\u00edtico del Partido de la Liberaci\u00f3n Dominicana (PLD), Jos\u00e9 Dant\u00e9s D\u00edaz, ha reiterado su cr\u00edtica al gobierno, acus\u00e1ndolo de presentar cifras econ\u00f3micas \"maquilladas\" que no reflejan la realidad nacional. Adem\u00e1s, denunci\u00f3 una gesti\u00f3n deficiente en la entrega de t\u00edtulos de propiedad, un proceso que, seg\u00fan \u00e9l,\u2026","rel":"","context":"En \u00abPOLITICA\u00bb","block_context":{"text":"POLITICA","link":"https:\/\/lasprimeras.com.do\/index.php\/category\/politica\/"},"img":{"alt_text":"Jos\u00e9 Dant\u00e9s","src":"https:\/\/i0.wp.com\/lasprimeras.com.do\/wp-content\/uploads\/2024\/08\/Jose-Dantes.jpg?resize=350%2C200&ssl=1","width":350,"height":200,"srcset":"https:\/\/i0.wp.com\/lasprimeras.com.do\/wp-content\/uploads\/2024\/08\/Jose-Dantes.jpg?resize=350%2C200&ssl=1 1x, https:\/\/i0.wp.com\/lasprimeras.com.do\/wp-content\/uploads\/2024\/08\/Jose-Dantes.jpg?resize=525%2C300&ssl=1 1.5x, https:\/\/i0.wp.com\/lasprimeras.com.do\/wp-content\/uploads\/2024\/08\/Jose-Dantes.jpg?resize=700%2C400&ssl=1 2x"},"classes":[]},{"id":68904,"url":"https:\/\/lasprimeras.com.do\/index.php\/2023\/11\/28\/janet-camilo-sera-companera-de-boleta-de-domingo-contreras-en-el-distrito-nacional\/","url_meta":{"origin":57014,"position":5},"title":"Janet Camilo ser\u00e1 compa\u00f1era de boleta de Domingo Contreras en el Distrito Nacional","author":"Nelson Feliz","date":"28 de noviembre de 2023","format":false,"excerpt":"El PLD inscribi\u00f3 este martes sus candidaturas a alcalde y vicealcaldesa ante la Junta Electoral del Distrito Nacional. El Partido de la Liberaci\u00f3n Dominicana (PLD) inform\u00f3 este martes que formaliz\u00f3 la inscripci\u00f3n de Domingo Contreras como candidato a la alcald\u00eda del Distrito Nacional ante la Junta Central Electoral del Distrito\u2026","rel":"","context":"En \u00abPORTADA\u00bb","block_context":{"text":"PORTADA","link":"https:\/\/lasprimeras.com.do\/index.php\/category\/portada\/"},"img":{"alt_text":"Domingo Contreras y Janet Camilo","src":"https:\/\/i0.wp.com\/lasprimeras.com.do\/wp-content\/uploads\/2023\/11\/Domingo-Contreras-y-Janet-Camilo.jpg?resize=350%2C200&ssl=1","width":350,"height":200,"srcset":"https:\/\/i0.wp.com\/lasprimeras.com.do\/wp-content\/uploads\/2023\/11\/Domingo-Contreras-y-Janet-Camilo.jpg?resize=350%2C200&ssl=1 1x, https:\/\/i0.wp.com\/lasprimeras.com.do\/wp-content\/uploads\/2023\/11\/Domingo-Contreras-y-Janet-Camilo.jpg?resize=525%2C300&ssl=1 1.5x, https:\/\/i0.wp.com\/lasprimeras.com.do\/wp-content\/uploads\/2023\/11\/Domingo-Contreras-y-Janet-Camilo.jpg?resize=700%2C400&ssl=1 2x"},"classes":[]}],"jetpack_sharing_enabled":true,"_links":{"self":[{"href":"https:\/\/lasprimeras.com.do\/index.php\/wp-json\/wp\/v2\/posts\/57014","targetHints":{"allow":["GET"]}}],"collection":[{"href":"https:\/\/lasprimeras.com.do\/index.php\/wp-json\/wp\/v2\/posts"}],"about":[{"href":"https:\/\/lasprimeras.com.do\/index.php\/wp-json\/wp\/v2\/types\/post"}],"author":[{"embeddable":true,"href":"https:\/\/lasprimeras.com.do\/index.php\/wp-json\/wp\/v2\/users\/2"}],"replies":[{"embeddable":true,"href":"https:\/\/lasprimeras.com.do\/index.php\/wp-json\/wp\/v2\/comments?post=57014"}],"version-history":[{"count":1,"href":"https:\/\/lasprimeras.com.do\/index.php\/wp-json\/wp\/v2\/posts\/57014\/revisions"}],"predecessor-version":[{"id":57016,"href":"https:\/\/lasprimeras.com.do\/index.php\/wp-json\/wp\/v2\/posts\/57014\/revisions\/57016"}],"wp:featuredmedia":[{"embeddable":true,"href":"https:\/\/lasprimeras.com.do\/index.php\/wp-json\/wp\/v2\/media\/57015"}],"wp:attachment":[{"href":"https:\/\/lasprimeras.com.do\/index.php\/wp-json\/wp\/v2\/media?parent=57014"}],"wp:term":[{"taxonomy":"category","embeddable":true,"href":"https:\/\/lasprimeras.com.do\/index.php\/wp-json\/wp\/v2\/categories?post=57014"},{"taxonomy":"post_tag","embeddable":true,"href":"https:\/\/lasprimeras.com.do\/index.php\/wp-json\/wp\/v2\/tags?post=57014"}],"curies":[{"name":"wp","href":"https:\/\/api.w.org\/{rel}","templated":true}]}}