{"id":57017,"date":"2023-08-07T20:51:42","date_gmt":"2023-08-08T00:51:42","guid":{"rendered":"https:\/\/lasprimeras.com.do\/?p=57017"},"modified":"2023-08-07T20:51:44","modified_gmt":"2023-08-08T00:51:44","slug":"cambiemos-rechaza-pld-y-fp-tengan-candidatos-seriamente-cuestionados","status":"publish","type":"post","link":"https:\/\/lasprimeras.com.do\/index.php\/2023\/08\/07\/cambiemos-rechaza-pld-y-fp-tengan-candidatos-seriamente-cuestionados\/","title":{"rendered":"Cambiemos rechaza PLD y FP tengan candidatos seriamente cuestionados"},"content":{"rendered":"\n<p>La Coalici\u00f3n Ciudadana Cambiemos exhort\u00f3 a los ciudadanos a no votar por los candidatos que los partidos presenten a pesar de ser seriamente cuestionados, ya que considera que es urgente que la ciudadan\u00eda tome una decisi\u00f3n consciente y elija a aquellos candidatos que representen sus valores.<\/p>\n\n\n\n<p>Asimismo, la entidad calific\u00f3 de \u201casqueante\u201d y preocupante la decisi\u00f3n tomada por el Partido de la Liberaci\u00f3n Dominicana (PLD) y el de la Fuerza del Pueblo (FP), de llevar como candidatos a la alcald\u00eda de Santo Domingo Este, a dos hombres con serios cuestionamientos legales y \u00e9ticos.<\/p>\n\n\n\n<p>En el primer caso, se decidi\u00f3 por una persona acusada de tener m\u00e1s de 2000 bancas de manera ilegal, evadiendo el pago de impuestos y qued\u00e1ndose con recursos que bien pod\u00eda ser utilizados en solucionar necesidades del pueblo, pero, adem\u00e1s, con ese tipo de actividad comercial fomenta la ludopat\u00eda que empobrece a\u00fan m\u00e1s a la gente. El segundo, a una persona acusada de embarazar a una menor de edad.<\/p>\n\n\n\n<p>La organizaci\u00f3n ciudadana lament\u00f3 el que estos partidos no tengan el m\u00e1s m\u00ednimo compromiso por la \u00e9tica y la democracia, a pesar de que fueron sacados del Gobierno por esa misma conducta.<\/p>\n\n\n\n<p>Ante esta situaci\u00f3n, la organizaci\u00f3n hizo un llamado a los ciudadanos y ciudadanas a luchar por no retroceder como pa\u00eds, ya que en el 2020 el pueblo libr\u00f3 una fuerte batalla para fortalecer la democracia y promover mejores pr\u00e1cticas pol\u00edticas.<\/p>\n\n\n\n<p>Para finalizar, Cambiemos precis\u00f3 que no importa de qu\u00e9 partido pol\u00edtico provenga una acci\u00f3n que vaya en contra de la \u00e9tica, la transparencia o que debilite la justicia y la institucionalidad del pa\u00eds, la misma debe constar que el rechazo total de la ciudadan\u00eda y ese rechazo debe expresarse en las urnas.<\/p>\n","protected":false},"excerpt":{"rendered":"<p>La Coalici\u00f3n Ciudadana Cambiemos exhort\u00f3 a los ciudadanos a no votar por los candidatos que los partidos presenten a pesar de ser seriamente cuestionados, ya que considera que es urgente&hellip;<\/p>\n","protected":false},"author":2,"featured_media":57018,"comment_status":"open","ping_status":"open","sticky":false,"template":"","format":"standard","meta":{"content-type":"","jetpack_post_was_ever_published":false,"_jetpack_newsletter_access":"","_jetpack_dont_email_post_to_subs":false,"_jetpack_newsletter_tier_id":0,"_jetpack_memberships_contains_paywalled_content":false,"_jetpack_memberships_contains_paid_content":false,"footnotes":""},"categories":[1],"tags":[5942,2621,79,269,5944],"class_list":["post-57017","post","type-post","status-publish","format-standard","has-post-thumbnail","hentry","category-sin-categoria","tag-cambiemos","tag-candidatos","tag-fp","tag-pld","tag-seriamente"],"jetpack_featured_media_url":"https:\/\/lasprimeras.com.do\/wp-content\/uploads\/2023\/08\/Cambiemos-rechaza-candidatos.jpg","jetpack-related-posts":[{"id":111448,"url":"https:\/\/lasprimeras.com.do\/index.php\/2025\/10\/09\/pld-obstaculiza-y-busca-la-quinta-pata-al-gato-para-senalar-candidato-presidencial\/","url_meta":{"origin":57017,"position":0},"title":"PLD obstaculiza y busca la quinta pata al gato para se\u00f1alar candidato presidencial\u200a","author":"Nelson Feliz","date":"9 de octubre de 2025","format":false,"excerpt":"Por Ram\u00f3n Mercedes NUEVA YORK.- Militantes del Partido de la Liberaci\u00f3n Dominicana (PLD) en esta ciudad expresan que al parecer dentro de la organizaci\u00f3n pol\u00edtica \u00abalgunos altos dirigentes obstaculizan y buscan la quinta pata al gato\u00bb para no se\u00f1alar a final de este a\u00f1o o principio del venidero, el candidato\u2026","rel":"","context":"En \u00abLA VOZ DE LA DIASPORA\u00bb","block_context":{"text":"LA VOZ DE LA DIASPORA","link":"https:\/\/lasprimeras.com.do\/index.php\/category\/la-voz-de-la-diaspora\/"},"img":{"alt_text":"","src":"https:\/\/i0.wp.com\/lasprimeras.com.do\/wp-content\/uploads\/2025\/10\/WhatsApp-Image-2025-10-09-at-6.21.22-AM.jpeg?resize=350%2C200&ssl=1","width":350,"height":200,"srcset":"https:\/\/i0.wp.com\/lasprimeras.com.do\/wp-content\/uploads\/2025\/10\/WhatsApp-Image-2025-10-09-at-6.21.22-AM.jpeg?resize=350%2C200&ssl=1 1x, https:\/\/i0.wp.com\/lasprimeras.com.do\/wp-content\/uploads\/2025\/10\/WhatsApp-Image-2025-10-09-at-6.21.22-AM.jpeg?resize=525%2C300&ssl=1 1.5x"},"classes":[]},{"id":56951,"url":"https:\/\/lasprimeras.com.do\/index.php\/2023\/08\/07\/abel-martinez-confirma-que-el-pld-la-fp-y-el-prd-buscan-conformar-un-acuerdo-opositor\/","url_meta":{"origin":57017,"position":1},"title":"Abel Mart\u00ednez confirma que el PLD, la FP y el PRD buscan conformar un acuerdo opositor","author":"Nelson Feliz","date":"7 de agosto de 2023","format":false,"excerpt":"El dirigente pelede\u00edsta y alcalde de Santiago opina que el pacto podr\u00eda surgir desde las elecciones municipales o aplicarse a la segunda vuelta del proceso presidencial de 2024. La propuesta que hace el candidato presidencial del Partido de la Liberaci\u00f3n Dominicana (PLD), Abel Mart\u00ednez, es contundente: que se forme un\u2026","rel":"","context":"En \u00abSin categor\u00eda\u00bb","block_context":{"text":"Sin categor\u00eda","link":"https:\/\/lasprimeras.com.do\/index.php\/category\/sin-categoria\/"},"img":{"alt_text":"Abel Mart\u00ednez","src":"https:\/\/i0.wp.com\/lasprimeras.com.do\/wp-content\/uploads\/2023\/06\/Abel-Martinez.jpg?resize=350%2C200&ssl=1","width":350,"height":200,"srcset":"https:\/\/i0.wp.com\/lasprimeras.com.do\/wp-content\/uploads\/2023\/06\/Abel-Martinez.jpg?resize=350%2C200&ssl=1 1x, https:\/\/i0.wp.com\/lasprimeras.com.do\/wp-content\/uploads\/2023\/06\/Abel-Martinez.jpg?resize=525%2C300&ssl=1 1.5x, https:\/\/i0.wp.com\/lasprimeras.com.do\/wp-content\/uploads\/2023\/06\/Abel-Martinez.jpg?resize=700%2C400&ssl=1 2x"},"classes":[]},{"id":96092,"url":"https:\/\/lasprimeras.com.do\/index.php\/2025\/03\/25\/el-candidato-del-pld-para-el-2028-sera-danilo-medina\/","url_meta":{"origin":57017,"position":2},"title":"El candidato del PLD para el 2028 ser\u00e1 Danilo Medina","author":"Nelson Feliz","date":"25 de marzo de 2025","format":false,"excerpt":"Por Pedro Ren\u00e9 Almonte La semana pasada, el Tribunal Constitucional (TC) fue apoderado de un recurso de inconstitucionalidad en contra de la disposici\u00f3n transitoria que impide la reelecci\u00f3n presidencial de Luis Abinader para el 2028. Dicho recurso tiene como argumento que esa disposici\u00f3n es contraria a varios art\u00edculos de la\u2026","rel":"","context":"En \u00abOPINI\u00d3N\u00bb","block_context":{"text":"OPINI\u00d3N","link":"https:\/\/lasprimeras.com.do\/index.php\/category\/opinion\/"},"img":{"alt_text":"Danilo Medina","src":"https:\/\/i0.wp.com\/lasprimeras.com.do\/wp-content\/uploads\/2025\/03\/Danilo_Medina-removebg-preview.png?resize=350%2C200&ssl=1","width":350,"height":200,"srcset":"https:\/\/i0.wp.com\/lasprimeras.com.do\/wp-content\/uploads\/2025\/03\/Danilo_Medina-removebg-preview.png?resize=350%2C200&ssl=1 1x, https:\/\/i0.wp.com\/lasprimeras.com.do\/wp-content\/uploads\/2025\/03\/Danilo_Medina-removebg-preview.png?resize=525%2C300&ssl=1 1.5x"},"classes":[]},{"id":95585,"url":"https:\/\/lasprimeras.com.do\/index.php\/2025\/03\/16\/ex-candidato-a-alcalde-de-la-fp-en-la-caleta-regresa-al-pld\/","url_meta":{"origin":57017,"position":3},"title":"Ex candidato a alcalde de la FP en La Caleta regresa al PLD","author":"Nelson Feliz","date":"16 de marzo de 2025","format":false,"excerpt":"El expresidente Danilo Medina tomar\u00e1 el juramento de reingreso al PLD a cientos de miembros y dirigentes en La Caleta, Boca Chica Los municipios del distrito municipal la Caleta, Boca Chica, se preparan para recibir este domingo al expresidente Danilo Medina, presidente del Partido de la Liberaci\u00f3n Dominicana (PLD) y\u2026","rel":"","context":"En \u00abPOLITICA\u00bb","block_context":{"text":"POLITICA","link":"https:\/\/lasprimeras.com.do\/index.php\/category\/politica\/"},"img":{"alt_text":"Marcial Reyes","src":"https:\/\/i0.wp.com\/lasprimeras.com.do\/wp-content\/uploads\/2025\/03\/Marcial-Reyes.jpg?resize=350%2C200&ssl=1","width":350,"height":200,"srcset":"https:\/\/i0.wp.com\/lasprimeras.com.do\/wp-content\/uploads\/2025\/03\/Marcial-Reyes.jpg?resize=350%2C200&ssl=1 1x, https:\/\/i0.wp.com\/lasprimeras.com.do\/wp-content\/uploads\/2025\/03\/Marcial-Reyes.jpg?resize=525%2C300&ssl=1 1.5x"},"classes":[]},{"id":113437,"url":"https:\/\/lasprimeras.com.do\/index.php\/2025\/11\/03\/enterate-ny-29\/","url_meta":{"origin":57017,"position":4},"title":"Ent\u00e9rate NY","author":"Nelson Feliz","date":"3 de noviembre de 2025","format":false,"excerpt":"PERIODISMO INFORMATIVO Y CR\u00cdTICO AL SERVICIO DE LA COMUNIDAD Por Ram\u00f3n Mercedes \u25baJCE tron\u00f3 en el Alto Manhattan: El presidente de la JCE, Rom\u00e1n J\u00e1quez, tron\u00f3 la semana pasada en NY, porque un diputado de la FP (Santiago) propuso un proyecto de ley para poder votar en las elecciones con\u2026","rel":"","context":"En \u00abOPINI\u00d3N\u00bb","block_context":{"text":"OPINI\u00d3N","link":"https:\/\/lasprimeras.com.do\/index.php\/category\/opinion\/"},"img":{"alt_text":"","src":"https:\/\/i0.wp.com\/lasprimeras.com.do\/wp-content\/uploads\/2025\/03\/Ramon-Mercedes.jpeg?resize=350%2C200&ssl=1","width":350,"height":200},"classes":[]},{"id":66785,"url":"https:\/\/lasprimeras.com.do\/index.php\/2023\/11\/09\/oposicion-pacta-en-120-alcaldias-200-distritos-y-18-senadurias\/","url_meta":{"origin":57017,"position":5},"title":"Oposici\u00f3n pacta en 120 alcald\u00edas, 200 distritos y 18 senadur\u00edas","author":"BIMARY DE JES\u00daS Matos","date":"9 de noviembre de 2023","format":false,"excerpt":"SANTO DOMINGO.- Los delegados de los partidos de la Liberaci\u00f3n Dominicana (PLD), Revolucionario Dominicano (PRD) y Fuerza del Pueblo (FP) lograron consenso para pactar una alianza electoral a nivel congresual y los ayuntamientos para el 2024. La cantidad de candidaturas acordadas por el Bloque Opositor rondan las 18 senadur\u00edas, 120\u2026","rel":"","context":"En \u00abSin categor\u00eda\u00bb","block_context":{"text":"Sin categor\u00eda","link":"https:\/\/lasprimeras.com.do\/index.php\/category\/sin-categoria\/"},"img":{"alt_text":"","src":"https:\/\/i0.wp.com\/lasprimeras.com.do\/wp-content\/uploads\/2023\/11\/WhatsApp-Image-2023-11-09-at-1.32.38-PM-4-3.jpeg?resize=350%2C200&ssl=1","width":350,"height":200,"srcset":"https:\/\/i0.wp.com\/lasprimeras.com.do\/wp-content\/uploads\/2023\/11\/WhatsApp-Image-2023-11-09-at-1.32.38-PM-4-3.jpeg?resize=350%2C200&ssl=1 1x, https:\/\/i0.wp.com\/lasprimeras.com.do\/wp-content\/uploads\/2023\/11\/WhatsApp-Image-2023-11-09-at-1.32.38-PM-4-3.jpeg?resize=525%2C300&ssl=1 1.5x"},"classes":[]}],"jetpack_sharing_enabled":true,"_links":{"self":[{"href":"https:\/\/lasprimeras.com.do\/index.php\/wp-json\/wp\/v2\/posts\/57017","targetHints":{"allow":["GET"]}}],"collection":[{"href":"https:\/\/lasprimeras.com.do\/index.php\/wp-json\/wp\/v2\/posts"}],"about":[{"href":"https:\/\/lasprimeras.com.do\/index.php\/wp-json\/wp\/v2\/types\/post"}],"author":[{"embeddable":true,"href":"https:\/\/lasprimeras.com.do\/index.php\/wp-json\/wp\/v2\/users\/2"}],"replies":[{"embeddable":true,"href":"https:\/\/lasprimeras.com.do\/index.php\/wp-json\/wp\/v2\/comments?post=57017"}],"version-history":[{"count":1,"href":"https:\/\/lasprimeras.com.do\/index.php\/wp-json\/wp\/v2\/posts\/57017\/revisions"}],"predecessor-version":[{"id":57019,"href":"https:\/\/lasprimeras.com.do\/index.php\/wp-json\/wp\/v2\/posts\/57017\/revisions\/57019"}],"wp:featuredmedia":[{"embeddable":true,"href":"https:\/\/lasprimeras.com.do\/index.php\/wp-json\/wp\/v2\/media\/57018"}],"wp:attachment":[{"href":"https:\/\/lasprimeras.com.do\/index.php\/wp-json\/wp\/v2\/media?parent=57017"}],"wp:term":[{"taxonomy":"category","embeddable":true,"href":"https:\/\/lasprimeras.com.do\/index.php\/wp-json\/wp\/v2\/categories?post=57017"},{"taxonomy":"post_tag","embeddable":true,"href":"https:\/\/lasprimeras.com.do\/index.php\/wp-json\/wp\/v2\/tags?post=57017"}],"curies":[{"name":"wp","href":"https:\/\/api.w.org\/{rel}","templated":true}]}}