{"id":57022,"date":"2023-08-07T21:11:46","date_gmt":"2023-08-08T01:11:46","guid":{"rendered":"https:\/\/lasprimeras.com.do\/?p=57022"},"modified":"2023-08-07T21:11:48","modified_gmt":"2023-08-08T01:11:48","slug":"alcalde-manuel-jimenez-pone-en-funcionamiento-dos-escuelas-laborales-en-sde","status":"publish","type":"post","link":"https:\/\/lasprimeras.com.do\/index.php\/2023\/08\/07\/alcalde-manuel-jimenez-pone-en-funcionamiento-dos-escuelas-laborales-en-sde\/","title":{"rendered":"Alcalde Manuel Jim\u00e9nez pone en funcionamiento dos escuelas laborales en SDE"},"content":{"rendered":"\n<p>Por Martin Restituyo<\/p>\n\n\n\n<p>El alcalde Manuel Jim\u00e9nez anunci\u00f3 el rescate y puesta en funcionamiento de diez escuelas laborales que estaban totalmente abandonadas en el municipio, y en las que actualmente cientos de j\u00f3venes reciben formaci\u00f3n en distintas \u00e1reas t\u00e9cnicas.<\/p>\n\n\n\n<p>Los centros que est\u00e1n a disposici\u00f3n de toda la comunidad se encuentran ubicados en Los Frailes II, Villa Liberaci\u00f3n, El Dique, El Tamarindo, El Invi, Los Mina, Urbanizaci\u00f3n Mois\u00e9s, Jardines del Ozama, Ensanche Ozama, y Juan Pablo Duarte, donde se imparten clases de arte, ingl\u00e9s, bisuter\u00eda, cursos de belleza, cocina y decoraci\u00f3n.<\/p>\n\n\n\n<p>En la escuela de El Dique, adem\u00e1s de cursos de cocina y preparaci\u00f3n de bocadillos, tambi\u00e9n se imparten clases de m\u00fasica para ni\u00f1os y j\u00f3venes, mientras que en la del Invi los menores reciben clases de literatura.<\/p>\n\n\n\n<p>En el centro ubicado en la urbanizaci\u00f3n Mois\u00e9s, del sector Francisco Alberto Caama\u00f1o, antiguo Los Tres Brazos se imparten clases de lutheria para la confecci\u00f3n y reparaci\u00f3n de guitarra, y en la Jardines del Ozama recientemente se dej\u00f3 en funcionamiento la escuela de ebanister\u00eda y pr\u00f3ximamente se empezar\u00e1n a impartir clases de tapicer\u00eda.<\/p>\n\n\n\n<p>El Ayuntamiento, a la llegada del alcalde Manuel Jim\u00e9nez, tambi\u00e9n rescat\u00f3 el centro ubicado en el sector Juan Pablo Duarte, donde actualmente funciona la escuela de modas que lleva el mismo nombre y que dirige el destacado dise\u00f1ador dominicano Mart\u00edn Polanco, donde se confeccionan prendas del m\u00e1s alto nivel, especialmente chacabanas y finas bisuter\u00edas.<\/p>\n\n\n\n<p>En el caso de las escuelas de Villa Liberaci\u00f3n y San Bartolo tambi\u00e9n funcionan salas de tarea y cuidados para ni\u00f1os y envejecientes, dando la oportunidad a aquellos familiares que no tienen d\u00f3nde dejar a sus parientes que puedan disponer de un espacio seguro y digno sin ning\u00fan costo.<\/p>\n\n\n\n<p>Jim\u00e9nez inform\u00f3, adem\u00e1s, que pr\u00f3ximamente entrar\u00e1n en funcionamiento dos escuelas de c\u00f3mputos, ubicadas en los sectores Hainamosa e Invivienda, que acoger\u00e1 a j\u00f3venes de esos sectores que ya no tendr\u00e1n que trasladarse lejos de sus entornos para formarse como t\u00e9cnicos en computaci\u00f3n y se trabaja en la readecuaci\u00f3n de las escuelas de Hamarak y Las Lilas para tambi\u00e9n ponerlas a disposici\u00f3n de la comunidad.<\/p>\n","protected":false},"excerpt":{"rendered":"<p>Por Martin Restituyo El alcalde Manuel Jim\u00e9nez anunci\u00f3 el rescate y puesta en funcionamiento de diez escuelas laborales que estaban totalmente abandonadas en el municipio, y en las que actualmente&hellip;<\/p>\n","protected":false},"author":2,"featured_media":57023,"comment_status":"open","ping_status":"open","sticky":false,"template":"","format":"standard","meta":{"content-type":"","jetpack_post_was_ever_published":false,"_jetpack_newsletter_access":"","_jetpack_dont_email_post_to_subs":false,"_jetpack_newsletter_tier_id":0,"_jetpack_memberships_contains_paywalled_content":false,"_jetpack_memberships_contains_paid_content":false,"footnotes":""},"categories":[35,25],"tags":[161,5947,2683,196,1016],"class_list":["post-57022","post","type-post","status-publish","format-standard","has-post-thumbnail","hentry","category-nacionales","category-portada","tag-alcalde","tag-escuelas-laborales","tag-funcionamiento","tag-manuel-jimenez","tag-sde"],"jetpack_featured_media_url":"https:\/\/lasprimeras.com.do\/wp-content\/uploads\/2023\/08\/Manuel-Jimenez-1-1.jpg","jetpack-related-posts":[{"id":117521,"url":"https:\/\/lasprimeras.com.do\/index.php\/2025\/12\/11\/voluntariado-banreservas-lleva-navidad-a-cientos-de-ninos-y-ejecuta-operativo-ambiental-en-el-ozama\/","url_meta":{"origin":57022,"position":0},"title":"Voluntariado Banreservas lleva Navidad a cientos de ni\u00f1os y ejecuta operativo ambiental en el Ozama","author":"Nelson Feliz","date":"11 de diciembre de 2025","format":false,"excerpt":"El Voluntariado Banreservas llev\u00f3 alegr\u00eda a decenas de ni\u00f1os de la Escuela Movearte, en el Dique del r\u00edo Ozama, durante su tradicional Fiesta de Navidad, actividad que se realiz\u00f3 de manera simult\u00e1nea con un operativo masivo del programa ambiental \u201cVida para el Ozama\u201d. El acto fue encabezado por la presidenta\u2026","rel":"","context":"En \u00abECONOM\u00cdA\u00bb","block_context":{"text":"ECONOM\u00cdA","link":"https:\/\/lasprimeras.com.do\/index.php\/category\/economia\/"},"img":{"alt_text":"","src":"https:\/\/i0.wp.com\/lasprimeras.com.do\/wp-content\/uploads\/2025\/12\/reservas.jpg?resize=350%2C200&ssl=1","width":350,"height":200,"srcset":"https:\/\/i0.wp.com\/lasprimeras.com.do\/wp-content\/uploads\/2025\/12\/reservas.jpg?resize=350%2C200&ssl=1 1x, https:\/\/i0.wp.com\/lasprimeras.com.do\/wp-content\/uploads\/2025\/12\/reservas.jpg?resize=525%2C300&ssl=1 1.5x, https:\/\/i0.wp.com\/lasprimeras.com.do\/wp-content\/uploads\/2025\/12\/reservas.jpg?resize=700%2C400&ssl=1 2x"},"classes":[]},{"id":68057,"url":"https:\/\/lasprimeras.com.do\/index.php\/2023\/11\/21\/alcalde-manuel-jimenez-mantiene-activo-comite-de-emergencias-de-sde\/","url_meta":{"origin":57022,"position":1},"title":"Alcalde Manuel Jim\u00e9nez mantiene activo Comit\u00e9 de Emergencias de SDE","author":"Nelson Feliz","date":"21 de noviembre de 2023","format":false,"excerpt":"EN EL MUNICIPIO NO SE REGISTRAN P\u00c9RDIDAS HUMANAS POR LAS LLUVIAS. Por Mart\u00edn Restituyo El alcalde de Santo Domingo Este, Manuel Jim\u00e9nez, inform\u00f3 este martes que todos los equipos del Comit\u00e9 Municipal de Prevenci\u00f3n y Mitigaci\u00f3n de Riesgos de la demarcaci\u00f3n se mantendr\u00e1 en alerta y desarrollando trabajos preventivos ante\u2026","rel":"","context":"En \u00abNACIONALES\u00bb","block_context":{"text":"NACIONALES","link":"https:\/\/lasprimeras.com.do\/index.php\/category\/nacionales\/"},"img":{"alt_text":"Manuel Jim\u00e9nez","src":"https:\/\/i0.wp.com\/lasprimeras.com.do\/wp-content\/uploads\/2023\/11\/Manuel-Jimenez-1.jpg?resize=350%2C200&ssl=1","width":350,"height":200,"srcset":"https:\/\/i0.wp.com\/lasprimeras.com.do\/wp-content\/uploads\/2023\/11\/Manuel-Jimenez-1.jpg?resize=350%2C200&ssl=1 1x, https:\/\/i0.wp.com\/lasprimeras.com.do\/wp-content\/uploads\/2023\/11\/Manuel-Jimenez-1.jpg?resize=525%2C300&ssl=1 1.5x, https:\/\/i0.wp.com\/lasprimeras.com.do\/wp-content\/uploads\/2023\/11\/Manuel-Jimenez-1.jpg?resize=700%2C400&ssl=1 2x"},"classes":[]},{"id":58817,"url":"https:\/\/lasprimeras.com.do\/index.php\/2023\/08\/28\/ayuntamiento-sde-creara-oficina-de-apoyo-a-dominicanos-en-el-exterior\/","url_meta":{"origin":57022,"position":2},"title":"Ayuntamiento SDE crear\u00e1 oficina de apoyo a dominicanos en el exterior","author":"Nelson Feliz","date":"28 de agosto de 2023","format":false,"excerpt":"EL ALCALDE MANUEL JIM\u00c9NEZ TAMBI\u00c9N ANUNCI\u00d3 LA CREACI\u00d3N DE UN PARQUE EN HOMENAJE A DOMINICANOS DE LA DI\u00c1SPORA. El alcalde Manuel Jim\u00e9nez anunci\u00f3 la pronta inauguraci\u00f3n de una oficina de asesor\u00eda y apoyo a los dominicanos de la di\u00e1spora interesados en invertir o desarrollar proyectos en Santo Domingo Este. En\u2026","rel":"","context":"En \u00abNACIONALES\u00bb","block_context":{"text":"NACIONALES","link":"https:\/\/lasprimeras.com.do\/index.php\/category\/nacionales\/"},"img":{"alt_text":"Manuel Jimenez","src":"https:\/\/i0.wp.com\/lasprimeras.com.do\/wp-content\/uploads\/2023\/08\/Manuel-Jimenez-5.jpg?resize=350%2C200&ssl=1","width":350,"height":200,"srcset":"https:\/\/i0.wp.com\/lasprimeras.com.do\/wp-content\/uploads\/2023\/08\/Manuel-Jimenez-5.jpg?resize=350%2C200&ssl=1 1x, https:\/\/i0.wp.com\/lasprimeras.com.do\/wp-content\/uploads\/2023\/08\/Manuel-Jimenez-5.jpg?resize=525%2C300&ssl=1 1.5x, https:\/\/i0.wp.com\/lasprimeras.com.do\/wp-content\/uploads\/2023\/08\/Manuel-Jimenez-5.jpg?resize=700%2C400&ssl=1 2x"},"classes":[]},{"id":120697,"url":"https:\/\/lasprimeras.com.do\/index.php\/2026\/01\/27\/manuel-jimenez-recomienda-funcionarios-y-politicos-tengan-a-duarte-como-guia\/","url_meta":{"origin":57022,"position":3},"title":"Manuel Jim\u00e9nez recomienda funcionarios y pol\u00edticos tengan a Duarte como gu\u00eda","author":"Nelson Feliz","date":"27 de enero de 2026","format":false,"excerpt":"El dirigente pol\u00edtico asegur\u00f3 que Duarte es el ejemplo de eficiencia y honestidad que todo gobierno necesita segu\u00edr. En el marco de un acto conmemorativo de los 213 a\u00f1os del natalicio de Juan Pablo Duarte, el dirigente pol\u00edtico y gestor cultural Manuel Jim\u00e9nez exhort\u00f3 a todos los servidores p\u00fablicos del\u2026","rel":"","context":"En \u00abNACIONALES\u00bb","block_context":{"text":"NACIONALES","link":"https:\/\/lasprimeras.com.do\/index.php\/category\/nacionales\/"},"img":{"alt_text":"","src":"https:\/\/i0.wp.com\/lasprimeras.com.do\/wp-content\/uploads\/2026\/01\/IMG-20260126-WA0727.jpg?resize=350%2C200&ssl=1","width":350,"height":200,"srcset":"https:\/\/i0.wp.com\/lasprimeras.com.do\/wp-content\/uploads\/2026\/01\/IMG-20260126-WA0727.jpg?resize=350%2C200&ssl=1 1x, https:\/\/i0.wp.com\/lasprimeras.com.do\/wp-content\/uploads\/2026\/01\/IMG-20260126-WA0727.jpg?resize=525%2C300&ssl=1 1.5x, https:\/\/i0.wp.com\/lasprimeras.com.do\/wp-content\/uploads\/2026\/01\/IMG-20260126-WA0727.jpg?resize=700%2C400&ssl=1 2x, https:\/\/i0.wp.com\/lasprimeras.com.do\/wp-content\/uploads\/2026\/01\/IMG-20260126-WA0727.jpg?resize=1050%2C600&ssl=1 3x, https:\/\/i0.wp.com\/lasprimeras.com.do\/wp-content\/uploads\/2026\/01\/IMG-20260126-WA0727.jpg?resize=1400%2C800&ssl=1 4x"},"classes":[]},{"id":115117,"url":"https:\/\/lasprimeras.com.do\/index.php\/2025\/11\/19\/voluntariado-banreservas-beneficia-cientos-de-personas-en-jornada-del-programa-vida-para-el-ozama\/","url_meta":{"origin":57022,"position":4},"title":"Voluntariado Banreservas beneficia cientos de personas en jornada del programa \u201cVida para el Ozama\u201d","author":"Nelson Feliz","date":"19 de noviembre de 2025","format":false,"excerpt":"El Voluntariado Banreservas realiz\u00f3 una jornada masiva del programa \u201cVida para el Ozama\u201d, en la que m\u00e1s de 1,000 residentes de comunidades pr\u00f3ximas al r\u00edo Ozama se beneficiaron con el intercambio de raciones de alimentos de la canasta b\u00e1sica a cambio de fundas repletas de pl\u00e1sticos. La actividad estuvo encabezada\u2026","rel":"","context":"En \u00abECONOM\u00cdA\u00bb","block_context":{"text":"ECONOM\u00cdA","link":"https:\/\/lasprimeras.com.do\/index.php\/category\/economia\/"},"img":{"alt_text":"La Dra. Carmen Alicia Quijano de Aguilera, presidenta del Voluntariado Banreservas y el obispo Manuel Ruiz, fundador del proyecto Movearte.","src":"https:\/\/i0.wp.com\/lasprimeras.com.do\/wp-content\/uploads\/2025\/11\/Voluntariado-Banreservas.jpg?resize=350%2C200&ssl=1","width":350,"height":200,"srcset":"https:\/\/i0.wp.com\/lasprimeras.com.do\/wp-content\/uploads\/2025\/11\/Voluntariado-Banreservas.jpg?resize=350%2C200&ssl=1 1x, https:\/\/i0.wp.com\/lasprimeras.com.do\/wp-content\/uploads\/2025\/11\/Voluntariado-Banreservas.jpg?resize=525%2C300&ssl=1 1.5x, https:\/\/i0.wp.com\/lasprimeras.com.do\/wp-content\/uploads\/2025\/11\/Voluntariado-Banreservas.jpg?resize=700%2C400&ssl=1 2x"},"classes":[]},{"id":61827,"url":"https:\/\/lasprimeras.com.do\/index.php\/2023\/10\/01\/manuel-jimenez-llama-a-perremeistas-de-sde-a-votar-temprano-por-luis-y-por-el\/","url_meta":{"origin":57022,"position":5},"title":"Manuel Jim\u00e9nez llama a perreme\u00edstas de SDE a votar temprano por Luis y por \u00e9l","author":"Nelson Feliz","date":"1 de octubre de 2023","format":false,"excerpt":"MANUEL JIM\u00c9NEZ ASEGURA QUE SU EQUIPO EST\u00c1 MOVILIZADO Y ATENTO A UN ESCRUTINIO TRANSPARENTE. Por Martin Restituyo Luego de ejercer el voto en las primarias del Partido Revolucionario Moderno (PRM), el alcalde Manuel Jim\u00e9nez exhort\u00f3 a todos los perreme\u00edstas a acudir a los centros a votar por el presidente Luis\u2026","rel":"","context":"En \u00abPORTADA\u00bb","block_context":{"text":"PORTADA","link":"https:\/\/lasprimeras.com.do\/index.php\/category\/portada\/"},"img":{"alt_text":"Manuel Jim\u00e9nez","src":"https:\/\/i0.wp.com\/lasprimeras.com.do\/wp-content\/uploads\/2023\/10\/Manuel-Jimenez-1.jpg?resize=350%2C200&ssl=1","width":350,"height":200,"srcset":"https:\/\/i0.wp.com\/lasprimeras.com.do\/wp-content\/uploads\/2023\/10\/Manuel-Jimenez-1.jpg?resize=350%2C200&ssl=1 1x, https:\/\/i0.wp.com\/lasprimeras.com.do\/wp-content\/uploads\/2023\/10\/Manuel-Jimenez-1.jpg?resize=525%2C300&ssl=1 1.5x, https:\/\/i0.wp.com\/lasprimeras.com.do\/wp-content\/uploads\/2023\/10\/Manuel-Jimenez-1.jpg?resize=700%2C400&ssl=1 2x"},"classes":[]}],"jetpack_sharing_enabled":true,"_links":{"self":[{"href":"https:\/\/lasprimeras.com.do\/index.php\/wp-json\/wp\/v2\/posts\/57022","targetHints":{"allow":["GET"]}}],"collection":[{"href":"https:\/\/lasprimeras.com.do\/index.php\/wp-json\/wp\/v2\/posts"}],"about":[{"href":"https:\/\/lasprimeras.com.do\/index.php\/wp-json\/wp\/v2\/types\/post"}],"author":[{"embeddable":true,"href":"https:\/\/lasprimeras.com.do\/index.php\/wp-json\/wp\/v2\/users\/2"}],"replies":[{"embeddable":true,"href":"https:\/\/lasprimeras.com.do\/index.php\/wp-json\/wp\/v2\/comments?post=57022"}],"version-history":[{"count":1,"href":"https:\/\/lasprimeras.com.do\/index.php\/wp-json\/wp\/v2\/posts\/57022\/revisions"}],"predecessor-version":[{"id":57024,"href":"https:\/\/lasprimeras.com.do\/index.php\/wp-json\/wp\/v2\/posts\/57022\/revisions\/57024"}],"wp:featuredmedia":[{"embeddable":true,"href":"https:\/\/lasprimeras.com.do\/index.php\/wp-json\/wp\/v2\/media\/57023"}],"wp:attachment":[{"href":"https:\/\/lasprimeras.com.do\/index.php\/wp-json\/wp\/v2\/media?parent=57022"}],"wp:term":[{"taxonomy":"category","embeddable":true,"href":"https:\/\/lasprimeras.com.do\/index.php\/wp-json\/wp\/v2\/categories?post=57022"},{"taxonomy":"post_tag","embeddable":true,"href":"https:\/\/lasprimeras.com.do\/index.php\/wp-json\/wp\/v2\/tags?post=57022"}],"curies":[{"name":"wp","href":"https:\/\/api.w.org\/{rel}","templated":true}]}}