{"id":57025,"date":"2023-08-07T21:34:12","date_gmt":"2023-08-08T01:34:12","guid":{"rendered":"https:\/\/lasprimeras.com.do\/?p=57025"},"modified":"2023-08-07T21:34:14","modified_gmt":"2023-08-08T01:34:14","slug":"amchamdr-celebra-encuentro-con-altos-oficiales-militares-de-ee-uu","status":"publish","type":"post","link":"https:\/\/lasprimeras.com.do\/index.php\/2023\/08\/07\/amchamdr-celebra-encuentro-con-altos-oficiales-militares-de-ee-uu\/","title":{"rendered":"AMCHAMDR celebra encuentro con altos oficiales militares de EE.UU."},"content":{"rendered":"\n<p><strong>Durante la reuni\u00f3n, el presidente de AMCHAMDR fue reconocido por los oficiales presentes por su contribuci\u00f3n al clima de negocios y empresariales a trav\u00e9s de la instituci\u00f3n<\/strong>.<\/p>\n\n\n\n<p>El presidente del Comit\u00e9 Ejecutivo de la C\u00e1mara Americana de Comercio de la Rep\u00fablica Dominicana (AMCHAMDR), Edwin De los Santos, y el vicepresidente ejecutivo, William Malamud, se reuni\u00f3 recientemente con la clase 2023 de altos oficiales que cursan el programa Capstone de la National Defense University, compuesto por generales de brigada, contraalmirantes y oficiales superiores de los Estados Unidos.<\/p>\n\n\n\n<p>El encuentro tuvo como objetivo compartir las perspectivas del sector privado en cuanto al clima de negocios en la Rep\u00fablica Dominicana y las prioridades institucionales de AMCHAMDR.<\/p>\n\n\n\n<p>El programa Capstone, fue creado en 1982 por el Estado Mayor Conjunto de los Estados Unidos, con el objetivo de establecer un programa de educaci\u00f3n militar profesional para generales de brigada y altos oficiales de la armada norteamericana, el cual incluye encuentros con representantes del sector privado, como el reci\u00e9n celebrado junto a AMCHAMDR.<\/p>\n\n\n\n<p>La delegaci\u00f3n de AMCHAMDR tambi\u00e9n estuvo integrada por Mar\u00eda Waleska \u00c1lvarez, vicepresidenta del Consejo de Directores, Steven Puig, secretario; Roberto Herrera, pasado presidente inmediato y Lucille Houellemont.<\/p>\n\n\n\n<p>Durante la reuni\u00f3n se destacaron las fruct\u00edferas relaciones comerciales entre la Rep\u00fablica Dominicana y los Estados Unidos, resalt\u00e1ndose la celebraci\u00f3n de los 100 a\u00f1os desde la fundaci\u00f3n de AMCHAMDR en el pa\u00eds, como muestra fehaciente de las relaciones hist\u00f3ricas entre ambas naciones.<\/p>\n\n\n\n<p>Asimismo, se abordaron los avances de Republica Dominicana en materia institucional y clima de inversi\u00f3n, la importancia de las cadenas de suministro y la tendencia creciente del nearshoring, enfoc\u00e1ndose en c\u00f3mo fortalecer la integraci\u00f3n para beneficio de ambas naciones.<\/p>\n\n\n\n<p>Adem\u00e1s, se discutieron aspectos relacionados con el clima de negocios en Hait\u00ed y la resiliencia ante desastres naturales. <\/p>\n\n\n\n<p>El impacto por el cambio clim\u00e1tico tambi\u00e9n fue un tema relevante, destacando la importancia de la sostenibilidad y la adopci\u00f3n de medidas para mitigar sus efectos. La ciberseguridad fue otro aspecto tratado durante la reuni\u00f3n.<\/p>\n\n\n\n<p>El encuentro entre AMCHAMDR y la Clase 2023 de altos oficiales de Capstone, cont\u00f3 igualmente con representantes de la Agencia de los Estados Unidos para el Desarrollo Internacional (USAID por sus siglas en ingl\u00e9s), y culmin\u00f3 con palabras de agradecimiento por parte de los representantes de las instituciones, remarcando el compromiso de AMCHAMDR en continuar fomentando un entorno propicio para los negocios y la inversi\u00f3n en la Rep\u00fablica Dominicana, promoviendo el crecimiento econ\u00f3mico y el fortalecimiento de las relaciones bilaterales entre la Rep\u00fablica Dominicana y los Estados Unidos.<\/p>\n","protected":false},"excerpt":{"rendered":"<p>Durante la reuni\u00f3n, el presidente de AMCHAMDR fue reconocido por los oficiales presentes por su contribuci\u00f3n al clima de negocios y empresariales a trav\u00e9s de la instituci\u00f3n. El presidente del&hellip;<\/p>\n","protected":false},"author":2,"featured_media":57026,"comment_status":"open","ping_status":"open","sticky":false,"template":"","format":"standard","meta":{"content-type":"","jetpack_post_was_ever_published":false,"_jetpack_newsletter_access":"","_jetpack_dont_email_post_to_subs":false,"_jetpack_newsletter_tier_id":0,"_jetpack_memberships_contains_paywalled_content":false,"_jetpack_memberships_contains_paid_content":false,"footnotes":""},"categories":[35],"tags":[5948,844,5950,206,2086,283,5949],"class_list":["post-57025","post","type-post","status-publish","format-standard","has-post-thumbnail","hentry","category-nacionales","tag-altos","tag-amchamdr","tag-capstone","tag-ee-uu","tag-encuentro","tag-militares","tag-oficiales"],"jetpack_featured_media_url":"https:\/\/lasprimeras.com.do\/wp-content\/uploads\/2023\/08\/camara-americana.jpg","jetpack-related-posts":[{"id":123084,"url":"https:\/\/lasprimeras.com.do\/index.php\/2026\/02\/25\/amchamdr-la-bienvenida-a-pedro-brache\/","url_meta":{"origin":57025,"position":0},"title":"AMCHAMDR la bienvenida a Pedro Brache","author":"Nelson Feliz","date":"25 de febrero de 2026","format":false,"excerpt":"El secretario del Comit\u00e9 Ejecutivo de AMCHAMDR y vicepresidente y administrador de Costasur Casa de Campo, Juan Vel\u00e1zquez, resalt\u00f3 que este encuentro se celebra en un entorno global desafiante, pero con una Rep\u00fablica Dominicana que ha demostrado resiliencia y crecimiento sostenido en las \u00faltimas d\u00e9cadas. Vel\u00e1zquez, asegur\u00f3 que la Regi\u00f3n\u2026","rel":"","context":"En \u00abECONOM\u00cdA\u00bb","block_context":{"text":"ECONOM\u00cdA","link":"https:\/\/lasprimeras.com.do\/index.php\/category\/economia\/"},"img":{"alt_text":"AMCHAMDR","src":"https:\/\/i0.wp.com\/lasprimeras.com.do\/wp-content\/uploads\/2026\/02\/AMCHAMDR.jpg?resize=350%2C200&ssl=1","width":350,"height":200,"srcset":"https:\/\/i0.wp.com\/lasprimeras.com.do\/wp-content\/uploads\/2026\/02\/AMCHAMDR.jpg?resize=350%2C200&ssl=1 1x, https:\/\/i0.wp.com\/lasprimeras.com.do\/wp-content\/uploads\/2026\/02\/AMCHAMDR.jpg?resize=525%2C300&ssl=1 1.5x, https:\/\/i0.wp.com\/lasprimeras.com.do\/wp-content\/uploads\/2026\/02\/AMCHAMDR.jpg?resize=700%2C400&ssl=1 2x"},"classes":[]},{"id":127117,"url":"https:\/\/lasprimeras.com.do\/index.php\/2026\/04\/08\/amchamdr-sostiene-reunion-con-consultor-juridico-del-poder-ejecutivo-para-abordar-prioridades-legislativas\/","url_meta":{"origin":57025,"position":1},"title":"AMCHAMDR sostiene reuni\u00f3n con &#8220;Consultor Jur\u00eddico del Poder Ejecutivo&#8221; para abordar prioridades legislativas","author":"Nelson Feliz","date":"8 de abril de 2026","format":false,"excerpt":"La presidenta del Consejo de directores de la C\u00e1mara Americana de Comercio de la Rep\u00fablica Dominicana (AMCHAMDR) y su Comit\u00e9 Legal, Francesca Rainieri, sostuvieron una reuni\u00f3n con el Consultor Jur\u00eddico del Poder Ejecutivo, Dr. Jorge Subero Isa, con el objetivo de intercambiar perspectivas sobre iniciativas legislativas de alta relevancia para\u2026","rel":"","context":"En \u00abNACIONALES\u00bb","block_context":{"text":"NACIONALES","link":"https:\/\/lasprimeras.com.do\/index.php\/category\/nacionales\/"},"img":{"alt_text":"AMCHAMDR","src":"https:\/\/i0.wp.com\/lasprimeras.com.do\/wp-content\/uploads\/2026\/04\/AMCHAMDR.jpg?resize=350%2C200&ssl=1","width":350,"height":200,"srcset":"https:\/\/i0.wp.com\/lasprimeras.com.do\/wp-content\/uploads\/2026\/04\/AMCHAMDR.jpg?resize=350%2C200&ssl=1 1x, https:\/\/i0.wp.com\/lasprimeras.com.do\/wp-content\/uploads\/2026\/04\/AMCHAMDR.jpg?resize=525%2C300&ssl=1 1.5x, https:\/\/i0.wp.com\/lasprimeras.com.do\/wp-content\/uploads\/2026\/04\/AMCHAMDR.jpg?resize=700%2C400&ssl=1 2x"},"classes":[]},{"id":57185,"url":"https:\/\/lasprimeras.com.do\/index.php\/2023\/08\/09\/encargado-de-negocios-de-ee-uu-y-amchamdr-potenciaran-relaciones-comerciales-sociales-y-culturales-entre-ambas-naciones\/","url_meta":{"origin":57025,"position":2},"title":"Encargado de negocios de EE.UU. y AMCHAMDR potenciar\u00e1n relaciones entre ambas naciones","author":"Nelson Feliz","date":"9 de agosto de 2023","format":false,"excerpt":"En un encuentro que afianza la productiva e importante relaci\u00f3n entre la C\u00e1mara Americana de Comercio de la Rep\u00fablica Dominicana y la Embajada de los Estados Unidos en el pa\u00eds, los miembros del Consejo de Directores de AMCHAMDR se reunieron con el Encargado de Negocios de la embajada de los\u2026","rel":"","context":"En \u00abECONOM\u00cdA\u00bb","block_context":{"text":"ECONOM\u00cdA","link":"https:\/\/lasprimeras.com.do\/index.php\/category\/economia\/"},"img":{"alt_text":"","src":"https:\/\/i0.wp.com\/lasprimeras.com.do\/wp-content\/uploads\/2023\/08\/AMCHAMDR.jpg?resize=350%2C200&ssl=1","width":350,"height":200,"srcset":"https:\/\/i0.wp.com\/lasprimeras.com.do\/wp-content\/uploads\/2023\/08\/AMCHAMDR.jpg?resize=350%2C200&ssl=1 1x, https:\/\/i0.wp.com\/lasprimeras.com.do\/wp-content\/uploads\/2023\/08\/AMCHAMDR.jpg?resize=525%2C300&ssl=1 1.5x, https:\/\/i0.wp.com\/lasprimeras.com.do\/wp-content\/uploads\/2023\/08\/AMCHAMDR.jpg?resize=700%2C400&ssl=1 2x"},"classes":[]},{"id":124552,"url":"https:\/\/lasprimeras.com.do\/index.php\/2026\/03\/13\/amchamdr-analiza-oportunidades-estrategicas-ante-el-panorama-comercial-entre-rd-y-los-ee-uu\/","url_meta":{"origin":57025,"position":3},"title":"AMCHAMDR analiza oportunidades estrat\u00e9gicas ante el panorama comercial entre RD y los EE.UU.","author":"Nelson Feliz","date":"13 de marzo de 2026","format":false,"excerpt":"El conversatorio cont\u00f3 con la participaci\u00f3n del ministro Eduardo Sanz Lovat\u00f3n y del vicepresidente de Manchester Trade, David Lewis, siendo moderado por el vicepresidente del Comit\u00e9 de Relaciones Bilaterales de AMCHAMDR, Roberto Despradel. La C\u00e1mara Americana de Comercio de la Rep\u00fablica Dominicana (AMCHAMDR), a trav\u00e9s de su Comit\u00e9 Legal, celebr\u00f3\u2026","rel":"","context":"En \u00abECONOM\u00cdA\u00bb","block_context":{"text":"ECONOM\u00cdA","link":"https:\/\/lasprimeras.com.do\/index.php\/category\/economia\/"},"img":{"alt_text":"AMCHAMDR","src":"https:\/\/i0.wp.com\/lasprimeras.com.do\/wp-content\/uploads\/2026\/03\/AMCHAMDR.jpg?resize=350%2C200&ssl=1","width":350,"height":200,"srcset":"https:\/\/i0.wp.com\/lasprimeras.com.do\/wp-content\/uploads\/2026\/03\/AMCHAMDR.jpg?resize=350%2C200&ssl=1 1x, https:\/\/i0.wp.com\/lasprimeras.com.do\/wp-content\/uploads\/2026\/03\/AMCHAMDR.jpg?resize=525%2C300&ssl=1 1.5x, https:\/\/i0.wp.com\/lasprimeras.com.do\/wp-content\/uploads\/2026\/03\/AMCHAMDR.jpg?resize=700%2C400&ssl=1 2x"},"classes":[]},{"id":103084,"url":"https:\/\/lasprimeras.com.do\/index.php\/2025\/07\/11\/amchamdr-da-la-bienvenida-a-eduardo-valcarcel-como-nuevo-miembro-de-su-consejo-de-directores\/","url_meta":{"origin":57025,"position":4},"title":"AMCHAMDR da la bienvenida a Eduardo Valc\u00e1rcel como nuevo miembro de su Consejo de Directores","author":"Nelson Feliz","date":"11 de julio de 2025","format":false,"excerpt":"La C\u00e1mara Americana de Comercio de la Rep\u00fablica Dominicana (AMCHAMDR) anunci\u00f3 la elecci\u00f3n de Eduardo Valc\u00e1rcel, socio director de Newlink Dominicana, como nuevo miembro US-Link de su Consejo de Directores. Valc\u00e1rcel asume este rol en sustituci\u00f3n de Juana Barcel\u00f3, pasada presidenta de Barrick Pueblo Viejo, quien culmina una importante trayectoria\u2026","rel":"","context":"En \u00abNACIONALES\u00bb","block_context":{"text":"NACIONALES","link":"https:\/\/lasprimeras.com.do\/index.php\/category\/nacionales\/"},"img":{"alt_text":"","src":"https:\/\/i0.wp.com\/lasprimeras.com.do\/wp-content\/uploads\/2025\/07\/Eduardo-Valcarcel.jpg?resize=350%2C200&ssl=1","width":350,"height":200,"srcset":"https:\/\/i0.wp.com\/lasprimeras.com.do\/wp-content\/uploads\/2025\/07\/Eduardo-Valcarcel.jpg?resize=350%2C200&ssl=1 1x, https:\/\/i0.wp.com\/lasprimeras.com.do\/wp-content\/uploads\/2025\/07\/Eduardo-Valcarcel.jpg?resize=525%2C300&ssl=1 1.5x, https:\/\/i0.wp.com\/lasprimeras.com.do\/wp-content\/uploads\/2025\/07\/Eduardo-Valcarcel.jpg?resize=700%2C400&ssl=1 2x"},"classes":[]},{"id":107393,"url":"https:\/\/lasprimeras.com.do\/index.php\/2025\/08\/26\/francesca-rainieri-la-seguridad-es-un-bien-publico-que-exige-mejoria-permanente\/","url_meta":{"origin":57025,"position":5},"title":"Francesca Rainieri: la seguridad es un bien p\u00fablico que exige mejor\u00eda permanente","author":"Nelson Feliz","date":"26 de agosto de 2025","format":false,"excerpt":"La presidenta de Amchamdr destaca que la seguridad reduce la incertidumbre, disminuye los costos de transacci\u00f3n Durante un almuerzo organizado por la C\u00e1mara Americana de Comercio de la Rep\u00fablica Dominicana (Amchamdr), la presidenta del gremio, Francesca Rainieri, destac\u00f3 el papel esencial que juega la seguridad ciudadana en la atracci\u00f3n de\u2026","rel":"","context":"En \u00abECONOM\u00cdA\u00bb","block_context":{"text":"ECONOM\u00cdA","link":"https:\/\/lasprimeras.com.do\/index.php\/category\/economia\/"},"img":{"alt_text":"","src":"https:\/\/i0.wp.com\/lasprimeras.com.do\/wp-content\/uploads\/2025\/08\/Francesca-Rainieri.jpg?resize=350%2C200&ssl=1","width":350,"height":200,"srcset":"https:\/\/i0.wp.com\/lasprimeras.com.do\/wp-content\/uploads\/2025\/08\/Francesca-Rainieri.jpg?resize=350%2C200&ssl=1 1x, https:\/\/i0.wp.com\/lasprimeras.com.do\/wp-content\/uploads\/2025\/08\/Francesca-Rainieri.jpg?resize=525%2C300&ssl=1 1.5x, https:\/\/i0.wp.com\/lasprimeras.com.do\/wp-content\/uploads\/2025\/08\/Francesca-Rainieri.jpg?resize=700%2C400&ssl=1 2x"},"classes":[]}],"jetpack_sharing_enabled":true,"_links":{"self":[{"href":"https:\/\/lasprimeras.com.do\/index.php\/wp-json\/wp\/v2\/posts\/57025","targetHints":{"allow":["GET"]}}],"collection":[{"href":"https:\/\/lasprimeras.com.do\/index.php\/wp-json\/wp\/v2\/posts"}],"about":[{"href":"https:\/\/lasprimeras.com.do\/index.php\/wp-json\/wp\/v2\/types\/post"}],"author":[{"embeddable":true,"href":"https:\/\/lasprimeras.com.do\/index.php\/wp-json\/wp\/v2\/users\/2"}],"replies":[{"embeddable":true,"href":"https:\/\/lasprimeras.com.do\/index.php\/wp-json\/wp\/v2\/comments?post=57025"}],"version-history":[{"count":1,"href":"https:\/\/lasprimeras.com.do\/index.php\/wp-json\/wp\/v2\/posts\/57025\/revisions"}],"predecessor-version":[{"id":57027,"href":"https:\/\/lasprimeras.com.do\/index.php\/wp-json\/wp\/v2\/posts\/57025\/revisions\/57027"}],"wp:featuredmedia":[{"embeddable":true,"href":"https:\/\/lasprimeras.com.do\/index.php\/wp-json\/wp\/v2\/media\/57026"}],"wp:attachment":[{"href":"https:\/\/lasprimeras.com.do\/index.php\/wp-json\/wp\/v2\/media?parent=57025"}],"wp:term":[{"taxonomy":"category","embeddable":true,"href":"https:\/\/lasprimeras.com.do\/index.php\/wp-json\/wp\/v2\/categories?post=57025"},{"taxonomy":"post_tag","embeddable":true,"href":"https:\/\/lasprimeras.com.do\/index.php\/wp-json\/wp\/v2\/tags?post=57025"}],"curies":[{"name":"wp","href":"https:\/\/api.w.org\/{rel}","templated":true}]}}