{"id":57028,"date":"2023-08-07T21:42:19","date_gmt":"2023-08-08T01:42:19","guid":{"rendered":"https:\/\/lasprimeras.com.do\/?p=57028"},"modified":"2023-08-07T21:42:22","modified_gmt":"2023-08-08T01:42:22","slug":"brigadas-de-eted-trabajaran-este-martes-en-mantenimiento-de-subestaciones-y-lineas-de-distintas-zonas-del-pais","status":"publish","type":"post","link":"https:\/\/lasprimeras.com.do\/index.php\/2023\/08\/07\/brigadas-de-eted-trabajaran-este-martes-en-mantenimiento-de-subestaciones-y-lineas-de-distintas-zonas-del-pais\/","title":{"rendered":"Brigadas de ETED trabajar\u00e1n este martes en mantenimiento de subestaciones y l\u00edneas de distintas zonas del pa\u00eds\u00a0"},"content":{"rendered":"\n<p>Por Martin Restituyo<\/p>\n\n\n\n<p>La Empresa de Transmisi\u00f3n El\u00e9ctrica Dominicana (ETED) informa que, este martes, 08 de agosto, las brigadas de mantenimiento realizar\u00e1n trabajos en las subestaciones 138 kV R\u00edo San Juan \u2013 Barra, 69 kV Boca Chica &#8211; SPM I y, en la l\u00ednea 69 kV Duverg\u00e9 &#8211; Las Damas, esto para optimizar la calidad de las infraestructuras y eficientizar el servicio el\u00e9ctrico.&nbsp;<\/p>\n\n\n\n<p>En ese orden, los trabajos en la subestaci\u00f3n R\u00edo San Juan \u2013 Barra se desarrollar\u00e1n de 12:00 p.m. a 5:00 p.m. y dejar\u00e1n sin servicio a R\u00edo San Juan en la provincia Mar\u00eda Trinidad S\u00e1nchez.&nbsp;<\/p>\n\n\n\n<p>Por otro lado, se realizar\u00e1 mantenimiento al campo de l\u00ednea de la subestaci\u00f3n 69 kV Boca Chica &#8211; SPM I, de 9:00 a.m. a 12:00 p.m., por lo que se ver\u00e1 afectado el servicio en Catalina y en el acueducto Brujuelas.&nbsp;&nbsp;<\/p>\n\n\n\n<p>Tambi\u00e9n, la ETED dar\u00e1 apertura a la l\u00ednea 69 kV Duverg\u00e9 &#8211; Las Damas para facilitar al personal de la Empresa de Generaci\u00f3n Hidroel\u00e9ctrica Dominicana (EGEHID) dar mantenimiento a la subestaci\u00f3n de la Central Hidroel\u00e9ctrica Las Damas, con esto se interrumpir\u00e1 el servicio en Las Damas perteneciente a la provincia Independencia, en horario de 9:00 a.m. a 5:00 p.m.&nbsp;<\/p>\n\n\n\n<p>Estas acciones son parte del compromiso de la empresa de garantizar un servicio de transporte de energ\u00eda en alta tensi\u00f3n estable, eficiente y de calidad que d\u00e9 respuesta a las necesidades de la ciudadan\u00eda, acorde a los mandatos del Gobierno.&nbsp;<\/p>\n","protected":false},"excerpt":{"rendered":"<p>Por Martin Restituyo La Empresa de Transmisi\u00f3n El\u00e9ctrica Dominicana (ETED) informa que, este martes, 08 de agosto, las brigadas de mantenimiento realizar\u00e1n trabajos en las subestaciones 138 kV R\u00edo San&hellip;<\/p>\n","protected":false},"author":2,"featured_media":57029,"comment_status":"open","ping_status":"open","sticky":false,"template":"","format":"standard","meta":{"content-type":"","jetpack_post_was_ever_published":false,"_jetpack_newsletter_access":"","_jetpack_dont_email_post_to_subs":false,"_jetpack_newsletter_tier_id":0,"_jetpack_memberships_contains_paywalled_content":false,"_jetpack_memberships_contains_paid_content":false,"footnotes":""},"categories":[35,25],"tags":[5954,5134,5953,5135,5952,5951,5955],"class_list":["post-57028","post","type-post","status-publish","format-standard","has-post-thumbnail","hentry","category-nacionales","category-portada","tag-brigadas","tag-eted","tag-lineas","tag-mantenimiento","tag-subestaciones","tag-trabajaran","tag-zonas"],"jetpack_featured_media_url":"https:\/\/lasprimeras.com.do\/wp-content\/uploads\/2023\/08\/Linea-de-Transmision-345-Kv-01.jpg","jetpack-related-posts":[{"id":104113,"url":"https:\/\/lasprimeras.com.do\/index.php\/2025\/07\/21\/eted-dara-mantenimiento-este-martes-en-linea-de-transmision-y-subestacion-electrica\/","url_meta":{"origin":57028,"position":0},"title":"ETED dar\u00e1 mantenimiento este martes en l\u00ednea de transmisi\u00f3n y subestaci\u00f3n el\u00e9ctrica","author":"Nelson Feliz","date":"21 de julio de 2025","format":false,"excerpt":"La Empresa de Transmisi\u00f3n El\u00e9ctrica Dominicana (ETED) inform\u00f3 que este martes realizar\u00e1 trabajos programados de mantenimiento en la l\u00ednea de transmisi\u00f3n 69 kV Pimentel \u2013 San Francisco de Macor\u00eds y en la subestaci\u00f3n 69 kV Boca Chica \u2013 SPM, como parte de su compromiso con el fortalecimiento del servicio de\u2026","rel":"","context":"En \u00abNACIONALES\u00bb","block_context":{"text":"NACIONALES","link":"https:\/\/lasprimeras.com.do\/index.php\/category\/nacionales\/"},"img":{"alt_text":"ETED","src":"https:\/\/i0.wp.com\/lasprimeras.com.do\/wp-content\/uploads\/2023\/10\/ETED-4.jpg?resize=350%2C200&ssl=1","width":350,"height":200,"srcset":"https:\/\/i0.wp.com\/lasprimeras.com.do\/wp-content\/uploads\/2023\/10\/ETED-4.jpg?resize=350%2C200&ssl=1 1x, https:\/\/i0.wp.com\/lasprimeras.com.do\/wp-content\/uploads\/2023\/10\/ETED-4.jpg?resize=525%2C300&ssl=1 1.5x, https:\/\/i0.wp.com\/lasprimeras.com.do\/wp-content\/uploads\/2023\/10\/ETED-4.jpg?resize=700%2C400&ssl=1 2x"},"classes":[]},{"id":105539,"url":"https:\/\/lasprimeras.com.do\/index.php\/2025\/08\/04\/eted-realizara-mantenimiento-en-subestacion-hato-mayor-y-sabana-de-la-mar-este-martes\/","url_meta":{"origin":57028,"position":1},"title":"ETED realizar\u00e1 mantenimiento en subestaci\u00f3n Hato Mayor y Sabana de la Mar este martes","author":"Nelson Feliz","date":"4 de agosto de 2025","format":false,"excerpt":"Intervendr\u00e1 la subestaci\u00f3n 69 kV Hato Mayor II - Sabana de la Mar y la l\u00ednea 69 kV Corporaci\u00f3n Zona Franca Santiago \u2013 Sajoma La Empresa de Transmisi\u00f3n El\u00e9ctrica Dominicana (ETED) inform\u00f3 que este martes realizar\u00e1 trabajos de mantenimiento en la subestaci\u00f3n 69 kV Hato Mayor ll \u2013 Sabana de\u2026","rel":"","context":"En \u00abNACIONALES\u00bb","block_context":{"text":"NACIONALES","link":"https:\/\/lasprimeras.com.do\/index.php\/category\/nacionales\/"},"img":{"alt_text":"ETED","src":"https:\/\/i0.wp.com\/lasprimeras.com.do\/wp-content\/uploads\/2023\/10\/ETED-1.jpg?resize=350%2C200&ssl=1","width":350,"height":200,"srcset":"https:\/\/i0.wp.com\/lasprimeras.com.do\/wp-content\/uploads\/2023\/10\/ETED-1.jpg?resize=350%2C200&ssl=1 1x, https:\/\/i0.wp.com\/lasprimeras.com.do\/wp-content\/uploads\/2023\/10\/ETED-1.jpg?resize=525%2C300&ssl=1 1.5x"},"classes":[]},{"id":60218,"url":"https:\/\/lasprimeras.com.do\/index.php\/2023\/09\/11\/eted-dara-mantenimiento-en-la-subestacion-69-kv-villa-duarte-invivienda-y-palamara-inca\/","url_meta":{"origin":57028,"position":2},"title":"ETED dar\u00e1 mantenimiento en la subestaci\u00f3n 69 kV Villa Duarte \u2013 Invivienda y Palamara \u2013 INCA","author":"Nelson Feliz","date":"11 de septiembre de 2023","format":false,"excerpt":"Por Martin Restituyo La Empresa de Transmisi\u00f3n El\u00e9ctrica Dominicana (ETED) informa que, este martes, 12 de septiembre, dar\u00e1 mantenimiento preventivo al campo de l\u00ednea en la subestaci\u00f3n 69 kV Villa Duarte \u2013 Invivienda, como parte de los trabajos programados esta semana para optimizar la calidad de las infraestructuras en el\u2026","rel":"","context":"En \u00abNACIONALES\u00bb","block_context":{"text":"NACIONALES","link":"https:\/\/lasprimeras.com.do\/index.php\/category\/nacionales\/"},"img":{"alt_text":"Redes El\u00e9ctrica","src":"https:\/\/i0.wp.com\/lasprimeras.com.do\/wp-content\/uploads\/2023\/09\/Redes-Electrica.jpg?resize=350%2C200&ssl=1","width":350,"height":200,"srcset":"https:\/\/i0.wp.com\/lasprimeras.com.do\/wp-content\/uploads\/2023\/09\/Redes-Electrica.jpg?resize=350%2C200&ssl=1 1x, https:\/\/i0.wp.com\/lasprimeras.com.do\/wp-content\/uploads\/2023\/09\/Redes-Electrica.jpg?resize=525%2C300&ssl=1 1.5x, https:\/\/i0.wp.com\/lasprimeras.com.do\/wp-content\/uploads\/2023\/09\/Redes-Electrica.jpg?resize=700%2C400&ssl=1 2x"},"classes":[]},{"id":63350,"url":"https:\/\/lasprimeras.com.do\/index.php\/2023\/10\/11\/eted-dara-mantenimiento-en-subestacion-de-sfm-y-apertura-linea-69-kv-cruce-de-ocoa\/","url_meta":{"origin":57028,"position":3},"title":"ETED dar\u00e1 mantenimiento en subestaci\u00f3n de SFM y apertura l\u00ednea 69 kV Cruce de Ocoa","author":"Nelson Feliz","date":"11 de octubre de 2023","format":false,"excerpt":"Por Martin Restituyo La Empresa de Transmisi\u00f3n El\u00e9ctrica Dominicana (ETED) informa que este jueves dar\u00e1 mantenimiento al Autotransformador de la subestaci\u00f3n 138\/69 kV San Francisco de Macor\u00eds, dar\u00e1 apertura a la l\u00ednea 69 kV Cruce de Ocoa - San Jos\u00e9 de Ocoa para facilitar que la Empresa Distribuidora de Electricidad\u2026","rel":"","context":"En \u00abNACIONALES\u00bb","block_context":{"text":"NACIONALES","link":"https:\/\/lasprimeras.com.do\/index.php\/category\/nacionales\/"},"img":{"alt_text":"ETED","src":"https:\/\/i0.wp.com\/lasprimeras.com.do\/wp-content\/uploads\/2023\/10\/ETED-1-1.jpg?resize=350%2C200&ssl=1","width":350,"height":200,"srcset":"https:\/\/i0.wp.com\/lasprimeras.com.do\/wp-content\/uploads\/2023\/10\/ETED-1-1.jpg?resize=350%2C200&ssl=1 1x, https:\/\/i0.wp.com\/lasprimeras.com.do\/wp-content\/uploads\/2023\/10\/ETED-1-1.jpg?resize=525%2C300&ssl=1 1.5x, https:\/\/i0.wp.com\/lasprimeras.com.do\/wp-content\/uploads\/2023\/10\/ETED-1-1.jpg?resize=700%2C400&ssl=1 2x"},"classes":[]},{"id":60563,"url":"https:\/\/lasprimeras.com.do\/index.php\/2023\/09\/15\/eted-trabajara-en-subestacion-69-kv-boca-chica-megapuerto-este-sabado\/","url_meta":{"origin":57028,"position":4},"title":"ETED trabajar\u00e1 en subestaci\u00f3n 69 kV Boca Chica- Megapuerto este s\u00e1bado","author":"Nelson Feliz","date":"15 de septiembre de 2023","format":false,"excerpt":"Por Martin Restituyo La Empresa de Transmisi\u00f3n El\u00e9ctrica Dominicana (ETED) informa que, este s\u00e1bado 16 de septiembre, estar\u00e1 dando mantenimiento preventivo al campo de l\u00ednea de la subestaci\u00f3n 69 kV Boca Chica- Megapuerto, como parte de los mantenimientos programados para esta semana.\u00a0 Los trabajos se efectuar\u00e1n de 9:00 a.m. a\u2026","rel":"","context":"En \u00abNACIONALES\u00bb","block_context":{"text":"NACIONALES","link":"https:\/\/lasprimeras.com.do\/index.php\/category\/nacionales\/"},"img":{"alt_text":"LT Boca Chica- Megapuerto","src":"https:\/\/i0.wp.com\/lasprimeras.com.do\/wp-content\/uploads\/2023\/09\/LT-Boca-Chica-Megapuerto.jpg?resize=350%2C200&ssl=1","width":350,"height":200,"srcset":"https:\/\/i0.wp.com\/lasprimeras.com.do\/wp-content\/uploads\/2023\/09\/LT-Boca-Chica-Megapuerto.jpg?resize=350%2C200&ssl=1 1x, https:\/\/i0.wp.com\/lasprimeras.com.do\/wp-content\/uploads\/2023\/09\/LT-Boca-Chica-Megapuerto.jpg?resize=525%2C300&ssl=1 1.5x, https:\/\/i0.wp.com\/lasprimeras.com.do\/wp-content\/uploads\/2023\/09\/LT-Boca-Chica-Megapuerto.jpg?resize=700%2C400&ssl=1 2x"},"classes":[]},{"id":60173,"url":"https:\/\/lasprimeras.com.do\/index.php\/2023\/09\/11\/eted-dara-mantenimiento-en-subestacion-y-linea-69-kv-este-martes\/","url_meta":{"origin":57028,"position":5},"title":"ETED dar\u00e1 mantenimiento en subestaci\u00f3n y l\u00ednea 69 kV este martes\u00a0\u00a0","author":"Nelson Feliz","date":"11 de septiembre de 2023","format":false,"excerpt":"Por Martin Restituyo La Empresa de Transmisi\u00f3n El\u00e9ctrica Dominicana (ETED) informa que, este martes 12 de septiembre, realizar\u00e1 sustituci\u00f3n de estructuras en malas condiciones en la l\u00ednea 69 kV Palamara \u2013 INCA y mantenimiento preventivo al campo de l\u00ednea en la subestaci\u00f3n 69 kV Villa Duarte \u2013 Invivienda, como parte\u2026","rel":"","context":"En \u00abNACIONALES\u00bb","block_context":{"text":"NACIONALES","link":"https:\/\/lasprimeras.com.do\/index.php\/category\/nacionales\/"},"img":{"alt_text":"ETED","src":"https:\/\/i0.wp.com\/lasprimeras.com.do\/wp-content\/uploads\/2023\/09\/ETED.jpg?resize=350%2C200&ssl=1","width":350,"height":200,"srcset":"https:\/\/i0.wp.com\/lasprimeras.com.do\/wp-content\/uploads\/2023\/09\/ETED.jpg?resize=350%2C200&ssl=1 1x, https:\/\/i0.wp.com\/lasprimeras.com.do\/wp-content\/uploads\/2023\/09\/ETED.jpg?resize=525%2C300&ssl=1 1.5x, https:\/\/i0.wp.com\/lasprimeras.com.do\/wp-content\/uploads\/2023\/09\/ETED.jpg?resize=700%2C400&ssl=1 2x"},"classes":[]}],"jetpack_sharing_enabled":true,"_links":{"self":[{"href":"https:\/\/lasprimeras.com.do\/index.php\/wp-json\/wp\/v2\/posts\/57028","targetHints":{"allow":["GET"]}}],"collection":[{"href":"https:\/\/lasprimeras.com.do\/index.php\/wp-json\/wp\/v2\/posts"}],"about":[{"href":"https:\/\/lasprimeras.com.do\/index.php\/wp-json\/wp\/v2\/types\/post"}],"author":[{"embeddable":true,"href":"https:\/\/lasprimeras.com.do\/index.php\/wp-json\/wp\/v2\/users\/2"}],"replies":[{"embeddable":true,"href":"https:\/\/lasprimeras.com.do\/index.php\/wp-json\/wp\/v2\/comments?post=57028"}],"version-history":[{"count":1,"href":"https:\/\/lasprimeras.com.do\/index.php\/wp-json\/wp\/v2\/posts\/57028\/revisions"}],"predecessor-version":[{"id":57030,"href":"https:\/\/lasprimeras.com.do\/index.php\/wp-json\/wp\/v2\/posts\/57028\/revisions\/57030"}],"wp:featuredmedia":[{"embeddable":true,"href":"https:\/\/lasprimeras.com.do\/index.php\/wp-json\/wp\/v2\/media\/57029"}],"wp:attachment":[{"href":"https:\/\/lasprimeras.com.do\/index.php\/wp-json\/wp\/v2\/media?parent=57028"}],"wp:term":[{"taxonomy":"category","embeddable":true,"href":"https:\/\/lasprimeras.com.do\/index.php\/wp-json\/wp\/v2\/categories?post=57028"},{"taxonomy":"post_tag","embeddable":true,"href":"https:\/\/lasprimeras.com.do\/index.php\/wp-json\/wp\/v2\/tags?post=57028"}],"curies":[{"name":"wp","href":"https:\/\/api.w.org\/{rel}","templated":true}]}}