{"id":57031,"date":"2023-08-07T22:11:34","date_gmt":"2023-08-08T02:11:34","guid":{"rendered":"https:\/\/lasprimeras.com.do\/?p=57031"},"modified":"2023-08-07T22:11:36","modified_gmt":"2023-08-08T02:11:36","slug":"vinci-airports-ha-incrementado-la-capacidad-aeroportuaria-de-aerodom","status":"publish","type":"post","link":"https:\/\/lasprimeras.com.do\/index.php\/2023\/08\/07\/vinci-airports-ha-incrementado-la-capacidad-aeroportuaria-de-aerodom\/","title":{"rendered":"VINCI Airports ha incrementado la capacidad aeroportuaria de AERODOM"},"content":{"rendered":"\n<p>Con una inversi\u00f3n de m\u00e1s de US$100 millones, la presente administraci\u00f3n de AERODOM, gestionada por el principal operador aeroportuario a nivel global, VINCI Airports, ha logrado aumentar sustancialmente la capacidad de gesti\u00f3n aeroportuaria del pa\u00eds en los \u00faltimos a\u00f1os.<\/p>\n\n\n\n<p>Durante las temporadas de mayor tr\u00e1fico del a\u00f1o: Navidad, Verano y Semana Santa el tr\u00e1fico en los aeropuertos aumenta en m\u00e1s de un 15% en comparaci\u00f3n con 2019, superando los 600,000 pasajeros al mes en los seis aeropuertos nacionales que forman parte de AERODOM; un flujo respaldado por las optimizaciones implementadas en pr\u00e1cticamente todas sus \u00e1reas.<\/p>\n\n\n\n<p>El aumento en la llegada de turistas previo a la pandemia del COVID 19 y durante la recuperaci\u00f3n post pandemia ha sido tambi\u00e9n un factor relevante de motivaci\u00f3n para que la administraci\u00f3n de Aerodom haya invertido en el desarrollo de una serie de obras de infraestructura y mantenimiento que incluyen proyectos de expansi\u00f3n y mejoras; tales como la remodelaci\u00f3n de las pistas, la reestructuraci\u00f3n del estacionamiento, nuevas posiciones de estacionamiento de aeronave y abordaje.<\/p>\n\n\n\n<p>De igual forma AERODOM, ha implementado mejoras para la experiencia general de los usuarios; entre ellas, la habilitaci\u00f3n de ascensores, nuevos estacionamientos, puestos de migraci\u00f3n, un \u00e1rea de transferencia, megafon\u00eda, as\u00ed como un nuevo sistema de aire acondicionado, un renovado Atrio Central en el Aeropuerto Internacional de Las Am\u00e9ricas, Jos\u00e9 Francisco Pe\u00f1a G\u00f3mez, salones VIP, tiendas y restaurantes.<\/p>\n\n\n\n<p>As\u00ed mismo, los aeropuertos administrados por AERODOM contin\u00faan expandiendo los parques de generaci\u00f3n de energ\u00eda fotovoltaica que abastecen de energ\u00eda limpia las terminales, pasando de una capacidad instalada en la actualidad de 6.8MW a 9.05MW, siendo el principal auto productor de energ\u00eda fotovoltaica en el pa\u00eds.<\/p>\n\n\n\n<p>Esta iniciativa est\u00e1 en l\u00ednea con la estrategia desarrollada por VINCI Airports en toda su red para reducir su huella de carbono, promover el uso de energ\u00edas renovables y proteger el medio ambiente.<\/p>\n\n\n\n<p>\u201cVINCI Airports est\u00e1 comprometido con incrementar la capacidad aeroportuaria de los aeropuertos que opera. \u00danicamente en el \u00faltimo a\u00f1o, la capacidad en plataforma (las posiciones disponibles para los aviones) del Aeropuerto Internacional de las Am\u00e9ricas, Jos\u00e9 Francisco Pe\u00f1a G\u00f3mez (AILA) aument\u00f3 en un 44% mientras que las puertas de embarque pasaron de 10 a 15.<\/p>\n\n\n\n<p>Los accesos remotos tambi\u00e9n incrementaron de 1 a 4 y las salidas de migraci\u00f3n de 18 a 24, al igual que el n\u00famero de pasajeros en tr\u00e1nsito que actualmente es de hasta 600 pasajeros por hora\u201d, afirma el director de Comunicaciones de AERODOM by VINCI, Luis Jos\u00e9 L\u00f3pez.<\/p>\n\n\n\n<p>La visi\u00f3n de la administraci\u00f3n de VINCI Airports es contribuir al desarrollo aeroportuario del pa\u00eds, la movilidad a\u00e9rea, as\u00ed como facilitar y acompa\u00f1ar el crecimiento tur\u00edstico de los \u00faltimos a\u00f1os, aplicando estos objetivos a su gesti\u00f3n en los aeropuertos dominicanos que opera.<\/p>\n","protected":false},"excerpt":{"rendered":"<p>Con una inversi\u00f3n de m\u00e1s de US$100 millones, la presente administraci\u00f3n de AERODOM, gestionada por el principal operador aeroportuario a nivel global, VINCI Airports, ha logrado aumentar sustancialmente la capacidad&hellip;<\/p>\n","protected":false},"author":2,"featured_media":57032,"comment_status":"open","ping_status":"open","sticky":false,"template":"","format":"standard","meta":{"content-type":"","jetpack_post_was_ever_published":false,"_jetpack_newsletter_access":"","_jetpack_dont_email_post_to_subs":false,"_jetpack_newsletter_tier_id":0,"_jetpack_memberships_contains_paywalled_content":false,"_jetpack_memberships_contains_paid_content":false,"footnotes":""},"categories":[376],"tags":[5960,5957,5959,1616,5956,5958],"class_list":["post-57031","post","type-post","status-publish","format-standard","has-post-thumbnail","hentry","category-turismo","tag-aerodom","tag-aeroportuaria","tag-airports","tag-capacidad","tag-incrementado","tag-vinci"],"jetpack_featured_media_url":"https:\/\/lasprimeras.com.do\/wp-content\/uploads\/2023\/08\/aerodom.jpg","jetpack-related-posts":[{"id":60170,"url":"https:\/\/lasprimeras.com.do\/index.php\/2023\/09\/11\/reconocen-a-aerodom-y-vinci-airports-como-inversion-destacada-en-rd\/","url_meta":{"origin":57031,"position":0},"title":"Reconocen a AERODOM y VINCI Airports como inversi\u00f3n destacada en RD","author":"Nelson Feliz","date":"11 de septiembre de 2023","format":false,"excerpt":"El reconocimiento otorgado por ProDominicana celebra la trayectoria de inversiones significativas en el desarrollo de servicios aeroportuarios de la Rep\u00fablica Dominicana impulsado por Aerodom y VINCI Airports. AERODOM y VINCI Airports recibieron el Reconocimiento a la Inversi\u00f3n Extranjera Directa 2023 que otorg\u00f3 el Centro de Exportaci\u00f3n e Inversiones de la\u2026","rel":"","context":"En \u00abNACIONALES\u00bb","block_context":{"text":"NACIONALES","link":"https:\/\/lasprimeras.com.do\/index.php\/category\/nacionales\/"},"img":{"alt_text":"Aerodom","src":"https:\/\/i0.wp.com\/lasprimeras.com.do\/wp-content\/uploads\/2023\/09\/Aerodom.jpg?resize=350%2C200&ssl=1","width":350,"height":200,"srcset":"https:\/\/i0.wp.com\/lasprimeras.com.do\/wp-content\/uploads\/2023\/09\/Aerodom.jpg?resize=350%2C200&ssl=1 1x, https:\/\/i0.wp.com\/lasprimeras.com.do\/wp-content\/uploads\/2023\/09\/Aerodom.jpg?resize=525%2C300&ssl=1 1.5x, https:\/\/i0.wp.com\/lasprimeras.com.do\/wp-content\/uploads\/2023\/09\/Aerodom.jpg?resize=700%2C400&ssl=1 2x"},"classes":[]},{"id":116641,"url":"https:\/\/lasprimeras.com.do\/index.php\/2025\/12\/02\/aerodom-anuncia-la-salida-de-monika-infante-tras-14-anos-de-gestion\/","url_meta":{"origin":57031,"position":1},"title":"Aerodom anuncia la salida de M\u00f3nika Infante tras 14 a\u00f1os de gesti\u00f3n","author":"Nelson Feliz","date":"2 de diciembre de 2025","format":false,"excerpt":"La empresa adelant\u00f3 que el nombre del nuevo director general \u2014un ejecutivo con experiencia en el sector aeroportuario\u2014 ser\u00e1 anunciado pr\u00f3ximamente. Aeropuertos Dominicanos Siglo XXI (Aerodom) anunci\u00f3 este martes que la directora general M\u00f3nika Infante Henr\u00edquez, dejar\u00e1 de estar frente a la instituci\u00f3n tras 14 a\u00f1os de gesti\u00f3n. Estar\u00e1 al\u2026","rel":"","context":"En \u00abNACIONALES\u00bb","block_context":{"text":"NACIONALES","link":"https:\/\/lasprimeras.com.do\/index.php\/category\/nacionales\/"},"img":{"alt_text":"M\u00f3nika Infante","src":"https:\/\/i0.wp.com\/lasprimeras.com.do\/wp-content\/uploads\/2025\/12\/Monika-Infante.jpg?resize=350%2C200&ssl=1","width":350,"height":200,"srcset":"https:\/\/i0.wp.com\/lasprimeras.com.do\/wp-content\/uploads\/2025\/12\/Monika-Infante.jpg?resize=350%2C200&ssl=1 1x, https:\/\/i0.wp.com\/lasprimeras.com.do\/wp-content\/uploads\/2025\/12\/Monika-Infante.jpg?resize=525%2C300&ssl=1 1.5x, https:\/\/i0.wp.com\/lasprimeras.com.do\/wp-content\/uploads\/2025\/12\/Monika-Infante.jpg?resize=700%2C400&ssl=1 2x"},"classes":[]},{"id":68838,"url":"https:\/\/lasprimeras.com.do\/index.php\/2023\/11\/28\/aerodom-aclara-que-ajuste-tarifario-tendra-un-impacto-minimo-en-el-costo-del-pasaje-aereo\/","url_meta":{"origin":57031,"position":2},"title":"Aerodom aclara que ajuste tarifario tendr\u00e1 un impacto \u201cm\u00ednimo\u201d en el costo del pasaje a\u00e9reo","author":"Nelson Feliz","date":"28 de noviembre de 2023","format":false,"excerpt":"Aeropuertos Dominicanos Siglo XXI (Aerodom), subsidiaria de Vinci Airports, aclar\u00f3 que el ajuste tarifario de dos d\u00f3lares con 48 centavos por inflaci\u00f3n tiene un impacto \u201cm\u00ednimo\u201d en el costo total del pasaje a\u00e9reo ya que el mismo aplica de manera exclusiva a tarifas aeroportuarias reguladas. Adem\u00e1s, explic\u00f3 que el aumento\u2026","rel":"","context":"En \u00abECONOM\u00cdA\u00bb","block_context":{"text":"ECONOM\u00cdA","link":"https:\/\/lasprimeras.com.do\/index.php\/category\/economia\/"},"img":{"alt_text":"M\u00f3nika Infante","src":"https:\/\/i0.wp.com\/lasprimeras.com.do\/wp-content\/uploads\/2023\/11\/Monika-Infante.jpeg?resize=350%2C200&ssl=1","width":350,"height":200,"srcset":"https:\/\/i0.wp.com\/lasprimeras.com.do\/wp-content\/uploads\/2023\/11\/Monika-Infante.jpeg?resize=350%2C200&ssl=1 1x, https:\/\/i0.wp.com\/lasprimeras.com.do\/wp-content\/uploads\/2023\/11\/Monika-Infante.jpeg?resize=525%2C300&ssl=1 1.5x, https:\/\/i0.wp.com\/lasprimeras.com.do\/wp-content\/uploads\/2023\/11\/Monika-Infante.jpeg?resize=700%2C400&ssl=1 2x"},"classes":[]},{"id":121299,"url":"https:\/\/lasprimeras.com.do\/index.php\/2026\/02\/03\/presidente-del-senado-dispuesto-a-citar-ejecutivos-de-aerodom-por-retraso-en-mejoras-aeroportuarias\/","url_meta":{"origin":57031,"position":3},"title":"Presidente del Senado dispuesto a citar ejecutivos de Aerodom por retraso en mejoras aeroportuarias","author":"Nelson Feliz","date":"3 de febrero de 2026","format":false,"excerpt":"El presidente del Senado de la Rep\u00fablica, Ricardo de los Santos, respaldo plenamente la posici\u00f3n del presidente Luis Abinader, quien advirti\u00f3 que el Gobierno est\u00e1 dispuesto a acudir a los tribunales si la empresa Vinci Airports, matriz de Aeropuertos Dominicanos Siglo XXI (Aerodom), no cumple con la construcci\u00f3n de la\u2026","rel":"","context":"En \u00abPOLITICA\u00bb","block_context":{"text":"POLITICA","link":"https:\/\/lasprimeras.com.do\/index.php\/category\/politica\/"},"img":{"alt_text":"","src":"https:\/\/i0.wp.com\/lasprimeras.com.do\/wp-content\/uploads\/2026\/02\/IMG-20260116-WA0874.jpg?resize=350%2C200&ssl=1","width":350,"height":200,"srcset":"https:\/\/i0.wp.com\/lasprimeras.com.do\/wp-content\/uploads\/2026\/02\/IMG-20260116-WA0874.jpg?resize=350%2C200&ssl=1 1x, https:\/\/i0.wp.com\/lasprimeras.com.do\/wp-content\/uploads\/2026\/02\/IMG-20260116-WA0874.jpg?resize=525%2C300&ssl=1 1.5x, https:\/\/i0.wp.com\/lasprimeras.com.do\/wp-content\/uploads\/2026\/02\/IMG-20260116-WA0874.jpg?resize=700%2C400&ssl=1 2x, https:\/\/i0.wp.com\/lasprimeras.com.do\/wp-content\/uploads\/2026\/02\/IMG-20260116-WA0874.jpg?resize=1050%2C600&ssl=1 3x, https:\/\/i0.wp.com\/lasprimeras.com.do\/wp-content\/uploads\/2026\/02\/IMG-20260116-WA0874.jpg?resize=1400%2C800&ssl=1 4x"},"classes":[]},{"id":73893,"url":"https:\/\/lasprimeras.com.do\/index.php\/2024\/01\/17\/aerodom-registra-cifras-record-en-trafico-de-pasajeros-y-carga-en-2023\/","url_meta":{"origin":57031,"position":4},"title":"AERODOM registra cifras r\u00e9cord en tr\u00e1fico de pasajeros y carga en 2023","author":"BIMARY DE JES\u00daS Matos","date":"17 de enero de 2024","format":false,"excerpt":"Santo Domingo.- VINCI Airports inform\u00f3 que alcanz\u00f3 nuevos r\u00e9cords en t\u00e9rminos de pasajeros y libras transportadas para los seis aeropuertos dominicanos bajo su responsabilidad. En 2023, los aeropuertos de AERODOM registraron un tr\u00e1fico total de 6,584,000 pasajeros, que represent\u00f3 un crecimiento de 10.4% versus los 5,960,000 pasajeros registrados en 2022.\u2026","rel":"","context":"En \u00abNACIONALES\u00bb","block_context":{"text":"NACIONALES","link":"https:\/\/lasprimeras.com.do\/index.php\/category\/nacionales\/"},"img":{"alt_text":"","src":"https:\/\/i0.wp.com\/lasprimeras.com.do\/wp-content\/uploads\/2024\/01\/WhatsApp-Image-2024-01-17-at-10.23.06-AM.webp?resize=350%2C200&ssl=1","width":350,"height":200,"srcset":"https:\/\/i0.wp.com\/lasprimeras.com.do\/wp-content\/uploads\/2024\/01\/WhatsApp-Image-2024-01-17-at-10.23.06-AM.webp?resize=350%2C200&ssl=1 1x, https:\/\/i0.wp.com\/lasprimeras.com.do\/wp-content\/uploads\/2024\/01\/WhatsApp-Image-2024-01-17-at-10.23.06-AM.webp?resize=525%2C300&ssl=1 1.5x"},"classes":[]},{"id":121014,"url":"https:\/\/lasprimeras.com.do\/index.php\/2026\/01\/30\/abinader-advierte-ira-a-los-tribunales-si-aerodom-no-cumple-plazo-de-construccion-en-el-aila\/","url_meta":{"origin":57031,"position":5},"title":"Abinader advierte ir\u00e1 a los tribunales si Aerodom no cumple plazo de construcci\u00f3n en el AILA","author":"Nelson Feliz","date":"30 de enero de 2026","format":false,"excerpt":"El primer picazo de la obra fue dado en agosto del 2025, pero no hay avances. El presidente Luis Abinader advirti\u00f3 este lunes que estar\u00eda dispuesto a acudir\u00a0a los tribunales si Vinci Airports, empresa matriz de Aeropuertos Dominicanos Siglo XXI (Aerodom),\u00a0no comienza la construcci\u00f3n de la nueva terminal del Aeropuerto\u2026","rel":"","context":"En \u00abNACIONALES\u00bb","block_context":{"text":"NACIONALES","link":"https:\/\/lasprimeras.com.do\/index.php\/category\/nacionales\/"},"img":{"alt_text":"Luis Abinader","src":"https:\/\/i0.wp.com\/lasprimeras.com.do\/wp-content\/uploads\/2025\/11\/Luis-Abinader-7.jpg?resize=350%2C200&ssl=1","width":350,"height":200,"srcset":"https:\/\/i0.wp.com\/lasprimeras.com.do\/wp-content\/uploads\/2025\/11\/Luis-Abinader-7.jpg?resize=350%2C200&ssl=1 1x, https:\/\/i0.wp.com\/lasprimeras.com.do\/wp-content\/uploads\/2025\/11\/Luis-Abinader-7.jpg?resize=525%2C300&ssl=1 1.5x, https:\/\/i0.wp.com\/lasprimeras.com.do\/wp-content\/uploads\/2025\/11\/Luis-Abinader-7.jpg?resize=700%2C400&ssl=1 2x"},"classes":[]}],"jetpack_sharing_enabled":true,"_links":{"self":[{"href":"https:\/\/lasprimeras.com.do\/index.php\/wp-json\/wp\/v2\/posts\/57031","targetHints":{"allow":["GET"]}}],"collection":[{"href":"https:\/\/lasprimeras.com.do\/index.php\/wp-json\/wp\/v2\/posts"}],"about":[{"href":"https:\/\/lasprimeras.com.do\/index.php\/wp-json\/wp\/v2\/types\/post"}],"author":[{"embeddable":true,"href":"https:\/\/lasprimeras.com.do\/index.php\/wp-json\/wp\/v2\/users\/2"}],"replies":[{"embeddable":true,"href":"https:\/\/lasprimeras.com.do\/index.php\/wp-json\/wp\/v2\/comments?post=57031"}],"version-history":[{"count":1,"href":"https:\/\/lasprimeras.com.do\/index.php\/wp-json\/wp\/v2\/posts\/57031\/revisions"}],"predecessor-version":[{"id":57033,"href":"https:\/\/lasprimeras.com.do\/index.php\/wp-json\/wp\/v2\/posts\/57031\/revisions\/57033"}],"wp:featuredmedia":[{"embeddable":true,"href":"https:\/\/lasprimeras.com.do\/index.php\/wp-json\/wp\/v2\/media\/57032"}],"wp:attachment":[{"href":"https:\/\/lasprimeras.com.do\/index.php\/wp-json\/wp\/v2\/media?parent=57031"}],"wp:term":[{"taxonomy":"category","embeddable":true,"href":"https:\/\/lasprimeras.com.do\/index.php\/wp-json\/wp\/v2\/categories?post=57031"},{"taxonomy":"post_tag","embeddable":true,"href":"https:\/\/lasprimeras.com.do\/index.php\/wp-json\/wp\/v2\/tags?post=57031"}],"curies":[{"name":"wp","href":"https:\/\/api.w.org\/{rel}","templated":true}]}}