{"id":57034,"date":"2023-08-07T22:18:52","date_gmt":"2023-08-08T02:18:52","guid":{"rendered":"https:\/\/lasprimeras.com.do\/?p=57034"},"modified":"2023-08-07T22:18:54","modified_gmt":"2023-08-08T02:18:54","slug":"contreras-favorece-unidad-opositora-para-sacar-del-poder-al-prm","status":"publish","type":"post","link":"https:\/\/lasprimeras.com.do\/index.php\/2023\/08\/07\/contreras-favorece-unidad-opositora-para-sacar-del-poder-al-prm\/","title":{"rendered":"Contreras favorece unidad opositora para sacar del poder al PRM"},"content":{"rendered":"\n<p>El dirigente pelede\u00edsta Domingo Contreras afirm\u00f3 que favorece crear un frente opositor para enfrentar el reto electoral del pr\u00f3ximo a\u00f1o, porque son las coaliciones las que est\u00e1n ganando en todas partes \u201cy les est\u00e1 yendo muy mal a los gobiernos\u201d.<\/p>\n\n\n\n<p>Consider\u00f3 que los gobiernos que se han enfocado en favorecer a grupos empresariales han ido saliendo del poder como fue el caso de Mauricio Macri en Argentina, Guillermo Lasso en Ecuador y estim\u00f3 que el caso de Luis Abinader tambi\u00e9n ser\u00eda arrastrado por la ola mundial porque la gente anda tratando de recuperar las p\u00e9rdidas sociales que ha tenido por el COVID y la guerra.<\/p>\n\n\n\n<p>Contreras manifest\u00f3 que la gente en la calle est\u00e1 pidiendo que los partidos opositores se al\u00eden y \u00e9l se declar\u00f3 \u201cpartidario plano de eso (unidad) porque desde la primera vez que el PLD lleg\u00f3 al poder, y no solo el PLD, cualquiera que ha llegado al poder, ha sido sobre la base de alianza, incluyendo a Luis Abinader\u201d.<\/p>\n\n\n\n<p>Entrevistado por Pablo McKinney en el programa \u201cMcKinney\u201d, por Color Visi\u00f3n, Contreras dijo que en caso de la ciudad de Santo Domingo, para seleccionar un candidato unitario se ha avanzado mucho porque \u201chay dos comisiones trabajando\u201d.<\/p>\n\n\n\n<p>\u201cNos vamos a juntar para sacar a Luis Abinader. Se va como se ha ido en Argentina, en Colombia, en cualquier lugar donde se han estado celebrando elecciones\u201d, apunt\u00f3 Contreras, quien aspira a ser candidato a alcalde del Distrito Nacional.<\/p>\n\n\n\n<p>Manifest\u00f3 que hay situaciones objetivas que favorecen un triunfo opositor, entre las que cit\u00f3 los apagones que el gobierno no ha logrado reducir, los fracasos en educaci\u00f3n y la necesidad de la alterabilidad democr\u00e1tica.<\/p>\n\n\n\n<p>Dijo que cuando el PRM lleg\u00f3 al poder solo faltaban por alfabetizar 36,000 personas para declarar al pa\u00eds libre de analfabetismo y el gobierno abandon\u00f3 esos programas sociales.<\/p>\n\n\n\n<p>\u201cEsta es una gesti\u00f3n (de gobierno) que ha dejado deteriorar los servicios\u201d, apunt\u00f3 el dirigente del PLD, tras se\u00f1alar que cre\u00f3 una crisis en la entrega de las libretas de pasaportes, compr\u00f3 carb\u00f3n caro para la generaci\u00f3n de electricidad, entre otras.<\/p>\n\n\n\n<p>Contreras admiti\u00f3 que para crear una alternativa clara frente al gobierno hay que forjar la unidad opositora y tras el triunfo recuperar las conquistas sociales que ten\u00eda la poblaci\u00f3n.<\/p>\n\n\n\n<p>El manejo de la capital<\/p>\n\n\n\n<p>Dijo que la ciudad de Santo Domingo necesita un plan de arborizaci\u00f3n que incluya el espacio p\u00fablico y el privado porque las temperaturas est\u00e1n batiendo r\u00e9cord de calor y se requiere producir sombra para mayor circulaci\u00f3n de aire y amortiguar el ruido.<\/p>\n\n\n\n<p>Contreras manifest\u00f3 que aunque el tema ambiental aun no es totalmente comprendido, se trata de algo fundamental para la calidad de vida porque la principal causa de muerte en el mundo es la contaminaci\u00f3n del aire.<\/p>\n\n\n\n<p>Se\u00f1al\u00f3 que es necesario instalar estaciones satelitales para medir la calidad del aire y determinar qu\u00e9 tipo de intervenciones son necesarias para evitar da\u00f1os a la salud de la poblaci\u00f3n.<\/p>\n\n\n\n<p>Contreras inform\u00f3 que se ha determinado que con 20 estaciones de este tipo se puede cubrir todo el pa\u00eds y su costo es m\u00ednimo porque no pasa de 8,000 d\u00f3lares cada una.<\/p>\n\n\n\n<p>Indic\u00f3 que la ciudad de Santo Domingo requiere un plan ciudad para ordenar su funcionamiento en lo relativo al uso del subsuelo, el tr\u00e1nsito, la urbanizaci\u00f3n, reciclaje, entre otros.<\/p>\n\n\n\n<p>\u201cHay que comenzar con el pl\u00e1stico, generemos una infraestructura con m\u00e1quinas donde la gente lleve sus pl\u00e1sticos y reciba un bono\u201d, propuso Contreras, con el objetivo de llegar a \u201cSanto Domingo sin pl\u00e1sticos\u201d.<\/p>\n","protected":false},"excerpt":{"rendered":"<p>El dirigente pelede\u00edsta Domingo Contreras afirm\u00f3 que favorece crear un frente opositor para enfrentar el reto electoral del pr\u00f3ximo a\u00f1o, porque son las coaliciones las que est\u00e1n ganando en todas&hellip;<\/p>\n","protected":false},"author":2,"featured_media":57035,"comment_status":"open","ping_status":"open","sticky":false,"template":"","format":"standard","meta":{"content-type":"","jetpack_post_was_ever_published":false,"_jetpack_newsletter_access":"","_jetpack_dont_email_post_to_subs":false,"_jetpack_newsletter_tier_id":0,"_jetpack_memberships_contains_paywalled_content":false,"_jetpack_memberships_contains_paid_content":false,"footnotes":""},"categories":[1],"tags":[3547,690,4210,695,31,5961,676],"class_list":["post-57034","post","type-post","status-publish","format-standard","has-post-thumbnail","hentry","category-sin-categoria","tag-domingo-contreras","tag-favorece","tag-opositora","tag-poder","tag-prm","tag-sacar","tag-unidad"],"jetpack_featured_media_url":"https:\/\/lasprimeras.com.do\/wp-content\/uploads\/2023\/08\/Domingo-Contreras.jpg","jetpack-related-posts":[{"id":52639,"url":"https:\/\/lasprimeras.com.do\/index.php\/2023\/06\/12\/domingo-contreras-pld-discutira-posible-frente-opositor-municipal\/","url_meta":{"origin":57034,"position":0},"title":"Domingo Contreras: PLD discutir\u00e1 posible frente opositor municipal","author":"prenxa100","date":"12 de junio de 2023","format":false,"excerpt":"El miembro del Comit\u00e9 Pol\u00edtico del Partido de la Liberaci\u00f3n Dominicana (PLD) Domingo Contreras asegur\u00f3 este lunes que la entidad opositora discutir\u00e1 una posible participaci\u00f3n en la conformaci\u00f3n de un frente opositor de cara a las elecciones del 2024, pero en el nivel municipal. Contreras manifest\u00f3 que el Comit\u00e9 Pol\u00edtico\u2026","rel":"","context":"En \u00abSin categor\u00eda\u00bb","block_context":{"text":"Sin categor\u00eda","link":"https:\/\/lasprimeras.com.do\/index.php\/category\/sin-categoria\/"},"img":{"alt_text":"","src":"https:\/\/i0.wp.com\/lasprimeras.com.do\/wp-content\/uploads\/2023\/06\/domingo-contreras-pld-discutira-posible-frente-opositor-municipal.jpg?resize=350%2C200&ssl=1","width":350,"height":200,"srcset":"https:\/\/i0.wp.com\/lasprimeras.com.do\/wp-content\/uploads\/2023\/06\/domingo-contreras-pld-discutira-posible-frente-opositor-municipal.jpg?resize=350%2C200&ssl=1 1x, https:\/\/i0.wp.com\/lasprimeras.com.do\/wp-content\/uploads\/2023\/06\/domingo-contreras-pld-discutira-posible-frente-opositor-municipal.jpg?resize=525%2C300&ssl=1 1.5x, https:\/\/i0.wp.com\/lasprimeras.com.do\/wp-content\/uploads\/2023\/06\/domingo-contreras-pld-discutira-posible-frente-opositor-municipal.jpg?resize=700%2C400&ssl=1 2x, https:\/\/i0.wp.com\/lasprimeras.com.do\/wp-content\/uploads\/2023\/06\/domingo-contreras-pld-discutira-posible-frente-opositor-municipal.jpg?resize=1050%2C600&ssl=1 3x"},"classes":[]},{"id":72866,"url":"https:\/\/lasprimeras.com.do\/index.php\/2024\/01\/03\/domingo-contreras-revela-rescate-rd-supera-al-prm-en-la-capital\/","url_meta":{"origin":57034,"position":1},"title":"Domingo Contreras revela rescate RD supera al PRM en la capital","author":"Nelson Feliz","date":"3 de enero de 2024","format":false,"excerpt":"El candidato a alcalde en el Distrito Nacional de la Alianza Rescate RD, Domingo Contreras, asegur\u00f3 que los n\u00fameros de los partidos que integran la alianza opositora en la capital superan a los del Partido Revolucionario Moderno (PRM) y sus aliados. Revel\u00f3 que, en la actualidad la sumatoria de las\u2026","rel":"","context":"En \u00abPORTADA\u00bb","block_context":{"text":"PORTADA","link":"https:\/\/lasprimeras.com.do\/index.php\/category\/portada\/"},"img":{"alt_text":"Domingo Contreras","src":"https:\/\/i0.wp.com\/lasprimeras.com.do\/wp-content\/uploads\/2024\/01\/Domingo-Contreras.jpg?resize=350%2C200&ssl=1","width":350,"height":200,"srcset":"https:\/\/i0.wp.com\/lasprimeras.com.do\/wp-content\/uploads\/2024\/01\/Domingo-Contreras.jpg?resize=350%2C200&ssl=1 1x, https:\/\/i0.wp.com\/lasprimeras.com.do\/wp-content\/uploads\/2024\/01\/Domingo-Contreras.jpg?resize=525%2C300&ssl=1 1.5x, https:\/\/i0.wp.com\/lasprimeras.com.do\/wp-content\/uploads\/2024\/01\/Domingo-Contreras.jpg?resize=700%2C400&ssl=1 2x"},"classes":[]},{"id":72942,"url":"https:\/\/lasprimeras.com.do\/index.php\/2024\/01\/04\/domingo-contreras-considera-la-ciudad-tiene-reto-de-superar-dificultades-del-transporte\/","url_meta":{"origin":57034,"position":2},"title":"Domingo Contreras considera la ciudad tiene reto de superar dificultades del transporte","author":"BIMARY DE JES\u00daS Matos","date":"4 de enero de 2024","format":false,"excerpt":"Santo Domingo.-Domingo Contreras, candidato a la Alcald\u00eda del Distrito Nacional por el Partido de la Liberaci\u00f3n Dominicana (PLD) y la alianza opositora Rescate RD, consider\u00f3 como uno de los principales retos de la ciudad superar las dificultades generadas en el sistema de transporte y movilidad. Record\u00f3 que en la pasada\u2026","rel":"","context":"En \u00abSin categor\u00eda\u00bb","block_context":{"text":"Sin categor\u00eda","link":"https:\/\/lasprimeras.com.do\/index.php\/category\/sin-categoria\/"},"img":{"alt_text":"","src":"https:\/\/i0.wp.com\/lasprimeras.com.do\/wp-content\/uploads\/2024\/01\/Noticias-de-energia-2024-01-04T083335.106.jpg?resize=350%2C200&ssl=1","width":350,"height":200,"srcset":"https:\/\/i0.wp.com\/lasprimeras.com.do\/wp-content\/uploads\/2024\/01\/Noticias-de-energia-2024-01-04T083335.106.jpg?resize=350%2C200&ssl=1 1x, https:\/\/i0.wp.com\/lasprimeras.com.do\/wp-content\/uploads\/2024\/01\/Noticias-de-energia-2024-01-04T083335.106.jpg?resize=525%2C300&ssl=1 1.5x, https:\/\/i0.wp.com\/lasprimeras.com.do\/wp-content\/uploads\/2024\/01\/Noticias-de-energia-2024-01-04T083335.106.jpg?resize=700%2C400&ssl=1 2x"},"classes":[]},{"id":75727,"url":"https:\/\/lasprimeras.com.do\/index.php\/2024\/02\/04\/domingo-contreras-afirma-que-tiene-cuatro-puntos-por-encima-de-carolina\/","url_meta":{"origin":57034,"position":3},"title":"Domingo Contreras afirma que tiene cuatro puntos por encima de Carolina","author":"Nelson Feliz","date":"4 de febrero de 2024","format":false,"excerpt":"El candidato a alcalde del Distrito Nacional, Domingo Contreras, afirm\u00f3 anoche que la alianza opositora \u201cRescate RD\u201dsaldr\u00e1 triunfante en las elecciones del 18 de este mes porque est\u00e1 por encima del Partido Revolucionario Moderno (PRM) tanto en las candidaturas municipales como en la senatorial. \u201cActualmente tenemos 4 puntos por encima\u2026","rel":"","context":"En \u00abPORTADA\u00bb","block_context":{"text":"PORTADA","link":"https:\/\/lasprimeras.com.do\/index.php\/category\/portada\/"},"img":{"alt_text":"Domingo Contreras","src":"https:\/\/i0.wp.com\/lasprimeras.com.do\/wp-content\/uploads\/2024\/02\/Domingo-Contreras-3.jpg?resize=350%2C200&ssl=1","width":350,"height":200,"srcset":"https:\/\/i0.wp.com\/lasprimeras.com.do\/wp-content\/uploads\/2024\/02\/Domingo-Contreras-3.jpg?resize=350%2C200&ssl=1 1x, https:\/\/i0.wp.com\/lasprimeras.com.do\/wp-content\/uploads\/2024\/02\/Domingo-Contreras-3.jpg?resize=525%2C300&ssl=1 1.5x, https:\/\/i0.wp.com\/lasprimeras.com.do\/wp-content\/uploads\/2024\/02\/Domingo-Contreras-3.jpg?resize=700%2C400&ssl=1 2x"},"classes":[]},{"id":68904,"url":"https:\/\/lasprimeras.com.do\/index.php\/2023\/11\/28\/janet-camilo-sera-companera-de-boleta-de-domingo-contreras-en-el-distrito-nacional\/","url_meta":{"origin":57034,"position":4},"title":"Janet Camilo ser\u00e1 compa\u00f1era de boleta de Domingo Contreras en el Distrito Nacional","author":"Nelson Feliz","date":"28 de noviembre de 2023","format":false,"excerpt":"El PLD inscribi\u00f3 este martes sus candidaturas a alcalde y vicealcaldesa ante la Junta Electoral del Distrito Nacional. El Partido de la Liberaci\u00f3n Dominicana (PLD) inform\u00f3 este martes que formaliz\u00f3 la inscripci\u00f3n de Domingo Contreras como candidato a la alcald\u00eda del Distrito Nacional ante la Junta Central Electoral del Distrito\u2026","rel":"","context":"En \u00abPORTADA\u00bb","block_context":{"text":"PORTADA","link":"https:\/\/lasprimeras.com.do\/index.php\/category\/portada\/"},"img":{"alt_text":"Domingo Contreras y Janet Camilo","src":"https:\/\/i0.wp.com\/lasprimeras.com.do\/wp-content\/uploads\/2023\/11\/Domingo-Contreras-y-Janet-Camilo.jpg?resize=350%2C200&ssl=1","width":350,"height":200,"srcset":"https:\/\/i0.wp.com\/lasprimeras.com.do\/wp-content\/uploads\/2023\/11\/Domingo-Contreras-y-Janet-Camilo.jpg?resize=350%2C200&ssl=1 1x, https:\/\/i0.wp.com\/lasprimeras.com.do\/wp-content\/uploads\/2023\/11\/Domingo-Contreras-y-Janet-Camilo.jpg?resize=525%2C300&ssl=1 1.5x, https:\/\/i0.wp.com\/lasprimeras.com.do\/wp-content\/uploads\/2023\/11\/Domingo-Contreras-y-Janet-Camilo.jpg?resize=700%2C400&ssl=1 2x"},"classes":[]},{"id":75691,"url":"https:\/\/lasprimeras.com.do\/index.php\/2024\/02\/03\/vargas-maldonado-domingo-janet-y-omar-garantizan-transformaciones-que-demanda-la-capital\/","url_meta":{"origin":57034,"position":5},"title":"Vargas Maldonado: \u201cDomingo, Janet y Omar garantizan transformaciones que demanda la capital\u201d","author":"Nelson Feliz","date":"3 de febrero de 2024","format":false,"excerpt":"\u201cPara la Alianza Opositora Rescate RD, estos tres talentos de la nueva pol\u00edtica constituyen, m\u00e1s que una esperanza, la concreci\u00f3n de la seguridad para los capitale\u00f1os\u201d. La Alianza Opositora Rescate RD hizo historia al celebrar un concurrido evento en la Casa Nacional del Partido Revolucionario Dominicano (PRD), en respaldo a\u2026","rel":"","context":"En \u00abSin categor\u00eda\u00bb","block_context":{"text":"Sin categor\u00eda","link":"https:\/\/lasprimeras.com.do\/index.php\/category\/sin-categoria\/"},"img":{"alt_text":"Miguel Vargas","src":"https:\/\/i0.wp.com\/lasprimeras.com.do\/wp-content\/uploads\/2024\/02\/Miguel-Vargas-3.jpg?resize=350%2C200&ssl=1","width":350,"height":200,"srcset":"https:\/\/i0.wp.com\/lasprimeras.com.do\/wp-content\/uploads\/2024\/02\/Miguel-Vargas-3.jpg?resize=350%2C200&ssl=1 1x, https:\/\/i0.wp.com\/lasprimeras.com.do\/wp-content\/uploads\/2024\/02\/Miguel-Vargas-3.jpg?resize=525%2C300&ssl=1 1.5x, https:\/\/i0.wp.com\/lasprimeras.com.do\/wp-content\/uploads\/2024\/02\/Miguel-Vargas-3.jpg?resize=700%2C400&ssl=1 2x"},"classes":[]}],"jetpack_sharing_enabled":true,"_links":{"self":[{"href":"https:\/\/lasprimeras.com.do\/index.php\/wp-json\/wp\/v2\/posts\/57034","targetHints":{"allow":["GET"]}}],"collection":[{"href":"https:\/\/lasprimeras.com.do\/index.php\/wp-json\/wp\/v2\/posts"}],"about":[{"href":"https:\/\/lasprimeras.com.do\/index.php\/wp-json\/wp\/v2\/types\/post"}],"author":[{"embeddable":true,"href":"https:\/\/lasprimeras.com.do\/index.php\/wp-json\/wp\/v2\/users\/2"}],"replies":[{"embeddable":true,"href":"https:\/\/lasprimeras.com.do\/index.php\/wp-json\/wp\/v2\/comments?post=57034"}],"version-history":[{"count":1,"href":"https:\/\/lasprimeras.com.do\/index.php\/wp-json\/wp\/v2\/posts\/57034\/revisions"}],"predecessor-version":[{"id":57036,"href":"https:\/\/lasprimeras.com.do\/index.php\/wp-json\/wp\/v2\/posts\/57034\/revisions\/57036"}],"wp:featuredmedia":[{"embeddable":true,"href":"https:\/\/lasprimeras.com.do\/index.php\/wp-json\/wp\/v2\/media\/57035"}],"wp:attachment":[{"href":"https:\/\/lasprimeras.com.do\/index.php\/wp-json\/wp\/v2\/media?parent=57034"}],"wp:term":[{"taxonomy":"category","embeddable":true,"href":"https:\/\/lasprimeras.com.do\/index.php\/wp-json\/wp\/v2\/categories?post=57034"},{"taxonomy":"post_tag","embeddable":true,"href":"https:\/\/lasprimeras.com.do\/index.php\/wp-json\/wp\/v2\/tags?post=57034"}],"curies":[{"name":"wp","href":"https:\/\/api.w.org\/{rel}","templated":true}]}}