{"id":57040,"date":"2023-08-07T22:53:34","date_gmt":"2023-08-08T02:53:34","guid":{"rendered":"https:\/\/lasprimeras.com.do\/?p=57040"},"modified":"2023-08-07T22:53:35","modified_gmt":"2023-08-08T02:53:35","slug":"cipesa-y-fundaciones-inician-curso-lengua-de-senas","status":"publish","type":"post","link":"https:\/\/lasprimeras.com.do\/index.php\/2023\/08\/07\/cipesa-y-fundaciones-inician-curso-lengua-de-senas\/","title":{"rendered":"Cipesa y fundaciones inician curso lengua de se\u00f1as"},"content":{"rendered":"\n<p><strong>Persiguen fomentar en los comunicadores la inclusi\u00f3n social de las personas con discapacidad auditiva.<\/strong><\/p>\n\n\n\n<p>El C\u00edrculo de Periodistas de la Salud (Cipesa), la Fundaci\u00f3n de Discapacidad Manos Abiertas (Fundismaabi), y la Federaci\u00f3n Nacional de Discapacidad Dominicana (Fenadid), dejaron iniciado este s\u00e1bado el curso Lengua de Se\u00f1as, con el objetivo de capacitar y fomentar en los comunicadores la inclusi\u00f3n social de las personas con discapacidad auditiva.<\/p>\n\n\n\n<p>El curso b\u00e1sico de lengua de se\u00f1as ser\u00e1 impartido durante cuatro s\u00e1bados en el Sal\u00f3n de Conferencia del edificio 4 de la Plaza de la Salud, por la profesora e int\u00e9rprete Evelyn Rodr\u00edguez.<\/p>\n\n\n\n<p>El prop\u00f3sito de la capacitaci\u00f3n es fomentar el uso de la lengua de se\u00f1as, con el fin de comunicarnos con las personas sordas, comprender su lengua, sus sentimientos y su cultura para promover un ambiente laboral inclusivo.<\/p>\n\n\n\n<p>La ense\u00f1anza fue dejada abierta durante un acto encabezado por el presidente del Cipesa, periodista Victoriano N\u00fa\u00f1ez, la presidenta de Fundismaabi, se\u00f1ora Virginia Reynoso, y la periodista Sugey de Jes\u00fas, en representaci\u00f3n del se\u00f1or \u00c1ngel Espinal, presidente de Fenadid.<\/p>\n\n\n\n<p>N\u00fa\u00f1ez motiv\u00f3 a los participantes a que concluyan la capacitaci\u00f3n, puesto que aprender la lengua de se\u00f1as ya es una necesidad, sobre todo de los periodistas, ya que se estima que m\u00e1s de 140, 000 dominicanos tienen discapacidad auditiva y requieren de atenciones apropiadas en entidades p\u00fablicas y privadas.<\/p>\n\n\n\n<p>En tanto que, la se\u00f1ora Rodr\u00edguez, adem\u00e1s de motivar la participaci\u00f3n, record\u00f3 que ya fue promulgada una ley que manda a fomentar la lengua de se\u00f1as, y dijo que tras ese logro ahora exigir\u00e1n que sea incluida en el curr\u00edculo del sistema educativo.<\/p>\n","protected":false},"excerpt":{"rendered":"<p>Persiguen fomentar en los comunicadores la inclusi\u00f3n social de las personas con discapacidad auditiva. El C\u00edrculo de Periodistas de la Salud (Cipesa), la Fundaci\u00f3n de Discapacidad Manos Abiertas (Fundismaabi), y&hellip;<\/p>\n","protected":false},"author":2,"featured_media":57041,"comment_status":"open","ping_status":"open","sticky":false,"template":"","format":"standard","meta":{"content-type":"","jetpack_post_was_ever_published":false,"_jetpack_newsletter_access":"","_jetpack_dont_email_post_to_subs":false,"_jetpack_newsletter_tier_id":0,"_jetpack_memberships_contains_paywalled_content":false,"_jetpack_memberships_contains_paid_content":false,"footnotes":""},"categories":[1],"tags":[272,3153,5564,5965,5966],"class_list":["post-57040","post","type-post","status-publish","format-standard","has-post-thumbnail","hentry","category-sin-categoria","tag-cipesa","tag-curso","tag-fundaciones","tag-lengua","tag-senas"],"jetpack_featured_media_url":"https:\/\/lasprimeras.com.do\/wp-content\/uploads\/2023\/08\/cipesa.jpg","jetpack-related-posts":[{"id":59006,"url":"https:\/\/lasprimeras.com.do\/index.php\/2023\/08\/30\/instituciones-culminan-exitoso-curso-de-lengua-de-senas\/","url_meta":{"origin":57040,"position":0},"title":"Instituciones culminan exitoso curso de lengua de se\u00f1as","author":"Nelson Feliz","date":"30 de agosto de 2023","format":false,"excerpt":"El C\u00edrculo de Periodistas de la Salud (Cipesa), la Federaci\u00f3n Nacional de Discapacidad Dominicana (Fenadid) y la Fundaci\u00f3n de Discapacidad Manos Abiertas (Fundismaabi), concluyeron con \u00e9xitos el primer curso de Lengua de Se\u00f1as, dirigido a profesionales de la comunicaci\u00f3n. La jornada formativa se llev\u00f3 a cabo durante el mes de\u2026","rel":"","context":"En \u00abNACIONALES\u00bb","block_context":{"text":"NACIONALES","link":"https:\/\/lasprimeras.com.do\/index.php\/category\/nacionales\/"},"img":{"alt_text":"","src":"https:\/\/i0.wp.com\/lasprimeras.com.do\/wp-content\/uploads\/2023\/08\/instituciones-culminan-exitoso-curso-de-lengua-de-senas.jpg?resize=350%2C200&ssl=1","width":350,"height":200,"srcset":"https:\/\/i0.wp.com\/lasprimeras.com.do\/wp-content\/uploads\/2023\/08\/instituciones-culminan-exitoso-curso-de-lengua-de-senas.jpg?resize=350%2C200&ssl=1 1x, https:\/\/i0.wp.com\/lasprimeras.com.do\/wp-content\/uploads\/2023\/08\/instituciones-culminan-exitoso-curso-de-lengua-de-senas.jpg?resize=525%2C300&ssl=1 1.5x, https:\/\/i0.wp.com\/lasprimeras.com.do\/wp-content\/uploads\/2023\/08\/instituciones-culminan-exitoso-curso-de-lengua-de-senas.jpg?resize=700%2C400&ssl=1 2x"},"classes":[]},{"id":78960,"url":"https:\/\/lasprimeras.com.do\/index.php\/2024\/03\/21\/infotep-e-ipes-certifican-55-oficiales-pn-en-lenguaje-de-senas\/","url_meta":{"origin":57040,"position":1},"title":"INFOTEP e IPES certifican 55 oficiales PN en lenguaje de se\u00f1as","author":"Nelson Feliz","date":"21 de marzo de 2024","format":false,"excerpt":"El Instituto Nacional de Formaci\u00f3n T\u00e9cnico Profesional (INFOTEP) y el Instituto Policial de Educaci\u00f3n Superior (IPES), certificaron a 55 oficiales del cuerpo del orden. Los oficiales fueron capacitados en Facilitador\u202fde\u202fProcesos\u202fde Ense\u00f1anza y Aprendizaje Centrado en el Participante y en Comunicaci\u00f3n en Cultura Sorda y Lengua de Se\u00f1as, Nivel Inicial. \u00a0El\u2026","rel":"","context":"En \u00abNACIONALES\u00bb","block_context":{"text":"NACIONALES","link":"https:\/\/lasprimeras.com.do\/index.php\/category\/nacionales\/"},"img":{"alt_text":"Rafael Santos Bad\u00eda","src":"https:\/\/i0.wp.com\/lasprimeras.com.do\/wp-content\/uploads\/2024\/03\/Rafael-Santos-Badia-1.jpg?resize=350%2C200&ssl=1","width":350,"height":200,"srcset":"https:\/\/i0.wp.com\/lasprimeras.com.do\/wp-content\/uploads\/2024\/03\/Rafael-Santos-Badia-1.jpg?resize=350%2C200&ssl=1 1x, https:\/\/i0.wp.com\/lasprimeras.com.do\/wp-content\/uploads\/2024\/03\/Rafael-Santos-Badia-1.jpg?resize=525%2C300&ssl=1 1.5x"},"classes":[]},{"id":78929,"url":"https:\/\/lasprimeras.com.do\/index.php\/2024\/03\/21\/infotep-e-ipes-certifican-oficiales-pn-en-lenguaje-de-senas-facilitador-de-procesos-de-ensenanza\/","url_meta":{"origin":57040,"position":2},"title":"INFOTEP e IPES certifican oficiales PN en lenguaje de se\u00f1as Facilitador\u202fde\u202fProcesos\u202fde Ense\u00f1anza","author":"BIMARY DE JES\u00daS Matos","date":"21 de marzo de 2024","format":false,"excerpt":"Martin Restituyo Santo Domingo.-El Instituto Nacional de Formaci\u00f3n T\u00e9cnico Profesional (INFOTEP) y el Instituto Policial de Educaci\u00f3n Superior (IPES), certificaron a 55 oficiales del cuerpo del orden, quienes fueron capacitados en Facilitador\u202fde\u202fProcesos\u202fde Ense\u00f1anza y Aprendizaje Centrado en el Participante y en Comunicaci\u00f3n en Cultura Sorda y Lengua de Se\u00f1as, Nivel\u2026","rel":"","context":"En \u00abPORTADA\u00bb","block_context":{"text":"PORTADA","link":"https:\/\/lasprimeras.com.do\/index.php\/category\/portada\/"},"img":{"alt_text":"","src":"https:\/\/i0.wp.com\/lasprimeras.com.do\/wp-content\/uploads\/2024\/03\/WhatsApp-Image-2024-03-21-at-5.46.15-PM.jpeg?resize=350%2C200&ssl=1","width":350,"height":200,"srcset":"https:\/\/i0.wp.com\/lasprimeras.com.do\/wp-content\/uploads\/2024\/03\/WhatsApp-Image-2024-03-21-at-5.46.15-PM.jpeg?resize=350%2C200&ssl=1 1x, https:\/\/i0.wp.com\/lasprimeras.com.do\/wp-content\/uploads\/2024\/03\/WhatsApp-Image-2024-03-21-at-5.46.15-PM.jpeg?resize=525%2C300&ssl=1 1.5x, https:\/\/i0.wp.com\/lasprimeras.com.do\/wp-content\/uploads\/2024\/03\/WhatsApp-Image-2024-03-21-at-5.46.15-PM.jpeg?resize=700%2C400&ssl=1 2x, https:\/\/i0.wp.com\/lasprimeras.com.do\/wp-content\/uploads\/2024\/03\/WhatsApp-Image-2024-03-21-at-5.46.15-PM.jpeg?resize=1050%2C600&ssl=1 3x, https:\/\/i0.wp.com\/lasprimeras.com.do\/wp-content\/uploads\/2024\/03\/WhatsApp-Image-2024-03-21-at-5.46.15-PM.jpeg?resize=1400%2C800&ssl=1 4x"},"classes":[]},{"id":96467,"url":"https:\/\/lasprimeras.com.do\/index.php\/2025\/04\/01\/abinader-dice-gobierno-prioriza-politicas-dirigidas-a-la-poblacion-con-discapacidad\/","url_meta":{"origin":57040,"position":3},"title":"Abinader dice Gobierno prioriza pol\u00edticas dirigidas a la poblaci\u00f3n con discapacidad","author":"Nelson Feliz","date":"1 de abril de 2025","format":false,"excerpt":"El presidente Luis Abinader expres\u00f3 este lunes que el Gobierno ha intensificado sus esfuerzos en favor de la inclusi\u00f3n de personas con discapacidad, logrando la inserci\u00f3n de m\u00e1s de 400 ciudadanos en el mercado laboral y que adem\u00e1s el Fondo Nacional para la Ni\u00f1ez y Adolescencia con Discapacidad ha beneficiado\u2026","rel":"","context":"En \u00abECONOM\u00cdA\u00bb","block_context":{"text":"ECONOM\u00cdA","link":"https:\/\/lasprimeras.com.do\/index.php\/category\/economia\/"},"img":{"alt_text":"","src":"https:\/\/i0.wp.com\/lasprimeras.com.do\/wp-content\/uploads\/2025\/04\/Luis-Abinader-2.jpg?resize=350%2C200&ssl=1","width":350,"height":200,"srcset":"https:\/\/i0.wp.com\/lasprimeras.com.do\/wp-content\/uploads\/2025\/04\/Luis-Abinader-2.jpg?resize=350%2C200&ssl=1 1x, https:\/\/i0.wp.com\/lasprimeras.com.do\/wp-content\/uploads\/2025\/04\/Luis-Abinader-2.jpg?resize=525%2C300&ssl=1 1.5x, https:\/\/i0.wp.com\/lasprimeras.com.do\/wp-content\/uploads\/2025\/04\/Luis-Abinader-2.jpg?resize=700%2C400&ssl=1 2x"},"classes":[]},{"id":128022,"url":"https:\/\/lasprimeras.com.do\/index.php\/2026\/04\/19\/jce-continua-entrega-de-la-nueva-cedula-a-personas-con-discapacidad-en-coordinacion-con-conadis\/","url_meta":{"origin":57040,"position":4},"title":"JCE contin\u00faa entrega de la nueva c\u00e9dula a personas con discapacidad en coordinaci\u00f3n con CONADIS","author":"Nelson Feliz","date":"19 de abril de 2026","format":false,"excerpt":"Este viernes 21 miembros de ADOSID renovaron el documento de identidad La Junta Central Electoral, a trav\u00e9s de la Mesa de Inclusi\u00f3n que coordina la miembro titular Dolores Altagracia Fern\u00e1ndez S\u00e1nchez, y en coordinaci\u00f3n con el Consejo Nacional de Discapacidad (CONADIS), continu\u00f3 este viernes desarrollando las jornadas de cedulaci\u00f3n accesible,\u2026","rel":"","context":"En \u00abNACIONALES\u00bb","block_context":{"text":"NACIONALES","link":"https:\/\/lasprimeras.com.do\/index.php\/category\/nacionales\/"},"img":{"alt_text":"","src":"https:\/\/i0.wp.com\/lasprimeras.com.do\/wp-content\/uploads\/2026\/04\/CONADIS.jpg?resize=350%2C200&ssl=1","width":350,"height":200,"srcset":"https:\/\/i0.wp.com\/lasprimeras.com.do\/wp-content\/uploads\/2026\/04\/CONADIS.jpg?resize=350%2C200&ssl=1 1x, https:\/\/i0.wp.com\/lasprimeras.com.do\/wp-content\/uploads\/2026\/04\/CONADIS.jpg?resize=525%2C300&ssl=1 1.5x, https:\/\/i0.wp.com\/lasprimeras.com.do\/wp-content\/uploads\/2026\/04\/CONADIS.jpg?resize=700%2C400&ssl=1 2x"},"classes":[]},{"id":65193,"url":"https:\/\/lasprimeras.com.do\/index.php\/2023\/10\/26\/personas-con-discapacidad-piden-a-periodistas-apoyarlos-en-lucha-por-sus-derechos\/","url_meta":{"origin":57040,"position":5},"title":"Personas con discapacidad piden a periodistas apoyarlos en lucha por sus derechos","author":"Nelson Feliz","date":"26 de octubre de 2023","format":false,"excerpt":"Lo hicieron durante un taller con el C\u00edrculo de Periodistas de la Salud (Cipesa). La Asociaci\u00f3n de Personas con Discapacidad F\u00edsico Motora, (Asodifimo) pidi\u00f3 el acompa\u00f1amiento de los periodistas en la difusi\u00f3n de la Ley 13-05, y las normativas dictadas a favor de esta poblaci\u00f3n y que el Estado no\u2026","rel":"","context":"En \u00abNACIONALES\u00bb","block_context":{"text":"NACIONALES","link":"https:\/\/lasprimeras.com.do\/index.php\/category\/nacionales\/"},"img":{"alt_text":"Asodifimo","src":"https:\/\/i0.wp.com\/lasprimeras.com.do\/wp-content\/uploads\/2023\/10\/Asodifimo.jpg?resize=350%2C200&ssl=1","width":350,"height":200,"srcset":"https:\/\/i0.wp.com\/lasprimeras.com.do\/wp-content\/uploads\/2023\/10\/Asodifimo.jpg?resize=350%2C200&ssl=1 1x, https:\/\/i0.wp.com\/lasprimeras.com.do\/wp-content\/uploads\/2023\/10\/Asodifimo.jpg?resize=525%2C300&ssl=1 1.5x, https:\/\/i0.wp.com\/lasprimeras.com.do\/wp-content\/uploads\/2023\/10\/Asodifimo.jpg?resize=700%2C400&ssl=1 2x"},"classes":[]}],"jetpack_sharing_enabled":true,"_links":{"self":[{"href":"https:\/\/lasprimeras.com.do\/index.php\/wp-json\/wp\/v2\/posts\/57040","targetHints":{"allow":["GET"]}}],"collection":[{"href":"https:\/\/lasprimeras.com.do\/index.php\/wp-json\/wp\/v2\/posts"}],"about":[{"href":"https:\/\/lasprimeras.com.do\/index.php\/wp-json\/wp\/v2\/types\/post"}],"author":[{"embeddable":true,"href":"https:\/\/lasprimeras.com.do\/index.php\/wp-json\/wp\/v2\/users\/2"}],"replies":[{"embeddable":true,"href":"https:\/\/lasprimeras.com.do\/index.php\/wp-json\/wp\/v2\/comments?post=57040"}],"version-history":[{"count":1,"href":"https:\/\/lasprimeras.com.do\/index.php\/wp-json\/wp\/v2\/posts\/57040\/revisions"}],"predecessor-version":[{"id":57042,"href":"https:\/\/lasprimeras.com.do\/index.php\/wp-json\/wp\/v2\/posts\/57040\/revisions\/57042"}],"wp:featuredmedia":[{"embeddable":true,"href":"https:\/\/lasprimeras.com.do\/index.php\/wp-json\/wp\/v2\/media\/57041"}],"wp:attachment":[{"href":"https:\/\/lasprimeras.com.do\/index.php\/wp-json\/wp\/v2\/media?parent=57040"}],"wp:term":[{"taxonomy":"category","embeddable":true,"href":"https:\/\/lasprimeras.com.do\/index.php\/wp-json\/wp\/v2\/categories?post=57040"},{"taxonomy":"post_tag","embeddable":true,"href":"https:\/\/lasprimeras.com.do\/index.php\/wp-json\/wp\/v2\/tags?post=57040"}],"curies":[{"name":"wp","href":"https:\/\/api.w.org\/{rel}","templated":true}]}}