{"id":57047,"date":"2023-08-08T14:30:59","date_gmt":"2023-08-08T18:30:59","guid":{"rendered":"https:\/\/lasprimeras.com.do\/?p=57047"},"modified":"2023-08-08T14:31:02","modified_gmt":"2023-08-08T18:31:02","slug":"abinader-recibe-a-su-homologo-de-guyana-mohamed-irfaan-ali-en-visita-oficial","status":"publish","type":"post","link":"https:\/\/lasprimeras.com.do\/index.php\/2023\/08\/08\/abinader-recibe-a-su-homologo-de-guyana-mohamed-irfaan-ali-en-visita-oficial\/","title":{"rendered":"Abinader recibe a su hom\u00f3logo de Guyana, Mohamed Irfaan Al\u00ed, en visita oficial"},"content":{"rendered":"\n<p>El presidente Luis Abinader recibi\u00f3 este martes en el Palacio Nacional a su hom\u00f3logo de la Rep\u00fablica Cooperativa de Guyana, Mohamed Irfaan Al\u00ed, quien realiza una visita oficial al pa\u00eds.<\/p>\n\n\n\n<p>La visita del presidente de Guyana se realiza en el marco de las iniciativas de fortalecimiento de las relaciones diplom\u00e1ticas entre ambas naciones, establecidas desde el a\u00f1o 1970.<\/p>\n\n\n\n<p>La ceremonia de recibimiento al mandatario de la Rep\u00fablica Cooperativa de Guyana estuvo encabezada por el presidente Abinader y se realiz\u00f3 en la explanada frontal del Palacio Nacional, a las 11:20 de la ma\u00f1ana.<\/p>\n\n\n\n<p>A su llegada a la Casa de Gobierno, el jefe de Estado de Guyana recibi\u00f3 los honores correspondientes por su alta investidura. De inmediato, ambos gobernantes procedieron al Pase de Revista Militar y a la presentaci\u00f3n de sus respectivas delegaciones.<\/p>\n\n\n\n<p>Los honores militares consistieron en toque de atenci\u00f3n presidencial, presenten armas, una salva de 21 disparos de artiller\u00eda y los himnos nacionales de Rep\u00fablica Dominicana y de la Rep\u00fablica Cooperativa de Guyana.<\/p>\n\n\n\n<p>Luego de la presentaci\u00f3n de las delegaciones, los presidentes de Rep\u00fablica Dominicana y de Guyana pasaron a una audiencia privada, en el Despacho Presidencial.<\/p>\n\n\n\n<p>La agenda oficial del gobernante de Guyana incluye una reuni\u00f3n ampliada de ambas delegaciones en el Sal\u00f3n Consejo de Gobierno. Pasado el mediod\u00eda, los jefes de Estado sostendr\u00e1n una ceremonia de firma de instrumentos y declaraci\u00f3n conjunta, en el Sal\u00f3n de Embajadores, y un almuerzo privado en el Sal\u00f3n Banquete Comedor del Palacio Nacional.<\/p>\n\n\n\n<p>Posteriormente, se llevar\u00e1 a cabo un Encuentro Empresarial presidido por el canciller Roberto \u00c1lvarez y la se\u00f1ora Oneidge Walrond, MP, ministra de Turismo, Industria y Comercio de Guyana, este espacio reunir\u00e1 a la c\u00fapula empresarial de ambos pa\u00edses de los sectores energ\u00eda, agricultura, turismo, construcci\u00f3n, entre otros.<\/p>\n\n\n\n<p>El desarrollo del programa contar\u00e1 con presentaciones de la directora ejecutiva de Pro Dominicana, Biviana Riveiro y su hom\u00f3logo Peter Ramsaroop, as\u00ed como la participaci\u00f3n especial del presidente del Consejo Nacional de la Empresa Privada (CONEP), Celso Marranzini y el director ejecutivo de la Comisi\u00f3n del Sector Privado de Guyana, Komal Singh.<\/p>\n","protected":false},"excerpt":{"rendered":"<p>El presidente Luis Abinader recibi\u00f3 este martes en el Palacio Nacional a su hom\u00f3logo de la Rep\u00fablica Cooperativa de Guyana, Mohamed Irfaan Al\u00ed, quien realiza una visita oficial al pa\u00eds.&hellip;<\/p>\n","protected":false},"author":2,"featured_media":57048,"comment_status":"open","ping_status":"open","sticky":false,"template":"","format":"standard","meta":{"content-type":"","jetpack_post_was_ever_published":false,"_jetpack_newsletter_access":"","_jetpack_dont_email_post_to_subs":false,"_jetpack_newsletter_tier_id":0,"_jetpack_memberships_contains_paywalled_content":false,"_jetpack_memberships_contains_paid_content":false,"footnotes":""},"categories":[35,25],"tags":[2744,5862,67,5967,2746,843],"class_list":["post-57047","post","type-post","status-publish","format-standard","has-post-thumbnail","hentry","category-nacionales","category-portada","tag-guyana","tag-homologo","tag-luis-abinader","tag-mohamed-irfaan-ali","tag-oficial","tag-visita"],"jetpack_featured_media_url":"https:\/\/lasprimeras.com.do\/wp-content\/uploads\/2023\/08\/Luis-Abinader-1-1.jpg","jetpack-related-posts":[{"id":93678,"url":"https:\/\/lasprimeras.com.do\/index.php\/2025\/02\/18\/presidente-abinader-regresa-al-pais-tras-participar-en-conferencia-en-guyana\/","url_meta":{"origin":57047,"position":0},"title":"Presidente Abinader regresa al pa\u00eds tras participar en conferencia en Guyana","author":"Nelson Feliz","date":"18 de febrero de 2025","format":false,"excerpt":"El mandatario arrib\u00f3 a la Base A\u00e9rea de San Isidro a las 8:40 de la noche de este martes. El presidente Luis Abinader arrib\u00f3 la noche de este martes al pa\u00eds por la Base A\u00e9rea de San Isidro, tras haber participado en la \"International Energy Conference and Expo\" celebrada en\u2026","rel":"","context":"En \u00abNACIONALES\u00bb","block_context":{"text":"NACIONALES","link":"https:\/\/lasprimeras.com.do\/index.php\/category\/nacionales\/"},"img":{"alt_text":"","src":"https:\/\/i0.wp.com\/lasprimeras.com.do\/wp-content\/uploads\/2025\/02\/Luis-Abinader-1.jpg?resize=350%2C200&ssl=1","width":350,"height":200,"srcset":"https:\/\/i0.wp.com\/lasprimeras.com.do\/wp-content\/uploads\/2025\/02\/Luis-Abinader-1.jpg?resize=350%2C200&ssl=1 1x, https:\/\/i0.wp.com\/lasprimeras.com.do\/wp-content\/uploads\/2025\/02\/Luis-Abinader-1.jpg?resize=525%2C300&ssl=1 1.5x, https:\/\/i0.wp.com\/lasprimeras.com.do\/wp-content\/uploads\/2025\/02\/Luis-Abinader-1.jpg?resize=700%2C400&ssl=1 2x"},"classes":[]},{"id":51491,"url":"https:\/\/lasprimeras.com.do\/index.php\/2023\/05\/31\/presidente-abinader-comitiva-oficial-y-empresarial-realizan-este-jueves-historico-viaje-a-guyana\/","url_meta":{"origin":57047,"position":1},"title":"Presidente Abinader, comitiva oficial y empresarial realizan este jueves hist\u00f3rico viaje a Guyana","author":"prenxa100","date":"31 de mayo de 2023","format":false,"excerpt":"Ambos pa\u00edses inician relaciones diplom\u00e1ticas y comerciales con muchas expectativas. Por Wilson P\u00e9rez Santo Domingo.- El presidente Luis Abinader, junto a una comitiva oficial y empresarial realizar\u00e1n este jueves un hist\u00f3rico viaje a La Rep\u00fablica Cooperativa de Guyana para agotar una agenda de trabajo que incluye reuniones bilaterales, inauguraci\u00f3n de\u2026","rel":"","context":"En \u00abNACIONALES\u00bb","block_context":{"text":"NACIONALES","link":"https:\/\/lasprimeras.com.do\/index.php\/category\/nacionales\/"},"img":{"alt_text":"","src":"","width":0,"height":0},"classes":[]},{"id":51648,"url":"https:\/\/lasprimeras.com.do\/index.php\/2023\/06\/01\/presidentes-rd-y-guyana-se-comprometieron-a-buscar-estabilidad-politica-en-haiti\/","url_meta":{"origin":57047,"position":2},"title":"Presidentes RD y Guyana se comprometieron a buscar estabilidad pol\u00edtica en Hait\u00ed","author":"prenxa100","date":"1 de junio de 2023","format":false,"excerpt":"Emiten declaraci\u00f3n conjunta y resaltan discusiones centradas en mejorar las relaciones bilaterales. Firman tres acuerdos bilaterales; el presidente de Guyana se compromete a realizar visita rec\u00edproca al pa\u00eds para fines mes de junio. Por Wilson Perez Georgetown, Guyana. - Los presidentes de Rep\u00fablica Dominicana, Luis Abinader, y de la Rep\u00fablica\u2026","rel":"","context":"En \u00abNACIONALES\u00bb","block_context":{"text":"NACIONALES","link":"https:\/\/lasprimeras.com.do\/index.php\/category\/nacionales\/"},"img":{"alt_text":"","src":"","width":0,"height":0},"classes":[]},{"id":56566,"url":"https:\/\/lasprimeras.com.do\/index.php\/2023\/08\/02\/presidente-de-guyana-visita-centro-de-investigacion-de-huawei-en-shanghai\/","url_meta":{"origin":57047,"position":3},"title":"Presidente de Guyana visita centro de investigaci\u00f3n de Huawei en Shangh\u00e1i","author":"Nelson Feliz","date":"2 de agosto de 2023","format":false,"excerpt":"El presidente de la Rep\u00fablica Cooperativa de Guyana, Dr. Mohamed Irfaan Ali, visit\u00f3 el Centro de Investigaci\u00f3n de Huawei en Shangh\u00e1i, con el objetivo de conocer los avances tecnol\u00f3gicos desarrollados por Huawei a nivel global en miras hacia la transformaci\u00f3n digital de Guyana. Durante esa visita, el presidente recorri\u00f3 la\u2026","rel":"","context":"En \u00abSin categor\u00eda\u00bb","block_context":{"text":"Sin categor\u00eda","link":"https:\/\/lasprimeras.com.do\/index.php\/category\/sin-categoria\/"},"img":{"alt_text":"Dr. Mohamed Irfaan Ali, presidente de la Rep\u00fablica Cooperativa de Guyana, y Jeff Wang, Vicepresidente S\u00e9nior de Huawei","src":"https:\/\/i0.wp.com\/lasprimeras.com.do\/wp-content\/uploads\/2023\/08\/Dr.-Mohamed-Irfaan-Ali-presidente-de-la-Republica-Cooperativa-de-Guyana-y-Jeff-Wang-Vicepresidente-Senior-de-Huawei.jpg?resize=350%2C200&ssl=1","width":350,"height":200,"srcset":"https:\/\/i0.wp.com\/lasprimeras.com.do\/wp-content\/uploads\/2023\/08\/Dr.-Mohamed-Irfaan-Ali-presidente-de-la-Republica-Cooperativa-de-Guyana-y-Jeff-Wang-Vicepresidente-Senior-de-Huawei.jpg?resize=350%2C200&ssl=1 1x, https:\/\/i0.wp.com\/lasprimeras.com.do\/wp-content\/uploads\/2023\/08\/Dr.-Mohamed-Irfaan-Ali-presidente-de-la-Republica-Cooperativa-de-Guyana-y-Jeff-Wang-Vicepresidente-Senior-de-Huawei.jpg?resize=525%2C300&ssl=1 1.5x, https:\/\/i0.wp.com\/lasprimeras.com.do\/wp-content\/uploads\/2023\/08\/Dr.-Mohamed-Irfaan-Ali-presidente-de-la-Republica-Cooperativa-de-Guyana-y-Jeff-Wang-Vicepresidente-Senior-de-Huawei.jpg?resize=700%2C400&ssl=1 2x"},"classes":[]},{"id":57222,"url":"https:\/\/lasprimeras.com.do\/index.php\/2023\/08\/10\/luis-el-gallo-saluda-acuerdos-entre-gobierno-dominicano-y-guyana\/","url_meta":{"origin":57047,"position":4},"title":"Luis \u201cEl Gallo\u201d saluda acuerdos entre gobierno dominicano y Guyana","author":"Nelson Feliz","date":"10 de agosto de 2023","format":false,"excerpt":"El presidente de la Uni\u00f3n Dem\u00f3crata Cristiana \u2013UDC-, Luis Acosta Moreta, Luis \u201cEl Gallo\u201d, salud\u00f3 hoy los acuerdos econ\u00f3micos, diplom\u00e1ticos e institucionales entre el gobierno dominicano y Guyana, y consider\u00f3 que ser\u00e1n positivos en el desarrollo del pa\u00eds. Dijo que es una pol\u00edtica sabia del presidente Luis Abinader buscar acuerdos\u2026","rel":"","context":"En \u00abPORTADA\u00bb","block_context":{"text":"PORTADA","link":"https:\/\/lasprimeras.com.do\/index.php\/category\/portada\/"},"img":{"alt_text":"Luis Acosta Moreta","src":"https:\/\/i0.wp.com\/lasprimeras.com.do\/wp-content\/uploads\/2023\/08\/Acuerdo-1.jpg?resize=350%2C200&ssl=1","width":350,"height":200,"srcset":"https:\/\/i0.wp.com\/lasprimeras.com.do\/wp-content\/uploads\/2023\/08\/Acuerdo-1.jpg?resize=350%2C200&ssl=1 1x, https:\/\/i0.wp.com\/lasprimeras.com.do\/wp-content\/uploads\/2023\/08\/Acuerdo-1.jpg?resize=525%2C300&ssl=1 1.5x, https:\/\/i0.wp.com\/lasprimeras.com.do\/wp-content\/uploads\/2023\/08\/Acuerdo-1.jpg?resize=700%2C400&ssl=1 2x"},"classes":[]},{"id":96306,"url":"https:\/\/lasprimeras.com.do\/index.php\/2025\/03\/28\/supera-los-us97-millones-intercambio-comercial-entre-rd-y-guyana-resalta-raquel-pena\/","url_meta":{"origin":57047,"position":5},"title":"Supera los US$97 millones intercambio comercial entre RD y Guyana, resalta Raquel Pe\u00f1a","author":"Nelson Feliz","date":"28 de marzo de 2025","format":false,"excerpt":"La vicepresidenta revel\u00f3 la informaci\u00f3n al encabezar el foro empresarial que reuni\u00f3 a l\u00edderes p\u00fablicos y privados para trazar una hoja de ruta conjunta en sectores productivos clave para ambos pa\u00edses. La C\u00e1mara de Comercio Guyanesa en Rep\u00fablica Dominicana (GuyanaCham) reafirm\u00f3 su compromiso con el fortalecimiento de los lazos comerciales\u2026","rel":"","context":"En \u00abECONOM\u00cdA\u00bb","block_context":{"text":"ECONOM\u00cdA","link":"https:\/\/lasprimeras.com.do\/index.php\/category\/economia\/"},"img":{"alt_text":"Raquel Pe\u00f1a","src":"https:\/\/i0.wp.com\/lasprimeras.com.do\/wp-content\/uploads\/2025\/03\/Raquel-Pena.jpg?resize=350%2C200&ssl=1","width":350,"height":200,"srcset":"https:\/\/i0.wp.com\/lasprimeras.com.do\/wp-content\/uploads\/2025\/03\/Raquel-Pena.jpg?resize=350%2C200&ssl=1 1x, https:\/\/i0.wp.com\/lasprimeras.com.do\/wp-content\/uploads\/2025\/03\/Raquel-Pena.jpg?resize=525%2C300&ssl=1 1.5x, https:\/\/i0.wp.com\/lasprimeras.com.do\/wp-content\/uploads\/2025\/03\/Raquel-Pena.jpg?resize=700%2C400&ssl=1 2x"},"classes":[]}],"jetpack_sharing_enabled":true,"_links":{"self":[{"href":"https:\/\/lasprimeras.com.do\/index.php\/wp-json\/wp\/v2\/posts\/57047","targetHints":{"allow":["GET"]}}],"collection":[{"href":"https:\/\/lasprimeras.com.do\/index.php\/wp-json\/wp\/v2\/posts"}],"about":[{"href":"https:\/\/lasprimeras.com.do\/index.php\/wp-json\/wp\/v2\/types\/post"}],"author":[{"embeddable":true,"href":"https:\/\/lasprimeras.com.do\/index.php\/wp-json\/wp\/v2\/users\/2"}],"replies":[{"embeddable":true,"href":"https:\/\/lasprimeras.com.do\/index.php\/wp-json\/wp\/v2\/comments?post=57047"}],"version-history":[{"count":1,"href":"https:\/\/lasprimeras.com.do\/index.php\/wp-json\/wp\/v2\/posts\/57047\/revisions"}],"predecessor-version":[{"id":57049,"href":"https:\/\/lasprimeras.com.do\/index.php\/wp-json\/wp\/v2\/posts\/57047\/revisions\/57049"}],"wp:featuredmedia":[{"embeddable":true,"href":"https:\/\/lasprimeras.com.do\/index.php\/wp-json\/wp\/v2\/media\/57048"}],"wp:attachment":[{"href":"https:\/\/lasprimeras.com.do\/index.php\/wp-json\/wp\/v2\/media?parent=57047"}],"wp:term":[{"taxonomy":"category","embeddable":true,"href":"https:\/\/lasprimeras.com.do\/index.php\/wp-json\/wp\/v2\/categories?post=57047"},{"taxonomy":"post_tag","embeddable":true,"href":"https:\/\/lasprimeras.com.do\/index.php\/wp-json\/wp\/v2\/tags?post=57047"}],"curies":[{"name":"wp","href":"https:\/\/api.w.org\/{rel}","templated":true}]}}