{"id":57062,"date":"2023-08-08T16:48:07","date_gmt":"2023-08-08T20:48:07","guid":{"rendered":"https:\/\/lasprimeras.com.do\/?p=57062"},"modified":"2023-08-08T16:48:09","modified_gmt":"2023-08-08T20:48:09","slug":"precandidato-a-diputado-prm-vicente-sanchez-garantiza-aportar-a-la-transformacion-de-la-capital","status":"publish","type":"post","link":"https:\/\/lasprimeras.com.do\/index.php\/2023\/08\/08\/precandidato-a-diputado-prm-vicente-sanchez-garantiza-aportar-a-la-transformacion-de-la-capital\/","title":{"rendered":"Precandidato a diputado PRM Vicente S\u00e1nchez garantiza aportar a la transformaci\u00f3n de la capital"},"content":{"rendered":"\n<p><strong>Acompa\u00f1\u00f3 al presidente Abinader y a la Alcaldesa Carolina Mej\u00eda en inauguraci\u00f3n de obras en DN.<\/strong><\/p>\n\n\n\n<p>El precandidato a diputado del Partido Revolucionario Moderno (PRM), por la Circunscripci\u00f3n No.1 del Distrito Nacional, Vicente S\u00e1nchez Henr\u00edquez, asegur\u00f3 que desde el Congreso Nacional impulsar\u00e1 los cambios necesarios a trav\u00e9s de iniciativas de leyes, para aportar a la transformaci\u00f3n del Distrito Nacional.<\/p>\n\n\n\n<p>Tras acompa\u00f1ar al presidente Luis Abinader y a la Alcaldesa del Distrito Nacional, Carolina Mej\u00eda, en la inauguraci\u00f3n del Proyecto Ambiental Urbanizaci\u00f3n Fern\u00e1ndez, el joven dirigente del PRM, calific\u00f3 de trascendental la obra puesta en ejecuci\u00f3n, lo que impactar\u00e1 de manera sostenible y positiva&nbsp; el problema del drenaje pluvial en ese sector.<\/p>\n\n\n\n<p>El aspirante a diputado, dijo estar comprometido a legislar por la implementaci\u00f3n de obras de esa naturaleza, para seguir llevando soluciones oportunas a la poblaci\u00f3n del Distrito Nacional y dignificar la vida de la gente.<\/p>\n\n\n\n<p>As\u00ed mismo, destac\u00f3 la dedicaci\u00f3n y entrega de la Alcaldesa Carolina Mej\u00eda, quien asegur\u00f3 est\u00e1 llevando a cabo una gesti\u00f3n ejemplar, transparente y productiva a favor de la ciudad capital.<\/p>\n\n\n\n<p>El precandidato ha diputado, Vicente S\u00e1nchez Henr\u00edquez, resalt\u00f3 adem\u00e1s la inversi\u00f3n de la obra, la cual incluye la construcci\u00f3n de un parque, indicando que la misma viene a dignificar a los residentes de dicha urbanizaci\u00f3n.<\/p>\n","protected":false},"excerpt":{"rendered":"<p>Acompa\u00f1\u00f3 al presidente Abinader y a la Alcaldesa Carolina Mej\u00eda en inauguraci\u00f3n de obras en DN. El precandidato a diputado del Partido Revolucionario Moderno (PRM), por la Circunscripci\u00f3n No.1 del&hellip;<\/p>\n","protected":false},"author":2,"featured_media":57063,"comment_status":"open","ping_status":"open","sticky":false,"template":"","format":"standard","meta":{"content-type":"","jetpack_post_was_ever_published":false,"_jetpack_newsletter_access":"","_jetpack_dont_email_post_to_subs":false,"_jetpack_newsletter_tier_id":0,"_jetpack_memberships_contains_paywalled_content":false,"_jetpack_memberships_contains_paid_content":false,"footnotes":""},"categories":[1],"tags":[78,2941,31,1592,5971],"class_list":["post-57062","post","type-post","status-publish","format-standard","has-post-thumbnail","hentry","category-sin-categoria","tag-diputado","tag-precandidato","tag-prm","tag-transformacion","tag-vicente-sanchez"],"jetpack_featured_media_url":"https:\/\/lasprimeras.com.do\/wp-content\/uploads\/2023\/08\/Vicente-Sanchez.jpg","jetpack-related-posts":[{"id":105378,"url":"https:\/\/lasprimeras.com.do\/index.php\/2025\/08\/03\/carolina-estoy-lista-para-servir-con-responsabilidad-y-sin-distracciones\/","url_meta":{"origin":57062,"position":0},"title":"Carolina: Estoy lista para servir, con responsabilidad y sin distracciones","author":"Nelson Feliz","date":"3 de agosto de 2025","format":false,"excerpt":"Apoya inversiones en turismo de salud y convenciones como motor del desarrollo de Santiago La aspirante presidencial del Partido Revolucionario Moderno, Carolina Mej\u00eda, asegur\u00f3 este fin de semana que su decisi\u00f3n de aspirar a la nominaci\u00f3n presidencial por el Partido Revolucionario Moderno (PRM) no interfiere con sus responsabilidades como alcaldesa\u2026","rel":"","context":"En \u00abPOLITICA\u00bb","block_context":{"text":"POLITICA","link":"https:\/\/lasprimeras.com.do\/index.php\/category\/politica\/"},"img":{"alt_text":"","src":"https:\/\/i0.wp.com\/lasprimeras.com.do\/wp-content\/uploads\/2025\/08\/CAROLINA-MEJIA.jpg?resize=350%2C200&ssl=1","width":350,"height":200,"srcset":"https:\/\/i0.wp.com\/lasprimeras.com.do\/wp-content\/uploads\/2025\/08\/CAROLINA-MEJIA.jpg?resize=350%2C200&ssl=1 1x, https:\/\/i0.wp.com\/lasprimeras.com.do\/wp-content\/uploads\/2025\/08\/CAROLINA-MEJIA.jpg?resize=525%2C300&ssl=1 1.5x, https:\/\/i0.wp.com\/lasprimeras.com.do\/wp-content\/uploads\/2025\/08\/CAROLINA-MEJIA.jpg?resize=700%2C400&ssl=1 2x"},"classes":[]},{"id":125393,"url":"https:\/\/lasprimeras.com.do\/index.php\/2026\/03\/22\/felipe-subervien-el-prm-hay-grandes-hombres-y-mujeres-y-la-mejor-es-carolina-mejia\/","url_meta":{"origin":57062,"position":1},"title":"Felipe Suberv\u00ed:En el PRM hay grandes hombres y mujeres y la mejor es Carolina Mej\u00eda","author":"Nelson Feliz","date":"22 de marzo de 2026","format":false,"excerpt":"El presidente del PRM en la capital resalta liderazgo probado de la alcaldesa del Distrito Nacional y afirma que Carolina est\u00e1 lista para llevar el proyecto del cambio a su siguiente nivel El presidente del Partido Revolucionario Moderno (PRM) en la capital, Felipe -Fellito- Suberv\u00ed, asegur\u00f3 que en esa organizaci\u00f3n\u2026","rel":"","context":"En \u00abPOLITICA\u00bb","block_context":{"text":"POLITICA","link":"https:\/\/lasprimeras.com.do\/index.php\/category\/politica\/"},"img":{"alt_text":"","src":"https:\/\/i0.wp.com\/lasprimeras.com.do\/wp-content\/uploads\/2026\/03\/Fellito-Subervi.jpg?resize=350%2C200&ssl=1","width":350,"height":200,"srcset":"https:\/\/i0.wp.com\/lasprimeras.com.do\/wp-content\/uploads\/2026\/03\/Fellito-Subervi.jpg?resize=350%2C200&ssl=1 1x, https:\/\/i0.wp.com\/lasprimeras.com.do\/wp-content\/uploads\/2026\/03\/Fellito-Subervi.jpg?resize=525%2C300&ssl=1 1.5x, https:\/\/i0.wp.com\/lasprimeras.com.do\/wp-content\/uploads\/2026\/03\/Fellito-Subervi.jpg?resize=700%2C400&ssl=1 2x"},"classes":[]},{"id":124026,"url":"https:\/\/lasprimeras.com.do\/index.php\/2026\/03\/07\/lideres-respaldan-a-carolina-en-el-dia-internacional-de-la-mujer\/","url_meta":{"origin":57062,"position":2},"title":"L\u00edderes respaldan a Carolina en el D\u00eda Internacional de la Mujer","author":"Nelson Feliz","date":"7 de marzo de 2026","format":false,"excerpt":"La alcaldesa del Distrito Nacional y precandidata presidencial del Partido Revolucionario Moderno (PRM), Carolina Mej\u00eda recibi\u00f3 este fin de semana el respaldo de cientos de l\u00edderes comunitarias, profesionales y dirigentes pol\u00edticas de las 32 provincias del pa\u00eds en un multitudinario encuentro, donde \u00e9stas reafirmaron su compromiso de continuar fortaleciendo el\u2026","rel":"","context":"En \u00abPOLITICA\u00bb","block_context":{"text":"POLITICA","link":"https:\/\/lasprimeras.com.do\/index.php\/category\/politica\/"},"img":{"alt_text":"","src":"https:\/\/i0.wp.com\/lasprimeras.com.do\/wp-content\/uploads\/2026\/03\/Carolina-Mejia-1.jpg?resize=350%2C200&ssl=1","width":350,"height":200,"srcset":"https:\/\/i0.wp.com\/lasprimeras.com.do\/wp-content\/uploads\/2026\/03\/Carolina-Mejia-1.jpg?resize=350%2C200&ssl=1 1x, https:\/\/i0.wp.com\/lasprimeras.com.do\/wp-content\/uploads\/2026\/03\/Carolina-Mejia-1.jpg?resize=525%2C300&ssl=1 1.5x, https:\/\/i0.wp.com\/lasprimeras.com.do\/wp-content\/uploads\/2026\/03\/Carolina-Mejia-1.jpg?resize=700%2C400&ssl=1 2x"},"classes":[]},{"id":116986,"url":"https:\/\/lasprimeras.com.do\/index.php\/2025\/12\/06\/vicente-sanchez-henriquez-recibe-reconocimiento\/","url_meta":{"origin":57062,"position":3},"title":"Vicente S\u00e1nchez Henr\u00edquez recibe reconocimiento","author":"Nelson Feliz","date":"6 de diciembre de 2025","format":false,"excerpt":"NUEVA YORK. \u2013 El diputado oficialista de la circunscripci\u00f3n 1 del Distrito Nacional por el Partido Revolucionario Moderno (PRM), Vicente S\u00e1nchez Henr\u00edquez, fue recibido por el asamble\u00edsta George \u00c1lvarez (AD78) quien entreg\u00f3 una placa de reconocimiento al congresista. S\u00e1nchez Henr\u00edquez expres\u00f3 su gratitud por la acogida del legislador dominicano, destacando\u2026","rel":"","context":"En \u00abPOLITICA\u00bb","block_context":{"text":"POLITICA","link":"https:\/\/lasprimeras.com.do\/index.php\/category\/politica\/"},"img":{"alt_text":"Vicente S\u00e1nchez recibe reconocimiento","src":"https:\/\/i0.wp.com\/lasprimeras.com.do\/wp-content\/uploads\/2025\/12\/Vicente-Sanchez-recibe-reconocimiento.jpg?resize=350%2C200&ssl=1","width":350,"height":200,"srcset":"https:\/\/i0.wp.com\/lasprimeras.com.do\/wp-content\/uploads\/2025\/12\/Vicente-Sanchez-recibe-reconocimiento.jpg?resize=350%2C200&ssl=1 1x, https:\/\/i0.wp.com\/lasprimeras.com.do\/wp-content\/uploads\/2025\/12\/Vicente-Sanchez-recibe-reconocimiento.jpg?resize=525%2C300&ssl=1 1.5x, https:\/\/i0.wp.com\/lasprimeras.com.do\/wp-content\/uploads\/2025\/12\/Vicente-Sanchez-recibe-reconocimiento.jpg?resize=700%2C400&ssl=1 2x"},"classes":[]},{"id":122201,"url":"https:\/\/lasprimeras.com.do\/index.php\/2026\/02\/15\/carolina-llama-a-los-perremeistas-a-defender-al-gobierno-y-a-seguir-trabajando-para-ganar-en-2028\/","url_meta":{"origin":57062,"position":4},"title":"Carolina llama a los perreme\u00edstas a defender al Gobierno y a seguir trabajando para ganar en 2028","author":"Nelson Feliz","date":"15 de febrero de 2026","format":false,"excerpt":"Mej\u00eda habl\u00f3 durante la celebraci\u00f3n del 11 aniversario del PRM a trav\u00e9s de un video que desat\u00f3 una gran ovaci\u00f3n La secretaria general del Partido Revolucionario Moderno (PRM), Carolina Mej\u00eda, aprovech\u00f3 la celebraci\u00f3n de los 11 a\u00f1os del PRM para hacer la sigu iente exhortaci\u00f3n: \u201cDefendamos nuestro Gobierno, un Gobierno\u2026","rel":"","context":"En \u00abPOLITICA\u00bb","block_context":{"text":"POLITICA","link":"https:\/\/lasprimeras.com.do\/index.php\/category\/politica\/"},"img":{"alt_text":"Carolina Mej\u00eda","src":"https:\/\/i0.wp.com\/lasprimeras.com.do\/wp-content\/uploads\/2024\/06\/Carolina-Mejia.jpg?resize=350%2C200&ssl=1","width":350,"height":200,"srcset":"https:\/\/i0.wp.com\/lasprimeras.com.do\/wp-content\/uploads\/2024\/06\/Carolina-Mejia.jpg?resize=350%2C200&ssl=1 1x, https:\/\/i0.wp.com\/lasprimeras.com.do\/wp-content\/uploads\/2024\/06\/Carolina-Mejia.jpg?resize=525%2C300&ssl=1 1.5x"},"classes":[]},{"id":106299,"url":"https:\/\/lasprimeras.com.do\/index.php\/2025\/08\/13\/ayuntamiento-del-dn-impone-multa-de-25-mil-pesos-a-ciudadano-que-se-gana-la-vida-con-una-fritura\/","url_meta":{"origin":57062,"position":5},"title":"Ayuntamiento del DN impone multa de 25 mil pesos a ciudadano que se gana la vida con una fritura","author":"Nelson Feliz","date":"13 de agosto de 2025","format":false,"excerpt":"Por tratarse de un nacional haitiano,la Alcaldesa del Distrito Nacional y candidata presidencial del Partido Revolucionario Moderno(PRM) Carolina Mej\u00eda, impone multa de 25 mil pesos,a un padre de familia que se ganaba la vida con una \"fritura m\u00f3vil\" en el Ensanche Naco Distrito Nacional. El veh\u00edculo propiedad del se\u00f1or Etienne\u2026","rel":"","context":"En \u00abECONOM\u00cdA\u00bb","block_context":{"text":"ECONOM\u00cdA","link":"https:\/\/lasprimeras.com.do\/index.php\/category\/economia\/"},"img":{"alt_text":"","src":"https:\/\/i0.wp.com\/lasprimeras.com.do\/wp-content\/uploads\/2025\/08\/federico.jpg?resize=350%2C200&ssl=1","width":350,"height":200,"srcset":"https:\/\/i0.wp.com\/lasprimeras.com.do\/wp-content\/uploads\/2025\/08\/federico.jpg?resize=350%2C200&ssl=1 1x, https:\/\/i0.wp.com\/lasprimeras.com.do\/wp-content\/uploads\/2025\/08\/federico.jpg?resize=525%2C300&ssl=1 1.5x, https:\/\/i0.wp.com\/lasprimeras.com.do\/wp-content\/uploads\/2025\/08\/federico.jpg?resize=700%2C400&ssl=1 2x"},"classes":[]}],"jetpack_sharing_enabled":true,"_links":{"self":[{"href":"https:\/\/lasprimeras.com.do\/index.php\/wp-json\/wp\/v2\/posts\/57062","targetHints":{"allow":["GET"]}}],"collection":[{"href":"https:\/\/lasprimeras.com.do\/index.php\/wp-json\/wp\/v2\/posts"}],"about":[{"href":"https:\/\/lasprimeras.com.do\/index.php\/wp-json\/wp\/v2\/types\/post"}],"author":[{"embeddable":true,"href":"https:\/\/lasprimeras.com.do\/index.php\/wp-json\/wp\/v2\/users\/2"}],"replies":[{"embeddable":true,"href":"https:\/\/lasprimeras.com.do\/index.php\/wp-json\/wp\/v2\/comments?post=57062"}],"version-history":[{"count":1,"href":"https:\/\/lasprimeras.com.do\/index.php\/wp-json\/wp\/v2\/posts\/57062\/revisions"}],"predecessor-version":[{"id":57064,"href":"https:\/\/lasprimeras.com.do\/index.php\/wp-json\/wp\/v2\/posts\/57062\/revisions\/57064"}],"wp:featuredmedia":[{"embeddable":true,"href":"https:\/\/lasprimeras.com.do\/index.php\/wp-json\/wp\/v2\/media\/57063"}],"wp:attachment":[{"href":"https:\/\/lasprimeras.com.do\/index.php\/wp-json\/wp\/v2\/media?parent=57062"}],"wp:term":[{"taxonomy":"category","embeddable":true,"href":"https:\/\/lasprimeras.com.do\/index.php\/wp-json\/wp\/v2\/categories?post=57062"},{"taxonomy":"post_tag","embeddable":true,"href":"https:\/\/lasprimeras.com.do\/index.php\/wp-json\/wp\/v2\/tags?post=57062"}],"curies":[{"name":"wp","href":"https:\/\/api.w.org\/{rel}","templated":true}]}}