{"id":57065,"date":"2023-08-08T16:52:21","date_gmt":"2023-08-08T20:52:21","guid":{"rendered":"https:\/\/lasprimeras.com.do\/?p=57065"},"modified":"2023-08-08T16:52:22","modified_gmt":"2023-08-08T20:52:22","slug":"pld-deplora-preocupante-retroceso-en-materia-educativa","status":"publish","type":"post","link":"https:\/\/lasprimeras.com.do\/index.php\/2023\/08\/08\/pld-deplora-preocupante-retroceso-en-materia-educativa\/","title":{"rendered":"PLD deplora preocupante retroceso en materia educativa"},"content":{"rendered":"\n<p><strong>PLD denuncia incremento del analfabetismo entre otros indicadores de un notable deterioro en la educaci\u00f3n.<\/strong><\/p>\n\n\n\n<p>El Partido de la Liberaci\u00f3n Dominicana (PLD) calific\u00f3 de alarmante la situaci\u00f3n de la educaci\u00f3n en Rep\u00fablica Dominicana, deplorando al mismo tiempo que los logros obtenidos en esa materia en los gobiernos del expresidente Danilo Medina solo han retrocedido desde agosto del 2020.<\/p>\n\n\n\n<p>La postura del principal partido opositor se fij\u00f3 mediante la acostumbrada rueda de prensa de los martes del Gabinete T\u00e9cnico, teniendo de vocero a V\u00edctor S\u00e1nchez, miembro del Comit\u00e9 Central del Partido de la Liberaci\u00f3n Dominicana y miembro de la Mesa de Educaci\u00f3n de este Partido.<\/p>\n\n\n\n<p>S\u00e1nchez explic\u00f3 que su exposici\u00f3n y el documento de apoyo elaborado se producen a partir del informe presentado recientemente por la Iniciativa Dominicana por una Educaci\u00f3n de Calidad (IDEC).<\/p>\n\n\n\n<p>Puso como ejemplo la situaci\u00f3n de indicadores claves para el desarrollo educativo, como son cobertura o acceso, eficiencia interna y rendimiento de los estudiantes, es decir, cu\u00e1nto est\u00e1n aprendiendo. \u201cEl Informe IDEC arroja cifras alarmantes para toda la sociedad dominicana, la cual abraz\u00f3 la lucha del 4%, para avanzar hacia una mejor Educaci\u00f3n\u201d.<\/p>\n\n\n\n<p>Record\u00f3 que, en materia de analfabetismo, que era un tema casi superado por el pa\u00eds en los gobiernos del PLD, pasando de 10.55% en 2010 a 5.9% en 2019, hoy se sit\u00faa en un 6.5%, para un incremento de casi un 12%.<\/p>\n\n\n\n<p>\u201cDe acuerdo a datos administrativos del propio Ministerio de Educaci\u00f3n, el costo unitario para alfabetizar una persona pas\u00f3 de RD$ 9,110.80 en el per\u00edodo 2013-2019 a RD$ 141,873.71 durante el per\u00edodo 2020-2022, es decir, 15 veces m\u00e1s, sin resultados\u201d, Explic\u00f3 S\u00e1nchez, teniendo de compa\u00f1\u00eda a Carlos Segura Foster, Celenia Vidal y Olgo Fern\u00e1ndez, del Gabinete T\u00e9cnico<\/p>\n\n\n\n<p>Se\u00f1al\u00f3 que el informe, adem\u00e1s, muestra la incapacidad del gobierno para atender algo tan b\u00e1sico, pero determinante, como el acceso a la educaci\u00f3n inicial, primaria y secundaria, cuya matr\u00edcula se contrajo 13.5% en los \u00faltimos tres a\u00f1os.<\/p>\n\n\n\n<p>Resalt\u00f3 que, en total 223,597 ni\u00f1os, ni\u00f1as y adolescentes menos, en edad escolar, han sido expulsados por la inacci\u00f3n, indiferencia e incapacidad de la actual administraci\u00f3n. \u201cIntentemos imaginar lo que significa 223 mil estudiantes que han perdido su oportunidad de ir a la escuela, una oportunidad que constituye un Derecho Fundamental, de acuerdo a la Constituci\u00f3n Dominicana\u201d.<\/p>\n\n\n\n<p>Apunt\u00f3 que el nivel inicial ha sido el m\u00e1s afectado y que en la actualidad, el descenso de la matr\u00edcula est\u00e1 en 58% y 43.3% de los ni\u00f1os aptos para el primer y segundo ciclo de educaci\u00f3n inicial. \u201cEl indicador es el resultado del abandono y la incapacidad del INAIPI para la gesti\u00f3n del programa de Atenci\u00f3n Integral a la Primera Infancia y por el descuido del MINERD y del gobierno central, que no han iniciado la construcci\u00f3n de una sola nueva estancia infantil.<\/p>\n\n\n\n<p>Agreg\u00f3 que tampoco han podido terminar las que le fueron dejadas casi listas por el Partido de la Liberaci\u00f3n Dominicana en 2020. \u201cSe recuerda que, en su rendici\u00f3n de cuentas del 2022, el presidente de la Rep\u00fablica anunci\u00f3 el inicio de un nuevo programa para universalizar la educaci\u00f3n inicial desde los tres a\u00f1os, pero, a la fecha, no se ha iniciado una sola aula de las anunciadas por el presidente\u201d.<\/p>\n","protected":false},"excerpt":{"rendered":"<p>PLD denuncia incremento del analfabetismo entre otros indicadores de un notable deterioro en la educaci\u00f3n. El Partido de la Liberaci\u00f3n Dominicana (PLD) calific\u00f3 de alarmante la situaci\u00f3n de la educaci\u00f3n&hellip;<\/p>\n","protected":false},"author":2,"featured_media":57066,"comment_status":"open","ping_status":"open","sticky":false,"template":"","format":"standard","meta":{"content-type":"","jetpack_post_was_ever_published":false,"_jetpack_newsletter_access":"","_jetpack_dont_email_post_to_subs":false,"_jetpack_newsletter_tier_id":0,"_jetpack_memberships_contains_paywalled_content":false,"_jetpack_memberships_contains_paid_content":false,"footnotes":""},"categories":[25],"tags":[5913,125,269,5972],"class_list":["post-57065","post","type-post","status-publish","format-standard","has-post-thumbnail","hentry","category-portada","tag-educativa","tag-materia","tag-pld","tag-retroceso"],"jetpack_featured_media_url":"https:\/\/lasprimeras.com.do\/wp-content\/uploads\/2023\/08\/PLD.jpeg","jetpack-related-posts":[{"id":106145,"url":"https:\/\/lasprimeras.com.do\/index.php\/2025\/08\/11\/gobierno-desmonta-la-tanda-extendida-y-condena-a-miles-de-familias-al-retroceso-educativo\/","url_meta":{"origin":57065,"position":0},"title":"Gobierno desmonta la Tanda Extendida y condena a miles de familias al retroceso educativo","author":"Nelson Feliz","date":"11 de agosto de 2025","format":false,"excerpt":"Andr\u00e9s de las Mercedes advierte que la improvisaci\u00f3n del gobierno del PRM est\u00e1 afectando gravemente la calidad educativa. El miembro de su Comit\u00e9 Central del Partido de la Liberaci\u00f3n Dominicana (PLD) Profesor Andr\u00e9s de las Mercedes, denunci\u00f3 que el actual gobierno del PRM est\u00e1 desmontando la Jornada Escolar Extendida, provocando\u2026","rel":"","context":"En \u00abPOLITICA\u00bb","block_context":{"text":"POLITICA","link":"https:\/\/lasprimeras.com.do\/index.php\/category\/politica\/"},"img":{"alt_text":"","src":"https:\/\/i0.wp.com\/lasprimeras.com.do\/wp-content\/uploads\/2025\/08\/escuelas.jpeg?resize=350%2C200&ssl=1","width":350,"height":200,"srcset":"https:\/\/i0.wp.com\/lasprimeras.com.do\/wp-content\/uploads\/2025\/08\/escuelas.jpeg?resize=350%2C200&ssl=1 1x, https:\/\/i0.wp.com\/lasprimeras.com.do\/wp-content\/uploads\/2025\/08\/escuelas.jpeg?resize=525%2C300&ssl=1 1.5x, https:\/\/i0.wp.com\/lasprimeras.com.do\/wp-content\/uploads\/2025\/08\/escuelas.jpeg?resize=700%2C400&ssl=1 2x"},"classes":[]},{"id":119685,"url":"https:\/\/lasprimeras.com.do\/index.php\/2026\/01\/15\/francisco-dominguez-brito-fusionar-los-ministerios-de-educacion-seria-un-grave-retroceso\/","url_meta":{"origin":57065,"position":1},"title":"Francisco Dom\u00ednguez Brito: Fusionar los ministerios de Educaci\u00f3n ser\u00eda un grave retroceso","author":"Nelson Feliz","date":"15 de enero de 2026","format":false,"excerpt":"El miembro del Comit\u00e9 Pol\u00edtico del Partido de la Liberaci\u00f3n Dominicana (PLD), Francisco Dom\u00ednguez Brito, advirti\u00f3 sobre las consecuencias que tendr\u00eda la eventual fusi\u00f3n del Ministerio de Educaci\u00f3n con el Ministerio de Educaci\u00f3n Superior, al considerar que no se trata de un simple ajuste administrativo, sino de una decisi\u00f3n con\u2026","rel":"","context":"En \u00abPOLITICA\u00bb","block_context":{"text":"POLITICA","link":"https:\/\/lasprimeras.com.do\/index.php\/category\/politica\/"},"img":{"alt_text":"","src":"https:\/\/i0.wp.com\/lasprimeras.com.do\/wp-content\/uploads\/2026\/01\/fusion.jpg?resize=350%2C200&ssl=1","width":350,"height":200,"srcset":"https:\/\/i0.wp.com\/lasprimeras.com.do\/wp-content\/uploads\/2026\/01\/fusion.jpg?resize=350%2C200&ssl=1 1x, https:\/\/i0.wp.com\/lasprimeras.com.do\/wp-content\/uploads\/2026\/01\/fusion.jpg?resize=525%2C300&ssl=1 1.5x, https:\/\/i0.wp.com\/lasprimeras.com.do\/wp-content\/uploads\/2026\/01\/fusion.jpg?resize=700%2C400&ssl=1 2x, https:\/\/i0.wp.com\/lasprimeras.com.do\/wp-content\/uploads\/2026\/01\/fusion.jpg?resize=1050%2C600&ssl=1 3x"},"classes":[]},{"id":118333,"url":"https:\/\/lasprimeras.com.do\/index.php\/2025\/12\/26\/pld-respalda-al-dr-jorge-asjana-a-la-rectoria-de-uasd\/","url_meta":{"origin":57065,"position":2},"title":"PLD respalda al Dr. Jorge Asjana a la rector\u00eda de UASD","author":"Nelson Feliz","date":"26 de diciembre de 2025","format":false,"excerpt":"Jorge Asjana David recibe el respaldo del Partido de la Liberaci\u00f3n Dominicana como candidato a la rector\u00eda de la UASD, explica Danilo Medina, presidente del PLD El candidato a la rector\u00eda de la Universidad Aut\u00f3noma de Santo Domingo (UASD), Doctor Jorge Asjana David, recibi\u00f3 este viernes el respaldo del Partido\u2026","rel":"","context":"En \u00abPOLITICA\u00bb","block_context":{"text":"POLITICA","link":"https:\/\/lasprimeras.com.do\/index.php\/category\/politica\/"},"img":{"alt_text":"Danilo Medina","src":"https:\/\/i0.wp.com\/lasprimeras.com.do\/wp-content\/uploads\/2025\/12\/Danilo-Medina-1.jpg?resize=350%2C200&ssl=1","width":350,"height":200,"srcset":"https:\/\/i0.wp.com\/lasprimeras.com.do\/wp-content\/uploads\/2025\/12\/Danilo-Medina-1.jpg?resize=350%2C200&ssl=1 1x, https:\/\/i0.wp.com\/lasprimeras.com.do\/wp-content\/uploads\/2025\/12\/Danilo-Medina-1.jpg?resize=525%2C300&ssl=1 1.5x, https:\/\/i0.wp.com\/lasprimeras.com.do\/wp-content\/uploads\/2025\/12\/Danilo-Medina-1.jpg?resize=700%2C400&ssl=1 2x"},"classes":[]},{"id":105520,"url":"https:\/\/lasprimeras.com.do\/index.php\/2025\/08\/04\/donde-esta-el-dinero-del-4-pld-exige-rendicion-de-cuentas-en-educacion\/","url_meta":{"origin":57065,"position":3},"title":"\u201c\u00bfD\u00f3nde est\u00e1 el dinero del 4%?\u201d: PLD exige rendici\u00f3n de cuentas en Educaci\u00f3n","author":"Nelson Feliz","date":"4 de agosto de 2025","format":false,"excerpt":"El Partido de la Liberaci\u00f3n Dominicana (PLD), fiel a su compromiso hist\u00f3rico e inquebrantable con la educaci\u00f3n dominicana, denunci\u00f3 este lunes el grave deterioro del sistema educativo durante los \u00faltimos cinco a\u00f1os de gobierno del presidente Luis Abinader, pese a contar con un presupuesto hist\u00f3ricamente alto. La denuncia fue presentada\u2026","rel":"","context":"En \u00abPOLITICA\u00bb","block_context":{"text":"POLITICA","link":"https:\/\/lasprimeras.com.do\/index.php\/category\/politica\/"},"img":{"alt_text":"","src":"https:\/\/i0.wp.com\/lasprimeras.com.do\/wp-content\/uploads\/2025\/08\/melaneo-paredes.jpg?resize=350%2C200&ssl=1","width":350,"height":200,"srcset":"https:\/\/i0.wp.com\/lasprimeras.com.do\/wp-content\/uploads\/2025\/08\/melaneo-paredes.jpg?resize=350%2C200&ssl=1 1x, https:\/\/i0.wp.com\/lasprimeras.com.do\/wp-content\/uploads\/2025\/08\/melaneo-paredes.jpg?resize=525%2C300&ssl=1 1.5x"},"classes":[]},{"id":119412,"url":"https:\/\/lasprimeras.com.do\/index.php\/2026\/01\/12\/pld-denuncia-fusion-en-educacion-busca-reducir-4-pib-tilda-medida-de-inaceptable\/","url_meta":{"origin":57065,"position":4},"title":"PLD denuncia fusi\u00f3n en Educaci\u00f3n busca reducir 4% PIB; tilda medida de \u201cinaceptable\u201d","author":"Nelson Feliz","date":"12 de enero de 2026","format":false,"excerpt":"PLD","rel":"","context":"En \u00abPOLITICA\u00bb","block_context":{"text":"POLITICA","link":"https:\/\/lasprimeras.com.do\/index.php\/category\/politica\/"},"img":{"alt_text":"","src":"https:\/\/i0.wp.com\/lasprimeras.com.do\/wp-content\/uploads\/2026\/01\/20c8dbd3-022b-45a0-ba29-05ab357247de.jpg?resize=350%2C200&ssl=1","width":350,"height":200,"srcset":"https:\/\/i0.wp.com\/lasprimeras.com.do\/wp-content\/uploads\/2026\/01\/20c8dbd3-022b-45a0-ba29-05ab357247de.jpg?resize=350%2C200&ssl=1 1x, https:\/\/i0.wp.com\/lasprimeras.com.do\/wp-content\/uploads\/2026\/01\/20c8dbd3-022b-45a0-ba29-05ab357247de.jpg?resize=525%2C300&ssl=1 1.5x, https:\/\/i0.wp.com\/lasprimeras.com.do\/wp-content\/uploads\/2026\/01\/20c8dbd3-022b-45a0-ba29-05ab357247de.jpg?resize=700%2C400&ssl=1 2x, https:\/\/i0.wp.com\/lasprimeras.com.do\/wp-content\/uploads\/2026\/01\/20c8dbd3-022b-45a0-ba29-05ab357247de.jpg?resize=1050%2C600&ssl=1 3x, https:\/\/i0.wp.com\/lasprimeras.com.do\/wp-content\/uploads\/2026\/01\/20c8dbd3-022b-45a0-ba29-05ab357247de.jpg?resize=1400%2C800&ssl=1 4x"},"classes":[]},{"id":104864,"url":"https:\/\/lasprimeras.com.do\/index.php\/2025\/07\/28\/diputado-gustavo-sanchez-resalta-fortaleza-que-exhibe-el-pld\/","url_meta":{"origin":57065,"position":5},"title":"Diputado Gustavo S\u00e1nchez resalta fortaleza que exhibe el PLD","author":"Nelson Feliz","date":"28 de julio de 2025","format":false,"excerpt":"S\u00e1nchez afirma que la organizaci\u00f3n est\u00e1 preparada para reconquistar el poder. El miembro del Comit\u00e9 Pol\u00edtico del Partido de la Liberaci\u00f3n Dominicana (PLD), Gustavo S\u00e1nchez, afirm\u00f3 que esa organizaci\u00f3n pol\u00edtica ha resurgido en la percepci\u00f3n del pueblo de manera favorable, como lo confirman las encuestas. S\u00e1nchez dijo que para nadie\u2026","rel":"","context":"En \u00abPOLITICA\u00bb","block_context":{"text":"POLITICA","link":"https:\/\/lasprimeras.com.do\/index.php\/category\/politica\/"},"img":{"alt_text":"","src":"https:\/\/i0.wp.com\/lasprimeras.com.do\/wp-content\/uploads\/2025\/07\/Gustavo-Sanchez.jpg?resize=350%2C200&ssl=1","width":350,"height":200,"srcset":"https:\/\/i0.wp.com\/lasprimeras.com.do\/wp-content\/uploads\/2025\/07\/Gustavo-Sanchez.jpg?resize=350%2C200&ssl=1 1x, https:\/\/i0.wp.com\/lasprimeras.com.do\/wp-content\/uploads\/2025\/07\/Gustavo-Sanchez.jpg?resize=525%2C300&ssl=1 1.5x, https:\/\/i0.wp.com\/lasprimeras.com.do\/wp-content\/uploads\/2025\/07\/Gustavo-Sanchez.jpg?resize=700%2C400&ssl=1 2x"},"classes":[]}],"jetpack_sharing_enabled":true,"_links":{"self":[{"href":"https:\/\/lasprimeras.com.do\/index.php\/wp-json\/wp\/v2\/posts\/57065","targetHints":{"allow":["GET"]}}],"collection":[{"href":"https:\/\/lasprimeras.com.do\/index.php\/wp-json\/wp\/v2\/posts"}],"about":[{"href":"https:\/\/lasprimeras.com.do\/index.php\/wp-json\/wp\/v2\/types\/post"}],"author":[{"embeddable":true,"href":"https:\/\/lasprimeras.com.do\/index.php\/wp-json\/wp\/v2\/users\/2"}],"replies":[{"embeddable":true,"href":"https:\/\/lasprimeras.com.do\/index.php\/wp-json\/wp\/v2\/comments?post=57065"}],"version-history":[{"count":1,"href":"https:\/\/lasprimeras.com.do\/index.php\/wp-json\/wp\/v2\/posts\/57065\/revisions"}],"predecessor-version":[{"id":57067,"href":"https:\/\/lasprimeras.com.do\/index.php\/wp-json\/wp\/v2\/posts\/57065\/revisions\/57067"}],"wp:featuredmedia":[{"embeddable":true,"href":"https:\/\/lasprimeras.com.do\/index.php\/wp-json\/wp\/v2\/media\/57066"}],"wp:attachment":[{"href":"https:\/\/lasprimeras.com.do\/index.php\/wp-json\/wp\/v2\/media?parent=57065"}],"wp:term":[{"taxonomy":"category","embeddable":true,"href":"https:\/\/lasprimeras.com.do\/index.php\/wp-json\/wp\/v2\/categories?post=57065"},{"taxonomy":"post_tag","embeddable":true,"href":"https:\/\/lasprimeras.com.do\/index.php\/wp-json\/wp\/v2\/tags?post=57065"}],"curies":[{"name":"wp","href":"https:\/\/api.w.org\/{rel}","templated":true}]}}