{"id":57076,"date":"2023-08-08T22:51:04","date_gmt":"2023-08-09T02:51:04","guid":{"rendered":"https:\/\/lasprimeras.com.do\/?p=57076"},"modified":"2023-08-08T22:51:05","modified_gmt":"2023-08-09T02:51:05","slug":"senado-convierte-en-ley-el-proyecto-de-amnistia-fiscal-pasa-al-poder-ejecutivo","status":"publish","type":"post","link":"https:\/\/lasprimeras.com.do\/index.php\/2023\/08\/08\/senado-convierte-en-ley-el-proyecto-de-amnistia-fiscal-pasa-al-poder-ejecutivo\/","title":{"rendered":"Senado convierte en ley el proyecto de amnist\u00eda fiscal; pasa al Poder Ejecutivo"},"content":{"rendered":"\n<p>El Senado de la Rep\u00fablica aprob\u00f3 este martes en segunda lectura y en legislatura extraordinaria el Proyecto de Ley que Instaura un Tratamiento Especial Transitorio de Fiscalizaci\u00f3n, Gesti\u00f3n y Recuperaci\u00f3n de Deuda Tributaria (ley de amnist\u00eda fiscal), por lo que la pieza pasa a su proponente, el Poder Ejecutivo para su promulgaci\u00f3n u observaci\u00f3n.<\/p>\n\n\n\n<p>Ya este proyecto hab\u00eda sido aprobado por los diputados el pasado mes de julio.<\/p>\n\n\n\n<p>La normativa busca establecer un tratamiento especial transitorio hasta el 20 de diciembre de 2023, que permita declarar prescritas de oficio las deudas tributarias que cumplan con determinados requisitos, al tiempo de instaurar un procedimiento abreviado de fiscalizaci\u00f3n, facilidades de pago y amnistiar deudas tributarias estatales.<\/p>\n\n\n\n<p>Quedan sujetos a la aplicaci\u00f3n de esta ley las personas f\u00edsicas y jur\u00eddicas, los entes estatales, aquellos sin personer\u00eda jur\u00eddica y las sucesiones indivisas que presenten situaciones particulares.<\/p>\n\n\n\n<p>Tambi\u00e9n propone declarar prescritas todas las deudas por concepto de obligaciones tributarias declarativas que est\u00e9n transparentadas en la cuenta corriente del contribuyente al momento de la publicaci\u00f3n de dicha ley, correspondientes a los ejercicios y periodos fiscales anteriores al 2015, inclusive, respecto de los impuestos sobre la renta (ISR), sobre transferencias de bienes industrializados y servicios (ITBIS), selectivo al consumo (ISC), sobre activos (ISA), al patrimonio inmobiliario (IPI), a las zonas francas y a los juegos de azar.<\/p>\n\n\n\n<p>Mecanismo especial<\/p>\n\n\n\n<p>Dispone adem\u00e1s de un mecanismo de aplicaci\u00f3n especial de la prescripci\u00f3n de oficio. Consiste en que durante el plazo de vigor de la ley, la Direcci\u00f3n General de Impuestos Internos (DGII) efectuar\u00e1 cuatro &#8220;barridas tecnol\u00f3gicas&#8221; el \u00faltimo d\u00eda de cada mes, contado a partir del mes de la promulgaci\u00f3n.<\/p>\n\n\n\n<p>Posterior a cada barrida y en un plazo no mayor de cinco d\u00edas h\u00e1biles, la DGII deber\u00e1 enviar al contribuyente, a trav\u00e9s de la Oficina Virtual, una certificaci\u00f3n donde conste la aplicaci\u00f3n de la prescripci\u00f3n de oficio, indicando periodos y ejercicios fiscales beneficiados, as\u00ed como los montos.<\/p>\n\n\n\n<p>El Poder Ejecutivo propone que hasta el 20 de diciembre de 2023, la DGII podr\u00e1 realizar acuerdos de pagos sobre las deudas existentes que pesan sobre los propietarios, f\u00edsicos o jur\u00eddicos de bancas de loter\u00edas, a los fines de cumplir con sus obligaciones tributarias, en las condiciones previstas en la ley.<\/p>\n","protected":false},"excerpt":{"rendered":"<p>El Senado de la Rep\u00fablica aprob\u00f3 este martes en segunda lectura y en legislatura extraordinaria el Proyecto de Ley que Instaura un Tratamiento Especial Transitorio de Fiscalizaci\u00f3n, Gesti\u00f3n y Recuperaci\u00f3n&hellip;<\/p>\n","protected":false},"author":2,"featured_media":57077,"comment_status":"open","ping_status":"open","sticky":false,"template":"","format":"standard","meta":{"content-type":"","jetpack_post_was_ever_published":false,"_jetpack_newsletter_access":"","_jetpack_dont_email_post_to_subs":false,"_jetpack_newsletter_tier_id":0,"_jetpack_memberships_contains_paywalled_content":false,"_jetpack_memberships_contains_paid_content":false,"footnotes":""},"categories":[39,25],"tags":[4591,411,445,276,413],"class_list":["post-57076","post","type-post","status-publish","format-standard","has-post-thumbnail","hentry","category-economia","category-portada","tag-amnistia-fiscal","tag-ley","tag-poder-ejecutivo","tag-proyecto","tag-senado"],"jetpack_featured_media_url":"https:\/\/lasprimeras.com.do\/wp-content\/uploads\/2023\/08\/Senado.jpg","jetpack-related-posts":[{"id":54533,"url":"https:\/\/lasprimeras.com.do\/index.php\/2023\/07\/12\/economista-asegura-gobierno-pretende-recaudar-rd-10-mil-millones-a-traves-de-una-amnistia-fiscal\/","url_meta":{"origin":57076,"position":0},"title":"Economista asegura Gobierno pretende recaudar RD$ 10 mil millones a trav\u00e9s\u00a0de una Amnist\u00eda Fiscal","author":"Nelson Feliz","date":"12 de julio de 2023","format":false,"excerpt":"El decano de la Facultad de Econom\u00eda de la Universidad Aut\u00f3noma de Santo Domingo, Antonio Ciriaco, dijo que el gobierno tiene planteado recaudar entre 6 mil a 10 mil millones de pesos con la ley de Amnist\u00eda Fiscal. El economista, expres\u00f3 que la ley de Amnist\u00eda Fiscal, pretende dar un\u2026","rel":"","context":"En \u00abECONOM\u00cdA\u00bb","block_context":{"text":"ECONOM\u00cdA","link":"https:\/\/lasprimeras.com.do\/index.php\/category\/economia\/"},"img":{"alt_text":"Antonio Ciriaco","src":"https:\/\/i0.wp.com\/lasprimeras.com.do\/wp-content\/uploads\/2023\/07\/Antonio-Ciriaco.jpg?resize=350%2C200&ssl=1","width":350,"height":200,"srcset":"https:\/\/i0.wp.com\/lasprimeras.com.do\/wp-content\/uploads\/2023\/07\/Antonio-Ciriaco.jpg?resize=350%2C200&ssl=1 1x, https:\/\/i0.wp.com\/lasprimeras.com.do\/wp-content\/uploads\/2023\/07\/Antonio-Ciriaco.jpg?resize=525%2C300&ssl=1 1.5x, https:\/\/i0.wp.com\/lasprimeras.com.do\/wp-content\/uploads\/2023\/07\/Antonio-Ciriaco.jpg?resize=700%2C400&ssl=1 2x"},"classes":[]},{"id":55418,"url":"https:\/\/lasprimeras.com.do\/index.php\/2023\/07\/21\/senado-sanciona-creacion-de-la-dnit-y-va-al-ejecutivo-para-promulgacion\/","url_meta":{"origin":57076,"position":1},"title":"Senado sanciona creaci\u00f3n de la DNIT y va al Ejecutivo para promulgaci\u00f3n","author":"Nelson Feliz","date":"21 de julio de 2023","format":false,"excerpt":"La C\u00e1mara de Senadores sancion\u00f3 el proyecto de ley que crea la Direcci\u00f3n de Ingresos Tributarios. La fusi\u00f3n de Aduana con la Subsecretar\u00eda de Estado de Tributaci\u00f3n ahora depende del Ejecutivo. Con una mayor\u00eda de 33 votos, la C\u00e1mara de Senadores sancion\u00f3 el proyecto de ley que crea la Direcci\u00f3n\u2026","rel":"","context":"En \u00abSin categor\u00eda\u00bb","block_context":{"text":"Sin categor\u00eda","link":"https:\/\/lasprimeras.com.do\/index.php\/category\/sin-categoria\/"},"img":{"alt_text":"Sin \u00e9xito. Bloque opositor del Senado solicit\u00f3 aplazar estudio de proyecto por 30 d\u00edas.","src":"https:\/\/i0.wp.com\/lasprimeras.com.do\/wp-content\/uploads\/2023\/07\/senado-1.jpg?resize=350%2C200&ssl=1","width":350,"height":200,"srcset":"https:\/\/i0.wp.com\/lasprimeras.com.do\/wp-content\/uploads\/2023\/07\/senado-1.jpg?resize=350%2C200&ssl=1 1x, https:\/\/i0.wp.com\/lasprimeras.com.do\/wp-content\/uploads\/2023\/07\/senado-1.jpg?resize=525%2C300&ssl=1 1.5x, https:\/\/i0.wp.com\/lasprimeras.com.do\/wp-content\/uploads\/2023\/07\/senado-1.jpg?resize=700%2C400&ssl=1 2x"},"classes":[]},{"id":86374,"url":"https:\/\/lasprimeras.com.do\/index.php\/2024\/07\/23\/senado-aprueba-proyecto-modifica-ley-contrataciones-publicas\/","url_meta":{"origin":57076,"position":2},"title":"Senado aprueba proyecto modifica Ley Contrataciones P\u00fablicas","author":"Nelson Feliz","date":"23 de julio de 2024","format":false,"excerpt":"Ley proh\u00edbe al presidente y vicepresidente contratar con el Estado. El Senado de la Rep\u00fablica aprob\u00f3 este martes, en segunda lectura, el proyecto de Ley General de Contrataciones P\u00fablicas, que proh\u00edbe la contrataci\u00f3n con el Estado al presidente y al vicepresidente de la Rep\u00fablica o familiares. La pieza legislativa define\u2026","rel":"","context":"En \u00abNACIONALES\u00bb","block_context":{"text":"NACIONALES","link":"https:\/\/lasprimeras.com.do\/index.php\/category\/nacionales\/"},"img":{"alt_text":"","src":"https:\/\/i0.wp.com\/lasprimeras.com.do\/wp-content\/uploads\/2024\/07\/senado-2.jpg?resize=350%2C200&ssl=1","width":350,"height":200,"srcset":"https:\/\/i0.wp.com\/lasprimeras.com.do\/wp-content\/uploads\/2024\/07\/senado-2.jpg?resize=350%2C200&ssl=1 1x, https:\/\/i0.wp.com\/lasprimeras.com.do\/wp-content\/uploads\/2024\/07\/senado-2.jpg?resize=525%2C300&ssl=1 1.5x, https:\/\/i0.wp.com\/lasprimeras.com.do\/wp-content\/uploads\/2024\/07\/senado-2.jpg?resize=700%2C400&ssl=1 2x"},"classes":[]},{"id":104673,"url":"https:\/\/lasprimeras.com.do\/index.php\/2025\/07\/25\/aprobada-en-dos-lectura-por-el-senado-la-reforma-al-codigo-tributario-en-rd\/","url_meta":{"origin":57076,"position":3},"title":"Aprobada en dos lectura por el Senado la reforma al C\u00f3digo Tributario en RD","author":"Nelson Feliz","date":"25 de julio de 2025","format":false,"excerpt":"El Senado de la Rep\u00fablica Dominicana aprob\u00f3, en dos lecturas consecutivas y con car\u00e1cter de urgencia, el Proyecto de Ley que modifica el art\u00edculo 56 del C\u00f3digo Tributario, contenido en la Ley 11-92, previamente alterado por la Ley 495-06 sobre Rectificaci\u00f3n Tributaria. La iniciativa fue enviada por el Poder Ejecutivo.\u2026","rel":"","context":"En \u00abNACIONALES\u00bb","block_context":{"text":"NACIONALES","link":"https:\/\/lasprimeras.com.do\/index.php\/category\/nacionales\/"},"img":{"alt_text":"","src":"https:\/\/i0.wp.com\/lasprimeras.com.do\/wp-content\/uploads\/2025\/07\/senado-3.jpg?resize=350%2C200&ssl=1","width":350,"height":200,"srcset":"https:\/\/i0.wp.com\/lasprimeras.com.do\/wp-content\/uploads\/2025\/07\/senado-3.jpg?resize=350%2C200&ssl=1 1x, https:\/\/i0.wp.com\/lasprimeras.com.do\/wp-content\/uploads\/2025\/07\/senado-3.jpg?resize=525%2C300&ssl=1 1.5x, https:\/\/i0.wp.com\/lasprimeras.com.do\/wp-content\/uploads\/2025\/07\/senado-3.jpg?resize=700%2C400&ssl=1 2x"},"classes":[]},{"id":51666,"url":"https:\/\/lasprimeras.com.do\/index.php\/2023\/06\/02\/presidente-del-senado-recibe-proyecto-de-ley-de-responsabilidad-fiscal\/","url_meta":{"origin":57076,"position":4},"title":"Presidente del Senado recibe proyecto de ley de responsabilidad Fiscal","author":"prenxa100","date":"2 de junio de 2023","format":false,"excerpt":"SANTO DOMINGO.-.El presidente del Senado de la Rep\u00fablica, Eduardo Estrella, recibi\u00f3 este jueves el proyecto de ley de responsabilidad fiscal, propuesta por el Poder Ejecutivo. La iniciativa legislativa fue depositada en la C\u00e1mara Alta por el ministro de Hacienda, Jos\u00e9 Manuel Vicente. Al recibir el proyecto, el presidente del Senado\u2026","rel":"","context":"En \u00abECONOM\u00cdA\u00bb","block_context":{"text":"ECONOM\u00cdA","link":"https:\/\/lasprimeras.com.do\/index.php\/category\/economia\/"},"img":{"alt_text":"","src":"","width":0,"height":0},"classes":[]},{"id":85819,"url":"https:\/\/lasprimeras.com.do\/index.php\/2024\/07\/09\/senado-declara-de-urgencia-y-aprueba-proyecto-que-libera-de-impuesto-sucesiones-y-donaciones\/","url_meta":{"origin":57076,"position":5},"title":"Senado declara de urgencia y aprueba proyecto que libera de impuesto Sucesiones y Donaciones\u00a0\u00a0\u00a0\u00a0\u00a0\u00a0\u00a0\u00a0","author":"Nelson Feliz","date":"9 de julio de 2024","format":false,"excerpt":"El Senado de la Rep\u00fablica aprob\u00f3 y declar\u00f3 de urgencia en dos lecturas consecutivas, el proyecto de ley que modifica el art\u00edculo 6 de la ley 2569, del 1950, de Impuesto sobre Sucesiones y Donaciones, la cual coordina y actualiza la legislaci\u00f3n anterior. La normativa tiene el prop\u00f3sito de modificar\u2026","rel":"","context":"En \u00abECONOM\u00cdA\u00bb","block_context":{"text":"ECONOM\u00cdA","link":"https:\/\/lasprimeras.com.do\/index.php\/category\/economia\/"},"img":{"alt_text":"Ricardo de los Santos","src":"https:\/\/i0.wp.com\/lasprimeras.com.do\/wp-content\/uploads\/2024\/07\/Ricardo-de-los-Santos-2.jpg?resize=350%2C200&ssl=1","width":350,"height":200,"srcset":"https:\/\/i0.wp.com\/lasprimeras.com.do\/wp-content\/uploads\/2024\/07\/Ricardo-de-los-Santos-2.jpg?resize=350%2C200&ssl=1 1x, https:\/\/i0.wp.com\/lasprimeras.com.do\/wp-content\/uploads\/2024\/07\/Ricardo-de-los-Santos-2.jpg?resize=525%2C300&ssl=1 1.5x, https:\/\/i0.wp.com\/lasprimeras.com.do\/wp-content\/uploads\/2024\/07\/Ricardo-de-los-Santos-2.jpg?resize=700%2C400&ssl=1 2x"},"classes":[]}],"jetpack_sharing_enabled":true,"_links":{"self":[{"href":"https:\/\/lasprimeras.com.do\/index.php\/wp-json\/wp\/v2\/posts\/57076","targetHints":{"allow":["GET"]}}],"collection":[{"href":"https:\/\/lasprimeras.com.do\/index.php\/wp-json\/wp\/v2\/posts"}],"about":[{"href":"https:\/\/lasprimeras.com.do\/index.php\/wp-json\/wp\/v2\/types\/post"}],"author":[{"embeddable":true,"href":"https:\/\/lasprimeras.com.do\/index.php\/wp-json\/wp\/v2\/users\/2"}],"replies":[{"embeddable":true,"href":"https:\/\/lasprimeras.com.do\/index.php\/wp-json\/wp\/v2\/comments?post=57076"}],"version-history":[{"count":1,"href":"https:\/\/lasprimeras.com.do\/index.php\/wp-json\/wp\/v2\/posts\/57076\/revisions"}],"predecessor-version":[{"id":57078,"href":"https:\/\/lasprimeras.com.do\/index.php\/wp-json\/wp\/v2\/posts\/57076\/revisions\/57078"}],"wp:featuredmedia":[{"embeddable":true,"href":"https:\/\/lasprimeras.com.do\/index.php\/wp-json\/wp\/v2\/media\/57077"}],"wp:attachment":[{"href":"https:\/\/lasprimeras.com.do\/index.php\/wp-json\/wp\/v2\/media?parent=57076"}],"wp:term":[{"taxonomy":"category","embeddable":true,"href":"https:\/\/lasprimeras.com.do\/index.php\/wp-json\/wp\/v2\/categories?post=57076"},{"taxonomy":"post_tag","embeddable":true,"href":"https:\/\/lasprimeras.com.do\/index.php\/wp-json\/wp\/v2\/tags?post=57076"}],"curies":[{"name":"wp","href":"https:\/\/api.w.org\/{rel}","templated":true}]}}