{"id":57085,"date":"2023-08-09T06:38:57","date_gmt":"2023-08-09T10:38:57","guid":{"rendered":"https:\/\/lasprimeras.com.do\/?p=57085"},"modified":"2023-08-09T06:38:59","modified_gmt":"2023-08-09T10:38:59","slug":"colegio-medico-ratifica-llamado-a-paro-para-el-jueves-y-el-viernes","status":"publish","type":"post","link":"https:\/\/lasprimeras.com.do\/index.php\/2023\/08\/09\/colegio-medico-ratifica-llamado-a-paro-para-el-jueves-y-el-viernes\/","title":{"rendered":"Colegio M\u00e9dico ratifica llamado a paro para el jueves y el viernes"},"content":{"rendered":"\n<p>El Colegio M\u00e9dico Dominicano (CMD) y el Consejo Nacional de Sociedades M\u00e9dicas Especializadas (Cnsme) ratificaron este martes su llamado a un nuevo paro de labores en los hospitales y cl\u00ednicas el jueves y el viernes de esta semana, en reclamo de una serie de mejoras laborales.<\/p>\n\n\n\n<p>En ambas jornadas \u00abestar\u00e1n suspendidos los servicios de consultas y procedimientos electivos a nivel p\u00fablico y privado en todo el pa\u00eds\u00bb, precisaron ambos gremios en un comunicado, en el que informaron, que al paro se han sumando, adem\u00e1s, los servicios de odontolog\u00eda y psicolog\u00eda.<\/p>\n\n\n\n<p>Los profesionales de la salud lamentaron que el Gobierno, las instituciones de la Seguridad Social y las aseguradoras \u00absigan mostrando una actitud indiferente a los reclamos que estamos haciendo para que la poblaci\u00f3n tenga una mejor cobertura de servicios de salud y a los m\u00e9dicos se les ofrezcan condiciones de trabajo justas y adecuadas\u00bb.<\/p>\n\n\n\n<p>\u00abParecer\u00eda que no les importa mejorar las precariedades con las que trabajan los profesionales de la salud o que la poblaci\u00f3n se quede sin servicios de salud\u00bb, subrayaron en la nota.<\/p>\n\n\n\n<p>Durante la huelga, de acuerdo con la convocatoria, solo se atender\u00e1n las emergencias m\u00e9dicas.<\/p>\n\n\n\n<p>Los m\u00e9dicos piden un aumento de sus honorarios, una mayor cobertura del Plan de Servicios de Salud (PDSS) y la inclusi\u00f3n de la salud mental en este cap\u00edtulo, atenci\u00f3n domiciliaria a envejecientes y discapacitados, as\u00ed como la inclusi\u00f3n de otras especialidades en el cat\u00e1logo de servicios de la seguridad social.<\/p>\n","protected":false},"excerpt":{"rendered":"<p>El Colegio M\u00e9dico Dominicano (CMD) y el Consejo Nacional de Sociedades M\u00e9dicas Especializadas (Cnsme) ratificaron este martes su llamado a un nuevo paro de labores en los hospitales y cl\u00ednicas&hellip;<\/p>\n","protected":false},"author":2,"featured_media":56455,"comment_status":"open","ping_status":"open","sticky":false,"template":"","format":"standard","meta":{"content-type":"","jetpack_post_was_ever_published":false,"_jetpack_newsletter_access":"","_jetpack_dont_email_post_to_subs":false,"_jetpack_newsletter_tier_id":0,"_jetpack_memberships_contains_paywalled_content":false,"_jetpack_memberships_contains_paid_content":false,"footnotes":""},"categories":[25],"tags":[1057,1305,427,1059],"class_list":["post-57085","post","type-post","status-publish","format-standard","has-post-thumbnail","hentry","category-portada","tag-cmd","tag-colegio","tag-medico","tag-paro"],"jetpack_featured_media_url":"https:\/\/lasprimeras.com.do\/wp-content\/uploads\/2023\/08\/Senen-Caba.jpg","jetpack-related-posts":[{"id":50367,"url":"https:\/\/lasprimeras.com.do\/index.php\/2023\/05\/19\/luis-el-gallo-emplaza-cmd-suspenda-paros-y-dialogue-con-hospitales-abiertos\/","url_meta":{"origin":57085,"position":0},"title":"Luis \u201cEl Gallo\u201d emplaza CMD suspenda paros y dialogue con hospitales abiertos","author":"prenxa100","date":"19 de mayo de 2023","format":false,"excerpt":"SANTO DOMINGO.-.El presidente de la Uni\u00f3n Dem\u00f3crata Cristiana, -UDC-, Luis Acosta Moreta, Luis \u201cEl Gallo\u201d, emplaz\u00f3 hoy al Colegio M\u00e9dico Dominicano para que suspenda los llamados a paros en hospitales p\u00fablicos, e inici\u00f3 el camino del di\u00e1logo y la concertaci\u00f3n. El di\u00e1logo, con los hospitales abiertos ofreciendo asistencia, es la\u2026","rel":"","context":"En \u00abPORTADA\u00bb","block_context":{"text":"PORTADA","link":"https:\/\/lasprimeras.com.do\/index.php\/category\/portada\/"},"img":{"alt_text":"","src":"","width":0,"height":0},"classes":[]},{"id":98853,"url":"https:\/\/lasprimeras.com.do\/index.php\/2025\/05\/13\/cmd-deplora-acusaciones-del-ministro-de-saludratifica-paro-miercoles-y-jueves\/","url_meta":{"origin":57085,"position":1},"title":"CMD deplora acusaciones del Ministro de Salud;ratifica paro mi\u00e9rcoles y jueves","author":"Nelson Feliz","date":"13 de mayo de 2025","format":false,"excerpt":"La Junta Directiva Nacional del Colegio M\u00e9dico Dominicano, rechaz\u00f3 el comunicado publicado por el Ministro de Salud P\u00fablica Dr. V\u00edctor Atallah; donde acus\u00f3 a los m\u00e9dicos de que las cancelaciones a estos colegas son como consecuencias, de que no estaban asistiendo a sus puestos de trabajo, o sea de que\u2026","rel":"","context":"En \u00abNACIONALES\u00bb","block_context":{"text":"NACIONALES","link":"https:\/\/lasprimeras.com.do\/index.php\/category\/nacionales\/"},"img":{"alt_text":"","src":"https:\/\/i0.wp.com\/lasprimeras.com.do\/wp-content\/uploads\/2025\/05\/Dra.-Miosotte-Lazala.jpg?resize=350%2C200&ssl=1","width":350,"height":200,"srcset":"https:\/\/i0.wp.com\/lasprimeras.com.do\/wp-content\/uploads\/2025\/05\/Dra.-Miosotte-Lazala.jpg?resize=350%2C200&ssl=1 1x, https:\/\/i0.wp.com\/lasprimeras.com.do\/wp-content\/uploads\/2025\/05\/Dra.-Miosotte-Lazala.jpg?resize=525%2C300&ssl=1 1.5x"},"classes":[]},{"id":58908,"url":"https:\/\/lasprimeras.com.do\/index.php\/2023\/08\/29\/cmd-suspendera-servicios-electivos-en-hospitales\/","url_meta":{"origin":57085,"position":2},"title":"CMD suspender\u00e1 servicios electivos en hospitales","author":"Nelson Feliz","date":"29 de agosto de 2023","format":false,"excerpt":"Sen\u00e9n Caba convoca a paro la pr\u00f3xima semana. El presidente del Colegio M\u00e9dico Dominicano, Rufino Sen\u00e9n Caba, anunci\u00f3 que a partir del lunes 4 de septiembre quedan suspendidos todos los servicios electivos a los pacientes del r\u00e9gimen contributivo que se atiendan en la red p\u00fablica, es decir, todos los pacientes\u2026","rel":"","context":"En \u00abPORTADA\u00bb","block_context":{"text":"PORTADA","link":"https:\/\/lasprimeras.com.do\/index.php\/category\/portada\/"},"img":{"alt_text":"Rufino Senen Caba, presidente del Colegio Medico Dominicano (CMD)JORGE LUIS MART\u00cdNEZ","src":"https:\/\/i0.wp.com\/lasprimeras.com.do\/wp-content\/uploads\/2023\/07\/Rufino-Senen-Caba.jpeg?resize=350%2C200&ssl=1","width":350,"height":200,"srcset":"https:\/\/i0.wp.com\/lasprimeras.com.do\/wp-content\/uploads\/2023\/07\/Rufino-Senen-Caba.jpeg?resize=350%2C200&ssl=1 1x, https:\/\/i0.wp.com\/lasprimeras.com.do\/wp-content\/uploads\/2023\/07\/Rufino-Senen-Caba.jpeg?resize=525%2C300&ssl=1 1.5x"},"classes":[]},{"id":56454,"url":"https:\/\/lasprimeras.com.do\/index.php\/2023\/08\/01\/presidente-del-cmd-anuncian-otro-paro-los-dias-10-y-11-agosto\/","url_meta":{"origin":57085,"position":3},"title":"Presidente del CMD anuncian otro paro los dias 10 y 11 agosto","author":"Nelson Feliz","date":"1 de agosto de 2023","format":false,"excerpt":"Los m\u00e9dicos paralizar\u00e1n los hospitales y las cl\u00ednicas el 10 y el 11 de agosto en reclamo de una serie de mejoras para el sector, anunciaron este martes el Colegio M\u00e9dico Dominicano y el Consejo Nacional de Sociedades M\u00e9dicas Especializadas. Durante la huelga, de acuerdo con la convocatoria, solo se\u2026","rel":"","context":"En \u00abPORTADA\u00bb","block_context":{"text":"PORTADA","link":"https:\/\/lasprimeras.com.do\/index.php\/category\/portada\/"},"img":{"alt_text":"Colegio M\u00e9dico Dominicano","src":"https:\/\/i0.wp.com\/lasprimeras.com.do\/wp-content\/uploads\/2023\/08\/Senen-Caba.jpg?resize=350%2C200&ssl=1","width":350,"height":200,"srcset":"https:\/\/i0.wp.com\/lasprimeras.com.do\/wp-content\/uploads\/2023\/08\/Senen-Caba.jpg?resize=350%2C200&ssl=1 1x, https:\/\/i0.wp.com\/lasprimeras.com.do\/wp-content\/uploads\/2023\/08\/Senen-Caba.jpg?resize=525%2C300&ssl=1 1.5x, https:\/\/i0.wp.com\/lasprimeras.com.do\/wp-content\/uploads\/2023\/08\/Senen-Caba.jpg?resize=700%2C400&ssl=1 2x"},"classes":[]},{"id":91195,"url":"https:\/\/lasprimeras.com.do\/index.php\/2024\/11\/13\/cmd-no-logra-acuerdo-con-abinader-no-descartan-llamado-a-paro\/","url_meta":{"origin":57085,"position":4},"title":"CMD no logra acuerdo con Abinader; no descartan llamado a paro","author":"Nelson Feliz","date":"13 de noviembre de 2024","format":false,"excerpt":"El presidente del Colegio M\u00e9dico Dominicano (CMD) Waldo Ariel Suero, inform\u00f3 que ese entidad y el Gobierno no llegaron a un acuerdo con relaci\u00f3n a su propuesta de aumento salarial de un 70 % a los m\u00e9dicos pensionados del SNS, MSP, Conape, Hospitales de Autogesti\u00f3n, 911, Legistas, Administrativos, entre otros.\u2026","rel":"","context":"En \u00abNACIONALES\u00bb","block_context":{"text":"NACIONALES","link":"https:\/\/lasprimeras.com.do\/index.php\/category\/nacionales\/"},"img":{"alt_text":"Waldo Ariel Suero","src":"https:\/\/i0.wp.com\/lasprimeras.com.do\/wp-content\/uploads\/2024\/06\/Waldo-Ariel-Suero-1-1.jpg?resize=350%2C200&ssl=1","width":350,"height":200,"srcset":"https:\/\/i0.wp.com\/lasprimeras.com.do\/wp-content\/uploads\/2024\/06\/Waldo-Ariel-Suero-1-1.jpg?resize=350%2C200&ssl=1 1x, https:\/\/i0.wp.com\/lasprimeras.com.do\/wp-content\/uploads\/2024\/06\/Waldo-Ariel-Suero-1-1.jpg?resize=525%2C300&ssl=1 1.5x"},"classes":[]},{"id":49378,"url":"https:\/\/lasprimeras.com.do\/index.php\/2023\/05\/10\/cmd-convoca-paro-por-5-dias-desde-este-jueves-en-hospital-antonio-musa-de-spm\/","url_meta":{"origin":57085,"position":5},"title":"CMD convoca paro por 5 d\u00edas desde este jueves en hospital Antonio Musa de SPM","author":"prenxa100","date":"10 de mayo de 2023","format":false,"excerpt":"San Pedro de Macoris.-. La filial del Colegio M\u00e9dico Dominicano en San Pedro de Macor\u00eds, anunci\u00f3 un paro de labores desde este jueves en el hospital regional Dr. Antonio Musa debido a las precarias condiciones que presenta ese centro de salud. La doctora Elsa Herrera, presidenta de la filial del\u2026","rel":"","context":"En \u00abPORTADA\u00bb","block_context":{"text":"PORTADA","link":"https:\/\/lasprimeras.com.do\/index.php\/category\/portada\/"},"img":{"alt_text":"","src":"","width":0,"height":0},"classes":[]}],"jetpack_sharing_enabled":true,"_links":{"self":[{"href":"https:\/\/lasprimeras.com.do\/index.php\/wp-json\/wp\/v2\/posts\/57085","targetHints":{"allow":["GET"]}}],"collection":[{"href":"https:\/\/lasprimeras.com.do\/index.php\/wp-json\/wp\/v2\/posts"}],"about":[{"href":"https:\/\/lasprimeras.com.do\/index.php\/wp-json\/wp\/v2\/types\/post"}],"author":[{"embeddable":true,"href":"https:\/\/lasprimeras.com.do\/index.php\/wp-json\/wp\/v2\/users\/2"}],"replies":[{"embeddable":true,"href":"https:\/\/lasprimeras.com.do\/index.php\/wp-json\/wp\/v2\/comments?post=57085"}],"version-history":[{"count":1,"href":"https:\/\/lasprimeras.com.do\/index.php\/wp-json\/wp\/v2\/posts\/57085\/revisions"}],"predecessor-version":[{"id":57086,"href":"https:\/\/lasprimeras.com.do\/index.php\/wp-json\/wp\/v2\/posts\/57085\/revisions\/57086"}],"wp:featuredmedia":[{"embeddable":true,"href":"https:\/\/lasprimeras.com.do\/index.php\/wp-json\/wp\/v2\/media\/56455"}],"wp:attachment":[{"href":"https:\/\/lasprimeras.com.do\/index.php\/wp-json\/wp\/v2\/media?parent=57085"}],"wp:term":[{"taxonomy":"category","embeddable":true,"href":"https:\/\/lasprimeras.com.do\/index.php\/wp-json\/wp\/v2\/categories?post=57085"},{"taxonomy":"post_tag","embeddable":true,"href":"https:\/\/lasprimeras.com.do\/index.php\/wp-json\/wp\/v2\/tags?post=57085"}],"curies":[{"name":"wp","href":"https:\/\/api.w.org\/{rel}","templated":true}]}}