{"id":57110,"date":"2023-08-09T08:58:37","date_gmt":"2023-08-09T12:58:37","guid":{"rendered":"https:\/\/lasprimeras.com.do\/?p=57110"},"modified":"2023-08-09T08:58:38","modified_gmt":"2023-08-09T12:58:38","slug":"solo-dos-aspirantes-alcalde-con-posibilidad-de-triunfo-en-el-prm-dio-astacio-y-manuel-jimenez","status":"publish","type":"post","link":"https:\/\/lasprimeras.com.do\/index.php\/2023\/08\/09\/solo-dos-aspirantes-alcalde-con-posibilidad-de-triunfo-en-el-prm-dio-astacio-y-manuel-jimenez\/","title":{"rendered":"Solo dos aspirantes Alcalde con posibilidad de triunfo en el PRM, Dio Astacio y Manuel Jim\u00e9nez"},"content":{"rendered":"\n<p>El pr\u00f3ximo mes de octubre se sepultar\u00e1 el estado de agon\u00eda que vive el Municipio Santo Domingo Este, por la obtenci\u00f3n de candidaturas a regidores, diputados y senadores.-<\/p>\n\n\n\n<p>En lo relacionado con las candidaturas a la Alcald\u00eda de Santo Domingo Este, la correlaci\u00f3n de fuerza por las candidaturas a la Alcald\u00eda, descansa en dos aspirantes, el actual Alcalde Manuel Jim\u00e9nez, qui\u00e9n maneja una n\u00f3mina de cientos de personas, pero no obstante a eso, las Encuestas lo colocan en un tercer lugar, por lo que no se puede subestimar, en cambio, el Pastor Dio Astacio, a qui\u00e9n todas las Encuestas lo colocan como el actual ganador de la venidera Convenci\u00f3n, a celebrarse en el mes de octubre.-, garantiza la victoria frente a la oposici\u00f3n.-<\/p>\n\n\n\n<p>Los dem\u00e1s aspirantes, deben tomar conciencia, por el bien de su partido, revolucionario moderno, retirando sus aspiraciones, apoyando al de su preferencia o negociando con el que entiendas puedas brindar su apoyo, pero \u00e9sa es la realidad en los actuales momentos.-<\/p>\n\n\n\n<p>En otro escenario, el Partido Revolucionario Moderno, P. R. M., no puedes darse el lujo de perder la plaza m\u00e1s importante del pa\u00eds, nos referimos a seleccionar al actual Alcalde Manuel Jim\u00e9nez, porque podr\u00eda darse el caso de qu\u00e9 Manuel Jim\u00e9nez, a lo interno del partido, pero de seguro que pierdes de la oposici\u00f3n.-<\/p>\n\n\n\n<p>En el caso de ganar el Pastor Dio Astacio, no hay forma alguna de que el Partido Revolucionario Moderno, puedas perder unas elecciones en este Municipio.-<\/p>\n\n\n\n<p>Estas reflexiones van en direcci\u00f3n a los responsables directos de decidir la suerte de mantener en el poder municipal al partido revolucionario moderno, que son los votantes en el certamen convencional que se avecina.<\/p>\n\n\n\n<p>La suerte est\u00e1 fechada, enhorabuena perremeistas con responsabilidad de decisi\u00f3n.-<\/p>\n","protected":false},"excerpt":{"rendered":"<p>El pr\u00f3ximo mes de octubre se sepultar\u00e1 el estado de agon\u00eda que vive el Municipio Santo Domingo Este, por la obtenci\u00f3n de candidaturas a regidores, diputados y senadores.- En lo&hellip;<\/p>\n","protected":false},"author":2,"featured_media":57111,"comment_status":"open","ping_status":"open","sticky":false,"template":"","format":"standard","meta":{"content-type":"","jetpack_post_was_ever_published":false,"_jetpack_newsletter_access":"","_jetpack_dont_email_post_to_subs":false,"_jetpack_newsletter_tier_id":0,"_jetpack_memberships_contains_paywalled_content":false,"_jetpack_memberships_contains_paid_content":false,"footnotes":""},"categories":[1],"tags":[161,2098,5987,196,5988,31,1413],"class_list":["post-57110","post","type-post","status-publish","format-standard","has-post-thumbnail","hentry","category-sin-categoria","tag-alcalde","tag-aspirantes","tag-dio-astacio","tag-manuel-jimenez","tag-posibilidad","tag-prm","tag-triunfo"],"jetpack_featured_media_url":"https:\/\/lasprimeras.com.do\/wp-content\/uploads\/2023\/08\/PRM-1.jpg","jetpack-related-posts":[{"id":61950,"url":"https:\/\/lasprimeras.com.do\/index.php\/2023\/10\/02\/prm-castiga-a-manuel-jimenez-y-escoge-a-dio-astacio-para-alcaldia-de-santo-domingo-este\/","url_meta":{"origin":57110,"position":0},"title":"PRM castiga a Manuel Jim\u00e9nez y escoge a D\u00edo Astacio para alcald\u00eda de Santo Domingo Este","author":"BIMARY DE JES\u00daS Matos","date":"2 de octubre de 2023","format":false,"excerpt":"Santo Domingo.-Las elecciones internas del Partido Revolucionario Moderno (PRM), realizadas ayer en el territorio dominicano para elegir a los candidatos que intentar\u00e1n obtener las curules en los pr\u00f3ximos comicios de 2024, establecieron una diferencia ante las encuestas difundidas en los \u00faltimos d\u00edas. Entre los aspirantes electorales que desde antes de\u2026","rel":"","context":"En \u00abPORTADA\u00bb","block_context":{"text":"PORTADA","link":"https:\/\/lasprimeras.com.do\/index.php\/category\/portada\/"},"img":{"alt_text":"","src":"https:\/\/i0.wp.com\/lasprimeras.com.do\/wp-content\/uploads\/2023\/10\/WhatsApp-Image-2023-09-28-at-11.50.30-PM-1-6.jpeg?resize=350%2C200&ssl=1","width":350,"height":200,"srcset":"https:\/\/i0.wp.com\/lasprimeras.com.do\/wp-content\/uploads\/2023\/10\/WhatsApp-Image-2023-09-28-at-11.50.30-PM-1-6.jpeg?resize=350%2C200&ssl=1 1x, https:\/\/i0.wp.com\/lasprimeras.com.do\/wp-content\/uploads\/2023\/10\/WhatsApp-Image-2023-09-28-at-11.50.30-PM-1-6.jpeg?resize=525%2C300&ssl=1 1.5x, https:\/\/i0.wp.com\/lasprimeras.com.do\/wp-content\/uploads\/2023\/10\/WhatsApp-Image-2023-09-28-at-11.50.30-PM-1-6.jpeg?resize=700%2C400&ssl=1 2x"},"classes":[]},{"id":76711,"url":"https:\/\/lasprimeras.com.do\/index.php\/2024\/02\/13\/kalil-michel-dice-que-dio-astacio-ganara-elecciones-en-santo-domingo-este\/","url_meta":{"origin":57110,"position":1},"title":"Kalil Michel dice que D\u00edo Astacio ganar\u00e1 elecciones en Santo Domingo Este","author":"Nelson Feliz","date":"13 de febrero de 2024","format":false,"excerpt":"El reconocido arquitecto y urbanista Kalil Michel afirm\u00f3 que D\u00edo Astacio ganar\u00e1 la candidatura a la Alcald\u00eda por Santo Domingo Este, pese a la falta de apoyo por parte del alcalde Manuel Jim\u00e9nez. Michel critic\u00f3 la acci\u00f3n del actual alcalde del municipio, quien se pronunci\u00f3 con un \u201cllamado a la\u2026","rel":"","context":"En \u00abSin categor\u00eda\u00bb","block_context":{"text":"Sin categor\u00eda","link":"https:\/\/lasprimeras.com.do\/index.php\/category\/sin-categoria\/"},"img":{"alt_text":"Kalil Michel","src":"https:\/\/i0.wp.com\/lasprimeras.com.do\/wp-content\/uploads\/2024\/02\/Kalil-Michel.jpg?resize=350%2C200&ssl=1","width":350,"height":200,"srcset":"https:\/\/i0.wp.com\/lasprimeras.com.do\/wp-content\/uploads\/2024\/02\/Kalil-Michel.jpg?resize=350%2C200&ssl=1 1x, https:\/\/i0.wp.com\/lasprimeras.com.do\/wp-content\/uploads\/2024\/02\/Kalil-Michel.jpg?resize=525%2C300&ssl=1 1.5x"},"classes":[]},{"id":57104,"url":"https:\/\/lasprimeras.com.do\/index.php\/2023\/08\/09\/adan-peguero-encabeza-sde-con-un-43-4-ratifica-solucionara-problemas-de-basura-y-ruido\/","url_meta":{"origin":57110,"position":2},"title":"Ad\u00e1n Peguero encabeza SDE con un 43.4%; ratifica solucionar\u00e1 problemas de basura y ruido","author":"Nelson Feliz","date":"9 de agosto de 2023","format":false,"excerpt":"El aspirante a la alcald\u00eda del municipio Santo Domingo Este (SDE), por el Partido Revolucionario Moderno (PRM), Ad\u00e1n Peguero, encabeza la preferencia del electorado con un 43. 4%, seguido del actual alcalde Manuel Jim\u00e9nez con un 27.1%, Dio Astacio con un 20.8% y Jos\u00e9 Bertico Santana con un 8.7%, seg\u00fan\u2026","rel":"","context":"En \u00abPORTADA\u00bb","block_context":{"text":"PORTADA","link":"https:\/\/lasprimeras.com.do\/index.php\/category\/portada\/"},"img":{"alt_text":"Adan Peguero","src":"https:\/\/i0.wp.com\/lasprimeras.com.do\/wp-content\/uploads\/2023\/08\/Adan-Peguero.jpeg?resize=350%2C200&ssl=1","width":350,"height":200,"srcset":"https:\/\/i0.wp.com\/lasprimeras.com.do\/wp-content\/uploads\/2023\/08\/Adan-Peguero.jpeg?resize=350%2C200&ssl=1 1x, https:\/\/i0.wp.com\/lasprimeras.com.do\/wp-content\/uploads\/2023\/08\/Adan-Peguero.jpeg?resize=525%2C300&ssl=1 1.5x, https:\/\/i0.wp.com\/lasprimeras.com.do\/wp-content\/uploads\/2023\/08\/Adan-Peguero.jpeg?resize=700%2C400&ssl=1 2x"},"classes":[]},{"id":61892,"url":"https:\/\/lasprimeras.com.do\/index.php\/2023\/10\/01\/dio-astacio-toma-delantera-de-votos-en-sde-y-manuel-jimenez-esta-en-el-ultimo-lugar\/","url_meta":{"origin":57110,"position":3},"title":"Dio Astacio toma delantera de votos en SDE y Manuel Jim\u00e9nez est\u00e1 en el \u00faltimo lugar","author":"Nelson Feliz","date":"1 de octubre de 2023","format":false,"excerpt":"Astacio busca ser el candidato a la alcald\u00eda del partido oficialista en SDE tras el pasado mes de marzo renunciar al cargo como titular del Consejo de Gesti\u00f3n Presidencial. El coordinador general del Gabinete de la Familia del Poder Ejecutivo, el pastor Dio Astacio, tom\u00f3 la delantera de los votos\u2026","rel":"","context":"En \u00abPORTADA\u00bb","block_context":{"text":"PORTADA","link":"https:\/\/lasprimeras.com.do\/index.php\/category\/portada\/"},"img":{"alt_text":"Dio Astacio","src":"https:\/\/i0.wp.com\/lasprimeras.com.do\/wp-content\/uploads\/2023\/10\/Dio-Astacio.jpeg?resize=350%2C200&ssl=1","width":350,"height":200,"srcset":"https:\/\/i0.wp.com\/lasprimeras.com.do\/wp-content\/uploads\/2023\/10\/Dio-Astacio.jpeg?resize=350%2C200&ssl=1 1x, https:\/\/i0.wp.com\/lasprimeras.com.do\/wp-content\/uploads\/2023\/10\/Dio-Astacio.jpeg?resize=525%2C300&ssl=1 1.5x, https:\/\/i0.wp.com\/lasprimeras.com.do\/wp-content\/uploads\/2023\/10\/Dio-Astacio.jpeg?resize=700%2C400&ssl=1 2x"},"classes":[]},{"id":57721,"url":"https:\/\/lasprimeras.com.do\/index.php\/2023\/08\/15\/precandidata-a-regidora-abandona-equipo-de-dio-astacio-para-apoyar-a-manuel-jimenez\/","url_meta":{"origin":57110,"position":4},"title":"Precandidata a regidora abandona equipo de Dio Astacio para apoyar a Manuel Jim\u00e9nez","author":"Nelson Feliz","date":"15 de agosto de 2023","format":false,"excerpt":"La precandidata a regidora por el Partido Revolucionario Moderno (PRM), Elizabeth Mazara, anunci\u00f3 su decisi\u00f3n de retirarse del equipo de Dio Astacio para respaldar la continuidad de Manuel Jim\u00e9nez frente al Ayuntamiento de Santo Domingo Este. La doctora Elizabeth Mazara hizo el anuncio durante un encuentro de su equipo de\u2026","rel":"","context":"En \u00abPORTADA\u00bb","block_context":{"text":"PORTADA","link":"https:\/\/lasprimeras.com.do\/index.php\/category\/portada\/"},"img":{"alt_text":"Manuel Jimenez","src":"https:\/\/i0.wp.com\/lasprimeras.com.do\/wp-content\/uploads\/2023\/08\/Manuel-Jimenez.jpg?resize=350%2C200&ssl=1","width":350,"height":200,"srcset":"https:\/\/i0.wp.com\/lasprimeras.com.do\/wp-content\/uploads\/2023\/08\/Manuel-Jimenez.jpg?resize=350%2C200&ssl=1 1x, https:\/\/i0.wp.com\/lasprimeras.com.do\/wp-content\/uploads\/2023\/08\/Manuel-Jimenez.jpg?resize=525%2C300&ssl=1 1.5x, https:\/\/i0.wp.com\/lasprimeras.com.do\/wp-content\/uploads\/2023\/08\/Manuel-Jimenez.jpg?resize=700%2C400&ssl=1 2x"},"classes":[]},{"id":71578,"url":"https:\/\/lasprimeras.com.do\/index.php\/2023\/12\/21\/sector-externo-sde-del-prm-se-unifica-en-torno-a-la-candidaturas-de-dio-astacio-y-abinader\/","url_meta":{"origin":57110,"position":5},"title":"Sector Externo SDE del PRM se unifica en torno a la candidaturas de D\u00edo Astacio y Abinader","author":"Nelson Feliz","date":"21 de diciembre de 2023","format":false,"excerpt":"El Sector Externo SDE del Partido Revolucionario Moderno (PRM) reuni\u00f3 a los coordinadores generales de los precandidatos de la pasada convenci\u00f3n, unificando fuerzas en torno al pastor D\u00edo Astacio, candidato a la alcald\u00eda de este municipio, garantiza la retenci\u00f3n de esta plaza en las pr\u00f3ximas elecciones municipales en febrero y\u2026","rel":"","context":"En \u00abSin categor\u00eda\u00bb","block_context":{"text":"Sin categor\u00eda","link":"https:\/\/lasprimeras.com.do\/index.php\/category\/sin-categoria\/"},"img":{"alt_text":"Sector Externo SDE","src":"https:\/\/i0.wp.com\/lasprimeras.com.do\/wp-content\/uploads\/2023\/12\/Sector-Externo-SDE.jpg?resize=350%2C200&ssl=1","width":350,"height":200,"srcset":"https:\/\/i0.wp.com\/lasprimeras.com.do\/wp-content\/uploads\/2023\/12\/Sector-Externo-SDE.jpg?resize=350%2C200&ssl=1 1x, https:\/\/i0.wp.com\/lasprimeras.com.do\/wp-content\/uploads\/2023\/12\/Sector-Externo-SDE.jpg?resize=525%2C300&ssl=1 1.5x, https:\/\/i0.wp.com\/lasprimeras.com.do\/wp-content\/uploads\/2023\/12\/Sector-Externo-SDE.jpg?resize=700%2C400&ssl=1 2x"},"classes":[]}],"jetpack_sharing_enabled":true,"_links":{"self":[{"href":"https:\/\/lasprimeras.com.do\/index.php\/wp-json\/wp\/v2\/posts\/57110","targetHints":{"allow":["GET"]}}],"collection":[{"href":"https:\/\/lasprimeras.com.do\/index.php\/wp-json\/wp\/v2\/posts"}],"about":[{"href":"https:\/\/lasprimeras.com.do\/index.php\/wp-json\/wp\/v2\/types\/post"}],"author":[{"embeddable":true,"href":"https:\/\/lasprimeras.com.do\/index.php\/wp-json\/wp\/v2\/users\/2"}],"replies":[{"embeddable":true,"href":"https:\/\/lasprimeras.com.do\/index.php\/wp-json\/wp\/v2\/comments?post=57110"}],"version-history":[{"count":1,"href":"https:\/\/lasprimeras.com.do\/index.php\/wp-json\/wp\/v2\/posts\/57110\/revisions"}],"predecessor-version":[{"id":57112,"href":"https:\/\/lasprimeras.com.do\/index.php\/wp-json\/wp\/v2\/posts\/57110\/revisions\/57112"}],"wp:featuredmedia":[{"embeddable":true,"href":"https:\/\/lasprimeras.com.do\/index.php\/wp-json\/wp\/v2\/media\/57111"}],"wp:attachment":[{"href":"https:\/\/lasprimeras.com.do\/index.php\/wp-json\/wp\/v2\/media?parent=57110"}],"wp:term":[{"taxonomy":"category","embeddable":true,"href":"https:\/\/lasprimeras.com.do\/index.php\/wp-json\/wp\/v2\/categories?post=57110"},{"taxonomy":"post_tag","embeddable":true,"href":"https:\/\/lasprimeras.com.do\/index.php\/wp-json\/wp\/v2\/tags?post=57110"}],"curies":[{"name":"wp","href":"https:\/\/api.w.org\/{rel}","templated":true}]}}