{"id":57113,"date":"2023-08-09T10:37:04","date_gmt":"2023-08-09T14:37:04","guid":{"rendered":"https:\/\/lasprimeras.com.do\/?p=57113"},"modified":"2023-08-09T10:37:05","modified_gmt":"2023-08-09T14:37:05","slug":"sntp-sde-llama-a-sus-miembros-a-participar-masivamente-en-elecciones-del-proximo-viernes-11-de-agosto","status":"publish","type":"post","link":"https:\/\/lasprimeras.com.do\/index.php\/2023\/08\/09\/sntp-sde-llama-a-sus-miembros-a-participar-masivamente-en-elecciones-del-proximo-viernes-11-de-agosto\/","title":{"rendered":"SNTP &#8211; SDE llama a sus miembros a participar masivamente en elecciones del pr\u00f3ximo viernes 11 de agosto"},"content":{"rendered":"\n<p>La filial Santo Domingo Este del Sindicato Nacional de Trabajadores de la Prensa SNTP-SDE hizo un llamado a todos sus miembros a participar masivamente en el proceso eleccionario con el que se elegir\u00e1n la nueva directiva que dirigir\u00e1 los destinos de ese gremio para el periodo 2023-2025.<\/p>\n\n\n\n<p>Las votaciones se estar\u00e1n llevando a cabo en el sal\u00f3n de actos de la iglesia Paz y Bien, ubicada en la avenida Sabana Larga, casi esquina avenida Las Am\u00e9ricas de ese municipio el pr\u00f3ximo viernes 11 de agosto de 8:00 de la ma\u00f1ana a 5:00 de la tarde.<\/p>\n\n\n\n<p>En ese sentido la actual directiva que encabeza el periodista Wilson Guerrero hizo \u00e9nfasis en la importancia de que los periodistas, comunicadores y trabajadores de la prensa de esa demarcaci\u00f3n se integren de manera masiva a elegir a las nuevas autoridades, y con ello contribuir al fortalecimiento institucional del gremio.<\/p>\n\n\n\n<p>\u201cCreemos que es de vital importancia que todos nuestros agremiados digan presente el pr\u00f3ximo viernes, y con su voto contribuyan con la selecci\u00f3n de los hombres y mujeres que han de dirigir los destinos de nuestra entidad durante los pr\u00f3ximos dos a\u00f1os, en procura de mejorar y adecentar el ejercicio period\u00edstico en el municipio m\u00e1s grande que tiene la Republica Dominicana\u201d, recalc\u00f3 Guerrero.<\/p>\n\n\n\n<p>Las votaciones se estar\u00e1n realizando simult\u00e1neamente en la filial nacional, asi como en las dem\u00e1s filiales que del Sindicato Nacional de Trabajadores de la Prensa funcionan en las provincias del interior del pa\u00eds.<\/p>\n\n\n\n<p>Durante los 2 a\u00f1os en que la actual directiva que encabeza Wilson Guerrero acompa\u00f1ado de un grupo de connotados periodistas y comunicadores de Santo Domingo Este, se han desarrollado una serie de actividades formativas, educativas y recreativas en favor de todos sus miembros.<\/p>\n\n\n\n<p>En ese sentido han sido realizados, talleres, charlas, conferencias y actividades educativas y deportivas.<\/p>\n","protected":false},"excerpt":{"rendered":"<p>La filial Santo Domingo Este del Sindicato Nacional de Trabajadores de la Prensa SNTP-SDE hizo un llamado a todos sus miembros a participar masivamente en el proceso eleccionario con el&hellip;<\/p>\n","protected":false},"author":2,"featured_media":57114,"comment_status":"open","ping_status":"open","sticky":false,"template":"","format":"standard","meta":{"content-type":"","jetpack_post_was_ever_published":false,"_jetpack_newsletter_access":"","_jetpack_dont_email_post_to_subs":false,"_jetpack_newsletter_tier_id":0,"_jetpack_memberships_contains_paywalled_content":false,"_jetpack_memberships_contains_paid_content":false,"footnotes":""},"categories":[35],"tags":[182,475,1570,5989],"class_list":["post-57113","post","type-post","status-publish","format-standard","has-post-thumbnail","hentry","category-nacionales","tag-elecciones","tag-miembros","tag-santo-domingo-este","tag-sntp"],"jetpack_featured_media_url":"https:\/\/lasprimeras.com.do\/wp-content\/uploads\/2023\/08\/Logo-filia.jpeg","jetpack-related-posts":[{"id":57456,"url":"https:\/\/lasprimeras.com.do\/index.php\/2023\/08\/12\/wilson-guerrero-continuara-dirigiendo-los-destinos-de-la-filial-sntp-sde\/","url_meta":{"origin":57113,"position":0},"title":"Wilson Guerrero continuar\u00e1 dirigiendo los destinos de la filial SNTP-SDE","author":"Nelson Feliz","date":"12 de agosto de 2023","format":false,"excerpt":"Guerrero juntos otros integrantes de la plancha de consenso fueron reelecto durante una masiva votaci\u00f3n en las elecciones efectuada este viernes. Durante una masiva votaci\u00f3n efectuada \u00e9ste viernes 11 de agosto, el actual secretario general de la filial Santo Domingo Este del Sindicato Nacional de Trabajadores de la Prensa (SNTP-SDE),\u2026","rel":"","context":"En \u00abNACIONALES\u00bb","block_context":{"text":"NACIONALES","link":"https:\/\/lasprimeras.com.do\/index.php\/category\/nacionales\/"},"img":{"alt_text":"","src":"https:\/\/i0.wp.com\/lasprimeras.com.do\/wp-content\/uploads\/2023\/08\/sntp-sde-1.jpg?resize=350%2C200&ssl=1","width":350,"height":200,"srcset":"https:\/\/i0.wp.com\/lasprimeras.com.do\/wp-content\/uploads\/2023\/08\/sntp-sde-1.jpg?resize=350%2C200&ssl=1 1x, https:\/\/i0.wp.com\/lasprimeras.com.do\/wp-content\/uploads\/2023\/08\/sntp-sde-1.jpg?resize=525%2C300&ssl=1 1.5x, https:\/\/i0.wp.com\/lasprimeras.com.do\/wp-content\/uploads\/2023\/08\/sntp-sde-1.jpg?resize=700%2C400&ssl=1 2x"},"classes":[]},{"id":107022,"url":"https:\/\/lasprimeras.com.do\/index.php\/2025\/08\/22\/directiva-electa-del-sntp-sde-realiza-misa-de-accion-de-gracias-por-el-triunfo-obtenido-de-dario-manon\/","url_meta":{"origin":57113,"position":1},"title":"Directiva electa del SNTP-SDE realiza &#8220;Misa de Acci\u00f3n de Gracias&#8221; por el triunfo obtenido de Dar\u00edo Ma\u00f1\u00f3n","author":"Nelson Feliz","date":"22 de agosto de 2025","format":false,"excerpt":"Durante el acto religioso efectuado en la iglesia Paz y Bien de la avenida Sabana Larga, el secretario general electo Dar\u00edo Ma\u00f1\u00f3n, expres\u00f3 su gratitud y compromiso con los profesionales de la prensa. El Sindicato Nacional de Trabajadores de la Prensa filial Santo Domingo Este, (SNTP-SDE) llev\u00f3 a cabo con\u2026","rel":"","context":"En \u00abNACIONALES\u00bb","block_context":{"text":"NACIONALES","link":"https:\/\/lasprimeras.com.do\/index.php\/category\/nacionales\/"},"img":{"alt_text":"","src":"https:\/\/i0.wp.com\/lasprimeras.com.do\/wp-content\/uploads\/2025\/08\/Directiva-electa-1.jpg?resize=350%2C200&ssl=1","width":350,"height":200,"srcset":"https:\/\/i0.wp.com\/lasprimeras.com.do\/wp-content\/uploads\/2025\/08\/Directiva-electa-1.jpg?resize=350%2C200&ssl=1 1x, https:\/\/i0.wp.com\/lasprimeras.com.do\/wp-content\/uploads\/2025\/08\/Directiva-electa-1.jpg?resize=525%2C300&ssl=1 1.5x, https:\/\/i0.wp.com\/lasprimeras.com.do\/wp-content\/uploads\/2025\/08\/Directiva-electa-1.jpg?resize=700%2C400&ssl=1 2x"},"classes":[]},{"id":106510,"url":"https:\/\/lasprimeras.com.do\/index.php\/2025\/08\/16\/periodista-dario-manon-gana-de-manera-arrolladora-secretaria-general-del-sntp-sde\/","url_meta":{"origin":57113,"position":2},"title":"Periodista Dar\u00edo Ma\u00f1\u00f3n gana de manera arrolladora secretar\u00eda general del SNTP-SDE","author":"Nelson Feliz","date":"16 de agosto de 2025","format":false,"excerpt":"El destacado periodista Dar\u00edo Ma\u00f1\u00f3n result\u00f3 electo secretario general de la filial durante las elecciones efectuada este viernes en el municipio Santo Domingo Este . Ma\u00f1\u00f3n, quien encabez\u00f3 la plancha n\u00famero 2 gan\u00f3 de manera arrolladora los comicios obteniendo 61 votos de un total de 97 votos emitidos, lo que\u2026","rel":"","context":"En \u00abNACIONALES\u00bb","block_context":{"text":"NACIONALES","link":"https:\/\/lasprimeras.com.do\/index.php\/category\/nacionales\/"},"img":{"alt_text":"Dario Ma\u00f1on y Manuel Agramonte","src":"https:\/\/i0.wp.com\/lasprimeras.com.do\/wp-content\/uploads\/2025\/08\/Dario-Manon-y-Manuel-Agramonte.jpg?resize=350%2C200&ssl=1","width":350,"height":200,"srcset":"https:\/\/i0.wp.com\/lasprimeras.com.do\/wp-content\/uploads\/2025\/08\/Dario-Manon-y-Manuel-Agramonte.jpg?resize=350%2C200&ssl=1 1x, https:\/\/i0.wp.com\/lasprimeras.com.do\/wp-content\/uploads\/2025\/08\/Dario-Manon-y-Manuel-Agramonte.jpg?resize=525%2C300&ssl=1 1.5x, https:\/\/i0.wp.com\/lasprimeras.com.do\/wp-content\/uploads\/2025\/08\/Dario-Manon-y-Manuel-Agramonte.jpg?resize=700%2C400&ssl=1 2x"},"classes":[]},{"id":83440,"url":"https:\/\/lasprimeras.com.do\/index.php\/2024\/05\/16\/wilson-guerrero-llama-a-miembros-del-sntp-sde-a-acudir-de-manera-masiva-a-ejercer-su-derecho-al-voto\/","url_meta":{"origin":57113,"position":3},"title":"Wilson Guerrero llama a miembros del SNTP-SDE a acudir de manera masiva a ejercer su derecho al voto","author":"Nelson Feliz","date":"16 de mayo de 2024","format":false,"excerpt":"De igual manera les exhorta a cubrir las incidencias del proceso electoral apegados a la \u00e9tica. El Secretario general de la filial del Sindicato Nacional de miembros del SNTP-SDE, Wilson Guerrero, llam\u00f3 a los periodistas y comunicadores del municipio Santo Domingo Este que cubren las incidencias del pr\u00f3ximo proceso electoral\u2026","rel":"","context":"En \u00abNACIONALES\u00bb","block_context":{"text":"NACIONALES","link":"https:\/\/lasprimeras.com.do\/index.php\/category\/nacionales\/"},"img":{"alt_text":"Wilson Guerrero","src":"https:\/\/i0.wp.com\/lasprimeras.com.do\/wp-content\/uploads\/2024\/03\/Wilson-Guerrero-1.jpg?resize=350%2C200&ssl=1","width":350,"height":200,"srcset":"https:\/\/i0.wp.com\/lasprimeras.com.do\/wp-content\/uploads\/2024\/03\/Wilson-Guerrero-1.jpg?resize=350%2C200&ssl=1 1x, https:\/\/i0.wp.com\/lasprimeras.com.do\/wp-content\/uploads\/2024\/03\/Wilson-Guerrero-1.jpg?resize=525%2C300&ssl=1 1.5x"},"classes":[]},{"id":92502,"url":"https:\/\/lasprimeras.com.do\/index.php\/2025\/01\/05\/sntp-sde-lamenta-fallecimiento-de-fernando-manon-hermano-de-dario-manon\/","url_meta":{"origin":57113,"position":4},"title":"SNTP-SDE lamenta fallecimiento de Fernando Ma\u00f1\u00f3n hermano de Dar\u00edo Ma\u00f1on","author":"Nelson Feliz","date":"5 de enero de 2025","format":false,"excerpt":"Los miembros del Sindicato Nacional de Trabajadores de la Prensa (SNTP-SDE), lamentan profundamente el fallecimiento, del se\u00f1or Fernando Ma\u00f1\u00f3n Henr\u00edquez, hermano mayor de Dar\u00edo Ma\u00f1on, quien es el actual Tesorero de esa entidad. El secretario general de la instituci\u00f3n que agrupa a los trabajadores de la prensa en este municipio,\u2026","rel":"","context":"En \u00abNACIONALES\u00bb","block_context":{"text":"NACIONALES","link":"https:\/\/lasprimeras.com.do\/index.php\/category\/nacionales\/"},"img":{"alt_text":"Fernando Ma\u00f1\u00f3n Henr\u00edquez","src":"https:\/\/i0.wp.com\/lasprimeras.com.do\/wp-content\/uploads\/2025\/01\/Fernando-Manon-Henriquez.jpg?resize=350%2C200&ssl=1","width":350,"height":200},"classes":[]},{"id":126774,"url":"https:\/\/lasprimeras.com.do\/index.php\/2026\/04\/05\/sntp-sde-felicita-a-todos-los-periodistas-en-su-dia\/","url_meta":{"origin":57113,"position":5},"title":"SNTP-SDE felicita a todos los periodistas en su d\u00eda","author":"Nelson Feliz","date":"5 de abril de 2026","format":false,"excerpt":"La filial SNTP-SDE del Sindicato Nacional de Trabajadores de la Prensa (SNTP) felicita a todos los periodistas dominicanos en su d\u00eda. Hoy 5 de abril, D\u00eda del Periodista, reconocemos la labor de los profesionales de la comunicaci\u00f3n que d\u00eda a d\u00eda trabajan para llevar la verdad y la informaci\u00f3n a\u2026","rel":"","context":"En \u00abNACIONALES\u00bb","block_context":{"text":"NACIONALES","link":"https:\/\/lasprimeras.com.do\/index.php\/category\/nacionales\/"},"img":{"alt_text":"","src":"https:\/\/i0.wp.com\/lasprimeras.com.do\/wp-content\/uploads\/2025\/10\/Dario-Manon.jpg?resize=350%2C200&ssl=1","width":350,"height":200,"srcset":"https:\/\/i0.wp.com\/lasprimeras.com.do\/wp-content\/uploads\/2025\/10\/Dario-Manon.jpg?resize=350%2C200&ssl=1 1x, https:\/\/i0.wp.com\/lasprimeras.com.do\/wp-content\/uploads\/2025\/10\/Dario-Manon.jpg?resize=525%2C300&ssl=1 1.5x, https:\/\/i0.wp.com\/lasprimeras.com.do\/wp-content\/uploads\/2025\/10\/Dario-Manon.jpg?resize=700%2C400&ssl=1 2x"},"classes":[]}],"jetpack_sharing_enabled":true,"_links":{"self":[{"href":"https:\/\/lasprimeras.com.do\/index.php\/wp-json\/wp\/v2\/posts\/57113","targetHints":{"allow":["GET"]}}],"collection":[{"href":"https:\/\/lasprimeras.com.do\/index.php\/wp-json\/wp\/v2\/posts"}],"about":[{"href":"https:\/\/lasprimeras.com.do\/index.php\/wp-json\/wp\/v2\/types\/post"}],"author":[{"embeddable":true,"href":"https:\/\/lasprimeras.com.do\/index.php\/wp-json\/wp\/v2\/users\/2"}],"replies":[{"embeddable":true,"href":"https:\/\/lasprimeras.com.do\/index.php\/wp-json\/wp\/v2\/comments?post=57113"}],"version-history":[{"count":1,"href":"https:\/\/lasprimeras.com.do\/index.php\/wp-json\/wp\/v2\/posts\/57113\/revisions"}],"predecessor-version":[{"id":57115,"href":"https:\/\/lasprimeras.com.do\/index.php\/wp-json\/wp\/v2\/posts\/57113\/revisions\/57115"}],"wp:featuredmedia":[{"embeddable":true,"href":"https:\/\/lasprimeras.com.do\/index.php\/wp-json\/wp\/v2\/media\/57114"}],"wp:attachment":[{"href":"https:\/\/lasprimeras.com.do\/index.php\/wp-json\/wp\/v2\/media?parent=57113"}],"wp:term":[{"taxonomy":"category","embeddable":true,"href":"https:\/\/lasprimeras.com.do\/index.php\/wp-json\/wp\/v2\/categories?post=57113"},{"taxonomy":"post_tag","embeddable":true,"href":"https:\/\/lasprimeras.com.do\/index.php\/wp-json\/wp\/v2\/tags?post=57113"}],"curies":[{"name":"wp","href":"https:\/\/api.w.org\/{rel}","templated":true}]}}