{"id":57129,"date":"2023-08-09T11:25:35","date_gmt":"2023-08-09T15:25:35","guid":{"rendered":"https:\/\/lasprimeras.com.do\/?p=57129"},"modified":"2023-08-09T11:25:36","modified_gmt":"2023-08-09T15:25:36","slug":"nina-de-7-anos-muere-presionada-por-puerta-electrica-en-azua","status":"publish","type":"post","link":"https:\/\/lasprimeras.com.do\/index.php\/2023\/08\/09\/nina-de-7-anos-muere-presionada-por-puerta-electrica-en-azua\/","title":{"rendered":"Ni\u00f1a de 7 a\u00f1os muere presionada por puerta el\u00e9ctrica en Azua"},"content":{"rendered":"\n<p>Una ni\u00f1a de 7 a\u00f1os de edad muri\u00f3 luego que supuestamente fuera presionada por una puerta el\u00e9ctrica la tarde de este martes en el sector Altos de las Flores, de esta ciudad.<\/p>\n\n\n\n<p>El nombre de la infante no fue divulgado de inmediato, pero trascendi\u00f3 que es hija del arquitecto Juan Carlos Paniagua (mejor conocido como Tibio).<\/p>\n\n\n\n<p>Se inform\u00f3 que la ni\u00f1a qued\u00f3 presionada por la puerta debido a que su censor aparentemente estaba defectuoso.<\/p>\n\n\n\n<p>Fuente: #RedesDelNordeste ( Rafael Suero)<\/p>\n","protected":false},"excerpt":{"rendered":"<p>Una ni\u00f1a de 7 a\u00f1os de edad muri\u00f3 luego que supuestamente fuera presionada por una puerta el\u00e9ctrica la tarde de este martes en el sector Altos de las Flores, de&hellip;<\/p>\n","protected":false},"author":2,"featured_media":57130,"comment_status":"open","ping_status":"open","sticky":false,"template":"","format":"standard","meta":{"content-type":"","jetpack_post_was_ever_published":false,"_jetpack_newsletter_access":"","_jetpack_dont_email_post_to_subs":false,"_jetpack_newsletter_tier_id":0,"_jetpack_memberships_contains_paywalled_content":false,"_jetpack_memberships_contains_paid_content":false,"footnotes":""},"categories":[35],"tags":[1296,1865,650,4300,5997],"class_list":["post-57129","post","type-post","status-publish","format-standard","has-post-thumbnail","hentry","category-nacionales","tag-azua","tag-electrica","tag-muere","tag-nina","tag-puerta"],"jetpack_featured_media_url":"https:\/\/lasprimeras.com.do\/wp-content\/uploads\/2023\/08\/Nina-de-siete-anos-.jpg","jetpack-related-posts":[{"id":61293,"url":"https:\/\/lasprimeras.com.do\/index.php\/2023\/09\/25\/muere-nino-ahogado-de-11-anos-en-piscina-de-azua\/","url_meta":{"origin":57129,"position":0},"title":"Muere ni\u00f1o ahogado de 11 a\u00f1os en piscina de Azua.","author":"Nelson Feliz","date":"25 de septiembre de 2023","format":false,"excerpt":"Escrito por Rafael Suero Un ni\u00f1o de apenas 11 a\u00f1os de edad muri\u00f3 ahogado este domingo mientras disfrutaba junto a su madre de un retiro espiritual llevado a cabo en la plaza tur\u00edstica Compostela en esta ciudad de Azua. El ni\u00f1o fue identificado como Wady Arismendy Pujols de la Cr\u00faz,\u2026","rel":"","context":"En \u00abNACIONALES\u00bb","block_context":{"text":"NACIONALES","link":"https:\/\/lasprimeras.com.do\/index.php\/category\/nacionales\/"},"img":{"alt_text":"ahogado","src":"https:\/\/i0.wp.com\/lasprimeras.com.do\/wp-content\/uploads\/2023\/09\/ahogado.jpg?resize=350%2C200&ssl=1","width":350,"height":200,"srcset":"https:\/\/i0.wp.com\/lasprimeras.com.do\/wp-content\/uploads\/2023\/09\/ahogado.jpg?resize=350%2C200&ssl=1 1x, https:\/\/i0.wp.com\/lasprimeras.com.do\/wp-content\/uploads\/2023\/09\/ahogado.jpg?resize=525%2C300&ssl=1 1.5x, https:\/\/i0.wp.com\/lasprimeras.com.do\/wp-content\/uploads\/2023\/09\/ahogado.jpg?resize=700%2C400&ssl=1 2x"},"classes":[]},{"id":50725,"url":"https:\/\/lasprimeras.com.do\/index.php\/2023\/05\/23\/nino-muere-de-un-infarto-cardiaco-en-puerto-plata\/","url_meta":{"origin":57129,"position":1},"title":"Ni\u00f1o muere de un infarto card\u00edaco en Puerto Plata","author":"prenxa100","date":"23 de mayo de 2023","format":false,"excerpt":"Puerto Plata.-. Un ni\u00f1o muri\u00f3 de manera s\u00fabita debido a un infarto card\u00edaco en un paraje del municipio Villa Isabela, en la parte Oeste de Puerto Plata. El menor fallecido fue identificado como Jos\u00e9 Joseph, de 6 a\u00f1os de edad, quien resid\u00eda con sus familiares en una vivienda del sector\u2026","rel":"","context":"En \u00abNACIONALES\u00bb","block_context":{"text":"NACIONALES","link":"https:\/\/lasprimeras.com.do\/index.php\/category\/nacionales\/"},"img":{"alt_text":"","src":"","width":0,"height":0},"classes":[]},{"id":109300,"url":"https:\/\/lasprimeras.com.do\/index.php\/2025\/09\/16\/karpowership-solicita-permiso-ambiental-para-operar-tercera-barcaza-de-generacion-electrica-en-azua\/","url_meta":{"origin":57129,"position":2},"title":"Karpowership solicita permiso ambiental para operar tercera barcaza de generaci\u00f3n el\u00e9ctrica en Azua","author":"Nelson Feliz","date":"16 de septiembre de 2025","format":false,"excerpt":"El Ministerio de Medio Ambiente eval\u00faa una propuesta de modificaci\u00f3n de la licencia ambiental que posee la empresa Karpowership, que opera dos barcazas ubicadas en Azua, para expandir ese sistema con una nueva central el\u00e9ctrica dentro del pol\u00edgono autorizado por las autoridades. As\u00ed lo inform\u00f3 el viceministro de Gesti\u00f3n Ambiental\u2026","rel":"","context":"En \u00abNACIONALES\u00bb","block_context":{"text":"NACIONALES","link":"https:\/\/lasprimeras.com.do\/index.php\/category\/nacionales\/"},"img":{"alt_text":"","src":"https:\/\/i0.wp.com\/lasprimeras.com.do\/wp-content\/uploads\/2025\/09\/Una-tercera-barcaza.jpg?resize=350%2C200&ssl=1","width":350,"height":200,"srcset":"https:\/\/i0.wp.com\/lasprimeras.com.do\/wp-content\/uploads\/2025\/09\/Una-tercera-barcaza.jpg?resize=350%2C200&ssl=1 1x, https:\/\/i0.wp.com\/lasprimeras.com.do\/wp-content\/uploads\/2025\/09\/Una-tercera-barcaza.jpg?resize=525%2C300&ssl=1 1.5x, https:\/\/i0.wp.com\/lasprimeras.com.do\/wp-content\/uploads\/2025\/09\/Una-tercera-barcaza.jpg?resize=700%2C400&ssl=1 2x"},"classes":[]},{"id":57398,"url":"https:\/\/lasprimeras.com.do\/index.php\/2023\/08\/12\/familia-muere-en-accidente-de-transito-en-puerto-plata\/","url_meta":{"origin":57129,"position":3},"title":"Familia muere en accidente de tr\u00e1nsito en Puerto Plata","author":"Nelson Feliz","date":"12 de agosto de 2023","format":false,"excerpt":"Los restos de la familia est\u00e1n siendo velados en Belloso Luper\u00f3n. Una familia muri\u00f3 luego que un cami\u00f3n impactara contra ellos, mientras se desplazaban en una motocicleta en la carretera que comunica el municipio de Imbert con el distrito municipal de El Estrecho, Omar Bros, en el sector de Las\u2026","rel":"","context":"En \u00abNACIONALES\u00bb","block_context":{"text":"NACIONALES","link":"https:\/\/lasprimeras.com.do\/index.php\/category\/nacionales\/"},"img":{"alt_text":"Edisson D\u00edaz, Nayelis Chamers y la hija de ambos","src":"https:\/\/i0.wp.com\/lasprimeras.com.do\/wp-content\/uploads\/2023\/08\/Edisson-Diaz-Nayelis-Chamers-y-la-hija-de-ambos.jpeg?resize=350%2C200&ssl=1","width":350,"height":200,"srcset":"https:\/\/i0.wp.com\/lasprimeras.com.do\/wp-content\/uploads\/2023\/08\/Edisson-Diaz-Nayelis-Chamers-y-la-hija-de-ambos.jpeg?resize=350%2C200&ssl=1 1x, https:\/\/i0.wp.com\/lasprimeras.com.do\/wp-content\/uploads\/2023\/08\/Edisson-Diaz-Nayelis-Chamers-y-la-hija-de-ambos.jpeg?resize=525%2C300&ssl=1 1.5x, https:\/\/i0.wp.com\/lasprimeras.com.do\/wp-content\/uploads\/2023\/08\/Edisson-Diaz-Nayelis-Chamers-y-la-hija-de-ambos.jpeg?resize=700%2C400&ssl=1 2x"},"classes":[]},{"id":111539,"url":"https:\/\/lasprimeras.com.do\/index.php\/2025\/10\/10\/ataques-rusos-hieren-al-menos-a-20-personas-en-la-capital-de-ucrania-y-un-nino-muere-en-otro-ataque\/","url_meta":{"origin":57129,"position":4},"title":"Ataques rusos hieren al menos a 20 personas en la capital de Ucrania y un ni\u00f1o muere en otro ataque","author":"Nelson Feliz","date":"10 de octubre de 2025","format":false,"excerpt":"KIEV, Ucrania (AP) \u2014 Ataques con drones y misiles rusos hirieron al menos a 20 personas en Kiev, da\u00f1aron edificios residenciales y provocaron apagones en varias zonas de Ucrania la madrugada del viernes, informaron las autoridades. Un ni\u00f1o tambi\u00e9n muri\u00f3 en otros ataques en el sureste del pa\u00eds. En el\u2026","rel":"","context":"En \u00abINTERNACIONALES\u00bb","block_context":{"text":"INTERNACIONALES","link":"https:\/\/lasprimeras.com.do\/index.php\/category\/sin-categoria\/internacionales\/"},"img":{"alt_text":"","src":"https:\/\/i0.wp.com\/lasprimeras.com.do\/wp-content\/uploads\/2025\/10\/ataques.jpg?resize=350%2C200&ssl=1","width":350,"height":200,"srcset":"https:\/\/i0.wp.com\/lasprimeras.com.do\/wp-content\/uploads\/2025\/10\/ataques.jpg?resize=350%2C200&ssl=1 1x, https:\/\/i0.wp.com\/lasprimeras.com.do\/wp-content\/uploads\/2025\/10\/ataques.jpg?resize=525%2C300&ssl=1 1.5x, https:\/\/i0.wp.com\/lasprimeras.com.do\/wp-content\/uploads\/2025\/10\/ataques.jpg?resize=700%2C400&ssl=1 2x"},"classes":[]},{"id":111524,"url":"https:\/\/lasprimeras.com.do\/index.php\/2025\/10\/10\/ofensiva-rusa-deja-al-menos-20-heridos-en-kiev-y-un-nino-muere-en-otro-ataque-en-el-sureste\/","url_meta":{"origin":57129,"position":5},"title":"Ofensiva rusa deja al menos 20 heridos en Kiev y un ni\u00f1o muere en otro ataque en el sureste","author":"Nelson Feliz","date":"10 de octubre de 2025","format":false,"excerpt":"KIEV, Ucrania (AP) \u2014 Ataques a\u00e9reos rusos con drones y misiles causaron al menos a 20 heridos en Kiev, da\u00f1os en edificios residenciales y apagones en gran parte de Ucrania en las primeras horas del viernes, seg\u00fan las autoridades. Adem\u00e1s, un ni\u00f1o falleci\u00f3 en ataques separados en el sureste del\u2026","rel":"","context":"En \u00abINTERNACIONALES\u00bb","block_context":{"text":"INTERNACIONALES","link":"https:\/\/lasprimeras.com.do\/index.php\/category\/sin-categoria\/internacionales\/"},"img":{"alt_text":"","src":"https:\/\/i0.wp.com\/lasprimeras.com.do\/wp-content\/uploads\/2025\/10\/Ofensiva-rusa.jpg?resize=350%2C200&ssl=1","width":350,"height":200,"srcset":"https:\/\/i0.wp.com\/lasprimeras.com.do\/wp-content\/uploads\/2025\/10\/Ofensiva-rusa.jpg?resize=350%2C200&ssl=1 1x, https:\/\/i0.wp.com\/lasprimeras.com.do\/wp-content\/uploads\/2025\/10\/Ofensiva-rusa.jpg?resize=525%2C300&ssl=1 1.5x, https:\/\/i0.wp.com\/lasprimeras.com.do\/wp-content\/uploads\/2025\/10\/Ofensiva-rusa.jpg?resize=700%2C400&ssl=1 2x"},"classes":[]}],"jetpack_sharing_enabled":true,"_links":{"self":[{"href":"https:\/\/lasprimeras.com.do\/index.php\/wp-json\/wp\/v2\/posts\/57129","targetHints":{"allow":["GET"]}}],"collection":[{"href":"https:\/\/lasprimeras.com.do\/index.php\/wp-json\/wp\/v2\/posts"}],"about":[{"href":"https:\/\/lasprimeras.com.do\/index.php\/wp-json\/wp\/v2\/types\/post"}],"author":[{"embeddable":true,"href":"https:\/\/lasprimeras.com.do\/index.php\/wp-json\/wp\/v2\/users\/2"}],"replies":[{"embeddable":true,"href":"https:\/\/lasprimeras.com.do\/index.php\/wp-json\/wp\/v2\/comments?post=57129"}],"version-history":[{"count":1,"href":"https:\/\/lasprimeras.com.do\/index.php\/wp-json\/wp\/v2\/posts\/57129\/revisions"}],"predecessor-version":[{"id":57131,"href":"https:\/\/lasprimeras.com.do\/index.php\/wp-json\/wp\/v2\/posts\/57129\/revisions\/57131"}],"wp:featuredmedia":[{"embeddable":true,"href":"https:\/\/lasprimeras.com.do\/index.php\/wp-json\/wp\/v2\/media\/57130"}],"wp:attachment":[{"href":"https:\/\/lasprimeras.com.do\/index.php\/wp-json\/wp\/v2\/media?parent=57129"}],"wp:term":[{"taxonomy":"category","embeddable":true,"href":"https:\/\/lasprimeras.com.do\/index.php\/wp-json\/wp\/v2\/categories?post=57129"},{"taxonomy":"post_tag","embeddable":true,"href":"https:\/\/lasprimeras.com.do\/index.php\/wp-json\/wp\/v2\/tags?post=57129"}],"curies":[{"name":"wp","href":"https:\/\/api.w.org\/{rel}","templated":true}]}}