{"id":57147,"date":"2023-08-09T18:51:03","date_gmt":"2023-08-09T22:51:03","guid":{"rendered":"https:\/\/lasprimeras.com.do\/?p=57147"},"modified":"2023-08-09T18:52:14","modified_gmt":"2023-08-09T22:52:14","slug":"danilo-llama-a-peledeistas-a-creer-en-abel-martinez-asi-como-creen-en-dios","status":"publish","type":"post","link":"https:\/\/lasprimeras.com.do\/index.php\/2023\/08\/09\/danilo-llama-a-peledeistas-a-creer-en-abel-martinez-asi-como-creen-en-dios\/","title":{"rendered":"Danilo llama a pelede\u00edstas a creer en Abel Mart\u00ednez as\u00ed como creen en Dios"},"content":{"rendered":"\n<p><strong>Pide a los militantes a dejar &#8220;las \u00f1o\u00f1er\u00edas&#8221; y apoyar la candidatura del aspirante a la presidencia del PLD desde las calles.<\/strong><\/p>\n\n\n\n<p>El expresidente de la Rep\u00fablica y presidente del Partido de la Liberaci\u00f3n Dominicana (PLD), Danilo Medina, amonest\u00f3 este mi\u00e9rcoles a los pelede\u00edstas que reclaman ver y hablar con el candidato presidencial de ese partido, Abel Mart\u00ednez, y les dijo que no necesitan verlo en todas partes ni hablar con \u00e9l para creer en su proyecto pol\u00edtico y apoyarlo.<\/p>\n\n\n\n<p>El exmandatario habl\u00f3 ante una asamblea provincial celebrada en Santiago el pasado 7 de agosto, un evento que ten\u00eda el objetivo de motivar y orientar a la militancia sobre las tareas a realizar hasta octubre.<\/p>\n\n\n\n<p>En el video de su discurso, que se ha viralizado en redes sociales, Medina dijo que hay compa\u00f1eros con \u00f1o\u00f1er\u00edas y si quieren que el PLD gane las elecciones tienen que demostrarlo en las calles.<\/p>\n\n\n\n<p>Dijo que, as\u00ed como no necesitan ver a Dios para creer en \u00e9l, lo mismo deben hacer para creer en Mart\u00ednez.<\/p>\n\n\n\n<p>&#8220;\u00bfUstedes creen que el compa\u00f1ero Abel va a ganar las elecciones? Tienen que demostrarlo en las calles, porque hay muchos compa\u00f1eros con \u00f1o\u00f1er\u00edas. (Ovaci\u00f3n) Ah dicen algunos, no me responden llamadas, otros dicen no se deja ver de m\u00ed, yo le pregunto compa\u00f1eros, \u00bfustedes son cristianos?, \u00bfustedes creen en Dios, y ustedes lo han visto? (p\u00fablico responde afirmativamente) Entonces, \u00bfpor qu\u00e9 le exigen al compa\u00f1ero que est\u00e9 en todas partes y que todo el mundo pueda verlo? (Ovaci\u00f3n del p\u00fablico). Ustedes no han necesitado ver a Dios para creer en \u00e9l, entonces tienen que creer en su compa\u00f1ero&#8221;, expres\u00f3.<\/p>\n\n\n\n<p>Llam\u00f3 a los santiagueros a apoyar a Abel, quien es oriundo de Santiago y actual alcalde de la provincia.<\/p>\n\n\n\n<p>&#8220;Una vez yo dije en San Juan cuando era candidato, cerrando la campa\u00f1a, ustedes no saben lo que significa tener un presidente de su tierra, ustedes lo van a ver, y les hago la misma afirmaci\u00f3n, ustedes lo van ver cuando Abel sea presidente de la Rep\u00fablica Dominicana. Y Abel va a ser el pr\u00f3ximo presidente, que no le quepa la menor duda, ser\u00e1 el pr\u00f3ximo presidente de la Rep\u00fablica Dominicana (Ovaci\u00f3n)&#8221;, areng\u00f3.<\/p>\n\n\n\n<p><strong>Pide agradecimiento a \u00e9l se traspase en votos a favor de Abel<\/strong><\/p>\n\n\n\n<p>El domingo pasado, durante un encuentro con campesinos y productores de la provincia Bahoruco, el exmandatario asegur\u00f3 que las obras inconclusas de su gobierno las terminar\u00eda Abel Mart\u00ednez de ganar la Presidencia y les solicit\u00f3 que el agradecimiento que sienten por \u00e9l lo conviertan en votos a favor del candidato santiaguero.<\/p>\n\n\n\n<p><strong>Marcha<\/strong><\/p>\n\n\n\n<p>El PLD se encuentra organizando una marcha-caravana por &#8220;el Retorno de la Esperanza en apoyo a las demandas del pueblo de Santiago&#8221; en la que han sido convocados los residentes en la regi\u00f3n del Cibao Central para este domingo 13 de agosto.<\/p>\n\n\n\n<p>La actividad ser\u00e1 encabezada por Abel Mart\u00ednez, su candidato presidencial y una representaci\u00f3n de la direcci\u00f3n nacional del PLD. Se trata de un recorrido de 131.5 kil\u00f3metros, partiendo de la avenida 27 Febrero en Santiago en las proximidades del Centro Cultural Le\u00f3n.<\/p>\n\n\n\n<figure class=\"wp-block-embed is-type-rich is-provider-twitter wp-block-embed-twitter\"><div class=\"wp-block-embed__wrapper\">\n<div class=\"embed-twitter\"><blockquote class=\"twitter-tweet\" data-width=\"500\" data-dnt=\"true\"><p lang=\"es\" dir=\"ltr\"><a href=\"https:\/\/twitter.com\/DaniloMedina?ref_src=twsrc%5Etfw\">@DaniloMedina<\/a> invit\u00f3 a los asistentes a concentrarse en el trabajo pol\u00edtico y de campa\u00f1a para que los anhelos del pueblo,\u00a0de que el\u00a0<a href=\"https:\/\/twitter.com\/PLDenlinea?ref_src=twsrc%5Etfw\">@PLDenlinea<\/a> vuelva al Gobierno, ahora con <a href=\"https:\/\/twitter.com\/AbelMartinezD?ref_src=twsrc%5Etfw\">@AbelMartinezD<\/a> en la Presidencia, se conviertan en realidad.<a href=\"https:\/\/twitter.com\/hashtag\/AguantenQueFaltaPoco?src=hash&amp;ref_src=twsrc%5Etfw\">#AguantenQueFaltaPoco<\/a> <a href=\"https:\/\/t.co\/JlMLLosoSw\">pic.twitter.com\/JlMLLosoSw<\/a><\/p>&mdash; PLD (@PLDenlinea) <a href=\"https:\/\/twitter.com\/PLDenlinea\/status\/1688891635873021953?ref_src=twsrc%5Etfw\">August 8, 2023<\/a><\/blockquote><script async src=\"https:\/\/platform.twitter.com\/widgets.js\" charset=\"utf-8\"><\/script><\/div>\n<\/div><\/figure>\n\n\n\n<p>&#8220;De Santiago la Marcha-Caravana llegar\u00e1 a Tamboril, Canca La Piedra, Canca Abajo, Licey al Medio, Canca La Reina, San V\u00edctor, Moca, Salcedo, Tenares, San Francisco de Macor\u00eds, El Ranchito, El Pino, para concluir en el municipio cabecera de La Vega, impactando as\u00ed las provincias, Santiago, Espaillat, Hermanas Mirabal, Duarte y La Vega&#8221;, refiere una nota de prensa del partido morado.<\/p>\n","protected":false},"excerpt":{"rendered":"<p>Pide a los militantes a dejar &#8220;las \u00f1o\u00f1er\u00edas&#8221; y apoyar la candidatura del aspirante a la presidencia del PLD desde las calles. El expresidente de la Rep\u00fablica y presidente del&hellip;<\/p>\n","protected":false},"author":2,"featured_media":57148,"comment_status":"open","ping_status":"open","sticky":false,"template":"","format":"standard","meta":{"content-type":"","jetpack_post_was_ever_published":false,"_jetpack_newsletter_access":"","_jetpack_dont_email_post_to_subs":false,"_jetpack_newsletter_tier_id":0,"_jetpack_memberships_contains_paywalled_content":false,"_jetpack_memberships_contains_paid_content":false,"footnotes":""},"categories":[25],"tags":[822,501,4989,6007,269],"class_list":["post-57147","post","type-post","status-publish","format-standard","has-post-thumbnail","hentry","category-portada","tag-abel-martinez","tag-danilo-medina","tag-dios","tag-peledeistas","tag-pld"],"jetpack_featured_media_url":"https:\/\/lasprimeras.com.do\/wp-content\/uploads\/2023\/08\/Danilo-Medina-1.jpeg","jetpack-related-posts":[{"id":111680,"url":"https:\/\/lasprimeras.com.do\/index.php\/2025\/10\/12\/danilo-medina-advierte-que-el-endeudamiento-actual-es-insostenible-para-la-economia-dominicana\/","url_meta":{"origin":57147,"position":0},"title":"Danilo Medina advierte que el endeudamiento actual &#8220;es insostenible para la econom\u00eda dominicana&#8221;","author":"Nelson Feliz","date":"12 de octubre de 2025","format":false,"excerpt":"El expresidente encabez\u00f3 junto a Johnny Pujols una masiva asamblea del PLD en Santiago. El expresidente de la Rep\u00fablica y presidente del Partido de la Liberaci\u00f3n Dominicana (PLD), Danilo Medina, advirti\u00f3 este domingo que el endeudamiento actual \"es insostenible para la econom\u00eda dominicana\", al encabezar junto al secretario general Johnny\u2026","rel":"","context":"En \u00abPOLITICA\u00bb","block_context":{"text":"POLITICA","link":"https:\/\/lasprimeras.com.do\/index.php\/category\/politica\/"},"img":{"alt_text":"","src":"https:\/\/i0.wp.com\/lasprimeras.com.do\/wp-content\/uploads\/2025\/10\/Danilo-Medina-1.jpg?resize=350%2C200&ssl=1","width":350,"height":200,"srcset":"https:\/\/i0.wp.com\/lasprimeras.com.do\/wp-content\/uploads\/2025\/10\/Danilo-Medina-1.jpg?resize=350%2C200&ssl=1 1x, https:\/\/i0.wp.com\/lasprimeras.com.do\/wp-content\/uploads\/2025\/10\/Danilo-Medina-1.jpg?resize=525%2C300&ssl=1 1.5x, https:\/\/i0.wp.com\/lasprimeras.com.do\/wp-content\/uploads\/2025\/10\/Danilo-Medina-1.jpg?resize=700%2C400&ssl=1 2x"},"classes":[]},{"id":111705,"url":"https:\/\/lasprimeras.com.do\/index.php\/2025\/10\/12\/abel-martinez-este-gobierno-llego-como-el-cambio-y-va-a-salir-como-el-fallo\/","url_meta":{"origin":57147,"position":1},"title":"Abel Mart\u00ednez: \u201cEste gobierno lleg\u00f3 como \u201cel cambio\u201d y va a salir como \u201cel fallo\u201d","author":"Nelson Feliz","date":"12 de octubre de 2025","format":false,"excerpt":"El miembro del Comit\u00e9 Politico del Partido de la Liberaci\u00f3n Dominicana (PLD), Abel Martinez, lament\u00f3 la dif\u00edcil situaci\u00f3n que enfrenta el pueblo dominicano como consecuencia de las malas ejecutorias de un gobierno ineficaz e indolente que, se visti\u00f3 de cambio y ha resultado un gran fallo, llevando al pa\u00eds por\u2026","rel":"","context":"En \u00abPOLITICA\u00bb","block_context":{"text":"POLITICA","link":"https:\/\/lasprimeras.com.do\/index.php\/category\/politica\/"},"img":{"alt_text":"","src":"https:\/\/i0.wp.com\/lasprimeras.com.do\/wp-content\/uploads\/2025\/10\/Abel-Martinez-1-1.jpg?resize=350%2C200&ssl=1","width":350,"height":200,"srcset":"https:\/\/i0.wp.com\/lasprimeras.com.do\/wp-content\/uploads\/2025\/10\/Abel-Martinez-1-1.jpg?resize=350%2C200&ssl=1 1x, https:\/\/i0.wp.com\/lasprimeras.com.do\/wp-content\/uploads\/2025\/10\/Abel-Martinez-1-1.jpg?resize=525%2C300&ssl=1 1.5x, https:\/\/i0.wp.com\/lasprimeras.com.do\/wp-content\/uploads\/2025\/10\/Abel-Martinez-1-1.jpg?resize=700%2C400&ssl=1 2x"},"classes":[]},{"id":61222,"url":"https:\/\/lasprimeras.com.do\/index.php\/2023\/09\/24\/terrero-califica-de-impresionante-recorrido-por-la-region-sur-de-abel-martinez-y-danilo-medina\/","url_meta":{"origin":57147,"position":2},"title":"Terrero califica de impresionante recorrido por la regi\u00f3n sur\u00a0 de Abel Mart\u00ednez y Danilo Medina","author":"Nelson Feliz","date":"24 de septiembre de 2023","format":false,"excerpt":"Barahona, RD.-. El dirigente y miembro del Comit\u00e9 Central del Partido de la Liberaci\u00f3n Dominicana, doctor V\u00edctor Manuel Terrero, calific\u00f3 de impresionante el masivo respaldo que la poblaci\u00f3n da al ex presidente Danilo Medina y al candidato presidencial Abel Mart\u00ednez, cuando llegan a una provincia. El ex diputado pelede\u00edsta, sostuvo\u2026","rel":"","context":"En \u00abPORTADA\u00bb","block_context":{"text":"PORTADA","link":"https:\/\/lasprimeras.com.do\/index.php\/category\/portada\/"},"img":{"alt_text":"V\u00edctor Terrero","src":"https:\/\/i0.wp.com\/lasprimeras.com.do\/wp-content\/uploads\/2023\/07\/Victor-Terrero.jpeg?resize=350%2C200&ssl=1","width":350,"height":200,"srcset":"https:\/\/i0.wp.com\/lasprimeras.com.do\/wp-content\/uploads\/2023\/07\/Victor-Terrero.jpeg?resize=350%2C200&ssl=1 1x, https:\/\/i0.wp.com\/lasprimeras.com.do\/wp-content\/uploads\/2023\/07\/Victor-Terrero.jpeg?resize=525%2C300&ssl=1 1.5x, https:\/\/i0.wp.com\/lasprimeras.com.do\/wp-content\/uploads\/2023\/07\/Victor-Terrero.jpeg?resize=700%2C400&ssl=1 2x"},"classes":[]},{"id":65347,"url":"https:\/\/lasprimeras.com.do\/index.php\/2023\/10\/27\/danilo-medina-el-pld-es-el-partido-que-mas-ha-hecho-por-la-republica-dominicana\/","url_meta":{"origin":57147,"position":3},"title":"Danilo Medina: &#8220;El PLD es el partido que m\u00e1s ha hecho por la Rep\u00fablica Dominicana&#8221;","author":"Nelson Feliz","date":"27 de octubre de 2023","format":false,"excerpt":"El expresidente de la Rep\u00fablica, Danilo Medina, presidente del Partido de la Liberaci\u00f3n Dominicana (PLD), defini\u00f3 esa organizaci\u00f3n como el partido pol\u00edtico que m\u00e1s ha hecho por la Rep\u00fablica Dominicana, pues ha resuelto los problemas ancestrales del pa\u00eds. \"Es la organizaci\u00f3n pol\u00edtica que m\u00e1s ha hecho por la Rep\u00fablica Dominicana.\u2026","rel":"","context":"En \u00abPORTADA\u00bb","block_context":{"text":"PORTADA","link":"https:\/\/lasprimeras.com.do\/index.php\/category\/portada\/"},"img":{"alt_text":"Danilo Medina","src":"https:\/\/i0.wp.com\/lasprimeras.com.do\/wp-content\/uploads\/2023\/10\/Danilo-Medina.jpg?resize=350%2C200&ssl=1","width":350,"height":200,"srcset":"https:\/\/i0.wp.com\/lasprimeras.com.do\/wp-content\/uploads\/2023\/10\/Danilo-Medina.jpg?resize=350%2C200&ssl=1 1x, https:\/\/i0.wp.com\/lasprimeras.com.do\/wp-content\/uploads\/2023\/10\/Danilo-Medina.jpg?resize=525%2C300&ssl=1 1.5x, https:\/\/i0.wp.com\/lasprimeras.com.do\/wp-content\/uploads\/2023\/10\/Danilo-Medina.jpg?resize=700%2C400&ssl=1 2x"},"classes":[]},{"id":51120,"url":"https:\/\/lasprimeras.com.do\/index.php\/2023\/05\/27\/en-asamblea-pld-danilo-admite-35-peledeistas-votara-por-leonel-fernandez\/","url_meta":{"origin":57147,"position":4},"title":"En asamblea PLD, Danilo admite 35% peledeistas votar\u00e1 por Leonel Fern\u00e1ndez","author":"prenxa100","date":"27 de mayo de 2023","format":false,"excerpt":"Santo Domingo,- El presidente del Partido de la Liberaci\u00f3n Dominicana, Danilo Medina, advirti\u00f3 a dirigentes de esa organizaci\u00f3n pol\u00edtica que tienen una doble agenda, que la \u00fanica que debe existir es llevar a Abel Mart\u00ednez a la presidencia de la rep\u00fablica. El expresidente de la Rep\u00fablica, Danilo Medina, insisti\u00f3 en\u2026","rel":"","context":"En \u00abPORTADA\u00bb","block_context":{"text":"PORTADA","link":"https:\/\/lasprimeras.com.do\/index.php\/category\/portada\/"},"img":{"alt_text":"","src":"https:\/\/i0.wp.com\/img.youtube.com\/vi\/n5emLVUQ8JM\/0.jpg?resize=350%2C200","width":350,"height":200},"classes":[]},{"id":107629,"url":"https:\/\/lasprimeras.com.do\/index.php\/2025\/08\/28\/danilo-medina-reafirma-los-simbolos-historicos-del-pld\/","url_meta":{"origin":57147,"position":5},"title":"Danilo Medina reafirma los s\u00edmbolos hist\u00f3ricos del PLD","author":"Nelson Feliz","date":"28 de agosto de 2025","format":false,"excerpt":"Danilo Medina: \u201cSolo existe un Partido de la Liberaci\u00f3n Dominicana, es el de la bandera morada con la estrella amarilla y las siglas PLD\u201d. \u201cSolo existe un Partido de la Liberaci\u00f3n Dominicana, es el de la bandera morada con la estrella amarilla y las siglas PLD\u201d, la aseveraci\u00f3n es del\u2026","rel":"","context":"En \u00abPOLITICA\u00bb","block_context":{"text":"POLITICA","link":"https:\/\/lasprimeras.com.do\/index.php\/category\/politica\/"},"img":{"alt_text":"","src":"https:\/\/i0.wp.com\/lasprimeras.com.do\/wp-content\/uploads\/2025\/08\/Danilo-en-Moca.jpg?resize=350%2C200&ssl=1","width":350,"height":200,"srcset":"https:\/\/i0.wp.com\/lasprimeras.com.do\/wp-content\/uploads\/2025\/08\/Danilo-en-Moca.jpg?resize=350%2C200&ssl=1 1x, https:\/\/i0.wp.com\/lasprimeras.com.do\/wp-content\/uploads\/2025\/08\/Danilo-en-Moca.jpg?resize=525%2C300&ssl=1 1.5x, https:\/\/i0.wp.com\/lasprimeras.com.do\/wp-content\/uploads\/2025\/08\/Danilo-en-Moca.jpg?resize=700%2C400&ssl=1 2x"},"classes":[]}],"jetpack_sharing_enabled":true,"_links":{"self":[{"href":"https:\/\/lasprimeras.com.do\/index.php\/wp-json\/wp\/v2\/posts\/57147","targetHints":{"allow":["GET"]}}],"collection":[{"href":"https:\/\/lasprimeras.com.do\/index.php\/wp-json\/wp\/v2\/posts"}],"about":[{"href":"https:\/\/lasprimeras.com.do\/index.php\/wp-json\/wp\/v2\/types\/post"}],"author":[{"embeddable":true,"href":"https:\/\/lasprimeras.com.do\/index.php\/wp-json\/wp\/v2\/users\/2"}],"replies":[{"embeddable":true,"href":"https:\/\/lasprimeras.com.do\/index.php\/wp-json\/wp\/v2\/comments?post=57147"}],"version-history":[{"count":2,"href":"https:\/\/lasprimeras.com.do\/index.php\/wp-json\/wp\/v2\/posts\/57147\/revisions"}],"predecessor-version":[{"id":57150,"href":"https:\/\/lasprimeras.com.do\/index.php\/wp-json\/wp\/v2\/posts\/57147\/revisions\/57150"}],"wp:featuredmedia":[{"embeddable":true,"href":"https:\/\/lasprimeras.com.do\/index.php\/wp-json\/wp\/v2\/media\/57148"}],"wp:attachment":[{"href":"https:\/\/lasprimeras.com.do\/index.php\/wp-json\/wp\/v2\/media?parent=57147"}],"wp:term":[{"taxonomy":"category","embeddable":true,"href":"https:\/\/lasprimeras.com.do\/index.php\/wp-json\/wp\/v2\/categories?post=57147"},{"taxonomy":"post_tag","embeddable":true,"href":"https:\/\/lasprimeras.com.do\/index.php\/wp-json\/wp\/v2\/tags?post=57147"}],"curies":[{"name":"wp","href":"https:\/\/api.w.org\/{rel}","templated":true}]}}