{"id":57167,"date":"2023-08-09T21:17:02","date_gmt":"2023-08-10T01:17:02","guid":{"rendered":"https:\/\/lasprimeras.com.do\/?p=57167"},"modified":"2023-08-09T21:17:04","modified_gmt":"2023-08-10T01:17:04","slug":"asesinan-al-candidato-presidencial-fernando-villavicencio-en-ecuador","status":"publish","type":"post","link":"https:\/\/lasprimeras.com.do\/index.php\/2023\/08\/09\/asesinan-al-candidato-presidencial-fernando-villavicencio-en-ecuador\/","title":{"rendered":"Asesinan al candidato presidencial Fernando Villavicencio en Ecuador"},"content":{"rendered":"\n<p>-Fue asesinado durante un tiroteo a la salida de un acto de campa\u00f1a.<\/p>\n\n\n\n<p>-Las elecciones en Ecuador est\u00e1n fijadas para el 20 de agosto.<\/p>\n\n\n\n<p>El candidato presidencial ecuatoriano Fernando Villavicencio fue asesinado este mi\u00e9rcoles durante un tiroteo mientras realizaba un acto de campa\u00f1a en un c\u00e9ntrico sector de Quito, informaron allegados al postulante. El asesinato ocurre a 11 de las elecciones, fijadas para el domingo 20 de agosto.<\/p>\n\n\n\n<p>Carlos Figueroa, amigo personal de Villavicencio, asegur\u00f3 en un video difundido en redes sociales que el candidato muri\u00f3 tras ser alcanzado por los disparos, pese a que hab\u00eda sido trasladado a la Cl\u00ednica de la Mujer, un centro m\u00e9dico cercano al sitio del tiroteo. Figueroa dijo que le dispararon a la cabeza. Era candidato a la Presidencia por el movimiento Construye.<\/p>\n\n\n\n<p>Villavicencio era periodista de profesi\u00f3n, carrera que ejerci\u00f3 en varios medios, en donde hac\u00eda investigaciones sobre corrupci\u00f3n, incluso algunas llegaron a la justicia.<\/p>\n\n\n\n<p>Tambi\u00e9n fue legislador durante el gobierno de Rafael Correa, del cual fue un duro cr\u00edtico.<\/p>\n\n\n\n<p>Seg\u00fan publica el medio latinoamericano Infobae, Villavicencio y su equipo hab\u00edan sido amenazados durante esta campa\u00f1a electoral. Agrega que estas amenazas proven\u00edan de la banda Los Choneros. Por esta raz\u00f3n usaba seguridad personal desde hace un tiempo. Estaba casado con Ver\u00f3nica Sarauz, deja cinco hijos en la orfandad.<\/p>\n\n\n\n<figure class=\"wp-block-embed is-type-rich is-provider-twitter wp-block-embed-twitter\"><div class=\"wp-block-embed__wrapper\">\nhttps:\/\/twitter.com\/i\/status\/1689419024055042048\n<\/div><\/figure>\n\n\n\n<p>Varios heridos<\/p>\n\n\n\n<p>La agencia AP reporta que producto del atentado quedaron varios heridos, aunque no se conoce un n\u00famero preciso. Las primeras versiones se\u00f1alan que tres personas descargaron r\u00e1fagas de metralla que impactaron al postulante y otras personas.<\/p>\n","protected":false},"excerpt":{"rendered":"<p>-Fue asesinado durante un tiroteo a la salida de un acto de campa\u00f1a. -Las elecciones en Ecuador est\u00e1n fijadas para el 20 de agosto. El candidato presidencial ecuatoriano Fernando Villavicencio&hellip;<\/p>\n","protected":false},"author":2,"featured_media":57168,"comment_status":"open","ping_status":"open","sticky":false,"template":"","format":"standard","meta":{"content-type":"","jetpack_post_was_ever_published":false,"_jetpack_newsletter_access":"","_jetpack_dont_email_post_to_subs":false,"_jetpack_newsletter_tier_id":0,"_jetpack_memberships_contains_paywalled_content":false,"_jetpack_memberships_contains_paid_content":false,"footnotes":""},"categories":[25],"tags":[3940,1526,975,6016,2588],"class_list":["post-57167","post","type-post","status-publish","format-standard","has-post-thumbnail","hentry","category-portada","tag-asesinan","tag-candidato","tag-ecuador","tag-fernando-villavicencio","tag-presidencial"],"jetpack_featured_media_url":"https:\/\/lasprimeras.com.do\/wp-content\/uploads\/2023\/08\/Fernando-Villavicencio.jpg","jetpack-related-posts":[{"id":57251,"url":"https:\/\/lasprimeras.com.do\/index.php\/2023\/08\/10\/ee-uu-ve-el-asesinato-de-villavicencio-como-un-ataque-contra-la-democracia-en-ecuador\/","url_meta":{"origin":57167,"position":0},"title":"EE.UU. ve el asesinato de Villavicencio como un &#8220;ataque&#8221; contra la democracia en Ecuador","author":"Nelson Feliz","date":"10 de agosto de 2023","format":false,"excerpt":"Villavicencio era uno de los ocho candidatos a la presidencia que concurr\u00edan a las elecciones generales extraordinarias previstas para el pr\u00f3ximo d\u00eda 20. El Gobierno de Estados Unidos afirm\u00f3 este jueves que el asesinato del candidato presidencial ecuatoriano Fernando Villavicencio supone un \"ataque descarado\" contra la democracia y el Estado\u2026","rel":"","context":"En \u00abSin categor\u00eda\u00bb","block_context":{"text":"Sin categor\u00eda","link":"https:\/\/lasprimeras.com.do\/index.php\/category\/sin-categoria\/"},"img":{"alt_text":"El candidato presidencial Fernando Villavicencio ondea una bandera de Ecuador en un acto de campa\u00f1a en un colegio minutos antes de ser asesinado a tiros a la salida de ese recinto educativo en Quito, EcuadorAP","src":"https:\/\/i0.wp.com\/lasprimeras.com.do\/wp-content\/uploads\/2023\/08\/Fernando-Villavicencio.jpeg?resize=350%2C200&ssl=1","width":350,"height":200,"srcset":"https:\/\/i0.wp.com\/lasprimeras.com.do\/wp-content\/uploads\/2023\/08\/Fernando-Villavicencio.jpeg?resize=350%2C200&ssl=1 1x, https:\/\/i0.wp.com\/lasprimeras.com.do\/wp-content\/uploads\/2023\/08\/Fernando-Villavicencio.jpeg?resize=525%2C300&ssl=1 1.5x, https:\/\/i0.wp.com\/lasprimeras.com.do\/wp-content\/uploads\/2023\/08\/Fernando-Villavicencio.jpeg?resize=700%2C400&ssl=1 2x"},"classes":[]},{"id":57229,"url":"https:\/\/lasprimeras.com.do\/index.php\/2023\/08\/10\/los-los-lobos-reivindican-el-asesinato-de-fernando-villavicencio\/","url_meta":{"origin":57167,"position":1},"title":"Los &#8220;Los Lobos&#8221; reivindican el asesinato de Fernando Villavicencio","author":"Nelson Feliz","date":"10 de agosto de 2023","format":false,"excerpt":"Un impactante video ha inundado las redes sociales en Ecuador, mostrando un grupo de individuos encapuchados y armados que se atribuyen la responsabilidad del asesinato del candidato presidencial Fernando Villavicencio. CAMILA PUJALV\u00cd La organizaci\u00f3n criminal, que se hace llamar \"Los Lobos\", no solo se atribuye el fatal tiroteo que cobr\u00f3\u2026","rel":"","context":"En \u00abPORTADA\u00bb","block_context":{"text":"PORTADA","link":"https:\/\/lasprimeras.com.do\/index.php\/category\/portada\/"},"img":{"alt_text":"","src":"https:\/\/i0.wp.com\/lasprimeras.com.do\/wp-content\/uploads\/2023\/08\/lobos.jpg?resize=350%2C200&ssl=1","width":350,"height":200,"srcset":"https:\/\/i0.wp.com\/lasprimeras.com.do\/wp-content\/uploads\/2023\/08\/lobos.jpg?resize=350%2C200&ssl=1 1x, https:\/\/i0.wp.com\/lasprimeras.com.do\/wp-content\/uploads\/2023\/08\/lobos.jpg?resize=525%2C300&ssl=1 1.5x"},"classes":[]},{"id":57292,"url":"https:\/\/lasprimeras.com.do\/index.php\/2023\/08\/10\/ecuador-detienen-seis-colombianos-por-el-asesinato-de-fernando-villavicencio\/","url_meta":{"origin":57167,"position":2},"title":"Ecuador: Detienen seis colombianos por el asesinato de Fernando Villavicencio","author":"Nelson Feliz","date":"10 de agosto de 2023","format":false,"excerpt":"Villavicencio, de 59 a\u00f1os, fue asesinado a tiros la noche del mi\u00e9rcoles cuando sal\u00eda de un mitin pol\u00edtico, a puertas de las elecciones anticipadas del 20 de agosto. Los seis detenidos por el asesinato del candidato presidencial ecuatoriano Fernando Villavicencio son colombianos, as\u00ed como un presunto atacante que muri\u00f3 el\u2026","rel":"","context":"En \u00abSin categor\u00eda\u00bb","block_context":{"text":"Sin categor\u00eda","link":"https:\/\/lasprimeras.com.do\/index.php\/category\/sin-categoria\/"},"img":{"alt_text":"El ex asamble\u00edsta y ahora candidato presidencial, Fernando Villavicencio, hace gestos frente a la Oficina del Fiscal General en Quito el 8 de agosto de 2023.","src":"https:\/\/i0.wp.com\/lasprimeras.com.do\/wp-content\/uploads\/2023\/08\/Fernando-Villavicencio-1.jpeg?resize=350%2C200&ssl=1","width":350,"height":200,"srcset":"https:\/\/i0.wp.com\/lasprimeras.com.do\/wp-content\/uploads\/2023\/08\/Fernando-Villavicencio-1.jpeg?resize=350%2C200&ssl=1 1x, https:\/\/i0.wp.com\/lasprimeras.com.do\/wp-content\/uploads\/2023\/08\/Fernando-Villavicencio-1.jpeg?resize=525%2C300&ssl=1 1.5x, https:\/\/i0.wp.com\/lasprimeras.com.do\/wp-content\/uploads\/2023\/08\/Fernando-Villavicencio-1.jpeg?resize=700%2C400&ssl=1 2x"},"classes":[]},{"id":57176,"url":"https:\/\/lasprimeras.com.do\/index.php\/2023\/08\/09\/fernando-villavicencio-habia-recibido-amenazas-semanas-atras\/","url_meta":{"origin":57167,"position":3},"title":"Fernando Villavicencio hab\u00eda recibido amenazas semanas atr\u00e1s","author":"Nelson Feliz","date":"9 de agosto de 2023","format":false,"excerpt":"El candidato a la Presidencia de Ecuador Fernando Villavicencio fue asesinado este mi\u00e9rcoles tras recibir disparos de desconocidos a la salida de un mitin electoral de su campa\u00f1a en un c\u00e9ntrico sector de Quito, seg\u00fan confirm\u00f3 el Gobierno ecuatoriano. El ministro del Interior, Juan Zapata, confirm\u00f3 la informaci\u00f3n y asegur\u00f3\u2026","rel":"","context":"En \u00abSin categor\u00eda\u00bb","block_context":{"text":"Sin categor\u00eda","link":"https:\/\/lasprimeras.com.do\/index.php\/category\/sin-categoria\/"},"img":{"alt_text":"Fernando Villavicencio era candidato por el movimiento Construye","src":"https:\/\/i0.wp.com\/lasprimeras.com.do\/wp-content\/uploads\/2023\/08\/Fernando-Villavicencio-era-candidato-por-el-movimiento-Construye.jpg?resize=350%2C200&ssl=1","width":350,"height":200,"srcset":"https:\/\/i0.wp.com\/lasprimeras.com.do\/wp-content\/uploads\/2023\/08\/Fernando-Villavicencio-era-candidato-por-el-movimiento-Construye.jpg?resize=350%2C200&ssl=1 1x, https:\/\/i0.wp.com\/lasprimeras.com.do\/wp-content\/uploads\/2023\/08\/Fernando-Villavicencio-era-candidato-por-el-movimiento-Construye.jpg?resize=525%2C300&ssl=1 1.5x, https:\/\/i0.wp.com\/lasprimeras.com.do\/wp-content\/uploads\/2023\/08\/Fernando-Villavicencio-era-candidato-por-el-movimiento-Construye.jpg?resize=700%2C400&ssl=1 2x"},"classes":[]},{"id":57697,"url":"https:\/\/lasprimeras.com.do\/index.php\/2023\/08\/15\/otro-atentado-en-ecuador-asesinan-al-dirigente-del-correismo-pedro-briones\/","url_meta":{"origin":57167,"position":4},"title":"Otro atentado en Ecuador: asesinan al dirigente del corre\u00edsmo Pedro Briones","author":"Nelson Feliz","date":"15 de agosto de 2023","format":false,"excerpt":"Pedro Briones fue asesinado a balazos en la provincia de Esmeraldas. Se desempe\u00f1aba como dirigente de Revoluci\u00f3n Ciudadana. El expresidente Rafael Correa se expres\u00f3 por el crimen. A d\u00edas del atentado contra el candidato presidencial Fernando Villavicencio, Ecuador volvi\u00f3 a te\u00f1irse de luto por el asesinato del dirigente de Revoluci\u00f3n\u2026","rel":"","context":"En \u00abSin categor\u00eda\u00bb","block_context":{"text":"Sin categor\u00eda","link":"https:\/\/lasprimeras.com.do\/index.php\/category\/sin-categoria\/"},"img":{"alt_text":"Pedro Briones, dirigente de Revoluci\u00f3n Ciudadana.","src":"https:\/\/i0.wp.com\/lasprimeras.com.do\/wp-content\/uploads\/2023\/08\/Pedro-Briones.jpg?resize=350%2C200&ssl=1","width":350,"height":200,"srcset":"https:\/\/i0.wp.com\/lasprimeras.com.do\/wp-content\/uploads\/2023\/08\/Pedro-Briones.jpg?resize=350%2C200&ssl=1 1x, https:\/\/i0.wp.com\/lasprimeras.com.do\/wp-content\/uploads\/2023\/08\/Pedro-Briones.jpg?resize=525%2C300&ssl=1 1.5x"},"classes":[]},{"id":57370,"url":"https:\/\/lasprimeras.com.do\/index.php\/2023\/08\/11\/acusan-a-rafael-correa-de-estar-detras-asesinato-de-villavicencio\/","url_meta":{"origin":57167,"position":5},"title":"Acusan a Rafael Correa de estar detr\u00e1s asesinato de Villavicencio","author":"Nelson Feliz","date":"11 de agosto de 2023","format":false,"excerpt":"Ver\u00f3nica Sarauz, viuda de Fernando Villavicencio, que postulaba para Presidente de Ecuador y que fue asesinado, al ser consultada sobre qui\u00e9nes podr\u00edan estar detr\u00e1s del magnicidio record\u00f3 que el corre\u00edsmo tiene nexos con bandas narcodelictivas y que la ex senadora colombiana Piedad C\u00f3rdoba, que fue denunciada por Villavicencio dentro de\u2026","rel":"","context":"En \u00abSin categor\u00eda\u00bb","block_context":{"text":"Sin categor\u00eda","link":"https:\/\/lasprimeras.com.do\/index.php\/category\/sin-categoria\/"},"img":{"alt_text":"Rafael Correa","src":"https:\/\/i0.wp.com\/lasprimeras.com.do\/wp-content\/uploads\/2023\/08\/correa.jpg?resize=350%2C200&ssl=1","width":350,"height":200,"srcset":"https:\/\/i0.wp.com\/lasprimeras.com.do\/wp-content\/uploads\/2023\/08\/correa.jpg?resize=350%2C200&ssl=1 1x, https:\/\/i0.wp.com\/lasprimeras.com.do\/wp-content\/uploads\/2023\/08\/correa.jpg?resize=525%2C300&ssl=1 1.5x, https:\/\/i0.wp.com\/lasprimeras.com.do\/wp-content\/uploads\/2023\/08\/correa.jpg?resize=700%2C400&ssl=1 2x"},"classes":[]}],"jetpack_sharing_enabled":true,"_links":{"self":[{"href":"https:\/\/lasprimeras.com.do\/index.php\/wp-json\/wp\/v2\/posts\/57167","targetHints":{"allow":["GET"]}}],"collection":[{"href":"https:\/\/lasprimeras.com.do\/index.php\/wp-json\/wp\/v2\/posts"}],"about":[{"href":"https:\/\/lasprimeras.com.do\/index.php\/wp-json\/wp\/v2\/types\/post"}],"author":[{"embeddable":true,"href":"https:\/\/lasprimeras.com.do\/index.php\/wp-json\/wp\/v2\/users\/2"}],"replies":[{"embeddable":true,"href":"https:\/\/lasprimeras.com.do\/index.php\/wp-json\/wp\/v2\/comments?post=57167"}],"version-history":[{"count":1,"href":"https:\/\/lasprimeras.com.do\/index.php\/wp-json\/wp\/v2\/posts\/57167\/revisions"}],"predecessor-version":[{"id":57169,"href":"https:\/\/lasprimeras.com.do\/index.php\/wp-json\/wp\/v2\/posts\/57167\/revisions\/57169"}],"wp:featuredmedia":[{"embeddable":true,"href":"https:\/\/lasprimeras.com.do\/index.php\/wp-json\/wp\/v2\/media\/57168"}],"wp:attachment":[{"href":"https:\/\/lasprimeras.com.do\/index.php\/wp-json\/wp\/v2\/media?parent=57167"}],"wp:term":[{"taxonomy":"category","embeddable":true,"href":"https:\/\/lasprimeras.com.do\/index.php\/wp-json\/wp\/v2\/categories?post=57167"},{"taxonomy":"post_tag","embeddable":true,"href":"https:\/\/lasprimeras.com.do\/index.php\/wp-json\/wp\/v2\/tags?post=57167"}],"curies":[{"name":"wp","href":"https:\/\/api.w.org\/{rel}","templated":true}]}}