{"id":57195,"date":"2023-08-09T23:33:55","date_gmt":"2023-08-10T03:33:55","guid":{"rendered":"https:\/\/lasprimeras.com.do\/?p=57195"},"modified":"2023-08-09T23:33:56","modified_gmt":"2023-08-10T03:33:56","slug":"alcalde-eric-adams-abre-las-puertas-de-gracie-mansion-para-celebrar-la-herencia-dominicana","status":"publish","type":"post","link":"https:\/\/lasprimeras.com.do\/index.php\/2023\/08\/09\/alcalde-eric-adams-abre-las-puertas-de-gracie-mansion-para-celebrar-la-herencia-dominicana\/","title":{"rendered":"Alcalde Eric Adams abre las puertas de \u201cGracie Mansi\u00f3n\u201d para celebrar la herencia Dominicana"},"content":{"rendered":"\n<p>Por Jos\u00e9 Zabala<\/p>\n\n\n\n<p>El alcalde Eric Adams recibi\u00f3 con los brazos abiertos a todos los sectores de la comunidad dominicana radicada en la ciudad de New York en su residencia la \u201cGracie Mansi\u00f3n\u201d\u00a0 a ritmo de merengue,\u00a0 bachata, rica gastronom\u00eda y bebidas de marcas criolla.<\/p>\n\n\n\n<p>Adams, realizo la actividad como una muestra de la celebraci\u00f3n del Dominican Day Parade a celebrarse el 13 de agosto 2023 en la sexta avenida a partir de las 12:00 del mediod\u00eda.<\/p>\n\n\n\n<p>Este desfile los dominicanos realizan un homenaje a las tradiciones dominicanas en el que se celebra el orgullo patrio con m\u00fasica, disfraces, baile y diversi\u00f3n.<\/p>\n\n\n\n<p>El carism\u00e1tico alcalde Adams, considerado como el m\u00e1s querido y respetado de todos los tiempos&nbsp; por los quisqueyanos que viven en la gran manzana, disfruto con la comunidad de un ambiente familiar, saboreando parte de los segmentos culturales, ra\u00edces, herencia y tradiciones que se presentaron en la noche de los dominicanos en \u201cGracie Mansi\u00f3n\u201d.<\/p>\n\n\n\n<p>&nbsp;\u201cTodo el mundo sabe que soy Eric Adams de Alabama, pero soy dominicano. Esta recepci\u00f3n es una muestra de todo el fervor y la alegr\u00eda que va a pasar el pr\u00f3ximo domingo 13 de agosto 2023 en Dominican Day Parade en la sexta avenida de Manhattan. Gracias a mi amigo el congresista Adriano Espaillat por todo el trabajo que ha realizado en favor de su distrito y sus comunidades.<\/p>\n\n\n\n<p>Debo decir que estoy muy orgulloso de haber nombrado&nbsp; la primera vicealcaldesa Ana Almanzar luego que pasaron muchos alcaldes.&nbsp;<\/p>\n\n\n\n<p>Felicito a la comunidad dominicana en su celebraci\u00f3n de su herencia, a los dominicanos por sus contribuciones, a sus l\u00edderes electos, al personal dominicanos en la administraci\u00f3n y a todos los dem\u00e1s sectores. Mi casa es su casa, finaliz\u00f3 diciendo el alcalde Adams.<\/p>\n\n\n\n<p>El Dominican Day Parade se celebra en agosto, generalmente el segundo domingo del mes. En 2023 se celebrar\u00e1 el 13 de agosto. La comitiva sale de Sixth Avenue (Avenue of The Am\u00e9ricas) con la 35th Street a las 12 del mediod\u00eda y acaba en la 56th Street.<\/p>\n","protected":false},"excerpt":{"rendered":"<p>Por Jos\u00e9 Zabala El alcalde Eric Adams recibi\u00f3 con los brazos abiertos a todos los sectores de la comunidad dominicana radicada en la ciudad de New York en su residencia&hellip;<\/p>\n","protected":false},"author":2,"featured_media":57196,"comment_status":"open","ping_status":"open","sticky":false,"template":"","format":"standard","meta":{"content-type":"","jetpack_post_was_ever_published":false,"_jetpack_newsletter_access":"","_jetpack_dont_email_post_to_subs":false,"_jetpack_newsletter_tier_id":0,"_jetpack_memberships_contains_paywalled_content":false,"_jetpack_memberships_contains_paid_content":false,"footnotes":""},"categories":[84],"tags":[161,4294,5318,6026,6027],"class_list":["post-57195","post","type-post","status-publish","format-standard","has-post-thumbnail","hentry","category-entretenimiento","tag-alcalde","tag-celebrar","tag-eric-adams","tag-gracie-mansion","tag-herencia-dominicana"],"jetpack_featured_media_url":"https:\/\/lasprimeras.com.do\/wp-content\/uploads\/2023\/08\/Erick-Adams.jpg","jetpack-related-posts":[{"id":103276,"url":"https:\/\/lasprimeras.com.do\/index.php\/2025\/07\/14\/alcalde-eric-adams-se-da-bano-de-pueblo-durante-desfile-vegano-en-alto-manhattan\/","url_meta":{"origin":57195,"position":0},"title":"Alcalde Eric Adams se da ba\u00f1o de pueblo durante Desfile Vegano en Alto Manhattan","author":"Nelson Feliz","date":"14 de julio de 2025","format":false,"excerpt":"https:\/\/www.youtube.com\/watch?v=lRu5KCyZqG8 Por Ram\u00f3n Mercedes NUEVA YORK.- Este domingo se celebr\u00f3 el tercer aniversario del Desfile Vegano, teniendo como padrino al alcalde de esta ciudad, Eric Adams, quien recorri\u00f3 junto a decenas de dominicanos 20 cuadras de la concurrida avenida Saint Nicholas, d\u00e1ndose a su paso un ba\u00f1o de pueblo, abrazando,\u2026","rel":"","context":"En \u00abINTERNACIONALES\u00bb","block_context":{"text":"INTERNACIONALES","link":"https:\/\/lasprimeras.com.do\/index.php\/category\/sin-categoria\/internacionales\/"},"img":{"alt_text":"","src":"https:\/\/i0.wp.com\/lasprimeras.com.do\/wp-content\/uploads\/2025\/07\/WhatsApp-Image-2025-07-14-at-6.39.07-AM.jpeg?resize=350%2C200&ssl=1","width":350,"height":200},"classes":[]},{"id":79177,"url":"https:\/\/lasprimeras.com.do\/index.php\/2024\/03\/24\/eric-adams-cancela-su-viaje-a-la-frontera-sur-de-ee-uu-por-preocupaciones-de-seguridad\/","url_meta":{"origin":57195,"position":1},"title":"Eric Adams cancela su viaje a la frontera sur de EE.UU. por \u201cpreocupaciones de seguridad\u201d","author":"Nelson Feliz","date":"24 de marzo de 2024","format":false,"excerpt":"El Departamento de Estado indic\u00f3 que por problemas de seguridad en una ciudad en M\u00e9xico, Eric Adams, no viajar\u00eda a la frontera, donde pretend\u00eda reunirse con l\u00edderes nacionales de inmigraci\u00f3n. Por Marlyn Montilla El alcalde de la ciudad de Nueva York, Eric Adams, suspendi\u00f3 su viaje a la frontera sur\u2026","rel":"","context":"En \u00abSin categor\u00eda\u00bb","block_context":{"text":"Sin categor\u00eda","link":"https:\/\/lasprimeras.com.do\/index.php\/category\/sin-categoria\/"},"img":{"alt_text":"Eric Adams","src":"https:\/\/i0.wp.com\/lasprimeras.com.do\/wp-content\/uploads\/2024\/03\/Eric-Adams.jpg?resize=350%2C200&ssl=1","width":350,"height":200,"srcset":"https:\/\/i0.wp.com\/lasprimeras.com.do\/wp-content\/uploads\/2024\/03\/Eric-Adams.jpg?resize=350%2C200&ssl=1 1x, https:\/\/i0.wp.com\/lasprimeras.com.do\/wp-content\/uploads\/2024\/03\/Eric-Adams.jpg?resize=525%2C300&ssl=1 1.5x, https:\/\/i0.wp.com\/lasprimeras.com.do\/wp-content\/uploads\/2024\/03\/Eric-Adams.jpg?resize=700%2C400&ssl=1 2x"},"classes":[]},{"id":98779,"url":"https:\/\/lasprimeras.com.do\/index.php\/2025\/05\/12\/encuentro-entre-trump-y-adams-en-la-casa-blanca-ambos-divulgan-lo-tratado\/","url_meta":{"origin":57195,"position":2},"title":"Encuentro entre Trump y Adams en la Casa Blanca; ambos divulgan lo tratado","author":"Nelson Feliz","date":"12 de mayo de 2025","format":false,"excerpt":"Por Ram\u00f3n Mercedes NUEVA YORK.- La prensa anglosajona public\u00f3 este fin de semana el encuentro en la Casa Blanca entre el presidente Donald Trump y el alcalde de esta ciudad, Eric Adams; dominicanos en la urbe han prestado sumo inter\u00e9s a la misma. El alcalde declar\u00f3 que visit\u00f3 al presidente\u2026","rel":"","context":"En \u00abINTERNACIONALES\u00bb","block_context":{"text":"INTERNACIONALES","link":"https:\/\/lasprimeras.com.do\/index.php\/category\/sin-categoria\/internacionales\/"},"img":{"alt_text":"","src":"https:\/\/i0.wp.com\/lasprimeras.com.do\/wp-content\/uploads\/2025\/05\/WhatsApp-Image-2025-05-12-at-6.33.00-AM-3.jpeg?resize=350%2C200&ssl=1","width":350,"height":200,"srcset":"https:\/\/i0.wp.com\/lasprimeras.com.do\/wp-content\/uploads\/2025\/05\/WhatsApp-Image-2025-05-12-at-6.33.00-AM-3.jpeg?resize=350%2C200&ssl=1 1x, https:\/\/i0.wp.com\/lasprimeras.com.do\/wp-content\/uploads\/2025\/05\/WhatsApp-Image-2025-05-12-at-6.33.00-AM-3.jpeg?resize=525%2C300&ssl=1 1.5x"},"classes":[]},{"id":55852,"url":"https:\/\/lasprimeras.com.do\/index.php\/2023\/07\/26\/caen-en-nueva-york-las-denuncias-sobre-ratas-tras-las-nuevas-reglas-de-recogida-de-basura\/","url_meta":{"origin":57195,"position":3},"title":"Caen en Nueva York las denuncias sobre ratas tras las nuevas reglas de recogida de basura","author":"Nelson Feliz","date":"26 de julio de 2023","format":false,"excerpt":"El alcalde de Nueva York, Eric Adams, anunci\u00f3 que las llamadas para denunciar la presencia de ratas en la ciudad han bajado un 20 por ciento en los \u00faltimos dos meses, tras implantarse nuevas directrices para la disposici\u00f3n y recolecci\u00f3n de basura. El nuevo programa fue puesto en marcha de\u2026","rel":"","context":"En \u00abSin categor\u00eda\u00bb","block_context":{"text":"Sin categor\u00eda","link":"https:\/\/lasprimeras.com.do\/index.php\/category\/sin-categoria\/"},"img":{"alt_text":"Eric Adams","src":"https:\/\/i0.wp.com\/lasprimeras.com.do\/wp-content\/uploads\/2023\/07\/Eric-Adams.jpg?resize=350%2C200&ssl=1","width":350,"height":200,"srcset":"https:\/\/i0.wp.com\/lasprimeras.com.do\/wp-content\/uploads\/2023\/07\/Eric-Adams.jpg?resize=350%2C200&ssl=1 1x, https:\/\/i0.wp.com\/lasprimeras.com.do\/wp-content\/uploads\/2023\/07\/Eric-Adams.jpg?resize=525%2C300&ssl=1 1.5x, https:\/\/i0.wp.com\/lasprimeras.com.do\/wp-content\/uploads\/2023\/07\/Eric-Adams.jpg?resize=700%2C400&ssl=1 2x"},"classes":[]},{"id":105692,"url":"https:\/\/lasprimeras.com.do\/index.php\/2025\/08\/06\/alcalde-adams-valora-comunidad-dominicana-como-honesta-y-trabajadora\/","url_meta":{"origin":57195,"position":4},"title":"Alcalde Adams valora comunidad dominicana como honesta y trabajadora","author":"Nelson Feliz","date":"6 de agosto de 2025","format":false,"excerpt":"Por Ram\u00f3n Mercedes NUEVA YORK.- El alcalde de esta ciudad, Eric Adams, describi\u00f3 la comunidad dominicana como honesta y trabajadora. \u201cEs un placer estar entre ella, porque se siente en familia y como un dominicano m\u00e1s, ya que se siente c\u00f3modo en compartir todo el tiempo entre su gente\u201d, respondi\u00f3\u2026","rel":"","context":"En \u00abINTERNACIONALES\u00bb","block_context":{"text":"INTERNACIONALES","link":"https:\/\/lasprimeras.com.do\/index.php\/category\/sin-categoria\/internacionales\/"},"img":{"alt_text":"","src":"https:\/\/i0.wp.com\/lasprimeras.com.do\/wp-content\/uploads\/2025\/08\/WhatsApp-Image-2025-08-06-at-6.19.00-AM-1.jpeg?resize=350%2C200&ssl=1","width":350,"height":200,"srcset":"https:\/\/i0.wp.com\/lasprimeras.com.do\/wp-content\/uploads\/2025\/08\/WhatsApp-Image-2025-08-06-at-6.19.00-AM-1.jpeg?resize=350%2C200&ssl=1 1x, https:\/\/i0.wp.com\/lasprimeras.com.do\/wp-content\/uploads\/2025\/08\/WhatsApp-Image-2025-08-06-at-6.19.00-AM-1.jpeg?resize=525%2C300&ssl=1 1.5x"},"classes":[]},{"id":95487,"url":"https:\/\/lasprimeras.com.do\/index.php\/2025\/03\/14\/la-cuomomania-aumenta-cada-dia-entre-dominicanos-nyc\/","url_meta":{"origin":57195,"position":5},"title":"La Cuomoman\u00eda aumenta cada d\u00eda entre dominicanos NYC","author":"Nelson Feliz","date":"14 de marzo de 2025","format":false,"excerpt":"Por Ram\u00f3n Mercedes NUEVA YORK.- El exgobernador de este estado Andrew Cuomo, ha sido el \u00faltimo en lanzar sus aspiraciones a la alcald\u00eda de esta ciudad, el 1 de este mes y ya ha logrado una gran aceptaci\u00f3n entre los dominicanos en el Alto Manhattan y El Bronx, lugares donde\u2026","rel":"","context":"En \u00abINTERNACIONALES\u00bb","block_context":{"text":"INTERNACIONALES","link":"https:\/\/lasprimeras.com.do\/index.php\/category\/sin-categoria\/internacionales\/"},"img":{"alt_text":"La Cuomoman\u00eda aumenta cada d\u00eda entre dominicanos NYC","src":"https:\/\/i0.wp.com\/lasprimeras.com.do\/wp-content\/uploads\/2025\/03\/WhatsApp-Image-2025-03-14-at-6.26.26-AM.jpeg?resize=350%2C200&ssl=1","width":350,"height":200,"srcset":"https:\/\/i0.wp.com\/lasprimeras.com.do\/wp-content\/uploads\/2025\/03\/WhatsApp-Image-2025-03-14-at-6.26.26-AM.jpeg?resize=350%2C200&ssl=1 1x, https:\/\/i0.wp.com\/lasprimeras.com.do\/wp-content\/uploads\/2025\/03\/WhatsApp-Image-2025-03-14-at-6.26.26-AM.jpeg?resize=525%2C300&ssl=1 1.5x, https:\/\/i0.wp.com\/lasprimeras.com.do\/wp-content\/uploads\/2025\/03\/WhatsApp-Image-2025-03-14-at-6.26.26-AM.jpeg?resize=700%2C400&ssl=1 2x"},"classes":[]}],"jetpack_sharing_enabled":true,"_links":{"self":[{"href":"https:\/\/lasprimeras.com.do\/index.php\/wp-json\/wp\/v2\/posts\/57195","targetHints":{"allow":["GET"]}}],"collection":[{"href":"https:\/\/lasprimeras.com.do\/index.php\/wp-json\/wp\/v2\/posts"}],"about":[{"href":"https:\/\/lasprimeras.com.do\/index.php\/wp-json\/wp\/v2\/types\/post"}],"author":[{"embeddable":true,"href":"https:\/\/lasprimeras.com.do\/index.php\/wp-json\/wp\/v2\/users\/2"}],"replies":[{"embeddable":true,"href":"https:\/\/lasprimeras.com.do\/index.php\/wp-json\/wp\/v2\/comments?post=57195"}],"version-history":[{"count":1,"href":"https:\/\/lasprimeras.com.do\/index.php\/wp-json\/wp\/v2\/posts\/57195\/revisions"}],"predecessor-version":[{"id":57197,"href":"https:\/\/lasprimeras.com.do\/index.php\/wp-json\/wp\/v2\/posts\/57195\/revisions\/57197"}],"wp:featuredmedia":[{"embeddable":true,"href":"https:\/\/lasprimeras.com.do\/index.php\/wp-json\/wp\/v2\/media\/57196"}],"wp:attachment":[{"href":"https:\/\/lasprimeras.com.do\/index.php\/wp-json\/wp\/v2\/media?parent=57195"}],"wp:term":[{"taxonomy":"category","embeddable":true,"href":"https:\/\/lasprimeras.com.do\/index.php\/wp-json\/wp\/v2\/categories?post=57195"},{"taxonomy":"post_tag","embeddable":true,"href":"https:\/\/lasprimeras.com.do\/index.php\/wp-json\/wp\/v2\/tags?post=57195"}],"curies":[{"name":"wp","href":"https:\/\/api.w.org\/{rel}","templated":true}]}}