{"id":57225,"date":"2023-08-10T08:58:33","date_gmt":"2023-08-10T12:58:33","guid":{"rendered":"https:\/\/lasprimeras.com.do\/?p=57225"},"modified":"2023-08-10T08:58:35","modified_gmt":"2023-08-10T12:58:35","slug":"prd-recibe-a-comision-de-pc-y-reitera-su-compromiso-con-la-transparencia","status":"publish","type":"post","link":"https:\/\/lasprimeras.com.do\/index.php\/2023\/08\/10\/prd-recibe-a-comision-de-pc-y-reitera-su-compromiso-con-la-transparencia\/","title":{"rendered":"PRD recibe a comisi\u00f3n de PC y reitera su compromiso con la transparencia"},"content":{"rendered":"\n<p>El candidato presidencial del Partido Revolucionario Dominicano, Miguel Vargas recibi\u00f3 en la Casa Nacional del PRD a una comitiva de Participaci\u00f3n Ciudadana, como parte del proceso de observaci\u00f3n que inici\u00f3 dicha entidad, en torno a la organizaci\u00f3n y montaje de las elecciones nacionales del 2024.<\/p>\n\n\n\n<p>El presidente del PRD resalt\u00f3 que Participaci\u00f3n Ciudadana (PC) ha creado en la Rep\u00fablica Dominicana una cultura de transparencia que se destaca en la tradici\u00f3n de observaci\u00f3n a los procesos electorales desarrollados en las \u00faltimas d\u00e9cadas.<\/p>\n\n\n\n<p>\u201cEn ese sentido, nuestro partido manifiesta y reitera su compromiso en la identificaci\u00f3n con la cultura de transparencia que ha arraigado en el pa\u00eds la labor sostenida de PC\u201d, manifest\u00f3 Vargas.<\/p>\n\n\n\n<figure class=\"wp-block-image size-full\"><img decoding=\"async\" width=\"700\" height=\"440\" src=\"https:\/\/lasprimeras.com.do\/wp-content\/uploads\/2023\/08\/REUNION-PC-2.jpg\" alt=\"\" class=\"wp-image-57227\" srcset=\"https:\/\/lasprimeras.com.do\/wp-content\/uploads\/2023\/08\/REUNION-PC-2.jpg 700w, https:\/\/lasprimeras.com.do\/wp-content\/uploads\/2023\/08\/REUNION-PC-2-300x189.jpg 300w\" sizes=\"(max-width: 700px) 100vw, 700px\" \/><\/figure>\n\n\n\n<p>Al hablar en nombre del partido, el l\u00edder perrede\u00edsta plante\u00f3 la necesidad de que se den a conocer los resultados de las investigaciones sobre la cooptaci\u00f3n por parte del gobierno de dirigentes y funcionarios electos, as\u00ed como del tema del transfuguismo en sentido general.<\/p>\n\n\n\n<p>Adem\u00e1s, en la reuni\u00f3n donde la comitiva de PC present\u00f3 al PRD su plan de observaci\u00f3n electoral de cara a los pr\u00f3ximos comicios, Vargas refiri\u00f3 que es preciso vigilar \u201cel uso y abuso de los recursos p\u00fablicos, as\u00ed como el origen de los fondos de la campa\u00f1a electoral, para evitar la incursi\u00f3n del narcotr\u00e1fico o que se repitan pr\u00e1cticas del lavado de activos\u201d.<\/p>\n\n\n\n<p>En ese tenor, las representantes del movimiento c\u00edvico resaltaron la importancia de motivar el voto consciente de la ciudadan\u00eda, y que tambi\u00e9n los partidos y la Junta Central Electoral (JCE) deben jugar su rol en dicho sentido.<\/p>\n\n\n\n<p>Vargas agreg\u00f3 que el PRD es un actor fundamental del sistema de partidos pol\u00edticos en el pa\u00eds, el cual requiere ser fortalecido, as\u00ed como la institucionalidad democr\u00e1tica.<\/p>\n\n\n\n<p>\u201cNo solo nos complacemos en poseer el m\u00e9rito de haber tra\u00eddo la democracia y la libertad a la naci\u00f3n, sino que nos declaramos guardianes de la democracia dominicana y sus instituciones\u201d, declar\u00f3 Vargas.<\/p>\n\n\n\n<p>La delegaci\u00f3n de Participaci\u00f3n Ciudadana estuvo integrada por: F\u00e1tima Lorenzo, directora ejecutiva; Lizzie S\u00e1nchez, coordinadora general y Leidy Blanco.<\/p>\n\n\n\n<p>La se\u00f1ora Lorenzo manifest\u00f3 que \u201chemos avanzado, no como quisi\u00e9ramos, pero hemos avanzado. Sin embargo, hay que poner atenci\u00f3n para seguir fortaleciendo nuestra democracia. Somos un pa\u00eds, de alguna manera, ejemplo en Am\u00e9rica Latina, por la estabilidad que tenemos, social y pol\u00edtica. Entonces, tenemos que defender eso\u201d.<\/p>\n\n\n\n<p>\u201cSolamente fortaleciendo la democracia podemos seguir avanzando, y ustedes son los actores principales; si nosotros existimos es por ustedes, de otra manera Participaci\u00f3n Ciudadana no tendr\u00eda raz\u00f3n de ser\u201d, enfatiz\u00f3.<\/p>\n\n\n\n<p>Indic\u00f3 que dar\u00e1n especial seguimiento a la calidad de los candidatos congresuales, de cara al proceso electoral venidero.<\/p>\n\n\n\n<p>Acompa\u00f1aron a Miguel Vargas los dirigentes perrede\u00edstas: Peggy Cabral, Janet Camilo, Ram\u00f3n Arnaldo Pimentel, Jos\u00e9 Juan Zapata, Ysrael Abreu, H\u00e9ctor Guzm\u00e1n y Joel D\u00edaz.<\/p>\n","protected":false},"excerpt":{"rendered":"<p>El candidato presidencial del Partido Revolucionario Dominicano, Miguel Vargas recibi\u00f3 en la Casa Nacional del PRD a una comitiva de Participaci\u00f3n Ciudadana, como parte del proceso de observaci\u00f3n que inici\u00f3&hellip;<\/p>\n","protected":false},"author":2,"featured_media":57226,"comment_status":"open","ping_status":"open","sticky":false,"template":"","format":"standard","meta":{"content-type":"","jetpack_post_was_ever_published":false,"_jetpack_newsletter_access":"","_jetpack_dont_email_post_to_subs":false,"_jetpack_newsletter_tier_id":0,"_jetpack_memberships_contains_paywalled_content":false,"_jetpack_memberships_contains_paid_content":false,"footnotes":""},"categories":[25],"tags":[950,562,1459,575,898],"class_list":["post-57225","post","type-post","status-publish","format-standard","has-post-thumbnail","hentry","category-portada","tag-comision","tag-compromiso","tag-pc","tag-prd","tag-transparencia"],"jetpack_featured_media_url":"https:\/\/lasprimeras.com.do\/wp-content\/uploads\/2023\/08\/REUNION-PC-1.jpg","jetpack-related-posts":[{"id":51160,"url":"https:\/\/lasprimeras.com.do\/index.php\/2023\/05\/28\/miguel-vargas-plantea-apertura-sin-condiciones-a-la-participacion-dentro-del-prd-y-hacia-sectores-externos\/","url_meta":{"origin":57225,"position":0},"title":"Miguel Vargas apertura sin condiciones participaci\u00f3n en el PRD y sectores externos","author":"prenxa100","date":"28 de mayo de 2023","format":false,"excerpt":"\u201cNuestro prop\u00f3sito al frente de este partido ha sido siempre mantener la transparencia, el orden, la disciplina, el buen entendimiento y la fraternidad entre nosotros\u201d. Santo Domingo. \u2013 El presidente del Partido Revolucionario Dominicano (PRD) Miguel Vargas Maldonado, expres\u00f3 que existe total receptividad a la participaci\u00f3n de sus miembros a\u2026","rel":"","context":"En \u00abPORTADA\u00bb","block_context":{"text":"PORTADA","link":"https:\/\/lasprimeras.com.do\/index.php\/category\/portada\/"},"img":{"alt_text":"","src":"","width":0,"height":0},"classes":[]},{"id":82607,"url":"https:\/\/lasprimeras.com.do\/index.php\/2024\/05\/05\/pc-realiza-simulacro-de-las-elecciones-del-19-de-mayo\/","url_meta":{"origin":57225,"position":1},"title":"PC realiza simulacro de las elecciones del 19 de mayo","author":"Esteffany Vargas","date":"5 de mayo de 2024","format":false,"excerpt":"El movimiento c\u00edvico no partidista Participaci\u00f3n Ciudadana, realiz\u00f3 este domingo 5 de mayo un simulacro de la observaci\u00f3n electoral, actividad que\u00a0tiene\u00a0prevista\u00a0llevar a cabo\u00a0el\u00a0pr\u00f3ximo 19 de mayo a\u00a0nivel nacional. El simulacro de la observaci\u00f3n electoral es el ensayo general previo a las elecciones que se organiza con\u00a0la intenci\u00f3n de\u00a0afinar detalles y\u2026","rel":"","context":"En \u00abNACIONALES\u00bb","block_context":{"text":"NACIONALES","link":"https:\/\/lasprimeras.com.do\/index.php\/category\/nacionales\/"},"img":{"alt_text":"","src":"https:\/\/i0.wp.com\/lasprimeras.com.do\/wp-content\/uploads\/2024\/05\/PC.jpg?resize=350%2C200&ssl=1","width":350,"height":200,"srcset":"https:\/\/i0.wp.com\/lasprimeras.com.do\/wp-content\/uploads\/2024\/05\/PC.jpg?resize=350%2C200&ssl=1 1x, https:\/\/i0.wp.com\/lasprimeras.com.do\/wp-content\/uploads\/2024\/05\/PC.jpg?resize=525%2C300&ssl=1 1.5x, https:\/\/i0.wp.com\/lasprimeras.com.do\/wp-content\/uploads\/2024\/05\/PC.jpg?resize=700%2C400&ssl=1 2x"},"classes":[]},{"id":103686,"url":"https:\/\/lasprimeras.com.do\/index.php\/2025\/07\/17\/el-prd-rinde-homenaje-postumo-a-rafael-fello-subervi-bonilla\/","url_meta":{"origin":57225,"position":2},"title":"El PRD rinde homenaje p\u00f3stumo a Rafael \u201cFello\u201d Suberv\u00ed Bonilla","author":"Nelson Feliz","date":"17 de julio de 2025","format":false,"excerpt":"El Partido Revolucionario Dominicano (PRD) rindi\u00f3 este jueves tributo a Rafael Suberv\u00ed Bonilla, quien fuera dirigente suyo y alcalde del Distrito Nacional, quien falleciera este la madrugada del martes. La ceremonia, celebrada en la Casa Nacional del PRD, fue presidida por Miguel Vargas Maldonado, presidente de este partido. Cont\u00f3 con\u2026","rel":"","context":"En \u00abNACIONALES\u00bb","block_context":{"text":"NACIONALES","link":"https:\/\/lasprimeras.com.do\/index.php\/category\/nacionales\/"},"img":{"alt_text":"","src":"https:\/\/i0.wp.com\/lasprimeras.com.do\/wp-content\/uploads\/2025\/07\/Miguel-Vargas-Maldonado.jpg?resize=350%2C200&ssl=1","width":350,"height":200,"srcset":"https:\/\/i0.wp.com\/lasprimeras.com.do\/wp-content\/uploads\/2025\/07\/Miguel-Vargas-Maldonado.jpg?resize=350%2C200&ssl=1 1x, https:\/\/i0.wp.com\/lasprimeras.com.do\/wp-content\/uploads\/2025\/07\/Miguel-Vargas-Maldonado.jpg?resize=525%2C300&ssl=1 1.5x, https:\/\/i0.wp.com\/lasprimeras.com.do\/wp-content\/uploads\/2025\/07\/Miguel-Vargas-Maldonado.jpg?resize=700%2C400&ssl=1 2x"},"classes":[]},{"id":79066,"url":"https:\/\/lasprimeras.com.do\/index.php\/2024\/03\/23\/erick-hernandez-machado-es-el-nuevo-coordinador-general-de-pc\/","url_meta":{"origin":57225,"position":3},"title":"Erick Hern\u00e1ndez Machado es el nuevo coordinador general de PC","author":"BIMARY DE JES\u00daS Matos","date":"23 de marzo de 2024","format":false,"excerpt":"Santo Domingo.-El Consejo Nacional del movimiento c\u00edvico y cap\u00edtulo dominicano de Transparencia Internacional, Participaci\u00f3n Ciudadana (PC), eligi\u00f3 a Erick Hern\u00e1ndez Machado, como el nuevo coordinador general de la instituci\u00f3n para el periodo 2024-2025. Machado es Doctor en Derecho, con una maestr\u00eda en Legislaci\u00f3n Empresarial y Econ\u00f3mica y en Derecho Inmobiliario,\u2026","rel":"","context":"En \u00abSin categor\u00eda\u00bb","block_context":{"text":"Sin categor\u00eda","link":"https:\/\/lasprimeras.com.do\/index.php\/category\/sin-categoria\/"},"img":{"alt_text":"","src":"","width":0,"height":0},"classes":[]},{"id":50551,"url":"https:\/\/lasprimeras.com.do\/index.php\/2023\/05\/22\/miguel-vargas-destaca-proceso-democratico-vivido-en-la-convencion-del-prd\/","url_meta":{"origin":57225,"position":4},"title":"Miguel Vargas destaca proceso democr\u00e1tico vivido en la convenci\u00f3n del PRD","author":"prenxa100","date":"22 de mayo de 2023","format":false,"excerpt":"Destaca acompa\u00f1amiento de la JCE y define este evento ser\u00e1 la plataforma de lanzamiento frente a las elecciones nacionales del 2024. Santo Domingo. \u2013 El presidente del Partido Revolucionario Dominicano, Miguel Vargas Maldonado expres\u00f3 que la XXXVIII Convenci\u00f3n Nacional Ordinaria Jos\u00e9 Francisco Pe\u00f1a G\u00f3mez es una demostraci\u00f3n de un ejercicio\u2026","rel":"","context":"En \u00abPORTADA\u00bb","block_context":{"text":"PORTADA","link":"https:\/\/lasprimeras.com.do\/index.php\/category\/portada\/"},"img":{"alt_text":"","src":"","width":0,"height":0},"classes":[]},{"id":82565,"url":"https:\/\/lasprimeras.com.do\/index.php\/2024\/05\/05\/miguel-vargas-inicia-prd-cara-a-cara-con-la-gente-y-visita-region-este\/","url_meta":{"origin":57225,"position":5},"title":"Miguel Vargas inicia \u201cPRD cara a cara con la gente\u201d y visita regi\u00f3n este","author":"Esteffany Vargas","date":"5 de mayo de 2024","format":false,"excerpt":"\u201cLa JCE debe evitar que las garant\u00edas electorales se vuelvan a vulnerar\u201d. El presidente y candidato presidencial del Partido Revolucionario Dominicano (PRD), Miguel Vargas encabez\u00f3 un recorrido en San Pedro de Macor\u00eds junto a los candidatos y dirigentes del partido y la Alianza Opositora Rescate RD. Vargas, tras dar el\u2026","rel":"","context":"En \u00abPORTADA\u00bb","block_context":{"text":"PORTADA","link":"https:\/\/lasprimeras.com.do\/index.php\/category\/portada\/"},"img":{"alt_text":"Miguel Vargas","src":"https:\/\/i0.wp.com\/lasprimeras.com.do\/wp-content\/uploads\/2024\/05\/Miguel-Vargas-2.jpg?resize=350%2C200&ssl=1","width":350,"height":200,"srcset":"https:\/\/i0.wp.com\/lasprimeras.com.do\/wp-content\/uploads\/2024\/05\/Miguel-Vargas-2.jpg?resize=350%2C200&ssl=1 1x, https:\/\/i0.wp.com\/lasprimeras.com.do\/wp-content\/uploads\/2024\/05\/Miguel-Vargas-2.jpg?resize=525%2C300&ssl=1 1.5x"},"classes":[]}],"jetpack_sharing_enabled":true,"_links":{"self":[{"href":"https:\/\/lasprimeras.com.do\/index.php\/wp-json\/wp\/v2\/posts\/57225","targetHints":{"allow":["GET"]}}],"collection":[{"href":"https:\/\/lasprimeras.com.do\/index.php\/wp-json\/wp\/v2\/posts"}],"about":[{"href":"https:\/\/lasprimeras.com.do\/index.php\/wp-json\/wp\/v2\/types\/post"}],"author":[{"embeddable":true,"href":"https:\/\/lasprimeras.com.do\/index.php\/wp-json\/wp\/v2\/users\/2"}],"replies":[{"embeddable":true,"href":"https:\/\/lasprimeras.com.do\/index.php\/wp-json\/wp\/v2\/comments?post=57225"}],"version-history":[{"count":1,"href":"https:\/\/lasprimeras.com.do\/index.php\/wp-json\/wp\/v2\/posts\/57225\/revisions"}],"predecessor-version":[{"id":57228,"href":"https:\/\/lasprimeras.com.do\/index.php\/wp-json\/wp\/v2\/posts\/57225\/revisions\/57228"}],"wp:featuredmedia":[{"embeddable":true,"href":"https:\/\/lasprimeras.com.do\/index.php\/wp-json\/wp\/v2\/media\/57226"}],"wp:attachment":[{"href":"https:\/\/lasprimeras.com.do\/index.php\/wp-json\/wp\/v2\/media?parent=57225"}],"wp:term":[{"taxonomy":"category","embeddable":true,"href":"https:\/\/lasprimeras.com.do\/index.php\/wp-json\/wp\/v2\/categories?post=57225"},{"taxonomy":"post_tag","embeddable":true,"href":"https:\/\/lasprimeras.com.do\/index.php\/wp-json\/wp\/v2\/tags?post=57225"}],"curies":[{"name":"wp","href":"https:\/\/api.w.org\/{rel}","templated":true}]}}