{"id":57232,"date":"2023-08-10T10:20:07","date_gmt":"2023-08-10T14:20:07","guid":{"rendered":"https:\/\/lasprimeras.com.do\/?p=57232"},"modified":"2023-08-10T10:20:12","modified_gmt":"2023-08-10T14:20:12","slug":"luis-alberto-una-de-sus-prioridades-sera-convertir-a-sde-en-un-potencial-turistico","status":"publish","type":"post","link":"https:\/\/lasprimeras.com.do\/index.php\/2023\/08\/10\/luis-alberto-una-de-sus-prioridades-sera-convertir-a-sde-en-un-potencial-turistico\/","title":{"rendered":"Luis Alberto: Una de sus prioridades ser\u00e1 convertir a SDE en un potencial tur\u00edstico"},"content":{"rendered":"\n<p>El candidato a alcalde por Santo Domingo Este, Luis Alberto Tejeda, apuntal\u00f3 que convertir en una potencia tur\u00edstica esta demarcaci\u00f3n ser\u00e1 una de sus prioridades aprovechando los atractivos que posee.<\/p>\n\n\n\n<p>Dijo que en el pol\u00edgono donde se encuentra el Malec\u00f3n de Santo Domingo Este se propone impulsar su crecimiento con la construcci\u00f3n de torres residenciales, hoteles y un centro de convenciones para poder realizar ferias internacionales y atraer turistas.<\/p>\n\n\n\n<p>Al ser entrevistado en el programa radial, El Rumbo de la Ma\u00f1ana a trav\u00e9s de Rumba 98.5FM, Luis Alberto detall\u00f3 que adem\u00e1s del reci\u00e9n remozado Malec\u00f3n se encuentra lugares con potenciales tur\u00edsticos como el Acuario Nacional, la Ermita Nuestra Se\u00f1ora de Rosario, primera iglesia del nuevo mundo, el Cach\u00f3n de la Rubia, Faro a Col\u00f3n entre otros.<\/p>\n\n\n\n<p>Reiter\u00f3 su intenci\u00f3n de impulsar una econom\u00eda naranja para que j\u00f3venes tengan la oportunidad de poder emprender en cada uno de los lugares del municipio Santo Domingo Este.<\/p>\n\n\n\n<p>Dijo que seg\u00fan estudios el 70% de la poblaci\u00f3n es de clase media lo que le da un gran potencial para que se creen espacios gastron\u00f3micos y zonas culturales para recibir turistas nacionales e internacionales.<\/p>\n\n\n\n<p>\u201cVamos a trabajar para poder nosotros llevar el verdadero orden que amerita Santo Domingo Este porque qu\u00e9 es lo que necesita nuestra gente\u201d, explic\u00f3 el candidato con miras a dotar de seguridad a ese municipio.<\/p>\n\n\n\n<p>En cuanto al problema de la recogida de la basura dijo que es un mal que afecta la imagen de la ciudad. En ese sentido reiter\u00f3 que trabajar\u00e1 en crear las condiciones para volver a contratar empresas privadas que se encarguen de dar ese servicio con eficiencia.<\/p>\n\n\n\n<p>Adem\u00e1s puntualiz\u00f3 mediante una alianza publico social integrar\u00e1 delegaciones para que velen por los espacios p\u00fablicos, recogida de los desechos, cuidar las luminarias, limpieza de imbornales entre otros.<\/p>\n\n\n\n<p>En materia pol\u00edtica apunt\u00f3 que trabaja sin prisa pero sin pausas, para recatar al municipio Santo Domingo Este y que Abel Mart\u00ednez se convierta en presidente y salvar\u00e1 al pa\u00eds del desastre.<\/p>\n\n\n\n<p>Agenda pol\u00edtica<\/p>\n\n\n\n<p>Este mi\u00e9rcoles, el aspirante desarrolla su agenda pol\u00edtica con los denominados Casa a Casa desde el Barrio Puerto Rico.<\/p>\n\n\n\n<p>Mientras que este jueves participar\u00e1 de los XVIII Juegos Deportivas de Los Mina 2023.<\/p>\n\n\n\n<p>En tanto que para el viernes y el s\u00e1bado, Luis Alberto estar\u00e1 llevando a cabo los Casa a Casa en la circunscripciones 1 y 3 de Santo Domingo Este.<\/p>\n","protected":false},"excerpt":{"rendered":"<p>El candidato a alcalde por Santo Domingo Este, Luis Alberto Tejeda, apuntal\u00f3 que convertir en una potencia tur\u00edstica esta demarcaci\u00f3n ser\u00e1 una de sus prioridades aprovechando los atractivos que posee.&hellip;<\/p>\n","protected":false},"author":2,"featured_media":56180,"comment_status":"open","ping_status":"open","sticky":false,"template":"","format":"standard","meta":{"content-type":"","jetpack_post_was_ever_published":false,"_jetpack_newsletter_access":"","_jetpack_dont_email_post_to_subs":false,"_jetpack_newsletter_tier_id":0,"_jetpack_memberships_contains_paywalled_content":false,"_jetpack_memberships_contains_paid_content":false,"footnotes":""},"categories":[25],"tags":[171,4694,125,5974,76],"class_list":["post-57232","post","type-post","status-publish","format-standard","has-post-thumbnail","hentry","category-portada","tag-gobierno","tag-luis-alberto","tag-materia","tag-saco-cero","tag-seguridad"],"jetpack_featured_media_url":"https:\/\/lasprimeras.com.do\/wp-content\/uploads\/2023\/07\/Luis-Alberto-Tejada-1-1.jpg","jetpack-related-posts":[{"id":56533,"url":"https:\/\/lasprimeras.com.do\/index.php\/2023\/08\/02\/luis-alberto-desarrollara-alianza-publico-privadas-y-publico-social-desde-que-asuma-el-ayuntamiento\/","url_meta":{"origin":57232,"position":0},"title":"Luis Alberto desarrollar\u00e1 alianza p\u00fablico privadas y p\u00fablico social desde que asuma el ayuntamiento","author":"Nelson Feliz","date":"2 de agosto de 2023","format":false,"excerpt":"El candidato a alcalde de Santo Domingo Este por el Partido de la Liberaci\u00f3n Dominicana (PLD), Luis Alberto Tejeda, afirm\u00f3 tener una visi\u00f3n clara para organizar y rescatar ese municipio del abandono. En ese sentido, asegur\u00f3 tener un plan bien definido en el que se crear\u00e1n infraestructuras para mejorar las\u2026","rel":"","context":"En \u00abPORTADA\u00bb","block_context":{"text":"PORTADA","link":"https:\/\/lasprimeras.com.do\/index.php\/category\/portada\/"},"img":{"alt_text":"Luis Alberto Tejeda","src":"https:\/\/i0.wp.com\/lasprimeras.com.do\/wp-content\/uploads\/2023\/08\/Luis-Alberto-Tejeda.jpg?resize=350%2C200&ssl=1","width":350,"height":200,"srcset":"https:\/\/i0.wp.com\/lasprimeras.com.do\/wp-content\/uploads\/2023\/08\/Luis-Alberto-Tejeda.jpg?resize=350%2C200&ssl=1 1x, https:\/\/i0.wp.com\/lasprimeras.com.do\/wp-content\/uploads\/2023\/08\/Luis-Alberto-Tejeda.jpg?resize=525%2C300&ssl=1 1.5x, https:\/\/i0.wp.com\/lasprimeras.com.do\/wp-content\/uploads\/2023\/08\/Luis-Alberto-Tejeda.jpg?resize=700%2C400&ssl=1 2x"},"classes":[]},{"id":100383,"url":"https:\/\/lasprimeras.com.do\/index.php\/2025\/06\/06\/presidente-de-asonahores-vaticina-la-llegada-de-300-a-400-mil-turistas-anuales-a-samana\/","url_meta":{"origin":57232,"position":1},"title":"Presidente de ASONAHORES vaticina la llegada de 300 a 400 mil turistas anuales a Saman\u00e1","author":"Nelson Feliz","date":"6 de junio de 2025","format":false,"excerpt":"Dice, presidente ha cumplido con las obras prometidas. Empresarios e inversionistas de la provincia de Saman\u00e1 agradecieron este domingo al presidente Luis Abinader y al ministro de Turismo, David Collado, por el conjunto de obras entregadas, las cuales dijeron representan un impulso para el desarrollo tur\u00edstico y econ\u00f3mico de la\u2026","rel":"","context":"En \u00abTURISMO\u00bb","block_context":{"text":"TURISMO","link":"https:\/\/lasprimeras.com.do\/index.php\/category\/turismo\/"},"img":{"alt_text":"Juan Bancalari (Papo)","src":"https:\/\/i0.wp.com\/lasprimeras.com.do\/wp-content\/uploads\/2025\/06\/Juan-Bancalari-Papo.jpg?resize=350%2C200&ssl=1","width":350,"height":200,"srcset":"https:\/\/i0.wp.com\/lasprimeras.com.do\/wp-content\/uploads\/2025\/06\/Juan-Bancalari-Papo.jpg?resize=350%2C200&ssl=1 1x, https:\/\/i0.wp.com\/lasprimeras.com.do\/wp-content\/uploads\/2025\/06\/Juan-Bancalari-Papo.jpg?resize=525%2C300&ssl=1 1.5x, https:\/\/i0.wp.com\/lasprimeras.com.do\/wp-content\/uploads\/2025\/06\/Juan-Bancalari-Papo.jpg?resize=700%2C400&ssl=1 2x"},"classes":[]},{"id":56385,"url":"https:\/\/lasprimeras.com.do\/index.php\/2023\/07\/31\/luis-alberto-cual-sea-el-candidato-nosotros-vamos-a-ganar-de-manera-contundente\/","url_meta":{"origin":57232,"position":2},"title":"Luis Alberto: \u201cCual sea el candidato, nosotros vamos a ganar de manera contundente\u201d","author":"Nelson Feliz","date":"31 de julio de 2023","format":false,"excerpt":"Dijo SDE sigue con muchos vertederos improvisados. El candidato a alcalde de Santo Domingo Este por el Partido de la Liberaci\u00f3n Dominicana (PLD), Luis Alberto Tejeda, afirm\u00f3 que sin importar qui\u00e9n sea el candidato del partido oficialista el ganar\u00e1 de manera contundente las elecciones del pr\u00f3ximo 18 de febrero del\u2026","rel":"","context":"En \u00abPORTADA\u00bb","block_context":{"text":"PORTADA","link":"https:\/\/lasprimeras.com.do\/index.php\/category\/portada\/"},"img":{"alt_text":"Luis Alberto Tejada","src":"https:\/\/i0.wp.com\/lasprimeras.com.do\/wp-content\/uploads\/2023\/07\/Luis-Alberto-Tejada.jpg?resize=350%2C200&ssl=1","width":350,"height":200,"srcset":"https:\/\/i0.wp.com\/lasprimeras.com.do\/wp-content\/uploads\/2023\/07\/Luis-Alberto-Tejada.jpg?resize=350%2C200&ssl=1 1x, https:\/\/i0.wp.com\/lasprimeras.com.do\/wp-content\/uploads\/2023\/07\/Luis-Alberto-Tejada.jpg?resize=525%2C300&ssl=1 1.5x, https:\/\/i0.wp.com\/lasprimeras.com.do\/wp-content\/uploads\/2023\/07\/Luis-Alberto-Tejada.jpg?resize=700%2C400&ssl=1 2x"},"classes":[]},{"id":100037,"url":"https:\/\/lasprimeras.com.do\/index.php\/2025\/05\/30\/abinader-inaugurara-este-domingo-malecon-de-samana\/","url_meta":{"origin":57232,"position":3},"title":"Abinader inaugurar\u00e1 este domingo malec\u00f3n de Saman\u00e1","author":"Nelson Feliz","date":"30 de mayo de 2025","format":false,"excerpt":"En recorrido que har\u00e1 el fin de semana, el mandatario estar\u00e1 el s\u00e1bado en San Crist\u00f3bal, en el marco del programa El Gobierno Contigo. El presidente Luis Abinader continuar\u00e1 este fin de semana su agenda de impulso al desarrollo nacional con visitas a las provincias de San Crist\u00f3bal y Saman\u00e1.\u2026","rel":"","context":"En \u00abECONOM\u00cdA\u00bb","block_context":{"text":"ECONOM\u00cdA","link":"https:\/\/lasprimeras.com.do\/index.php\/category\/economia\/"},"img":{"alt_text":"","src":"https:\/\/i0.wp.com\/lasprimeras.com.do\/wp-content\/uploads\/2025\/05\/Luis-Abinader-8.jpg?resize=350%2C200&ssl=1","width":350,"height":200,"srcset":"https:\/\/i0.wp.com\/lasprimeras.com.do\/wp-content\/uploads\/2025\/05\/Luis-Abinader-8.jpg?resize=350%2C200&ssl=1 1x, https:\/\/i0.wp.com\/lasprimeras.com.do\/wp-content\/uploads\/2025\/05\/Luis-Abinader-8.jpg?resize=525%2C300&ssl=1 1.5x, https:\/\/i0.wp.com\/lasprimeras.com.do\/wp-content\/uploads\/2025\/05\/Luis-Abinader-8.jpg?resize=700%2C400&ssl=1 2x"},"classes":[]},{"id":69923,"url":"https:\/\/lasprimeras.com.do\/index.php\/2023\/12\/06\/luis-alberto-garantiza-desarrollo-de-sde-afirman-empresarios\/","url_meta":{"origin":57232,"position":4},"title":"Luis Alberto garantiza desarrollo de SDE, afirman empresarios","author":"Nelson Feliz","date":"6 de diciembre de 2023","format":false,"excerpt":"El empresario Juan Mar\u00eda Almonte Mej\u00eda, propietario de Encajes La Rosario, manifest\u00f3 que para el buen crecimiento y haya un ambiente favorable sin ning\u00fan tipo de entorpecimiento, eso solo se puede lograr con Luis Alberto como alcalde de Santo Domingo Este. \u201cLuis Alberto es una persona amable, humilde, y conocedora\u2026","rel":"","context":"En \u00abPORTADA\u00bb","block_context":{"text":"PORTADA","link":"https:\/\/lasprimeras.com.do\/index.php\/category\/portada\/"},"img":{"alt_text":"Luis Alberto","src":"https:\/\/i0.wp.com\/lasprimeras.com.do\/wp-content\/uploads\/2023\/12\/Luis-Alberto-T-1.jpg?resize=350%2C200&ssl=1","width":350,"height":200,"srcset":"https:\/\/i0.wp.com\/lasprimeras.com.do\/wp-content\/uploads\/2023\/12\/Luis-Alberto-T-1.jpg?resize=350%2C200&ssl=1 1x, https:\/\/i0.wp.com\/lasprimeras.com.do\/wp-content\/uploads\/2023\/12\/Luis-Alberto-T-1.jpg?resize=525%2C300&ssl=1 1.5x, https:\/\/i0.wp.com\/lasprimeras.com.do\/wp-content\/uploads\/2023\/12\/Luis-Alberto-T-1.jpg?resize=700%2C400&ssl=1 2x"},"classes":[]},{"id":115019,"url":"https:\/\/lasprimeras.com.do\/index.php\/2025\/11\/18\/intrant-convertira-el-malecon-en-una-ruta-familiar-y-turistica\/","url_meta":{"origin":57232,"position":5},"title":"INTRANT convertir\u00e1 el malec\u00f3n en una ruta familiar y tur\u00edstica","author":"Nelson Feliz","date":"18 de noviembre de 2025","format":false,"excerpt":"La intervenci\u00f3n cuenta con el apoyo del Cl\u00faster Tur\u00edstico y la Asociaci\u00f3n de Hoteles de la ciudad, en un esfuerzo orientado a reducir riesgos y salvar vidas. En el marco de la 8va. Semana Nacional de la Seguridad Vial, el Instituto Nacional de Tr\u00e1nsito y Transporte Terrestre (INTRANT) present\u00f3 el\u2026","rel":"","context":"En \u00abNACIONALES\u00bb","block_context":{"text":"NACIONALES","link":"https:\/\/lasprimeras.com.do\/index.php\/category\/nacionales\/"},"img":{"alt_text":"","src":"https:\/\/i0.wp.com\/lasprimeras.com.do\/wp-content\/uploads\/2025\/11\/Milton-Morrison-1-1.jpg?resize=350%2C200&ssl=1","width":350,"height":200,"srcset":"https:\/\/i0.wp.com\/lasprimeras.com.do\/wp-content\/uploads\/2025\/11\/Milton-Morrison-1-1.jpg?resize=350%2C200&ssl=1 1x, https:\/\/i0.wp.com\/lasprimeras.com.do\/wp-content\/uploads\/2025\/11\/Milton-Morrison-1-1.jpg?resize=525%2C300&ssl=1 1.5x, https:\/\/i0.wp.com\/lasprimeras.com.do\/wp-content\/uploads\/2025\/11\/Milton-Morrison-1-1.jpg?resize=700%2C400&ssl=1 2x, https:\/\/i0.wp.com\/lasprimeras.com.do\/wp-content\/uploads\/2025\/11\/Milton-Morrison-1-1.jpg?resize=1050%2C600&ssl=1 3x"},"classes":[]}],"jetpack_sharing_enabled":true,"_links":{"self":[{"href":"https:\/\/lasprimeras.com.do\/index.php\/wp-json\/wp\/v2\/posts\/57232","targetHints":{"allow":["GET"]}}],"collection":[{"href":"https:\/\/lasprimeras.com.do\/index.php\/wp-json\/wp\/v2\/posts"}],"about":[{"href":"https:\/\/lasprimeras.com.do\/index.php\/wp-json\/wp\/v2\/types\/post"}],"author":[{"embeddable":true,"href":"https:\/\/lasprimeras.com.do\/index.php\/wp-json\/wp\/v2\/users\/2"}],"replies":[{"embeddable":true,"href":"https:\/\/lasprimeras.com.do\/index.php\/wp-json\/wp\/v2\/comments?post=57232"}],"version-history":[{"count":1,"href":"https:\/\/lasprimeras.com.do\/index.php\/wp-json\/wp\/v2\/posts\/57232\/revisions"}],"predecessor-version":[{"id":57233,"href":"https:\/\/lasprimeras.com.do\/index.php\/wp-json\/wp\/v2\/posts\/57232\/revisions\/57233"}],"wp:featuredmedia":[{"embeddable":true,"href":"https:\/\/lasprimeras.com.do\/index.php\/wp-json\/wp\/v2\/media\/56180"}],"wp:attachment":[{"href":"https:\/\/lasprimeras.com.do\/index.php\/wp-json\/wp\/v2\/media?parent=57232"}],"wp:term":[{"taxonomy":"category","embeddable":true,"href":"https:\/\/lasprimeras.com.do\/index.php\/wp-json\/wp\/v2\/categories?post=57232"},{"taxonomy":"post_tag","embeddable":true,"href":"https:\/\/lasprimeras.com.do\/index.php\/wp-json\/wp\/v2\/tags?post=57232"}],"curies":[{"name":"wp","href":"https:\/\/api.w.org\/{rel}","templated":true}]}}