{"id":57239,"date":"2023-08-10T10:49:40","date_gmt":"2023-08-10T14:49:40","guid":{"rendered":"https:\/\/lasprimeras.com.do\/?p=57239"},"modified":"2023-08-10T10:49:42","modified_gmt":"2023-08-10T14:49:42","slug":"fp-pide-explicacion-sobre-averias-de-internet-en-jce-advierte-podrian-afectar-elecciones-del-2024","status":"publish","type":"post","link":"https:\/\/lasprimeras.com.do\/index.php\/2023\/08\/10\/fp-pide-explicacion-sobre-averias-de-internet-en-jce-advierte-podrian-afectar-elecciones-del-2024\/","title":{"rendered":"FP pide explicaci\u00f3n sobre aver\u00edas de internet en JCE: Advierte podr\u00edan afectar elecciones del 2024"},"content":{"rendered":"\n<p>El partido Fuerza del Pueblo (FP) pidi\u00f3 a la Junta Central Electoral (JCE) un informe bien detallado sobre las m\u00faltiples y diversas fallas del internet, que ha presentado la sede central de ese organismo, durante el presente a\u00f1o para la data m\u00f3vil y otros equipos de inform\u00e1tica.<\/p>\n\n\n\n<p>\u201cUna de esas ocasiones ocurri\u00f3 el d\u00eda 26 de junio del 2023, cuando estando en el auditorio de la JCE, en ocasi\u00f3n de un taller de entrenamiento y creaci\u00f3n de usuario del sistema a reservas, convocado por la Direcci\u00f3n Nacional de Inform\u00e1tica, la se\u00f1al de inform\u00e1tica utilizada por los m\u00f3dems desapareci\u00f3 por completo, lo que oblig\u00f3 a que el entrenamiento se desarrollara sin el uso de las laptops por falta de comunicaci\u00f3n y conexi\u00f3n con la red de internet\u201d, dice la instancia sometida a trav\u00e9s de la Secretar\u00eda General por su delegado Pol\u00edtico.<\/p>\n\n\n\n<p>Manuel Crespo advirti\u00f3 que para la diafanidad y transparencia de las elecciones municipales, congresuales y presidenciales del pr\u00f3ximo a\u00f1o, es de vital importancia garantizar el servicio a la red de conectividad interna y externa de manera confiable y continua del organismo comicial.<\/p>\n\n\n\n<p>\u201cConocedores de que, la sede central de la JCE no se encuentra en un \u00e1rea con dificultad de conexi\u00f3n, nos interesa saber, y as\u00ed lo solicitamos que, nos informen si existen reportes de episodios de blackout o interrupciones de la se\u00f1al de internet a esta y las edificaciones circundantes de la JCE\u201d, indic\u00f3.<\/p>\n\n\n\n<p>El Tambi\u00e9n miembro de la Direcci\u00f3n Pol\u00edtica de la FP expres\u00f3 que en dado caso que existan algunos problemas en este sentido, la organizaci\u00f3n liderada por el expresidente Leonel Fern\u00e1ndez, necesita saber qu\u00e9 acciones y diligencias correctivas ha realizado la JCE.<\/p>\n\n\n\n<p>Adem\u00e1s nos interesa saber \u201csi se ha elaborado o solicitado alg\u00fan reporte a la compa\u00f1\u00eda proveedora de los servicios de telecomunicaciones sobre las interrupciones y sus causas, las cuales podr\u00edan afectar la eficiencia de los trabajos que desarrolla la JCE y que utilizan conexi\u00f3n inal\u00e1mbrica 3G, 4G y 5G.<\/p>\n\n\n\n<p>\u201cLa FP hace de su conocimiento que, en diversas ocasiones de este a\u00f1o en curso, nuestros delegados encontr\u00e1ndose en la sede central de esta JCE han constatado la interrupci\u00f3n y total ausencia de la se\u00f1al de internet\u201d, agrega la comunicaci\u00f3n depositada en el organismo comicial.<\/p>\n","protected":false},"excerpt":{"rendered":"<p>El partido Fuerza del Pueblo (FP) pidi\u00f3 a la Junta Central Electoral (JCE) un informe bien detallado sobre las m\u00faltiples y diversas fallas del internet, que ha presentado la sede&hellip;<\/p>\n","protected":false},"author":2,"featured_media":57240,"comment_status":"open","ping_status":"open","sticky":false,"template":"","format":"standard","meta":{"content-type":"","jetpack_post_was_ever_published":false,"_jetpack_newsletter_access":"","_jetpack_dont_email_post_to_subs":false,"_jetpack_newsletter_tier_id":0,"_jetpack_memberships_contains_paywalled_content":false,"_jetpack_memberships_contains_paid_content":false,"footnotes":""},"categories":[25],"tags":[6043,182,158,5695,183],"class_list":["post-57239","post","type-post","status-publish","format-standard","has-post-thumbnail","hentry","category-portada","tag-averias","tag-elecciones","tag-fuerza-del-pueblo","tag-internet","tag-jce"],"jetpack_featured_media_url":"https:\/\/lasprimeras.com.do\/wp-content\/uploads\/2023\/08\/Manuel-Crespo.jpg","jetpack-related-posts":[{"id":126925,"url":"https:\/\/lasprimeras.com.do\/index.php\/2026\/04\/06\/fp-iniciara-este-martes-jornada-de-cedulacion-de-sus-dirigentes-en-coordinacion-con-la-jce\/","url_meta":{"origin":57239,"position":0},"title":"FP iniciar\u00e1 este martes jornada de cedulaci\u00f3n de sus dirigentes en coordinaci\u00f3n con la JCE","author":"Nelson Feliz","date":"6 de abril de 2026","format":false,"excerpt":"Con esta jornada, la FP, al igual que otras organizaciones, respalda a la JCE en el proceso de renovaci\u00f3n del nuevo documento oficial. El partido Fuerza del Pueblo, en coordinaci\u00f3n con la Junta Central Electoral (JCE), iniciar\u00e1 este martes 7 una jornada nacional de cedulaci\u00f3n dirigida a los integrantes de\u2026","rel":"","context":"En \u00abPOLITICA\u00bb","block_context":{"text":"POLITICA","link":"https:\/\/lasprimeras.com.do\/index.php\/category\/politica\/"},"img":{"alt_text":"Henry Mer\u00e1n","src":"https:\/\/i0.wp.com\/lasprimeras.com.do\/wp-content\/uploads\/2026\/04\/Henry-Meran.jpg?resize=350%2C200&ssl=1","width":350,"height":200,"srcset":"https:\/\/i0.wp.com\/lasprimeras.com.do\/wp-content\/uploads\/2026\/04\/Henry-Meran.jpg?resize=350%2C200&ssl=1 1x, https:\/\/i0.wp.com\/lasprimeras.com.do\/wp-content\/uploads\/2026\/04\/Henry-Meran.jpg?resize=525%2C300&ssl=1 1.5x, https:\/\/i0.wp.com\/lasprimeras.com.do\/wp-content\/uploads\/2026\/04\/Henry-Meran.jpg?resize=700%2C400&ssl=1 2x"},"classes":[]},{"id":116638,"url":"https:\/\/lasprimeras.com.do\/index.php\/2025\/12\/02\/fuerza-del-pueblo-exige-a-la-jce-retirar-advertencia-por-propaganda-y-niega-violacion-electoral\/","url_meta":{"origin":57239,"position":1},"title":"Fuerza del Pueblo exige a la JCE retirar advertencia por propaganda y niega violaci\u00f3n electoral","author":"Nelson Feliz","date":"2 de diciembre de 2025","format":false,"excerpt":"En un acto de alguacil depositado el 2 de diciembre, el partido calific\u00f3 la imputaci\u00f3n como \"infundada\". La Fuerza del Pueblo (FP) exigi\u00f3 a la Junta Central Electoral (JCE) retirar la advertencia en la que se le atribuye presunta propaganda electoral prohibida durante la \"Marcha del Pueblo\", y neg\u00f3 de\u2026","rel":"","context":"En \u00abPOLITICA\u00bb","block_context":{"text":"POLITICA","link":"https:\/\/lasprimeras.com.do\/index.php\/category\/politica\/"},"img":{"alt_text":"","src":"https:\/\/i0.wp.com\/lasprimeras.com.do\/wp-content\/uploads\/2025\/12\/leonel-fernandez.jpg?resize=350%2C200&ssl=1","width":350,"height":200,"srcset":"https:\/\/i0.wp.com\/lasprimeras.com.do\/wp-content\/uploads\/2025\/12\/leonel-fernandez.jpg?resize=350%2C200&ssl=1 1x, https:\/\/i0.wp.com\/lasprimeras.com.do\/wp-content\/uploads\/2025\/12\/leonel-fernandez.jpg?resize=525%2C300&ssl=1 1.5x, https:\/\/i0.wp.com\/lasprimeras.com.do\/wp-content\/uploads\/2025\/12\/leonel-fernandez.jpg?resize=700%2C400&ssl=1 2x"},"classes":[]},{"id":128369,"url":"https:\/\/lasprimeras.com.do\/index.php\/2026\/04\/22\/fp-pide-a-jce-convocar-mesa-tecnica-para-evaluar-proceso-cedulacion\/","url_meta":{"origin":57239,"position":2},"title":"FP pide a JCE convocar Mesa T\u00e9cnica para evaluar proceso cedulaci\u00f3n","author":"Nelson Feliz","date":"22 de abril de 2026","format":false,"excerpt":"Crespo reitera solicitud habilitar plataforma para partidos seguir proceso en tiempo real El partido Fuerza del Pueblo (FP) solicit\u00f3 al pleno de la Junta Central Electoral (JCE), la convocatoria de una reuni\u00f3n de trabajo de la Mesa T\u00e9cnica con el objetivo de realizar una evaluaci\u00f3n integral de todo el proceso\u2026","rel":"","context":"En \u00abPOLITICA\u00bb","block_context":{"text":"POLITICA","link":"https:\/\/lasprimeras.com.do\/index.php\/category\/politica\/"},"img":{"alt_text":"Manuel Crespo","src":"https:\/\/i0.wp.com\/lasprimeras.com.do\/wp-content\/uploads\/2026\/04\/MANUEL-CRESPO1.jpg?resize=350%2C200&ssl=1","width":350,"height":200,"srcset":"https:\/\/i0.wp.com\/lasprimeras.com.do\/wp-content\/uploads\/2026\/04\/MANUEL-CRESPO1.jpg?resize=350%2C200&ssl=1 1x, https:\/\/i0.wp.com\/lasprimeras.com.do\/wp-content\/uploads\/2026\/04\/MANUEL-CRESPO1.jpg?resize=525%2C300&ssl=1 1.5x, https:\/\/i0.wp.com\/lasprimeras.com.do\/wp-content\/uploads\/2026\/04\/MANUEL-CRESPO1.jpg?resize=700%2C400&ssl=1 2x"},"classes":[]},{"id":116465,"url":"https:\/\/lasprimeras.com.do\/index.php\/2025\/12\/01\/jce-intima-a-la-fuerza-del-pueblo-por-posible-propaganda-anticipada-en-marcha-del-domingo\/","url_meta":{"origin":57239,"position":3},"title":"JCE intima a la Fuerza del Pueblo por posible propaganda anticipada en marcha del domingo","author":"Nelson Feliz","date":"1 de diciembre de 2025","format":false,"excerpt":"En un acto de alguacil, el \u00f3rgano electoral pide al partido que dirige Leonel Fern\u00e1ndez no alegar ignorancia. La Junta Central Electoral (JCE) intim\u00f3 este lunes al partido Fuerza del Pueblo (FP) al considerar que en la actividad del domingo llamada \u201cMarcha del pueblo\u201d se emplearon elementos que podr\u00edan configurar\u2026","rel":"","context":"En \u00abPOLITICA\u00bb","block_context":{"text":"POLITICA","link":"https:\/\/lasprimeras.com.do\/index.php\/category\/politica\/"},"img":{"alt_text":"","src":"https:\/\/i0.wp.com\/lasprimeras.com.do\/wp-content\/uploads\/2025\/11\/leonel.jpg?resize=350%2C200&ssl=1","width":350,"height":200,"srcset":"https:\/\/i0.wp.com\/lasprimeras.com.do\/wp-content\/uploads\/2025\/11\/leonel.jpg?resize=350%2C200&ssl=1 1x, https:\/\/i0.wp.com\/lasprimeras.com.do\/wp-content\/uploads\/2025\/11\/leonel.jpg?resize=525%2C300&ssl=1 1.5x, https:\/\/i0.wp.com\/lasprimeras.com.do\/wp-content\/uploads\/2025\/11\/leonel.jpg?resize=700%2C400&ssl=1 2x"},"classes":[]},{"id":102488,"url":"https:\/\/lasprimeras.com.do\/index.php\/2025\/07\/04\/lf-participara-este-sabado-en-graduacion-de-diplomado-especializado-de-la-jce\/","url_meta":{"origin":57239,"position":4},"title":"LF participar\u00e1 este s\u00e1bado en graduaci\u00f3n de diplomado especializado de la JCE","author":"Nelson Feliz","date":"4 de julio de 2025","format":false,"excerpt":"El expresidente de la Rep\u00fablica y actual presidente del partido Fuerza del Pueblo (FP), Leonel Fern\u00e1ndez, asistir\u00e1 este s\u00e1bado al acto de graduaci\u00f3n del Diplomado Especializado en Administraci\u00f3n Electoral, iniciativa acad\u00e9mica coordinada por el Instituto Especializado Superior en Formaci\u00f3n Pol\u00edtica, Electoral y del Estado Civil (IESPEC), \u00f3rgano acad\u00e9mico de la\u2026","rel":"","context":"En \u00abNACIONALES\u00bb","block_context":{"text":"NACIONALES","link":"https:\/\/lasprimeras.com.do\/index.php\/category\/nacionales\/"},"img":{"alt_text":"","src":"https:\/\/i0.wp.com\/lasprimeras.com.do\/wp-content\/uploads\/2025\/07\/Leonel-Fernandez-y-Roman-Jaquez-Liranzo.jpg?resize=350%2C200&ssl=1","width":350,"height":200,"srcset":"https:\/\/i0.wp.com\/lasprimeras.com.do\/wp-content\/uploads\/2025\/07\/Leonel-Fernandez-y-Roman-Jaquez-Liranzo.jpg?resize=350%2C200&ssl=1 1x, https:\/\/i0.wp.com\/lasprimeras.com.do\/wp-content\/uploads\/2025\/07\/Leonel-Fernandez-y-Roman-Jaquez-Liranzo.jpg?resize=525%2C300&ssl=1 1.5x, https:\/\/i0.wp.com\/lasprimeras.com.do\/wp-content\/uploads\/2025\/07\/Leonel-Fernandez-y-Roman-Jaquez-Liranzo.jpg?resize=700%2C400&ssl=1 2x"},"classes":[]},{"id":106342,"url":"https:\/\/lasprimeras.com.do\/index.php\/2025\/08\/13\/alberto-avila-el-mas-votado-en-elecciones-internas-de-la-fp\/","url_meta":{"origin":57239,"position":5},"title":"Alberto \u00c1vila, el m\u00e1s votado en elecciones internas de la FP","author":"Nelson Feliz","date":"13 de agosto de 2025","format":false,"excerpt":"El dirigente de la Fuerza del Pueblo (FP), Alberto \u00c1vila,\u00a0 gan\u00f3 con la m\u00e1s alta votaci\u00f3n, su puesto como miembro de la Direcci\u00f3n Central de la organizaci\u00f3n pol\u00edtica, siendo el m\u00e1s votado durante el reciente congreso efectuado por el partido que lidera el ex presidente de la Rep\u00fablica, Dr. Leonel\u2026","rel":"","context":"En \u00abPOLITICA\u00bb","block_context":{"text":"POLITICA","link":"https:\/\/lasprimeras.com.do\/index.php\/category\/politica\/"},"img":{"alt_text":"","src":"https:\/\/i0.wp.com\/lasprimeras.com.do\/wp-content\/uploads\/2025\/08\/Alberto-Avila.jpg?resize=350%2C200&ssl=1","width":350,"height":200,"srcset":"https:\/\/i0.wp.com\/lasprimeras.com.do\/wp-content\/uploads\/2025\/08\/Alberto-Avila.jpg?resize=350%2C200&ssl=1 1x, https:\/\/i0.wp.com\/lasprimeras.com.do\/wp-content\/uploads\/2025\/08\/Alberto-Avila.jpg?resize=525%2C300&ssl=1 1.5x, https:\/\/i0.wp.com\/lasprimeras.com.do\/wp-content\/uploads\/2025\/08\/Alberto-Avila.jpg?resize=700%2C400&ssl=1 2x, https:\/\/i0.wp.com\/lasprimeras.com.do\/wp-content\/uploads\/2025\/08\/Alberto-Avila.jpg?resize=1050%2C600&ssl=1 3x"},"classes":[]}],"jetpack_sharing_enabled":true,"_links":{"self":[{"href":"https:\/\/lasprimeras.com.do\/index.php\/wp-json\/wp\/v2\/posts\/57239","targetHints":{"allow":["GET"]}}],"collection":[{"href":"https:\/\/lasprimeras.com.do\/index.php\/wp-json\/wp\/v2\/posts"}],"about":[{"href":"https:\/\/lasprimeras.com.do\/index.php\/wp-json\/wp\/v2\/types\/post"}],"author":[{"embeddable":true,"href":"https:\/\/lasprimeras.com.do\/index.php\/wp-json\/wp\/v2\/users\/2"}],"replies":[{"embeddable":true,"href":"https:\/\/lasprimeras.com.do\/index.php\/wp-json\/wp\/v2\/comments?post=57239"}],"version-history":[{"count":1,"href":"https:\/\/lasprimeras.com.do\/index.php\/wp-json\/wp\/v2\/posts\/57239\/revisions"}],"predecessor-version":[{"id":57241,"href":"https:\/\/lasprimeras.com.do\/index.php\/wp-json\/wp\/v2\/posts\/57239\/revisions\/57241"}],"wp:featuredmedia":[{"embeddable":true,"href":"https:\/\/lasprimeras.com.do\/index.php\/wp-json\/wp\/v2\/media\/57240"}],"wp:attachment":[{"href":"https:\/\/lasprimeras.com.do\/index.php\/wp-json\/wp\/v2\/media?parent=57239"}],"wp:term":[{"taxonomy":"category","embeddable":true,"href":"https:\/\/lasprimeras.com.do\/index.php\/wp-json\/wp\/v2\/categories?post=57239"},{"taxonomy":"post_tag","embeddable":true,"href":"https:\/\/lasprimeras.com.do\/index.php\/wp-json\/wp\/v2\/tags?post=57239"}],"curies":[{"name":"wp","href":"https:\/\/api.w.org\/{rel}","templated":true}]}}