{"id":57254,"date":"2023-08-10T13:25:16","date_gmt":"2023-08-10T17:25:16","guid":{"rendered":"https:\/\/lasprimeras.com.do\/?p=57254"},"modified":"2023-08-10T13:25:18","modified_gmt":"2023-08-10T17:25:18","slug":"vicepresidenta-raquel-pena-encabeza-acto-de-entrega-de-8-mil-becas-nacionales-a-jovenes-de-todo-el-pais","status":"publish","type":"post","link":"https:\/\/lasprimeras.com.do\/index.php\/2023\/08\/10\/vicepresidenta-raquel-pena-encabeza-acto-de-entrega-de-8-mil-becas-nacionales-a-jovenes-de-todo-el-pais\/","title":{"rendered":"Vicepresidenta Raquel Pe\u00f1a encabeza acto de entrega de 8 mil becas nacionales a j\u00f3venes de todo el pa\u00eds"},"content":{"rendered":"\n<p><strong>Al destacar que en el gobierno del presidente Luis Abinader se han otorgado 100 mil becas, dice que nunca se hab\u00eda entregado esa cantidad en menos de tres a\u00f1os en el pa\u00eds.<\/strong><\/p>\n\n\n\n<p>La vicepresidenta Raquel Pe\u00f1a encabez\u00f3  junto al ministro de Educaci\u00f3n Superior, Ciencia y Tecnolog\u00eda, doctor Franklin Garc\u00eda Ferm\u00edn, el acto de inicio de entrega 8 mil becas nacionales para beneficiar a igual n\u00famero de j\u00f3venes dominicanos de los diferentes puntos del pa\u00eds, para que puedan alcanzar o ampliar su formaci\u00f3n profesional.<\/p>\n\n\n\n<p>Al pronunciar el discurso central del acto, que se llev\u00f3 a cabo en el Aula Magna de la Universidad Aut\u00f3noma de Santo Domingo (UASD), la vicemandataria expres\u00f3 que, hasta el momento, el Gobierno que encabeza el presidente Luis Abinader, ha otorgado 100 mil becas, de las cuales 24 mil becas son nacionales y 6 mil internacionales, a las cuales se agregan 72 mil becas otorgadas a trav\u00e9s del Programa de Ingl\u00e9s de Inmersi\u00f3n.<\/p>\n\n\n\n<p>&#8220;Nunca se hab\u00edan otorgado cien mil becas en menos de tres a\u00f1os en este pa\u00eds&#8221;, destac\u00f3 Pe\u00f1a.<\/p>\n\n\n\n<p>La vicemandataria dijo que &#8220;con la entrega de las becas se exalta la vida democr\u00e1tica por la que lucharon los padres de la patria y adem\u00e1s sabemos que todos los hijos de este pa\u00eds merecen el mismo trato digno y que les llegue la bonanza del esp\u00edritu de justicia con que estamos acostumbrados a actuar&#8221;.<\/p>\n\n\n\n<p>Pe\u00f1a agreg\u00f3 que ese esfuerzo se continuar\u00e1 haciendo porque se desea que la poblaci\u00f3n joven del pa\u00eds tenga acceso a la educaci\u00f3n del m\u00e1s alto nivel, con lo cual se abren puertas a las oportunidades que necesitan para superarse y contribuir a la creaci\u00f3n de riqueza y al fortalecimiento de la movilidad social.<\/p>\n\n\n\n<p>La vicepresidenta afirm\u00f3 que la educaci\u00f3n es la mejor garant\u00eda de \u00e9xito futuro, de inclusi\u00f3n, de solidaridad y de verdadero desarrollo humano.<\/p>\n\n\n\n<p>Expuso, adem\u00e1s, que el presidente Abinader ha mostrado especial inter\u00e9s en facilitar el acceso a becas y ampliar las oportunidades de educaci\u00f3n para los dominicanos y, con ese prop\u00f3sito, ha elevado significativamente la cantidad de becas nacionales e internacionales en beneficio de un n\u00famero cada vez m\u00e1s elevado de j\u00f3venes del pa\u00eds.<\/p>\n\n\n\n<p>&#8220;Estamos seguros de que el trabajo sin descanso en favor de la juventud contribuir\u00e1 a que disfrutemos todos de un mejor pa\u00eds, una naci\u00f3n pr\u00f3spera, visible y competitiva, la Rep\u00fablica Dominicana que llene de orgullo a todos los ciudadanos&#8221;, resalt\u00f3 la vicemandataria.<\/p>\n","protected":false},"excerpt":{"rendered":"<p>Al destacar que en el gobierno del presidente Luis Abinader se han otorgado 100 mil becas, dice que nunca se hab\u00eda entregado esa cantidad en menos de tres a\u00f1os en&hellip;<\/p>\n","protected":false},"author":2,"featured_media":57255,"comment_status":"open","ping_status":"open","sticky":false,"template":"","format":"standard","meta":{"content-type":"","jetpack_post_was_ever_published":false,"_jetpack_newsletter_access":"","_jetpack_dont_email_post_to_subs":false,"_jetpack_newsletter_tier_id":0,"_jetpack_memberships_contains_paywalled_content":false,"_jetpack_memberships_contains_paid_content":false,"footnotes":""},"categories":[39,25],"tags":[2877,3899,3444,2873,2874],"class_list":["post-57254","post","type-post","status-publish","format-standard","has-post-thumbnail","hentry","category-economia","category-portada","tag-becas","tag-jovenes","tag-nacionales","tag-raquel-pena","tag-vicepresidenta"],"jetpack_featured_media_url":"https:\/\/lasprimeras.com.do\/wp-content\/uploads\/2023\/08\/becas-3.jpg","jetpack-related-posts":[{"id":126220,"url":"https:\/\/lasprimeras.com.do\/index.php\/2026\/03\/30\/raquel-pena-encabeza-inauguracion-de-techado-en-el-politecnico-prof-plinio-rafael-martinez\/","url_meta":{"origin":57254,"position":0},"title":"Raquel Pe\u00f1a encabeza inauguraci\u00f3n de techado en el Polit\u00e9cnico Prof. Plinio Rafael Mart\u00ednez","author":"Nelson Feliz","date":"30 de marzo de 2026","format":false,"excerpt":"La obra fortalece el acceso a espacios adecuados para el deporte y la formaci\u00f3n de estudiantes en Santiago Oeste. La vicepresidenta de la Rep\u00fablica, Raquel Pe\u00f1a, encabez\u00f3 la inauguraci\u00f3n del techado y el remozamiento de la cancha deportiva del Polit\u00e9cnico Prof. Plinio Rafael Mart\u00ednez, en el sector La Alegr\u00eda, en\u2026","rel":"","context":"En \u00abNACIONALES\u00bb","block_context":{"text":"NACIONALES","link":"https:\/\/lasprimeras.com.do\/index.php\/category\/nacionales\/"},"img":{"alt_text":"Raquel Pe\u00f1a","src":"https:\/\/i0.wp.com\/lasprimeras.com.do\/wp-content\/uploads\/2026\/03\/Raquel-Pena-1-3.jpg?resize=350%2C200&ssl=1","width":350,"height":200,"srcset":"https:\/\/i0.wp.com\/lasprimeras.com.do\/wp-content\/uploads\/2026\/03\/Raquel-Pena-1-3.jpg?resize=350%2C200&ssl=1 1x, https:\/\/i0.wp.com\/lasprimeras.com.do\/wp-content\/uploads\/2026\/03\/Raquel-Pena-1-3.jpg?resize=525%2C300&ssl=1 1.5x, https:\/\/i0.wp.com\/lasprimeras.com.do\/wp-content\/uploads\/2026\/03\/Raquel-Pena-1-3.jpg?resize=700%2C400&ssl=1 2x"},"classes":[]},{"id":111465,"url":"https:\/\/lasprimeras.com.do\/index.php\/2025\/10\/09\/raquel-pena-abre-nuevos-centros-del-programa-oportunidad-14-24-en-santo-domingo-este\/","url_meta":{"origin":57254,"position":1},"title":"Raquel Pe\u00f1a abre nuevos centros del programa Oportunidad 14-24 en Santo Domingo Este","author":"Nelson Feliz","date":"9 de octubre de 2025","format":false,"excerpt":"La vicepresidenta afirm\u00f3 que \u201cel cambio solo es real cuando genera oportunidades\u201d y reiter\u00f3 el compromiso del Gobierno con la juventud dominicana. La vicepresidenta de la Rep\u00fablica, Raquel Pe\u00f1a, encabez\u00f3 este mi\u00e9rcoles la apertura de cuatro nuevos centros del programa Oportunidad 14-24 en el municipio Santo Domingo Este, una iniciativa\u2026","rel":"","context":"En \u00abNACIONALES\u00bb","block_context":{"text":"NACIONALES","link":"https:\/\/lasprimeras.com.do\/index.php\/category\/nacionales\/"},"img":{"alt_text":"","src":"https:\/\/i0.wp.com\/lasprimeras.com.do\/wp-content\/uploads\/2025\/10\/Raquel-Pena.jpg?resize=350%2C200&ssl=1","width":350,"height":200,"srcset":"https:\/\/i0.wp.com\/lasprimeras.com.do\/wp-content\/uploads\/2025\/10\/Raquel-Pena.jpg?resize=350%2C200&ssl=1 1x, https:\/\/i0.wp.com\/lasprimeras.com.do\/wp-content\/uploads\/2025\/10\/Raquel-Pena.jpg?resize=525%2C300&ssl=1 1.5x, https:\/\/i0.wp.com\/lasprimeras.com.do\/wp-content\/uploads\/2025\/10\/Raquel-Pena.jpg?resize=700%2C400&ssl=1 2x"},"classes":[]},{"id":106926,"url":"https:\/\/lasprimeras.com.do\/index.php\/2025\/08\/18\/indotel-abre-30-mil-becas-gratuitas-para-impulsar-futuro-tecnologico-del-pais\/","url_meta":{"origin":57254,"position":2},"title":"INDOTEL abre 30 mil becas gratuitas para impulsar futuro tecnol\u00f3gico del pa\u00eds","author":"Nelson Feliz","date":"18 de agosto de 2025","format":false,"excerpt":"Este proyecto representa una oportunidad para trasformar el futuro digital de miles de personas en el pa\u00eds El Instituto Dominicano de las Telecomunicaciones (INDOTEL) encabez\u00f3 el acto de lanzamiento y entrega en Santiago de 30 mil becas a trav\u00e9s del programa \"Talento Digital RD\", una iniciativa que ofrece formaci\u00f3n gratuita\u2026","rel":"","context":"En \u00abNACIONALES\u00bb","block_context":{"text":"NACIONALES","link":"https:\/\/lasprimeras.com.do\/index.php\/category\/nacionales\/"},"img":{"alt_text":"","src":"https:\/\/i0.wp.com\/lasprimeras.com.do\/wp-content\/uploads\/2025\/08\/INDOTEL.jpg?resize=350%2C200&ssl=1","width":350,"height":200,"srcset":"https:\/\/i0.wp.com\/lasprimeras.com.do\/wp-content\/uploads\/2025\/08\/INDOTEL.jpg?resize=350%2C200&ssl=1 1x, https:\/\/i0.wp.com\/lasprimeras.com.do\/wp-content\/uploads\/2025\/08\/INDOTEL.jpg?resize=525%2C300&ssl=1 1.5x, https:\/\/i0.wp.com\/lasprimeras.com.do\/wp-content\/uploads\/2025\/08\/INDOTEL.jpg?resize=700%2C400&ssl=1 2x"},"classes":[]},{"id":55393,"url":"https:\/\/lasprimeras.com.do\/index.php\/2023\/07\/20\/primera-dama-entrega-de-certificados-a-1115-jovenes-del-programa-proetp-ii\/","url_meta":{"origin":57254,"position":3},"title":"Primera dama entrega de certificados a 1,115 j\u00f3venes del programa PROETP II","author":"Nelson Feliz","date":"20 de julio de 2023","format":false,"excerpt":"Por Martin Restituyo La primera dama Raquel Arbaje, encabez\u00f3 el acto de entrega de certificados a 1,115 j\u00f3venes, como parte del proyecto de becas del Programa de Apoyo a la Educaci\u00f3n y Formaci\u00f3n T\u00e9cnico Profesional en Rep\u00fablica Dominicana (PROETP II). Este proyecto, fue ejecutado por el Instituto Nacional de Formaci\u00f3n\u2026","rel":"","context":"En \u00abNACIONALES\u00bb","block_context":{"text":"NACIONALES","link":"https:\/\/lasprimeras.com.do\/index.php\/category\/nacionales\/"},"img":{"alt_text":"Raquel Arbaje","src":"https:\/\/i0.wp.com\/lasprimeras.com.do\/wp-content\/uploads\/2023\/07\/Raquel-Arbaje.jpg?resize=350%2C200&ssl=1","width":350,"height":200,"srcset":"https:\/\/i0.wp.com\/lasprimeras.com.do\/wp-content\/uploads\/2023\/07\/Raquel-Arbaje.jpg?resize=350%2C200&ssl=1 1x, https:\/\/i0.wp.com\/lasprimeras.com.do\/wp-content\/uploads\/2023\/07\/Raquel-Arbaje.jpg?resize=525%2C300&ssl=1 1.5x, https:\/\/i0.wp.com\/lasprimeras.com.do\/wp-content\/uploads\/2023\/07\/Raquel-Arbaje.jpg?resize=700%2C400&ssl=1 2x"},"classes":[]},{"id":101062,"url":"https:\/\/lasprimeras.com.do\/index.php\/2025\/06\/15\/raquel-pena-encabeza-entrega-campo-de-tiro-con-arco-totalmente-remozado\/","url_meta":{"origin":57254,"position":4},"title":"Raquel Pe\u00f1a encabeza entrega Campo de Tiro con Arco totalmente remozado","author":"Nelson Feliz","date":"15 de junio de 2025","format":false,"excerpt":"La entrega forma parte de la preparaci\u00f3n de los espacios de cara a los Juegos Centroamericanos y del Caribe Santo Domingo 2026. La vicepresidenta de la Rep\u00fablica, Raquel Pe\u00f1a, encabez\u00f3 este domingo la entrega del remozado Campo de Tiro con Arco del Parque del Este y adem\u00e1s asisti\u00f3 a la\u2026","rel":"","context":"En \u00abDEPORTES\u00bb","block_context":{"text":"DEPORTES","link":"https:\/\/lasprimeras.com.do\/index.php\/category\/deportes\/"},"img":{"alt_text":"","src":"https:\/\/i0.wp.com\/lasprimeras.com.do\/wp-content\/uploads\/2025\/06\/Raquel-Pena-1-1.jpg?resize=350%2C200&ssl=1","width":350,"height":200,"srcset":"https:\/\/i0.wp.com\/lasprimeras.com.do\/wp-content\/uploads\/2025\/06\/Raquel-Pena-1-1.jpg?resize=350%2C200&ssl=1 1x, https:\/\/i0.wp.com\/lasprimeras.com.do\/wp-content\/uploads\/2025\/06\/Raquel-Pena-1-1.jpg?resize=525%2C300&ssl=1 1.5x, https:\/\/i0.wp.com\/lasprimeras.com.do\/wp-content\/uploads\/2025\/06\/Raquel-Pena-1-1.jpg?resize=700%2C400&ssl=1 2x"},"classes":[]},{"id":58159,"url":"https:\/\/lasprimeras.com.do\/index.php\/2023\/08\/21\/joven-dominicana-becada-en-universidad-de-yale-agradece-al-gobierno-por-su-apoyo\/","url_meta":{"origin":57254,"position":5},"title":"Joven dominicana becada en Universidad de Yale agradece al Gobierno por su apoyo","author":"Nelson Feliz","date":"21 de agosto de 2023","format":false,"excerpt":"La joven Shaniely Pe\u00f1a G\u00f3mez, estudiante destacada del Centro Educativo Nuestra Se\u00f1ora del Perpetuo Socorro de la Fuerza A\u00e9rea de la Rep\u00fablica Dominicana (FARD), envi\u00f3 un emotivo mensaje desde las instalaciones de la Universidad de Yale, en el que expres\u00f3 su profundo agradecimiento al Presidente Luis Abinader Corona y a\u2026","rel":"","context":"En \u00abENTRETENIMIENTO\u00bb","block_context":{"text":"ENTRETENIMIENTO","link":"https:\/\/lasprimeras.com.do\/index.php\/category\/entretenimiento\/"},"img":{"alt_text":"Shaniely Pe\u00f1a G\u00f3mez","src":"https:\/\/i0.wp.com\/lasprimeras.com.do\/wp-content\/uploads\/2023\/08\/Shaniely-Pena-Gomez-1.jpg?resize=350%2C200&ssl=1","width":350,"height":200},"classes":[]}],"jetpack_sharing_enabled":true,"_links":{"self":[{"href":"https:\/\/lasprimeras.com.do\/index.php\/wp-json\/wp\/v2\/posts\/57254","targetHints":{"allow":["GET"]}}],"collection":[{"href":"https:\/\/lasprimeras.com.do\/index.php\/wp-json\/wp\/v2\/posts"}],"about":[{"href":"https:\/\/lasprimeras.com.do\/index.php\/wp-json\/wp\/v2\/types\/post"}],"author":[{"embeddable":true,"href":"https:\/\/lasprimeras.com.do\/index.php\/wp-json\/wp\/v2\/users\/2"}],"replies":[{"embeddable":true,"href":"https:\/\/lasprimeras.com.do\/index.php\/wp-json\/wp\/v2\/comments?post=57254"}],"version-history":[{"count":1,"href":"https:\/\/lasprimeras.com.do\/index.php\/wp-json\/wp\/v2\/posts\/57254\/revisions"}],"predecessor-version":[{"id":57256,"href":"https:\/\/lasprimeras.com.do\/index.php\/wp-json\/wp\/v2\/posts\/57254\/revisions\/57256"}],"wp:featuredmedia":[{"embeddable":true,"href":"https:\/\/lasprimeras.com.do\/index.php\/wp-json\/wp\/v2\/media\/57255"}],"wp:attachment":[{"href":"https:\/\/lasprimeras.com.do\/index.php\/wp-json\/wp\/v2\/media?parent=57254"}],"wp:term":[{"taxonomy":"category","embeddable":true,"href":"https:\/\/lasprimeras.com.do\/index.php\/wp-json\/wp\/v2\/categories?post=57254"},{"taxonomy":"post_tag","embeddable":true,"href":"https:\/\/lasprimeras.com.do\/index.php\/wp-json\/wp\/v2\/tags?post=57254"}],"curies":[{"name":"wp","href":"https:\/\/api.w.org\/{rel}","templated":true}]}}