{"id":57258,"date":"2023-08-10T16:25:47","date_gmt":"2023-08-10T20:25:47","guid":{"rendered":"https:\/\/lasprimeras.com.do\/?p=57258"},"modified":"2023-08-10T16:25:49","modified_gmt":"2023-08-10T20:25:49","slug":"subsede-dominicana-celebra-25-aniversario-de-su-incorporacion-al-parlamento-centroamericano","status":"publish","type":"post","link":"https:\/\/lasprimeras.com.do\/index.php\/2023\/08\/10\/subsede-dominicana-celebra-25-aniversario-de-su-incorporacion-al-parlamento-centroamericano\/","title":{"rendered":"Subsede Dominicana celebra 25 aniversario de su incorporaci\u00f3n al Parlamento Centroamericano"},"content":{"rendered":"\n<p>La Subsede Dominicana ante el Parlamento Centroamericano (Parlacen) celebr\u00f3 este lunes el 25 aniversario de la incorporaci\u00f3n del pa\u00eds al organismo regional con la entrega de reconocimientos a los primeros diputados designados por decretos, incluyendo algunos de ellos ya fallecidos.<\/p>\n\n\n\n<p>La actividad se inici\u00f3 con la invocaci\u00f3n a cargo de la doctora Milagros D\u00edaz Gonz\u00e1lez, ex diputada, para despu\u00e9s continuar con la interpretaci\u00f3n de los himnos Nacional de la Rep\u00fablica Dominicana y del Parlamento Centroamericano.<\/p>\n\n\n\n<p>El himno dominicano fue interpretado a capela por el joven artista lirico Miguel Alexis Casanova.<\/p>\n\n\n\n<p>La mesa principal estuvo encabezada por el presidente del organismo regional, el diputado paname\u00f1o Amado Cerrud Acevedo, quien pronunci\u00f3 las palabras centrales del acto. Completaron la mesa protocolaria los presidentes del Senado, don Eduardo Estrella; Alfredo Pacheco Osoria, presidente de la C\u00e1mara de Diputados y la Directiva por el Estado Dominicano, los honorables diputados Eduardo Rey Guerrero y Santiago de Jes\u00fas Rodr\u00edguez, Vicepresidente y Secretario, respectivamente.<\/p>\n\n\n\n<p>Las palabras de bienvenida estuvieron a cargo del honorable diputado Rodr\u00edguez para continuar con el discurso principal a cargo del presidente del organismo, diputado Amado Cerrud Acevedo.<\/p>\n\n\n\n<p><strong>Rese\u00f1a Hist\u00f3rica<\/strong><\/p>\n\n\n\n<p>El ex diputado, Antonio (Tony) Capell\u00e1n, estuvo a su cargo presentar una rese\u00f1a hist\u00f3rica de la integraci\u00f3n de la Rep\u00fablica Dominicana como miembro del organismo, que se ha convertido en el brazo pol\u00edtico del Sistema para la Integraci\u00f3n Centroamericana (SICA).<\/p>\n\n\n\n<p><strong>Impronta de RD en el Parlacen<\/strong><\/p>\n\n\n\n<p>Las honorables diputadas dominicanas Martha P\u00e9rez Campusano y Silvia Garc\u00eda Polanco presentaron los aportes de la bancada parlamentaria dominicana, iniciativas que se han convertido en importantes resoluciones vinculantes con los congresos nacionales de las naciones del sistema.<\/p>\n\n\n\n<p>Durante la ceremonia fueron reconocidos los primeros parlamentarios designados mediante el decreto 331-98, emitido por el ex presidente Leonel Fern\u00e1ndez. Fueron reconocidos Andr\u00e9s Arnoldo Vanderhorst, Andr\u00e9s Rodr\u00edguez C\u00e9spedes, Antonio (Tony) Capell\u00e1n y Carlos Alberto G\u00f3mez.<\/p>\n\n\n\n<p>Tambi\u00e9n fueron reconocidos Fernando Rosa Rosa, Gilberto Enrique Valdez Vidaurre, Jos\u00e9 Abigail Cruz Infante, Jos\u00e9 Antonio Luciolo Vittini S\u00e1nchez, Miguel \u00c1ngel N\u00fa\u00f1ez, Milagros D\u00edaz Gonz\u00e1lez, Miriam Altagracia Cabral P\u00e9rez, Oriol Antonio Guerrero Soto y Rafael Brunell Collado S\u00e1nchez. Asimismo, Carlos Castro Mattis, Rafael Evaristo Santos Bad\u00eda, Rafael Herminio Pichardo de Le\u00f3n, Remberto Cruz Rodr\u00edguez y V\u00edctor Manuel Ortega Espaillat.<\/p>\n\n\n\n<p><strong>Homenaje post mortem<\/strong><\/p>\n\n\n\n<p>Un momento muy emotivo del acto fue cuando se entregaron un reconocimiento a los parlamentarios fallecidos, que fueron recibidos por sus familiares. Entre los reconocidos se destacan Antonio Abreu Flores (Tonito), Luis Emilio Reyes Ozuna, Sebastiano Brito Hern\u00e1ndez, V\u00edctor G\u00f3mez Berg\u00e9s, Manuel Arcinegas, Alfredo Dotel Flori\u00e1n, Ana Mar\u00eda Acevedo y Vinicio Tobal Ure\u00f1a.<\/p>\n\n\n\n<p><strong>Reconocen a Tony Raful y a Manolo Pichardo<\/strong><\/p>\n\n\n\n<p>Durante la actividad, recibieron pergaminos de reconocimiento, por ser los dos primeros diputados dominicanos en presidir el Parlamento Centroamericano, Manuel de Jes\u00fas Pichardo Arias (Manolo) y el embajador e intelectual, Tony Raful Tejada, en los periodos 2011-2012 y 2017-2018, respectivamente.<\/p>\n\n\n\n<p>Tambi\u00e9n fue reconocida la labor de Rafael Santos Bad\u00eda.<\/p>\n\n\n\n<p>Las palabras de clausura del 25 aniversario del ingreso de Rep\u00fablica Dominicana al Parlamento Centroamericano estuvieron a cargo del vicepresidente del organismo, Eduardo Rey Guerrero, quien anunci\u00f3 que este a\u00f1o le corresponde por tercera vez la presidencia del organismo al pa\u00eds.<\/p>\n","protected":false},"excerpt":{"rendered":"<p>La Subsede Dominicana ante el Parlamento Centroamericano (Parlacen) celebr\u00f3 este lunes el 25 aniversario de la incorporaci\u00f3n del pa\u00eds al organismo regional con la entrega de reconocimientos a los primeros&hellip;<\/p>\n","protected":false},"author":2,"featured_media":57259,"comment_status":"open","ping_status":"open","sticky":false,"template":"","format":"standard","meta":{"content-type":"","jetpack_post_was_ever_published":false,"_jetpack_newsletter_access":"","_jetpack_dont_email_post_to_subs":false,"_jetpack_newsletter_tier_id":0,"_jetpack_memberships_contains_paywalled_content":false,"_jetpack_memberships_contains_paid_content":false,"footnotes":""},"categories":[25],"tags":[1320,2135,549,6051,976,6052],"class_list":["post-57258","post","type-post","status-publish","format-standard","has-post-thumbnail","hentry","category-portada","tag-aniversario","tag-centroamericano","tag-dominicana","tag-incorporacion","tag-parlamento","tag-subsede"],"jetpack_featured_media_url":"https:\/\/lasprimeras.com.do\/wp-content\/uploads\/2023\/08\/Parlamento-1.jpg","jetpack-related-posts":[{"id":127273,"url":"https:\/\/lasprimeras.com.do\/index.php\/2026\/04\/09\/parlacen-rinde-homenaje-a-victimas-de-tragedia-del-8-de-abril\/","url_meta":{"origin":57258,"position":0},"title":"PARLACEN rinde homenaje a v\u00edctimas de tragedia del 8 de abril","author":"Nelson Feliz","date":"9 de abril de 2026","format":false,"excerpt":"En el marco de la reuni\u00f3n ordinaria de la Bancada Parlamentaria Dominicana ante el Parlamento Centroamericano (PARLACEN), los diputados guardaron un minuto de silencio en memoria de las personas fallecidas en la tragedia ocurrida el pasado 8 de abril de 2025. El solemne acto form\u00f3 parte de la agenda oficial\u2026","rel":"","context":"En \u00abPOLITICA\u00bb","block_context":{"text":"POLITICA","link":"https:\/\/lasprimeras.com.do\/index.php\/category\/politica\/"},"img":{"alt_text":"PARLACEN","src":"https:\/\/i0.wp.com\/lasprimeras.com.do\/wp-content\/uploads\/2026\/04\/PARLACEN.jpg?resize=350%2C200&ssl=1","width":350,"height":200,"srcset":"https:\/\/i0.wp.com\/lasprimeras.com.do\/wp-content\/uploads\/2026\/04\/PARLACEN.jpg?resize=350%2C200&ssl=1 1x, https:\/\/i0.wp.com\/lasprimeras.com.do\/wp-content\/uploads\/2026\/04\/PARLACEN.jpg?resize=525%2C300&ssl=1 1.5x, https:\/\/i0.wp.com\/lasprimeras.com.do\/wp-content\/uploads\/2026\/04\/PARLACEN.jpg?resize=700%2C400&ssl=1 2x"},"classes":[]},{"id":88047,"url":"https:\/\/lasprimeras.com.do\/index.php\/2024\/08\/21\/juramentan-bancadas-parlamentarias-de-panama-y-republica-dominicana-en-el-senado-dominicano\/","url_meta":{"origin":57258,"position":1},"title":"Juramentan Bancadas Parlamentarias de Panam\u00e1 y Rep\u00fablica Dominicana en el Senado dominicano","author":"Nelson Feliz","date":"21 de agosto de 2024","format":false,"excerpt":"Con un acto protocolar se llev\u00f3 a cabo la juramentaci\u00f3n de las y los integrantes de las Bancadas Parlamentarias de la Rep\u00fablica de Panam\u00e1 y de la Rep\u00fablica Dominicana, en el auditorio del Senado Dominicano. El evento fue encabezado por el Presidente en funciones, Guillermo Daniel Ortega Reyes; en la\u2026","rel":"","context":"En \u00abPORTADA\u00bb","block_context":{"text":"PORTADA","link":"https:\/\/lasprimeras.com.do\/index.php\/category\/portada\/"},"img":{"alt_text":"diputados parlamentarios","src":"https:\/\/i0.wp.com\/lasprimeras.com.do\/wp-content\/uploads\/2024\/08\/diputados-parlamentarios.jpeg?resize=350%2C200&ssl=1","width":350,"height":200,"srcset":"https:\/\/i0.wp.com\/lasprimeras.com.do\/wp-content\/uploads\/2024\/08\/diputados-parlamentarios.jpeg?resize=350%2C200&ssl=1 1x, https:\/\/i0.wp.com\/lasprimeras.com.do\/wp-content\/uploads\/2024\/08\/diputados-parlamentarios.jpeg?resize=525%2C300&ssl=1 1.5x, https:\/\/i0.wp.com\/lasprimeras.com.do\/wp-content\/uploads\/2024\/08\/diputados-parlamentarios.jpeg?resize=700%2C400&ssl=1 2x, https:\/\/i0.wp.com\/lasprimeras.com.do\/wp-content\/uploads\/2024\/08\/diputados-parlamentarios.jpeg?resize=1050%2C600&ssl=1 3x, https:\/\/i0.wp.com\/lasprimeras.com.do\/wp-content\/uploads\/2024\/08\/diputados-parlamentarios.jpeg?resize=1400%2C800&ssl=1 4x"},"classes":[]},{"id":107694,"url":"https:\/\/lasprimeras.com.do\/index.php\/2025\/08\/29\/parlacen-aprueba-creacion-una-bolsa-de-valores-centroamericana-y-del-caribe\/","url_meta":{"origin":57258,"position":2},"title":"PARLACEN aprueba creaci\u00f3n una Bolsa de Valores Centroamericana y del Caribe","author":"Nelson Feliz","date":"29 de agosto de 2025","format":false,"excerpt":"La diputada por la Uni\u00f3n Dem\u00f3crata Cristiana \u2013UDC- exhorta al Gobierno dominicano a liderar la iniciativa de crear una bolsa de valores Centroamericana y del Caribe, y proponer al pa\u00eds como sede de la futura Bolsa Regional. San Salvador, El Salvador.- La Asamblea Plenaria del Parlamento Centroamericano (PARLACEN), reunida esta\u2026","rel":"","context":"En \u00abPOLITICA\u00bb","block_context":{"text":"POLITICA","link":"https:\/\/lasprimeras.com.do\/index.php\/category\/politica\/"},"img":{"alt_text":"","src":"https:\/\/i0.wp.com\/lasprimeras.com.do\/wp-content\/uploads\/2025\/08\/Krimilda-Acosta.jpg?resize=350%2C200&ssl=1","width":350,"height":200,"srcset":"https:\/\/i0.wp.com\/lasprimeras.com.do\/wp-content\/uploads\/2025\/08\/Krimilda-Acosta.jpg?resize=350%2C200&ssl=1 1x, https:\/\/i0.wp.com\/lasprimeras.com.do\/wp-content\/uploads\/2025\/08\/Krimilda-Acosta.jpg?resize=525%2C300&ssl=1 1.5x"},"classes":[]},{"id":71627,"url":"https:\/\/lasprimeras.com.do\/index.php\/2023\/12\/21\/presidenta-del-parlacen-desea-un-venturoso-ano-nuevo-al-pueblo-dominicano\/","url_meta":{"origin":57258,"position":3},"title":"Presidenta del Parlacen desea un venturoso a\u00f1o nuevo al pueblo dominicano","author":"Nelson Feliz","date":"21 de diciembre de 2023","format":false,"excerpt":"La presidenta del Parlamento Centroamericano, la diputada dominicana Silvia Garc\u00eda Polanco, espera para toda la regi\u00f3n del Sistema de la Integraci\u00f3n Centroamericana y la Rep\u00fablica Dominicana aproveche las festividades de Navidad y A\u00f1o Nuevo para compartir en familia y celebrar la natividad del Jesucristo. En un breve mensaje, la doctora\u2026","rel":"","context":"En \u00abPORTADA\u00bb","block_context":{"text":"PORTADA","link":"https:\/\/lasprimeras.com.do\/index.php\/category\/portada\/"},"img":{"alt_text":"Silvia Garcia","src":"https:\/\/i0.wp.com\/lasprimeras.com.do\/wp-content\/uploads\/2023\/12\/Silvia-Garcia.jpg?resize=350%2C200&ssl=1","width":350,"height":200},"classes":[]},{"id":109566,"url":"https:\/\/lasprimeras.com.do\/index.php\/2025\/09\/19\/centroamerica-celebra-en-republica-dominicana-el-204o-aniversario-de-su-independencia\/","url_meta":{"origin":57258,"position":4},"title":"Centroam\u00e9rica celebra en Rep\u00fablica Dominicana el 204\u00ba aniversario de su independencia","author":"Nelson Feliz","date":"19 de septiembre de 2025","format":false,"excerpt":"Las embajadas de los pa\u00edses centroamericanos acreditadas en la Rep\u00fablica Dominicana celebraron con orgullo el 204 aniversario de la independencia de Centroam\u00e9rica, en un emotivo acto que destac\u00f3 la unidad, la cultura y la historia compartida de la regi\u00f3n. La ceremonia cont\u00f3 con la participaci\u00f3n de las representaciones diplom\u00e1ticas de\u2026","rel":"","context":"En \u00abNACIONALES\u00bb","block_context":{"text":"NACIONALES","link":"https:\/\/lasprimeras.com.do\/index.php\/category\/nacionales\/"},"img":{"alt_text":"","src":"https:\/\/i0.wp.com\/lasprimeras.com.do\/wp-content\/uploads\/2025\/09\/aniversario-1.jpg?resize=350%2C200&ssl=1","width":350,"height":200,"srcset":"https:\/\/i0.wp.com\/lasprimeras.com.do\/wp-content\/uploads\/2025\/09\/aniversario-1.jpg?resize=350%2C200&ssl=1 1x, https:\/\/i0.wp.com\/lasprimeras.com.do\/wp-content\/uploads\/2025\/09\/aniversario-1.jpg?resize=525%2C300&ssl=1 1.5x, https:\/\/i0.wp.com\/lasprimeras.com.do\/wp-content\/uploads\/2025\/09\/aniversario-1.jpg?resize=700%2C400&ssl=1 2x"},"classes":[]},{"id":65148,"url":"https:\/\/lasprimeras.com.do\/index.php\/2023\/10\/26\/eligen-a-diputada-de-rd-silvia-garcia-presidenta-del-parlacen\/","url_meta":{"origin":57258,"position":5},"title":"Eligen a diputada de RD, Silvia Garc\u00eda, presidenta del Parlacen","author":"BIMARY DE JES\u00daS Matos","date":"26 de octubre de 2023","format":false,"excerpt":"SANTO DOMINGO.- La diputada dominicana Silvia Garc\u00eda Polanco fue electa este lunes presidenta del Parlamento Centroamericano (PARLACEN) para el per\u00edodo 2023-2024. Garc\u00eda Polanco fue electa en unas elecciones internas en las que participaron 124 diputados de los seis pa\u00edses miembros del Sistema de Integraci\u00f3n Centroamericana (SICA). Silvia Garc\u00eda obtuvo el\u2026","rel":"","context":"En \u00abSin categor\u00eda\u00bb","block_context":{"text":"Sin categor\u00eda","link":"https:\/\/lasprimeras.com.do\/index.php\/category\/sin-categoria\/"},"img":{"alt_text":"","src":"https:\/\/i0.wp.com\/lasprimeras.com.do\/wp-content\/uploads\/2023\/10\/WhatsApp-Image-2023-10-25-at-10.15.41-PM-5.jpeg?resize=350%2C200&ssl=1","width":350,"height":200,"srcset":"https:\/\/i0.wp.com\/lasprimeras.com.do\/wp-content\/uploads\/2023\/10\/WhatsApp-Image-2023-10-25-at-10.15.41-PM-5.jpeg?resize=350%2C200&ssl=1 1x, https:\/\/i0.wp.com\/lasprimeras.com.do\/wp-content\/uploads\/2023\/10\/WhatsApp-Image-2023-10-25-at-10.15.41-PM-5.jpeg?resize=525%2C300&ssl=1 1.5x, https:\/\/i0.wp.com\/lasprimeras.com.do\/wp-content\/uploads\/2023\/10\/WhatsApp-Image-2023-10-25-at-10.15.41-PM-5.jpeg?resize=700%2C400&ssl=1 2x"},"classes":[]}],"jetpack_sharing_enabled":true,"_links":{"self":[{"href":"https:\/\/lasprimeras.com.do\/index.php\/wp-json\/wp\/v2\/posts\/57258","targetHints":{"allow":["GET"]}}],"collection":[{"href":"https:\/\/lasprimeras.com.do\/index.php\/wp-json\/wp\/v2\/posts"}],"about":[{"href":"https:\/\/lasprimeras.com.do\/index.php\/wp-json\/wp\/v2\/types\/post"}],"author":[{"embeddable":true,"href":"https:\/\/lasprimeras.com.do\/index.php\/wp-json\/wp\/v2\/users\/2"}],"replies":[{"embeddable":true,"href":"https:\/\/lasprimeras.com.do\/index.php\/wp-json\/wp\/v2\/comments?post=57258"}],"version-history":[{"count":1,"href":"https:\/\/lasprimeras.com.do\/index.php\/wp-json\/wp\/v2\/posts\/57258\/revisions"}],"predecessor-version":[{"id":57260,"href":"https:\/\/lasprimeras.com.do\/index.php\/wp-json\/wp\/v2\/posts\/57258\/revisions\/57260"}],"wp:featuredmedia":[{"embeddable":true,"href":"https:\/\/lasprimeras.com.do\/index.php\/wp-json\/wp\/v2\/media\/57259"}],"wp:attachment":[{"href":"https:\/\/lasprimeras.com.do\/index.php\/wp-json\/wp\/v2\/media?parent=57258"}],"wp:term":[{"taxonomy":"category","embeddable":true,"href":"https:\/\/lasprimeras.com.do\/index.php\/wp-json\/wp\/v2\/categories?post=57258"},{"taxonomy":"post_tag","embeddable":true,"href":"https:\/\/lasprimeras.com.do\/index.php\/wp-json\/wp\/v2\/tags?post=57258"}],"curies":[{"name":"wp","href":"https:\/\/api.w.org\/{rel}","templated":true}]}}