{"id":57289,"date":"2023-08-10T22:42:45","date_gmt":"2023-08-11T02:42:45","guid":{"rendered":"https:\/\/lasprimeras.com.do\/?p=57289"},"modified":"2023-08-10T22:42:47","modified_gmt":"2023-08-11T02:42:47","slug":"luis-abinader-hablara-al-pais-el-16-de-agosto-desde-cabo-rojo-pedernales","status":"publish","type":"post","link":"https:\/\/lasprimeras.com.do\/index.php\/2023\/08\/10\/luis-abinader-hablara-al-pais-el-16-de-agosto-desde-cabo-rojo-pedernales\/","title":{"rendered":"Luis Abinader hablar\u00e1 al pa\u00eds el 16 de agosto desde Cabo Rojo, Pedernales"},"content":{"rendered":"\n<p>El presidente Luis Abinader pronunciar\u00e1 un discurso el pr\u00f3ximo mi\u00e9rcoles 16 de agosto desde el Puerto de Cabo Rojo, provincia Pedernales, a las 11:00. La informaci\u00f3n fue confirmada por la Direcci\u00f3n de Comunicaciones de la Presidencia de la Rep\u00fablica.<\/p>\n\n\n\n<p>Pedernales se ha convertido en la regi\u00f3n que m\u00e1s inversi\u00f3n estatal ha recibido durante el \u00faltimo a\u00f1o de gesti\u00f3n del mandatario.<\/p>\n\n\n\n<p>De acuerdo al Sistema Nacional de Inversi\u00f3n P\u00fablica, esa provincia fue en 2022 una de las que cont\u00f3 con mayor inversi\u00f3n p\u00fablica por habitante, con RD$31,432<\/p>\n\n\n\n<p>En sus tres a\u00f1os de Gobierno, a cumplir ese mi\u00e9rcoles, el mandatario ha hecho costumbre hablar y pasar balance sobre su gesti\u00f3n en todos los 16 de agosto, aun cuando el mismo no es mandado por la Constituci\u00f3n ni las leyes dominicanas.<\/p>\n\n\n\n<p>El a\u00f1o pasado, Abinader pronunci\u00f3 su discurso desde Santiago de los Caballeros, mientras que en 2021 habl\u00f3 desde las escalinatas del Palacio Nacional.<\/p>\n\n\n\n<p>UN D\u00cdA ANTES<\/p>\n\n\n\n<p>Ese discurso sucede un d\u00eda antes de la fecha marcada por el propio Luis Abinader para decidir si se postular\u00e1 para un segundo mandato consecutivo o no en las elecciones del 2024.<\/p>\n\n\n\n<p>Hasta el momento no se ha confirmado que el Presidente tratar\u00e1 ese tema durante su intervenci\u00f3n.<\/p>\n","protected":false},"excerpt":{"rendered":"<p>El presidente Luis Abinader pronunciar\u00e1 un discurso el pr\u00f3ximo mi\u00e9rcoles 16 de agosto desde el Puerto de Cabo Rojo, provincia Pedernales, a las 11:00. La informaci\u00f3n fue confirmada por la&hellip;<\/p>\n","protected":false},"author":2,"featured_media":57290,"comment_status":"open","ping_status":"open","sticky":false,"template":"","format":"standard","meta":{"content-type":"","jetpack_post_was_ever_published":false,"_jetpack_newsletter_access":"","_jetpack_dont_email_post_to_subs":false,"_jetpack_newsletter_tier_id":0,"_jetpack_memberships_contains_paywalled_content":false,"_jetpack_memberships_contains_paid_content":false,"footnotes":""},"categories":[25],"tags":[6069,6070,6068,67,30],"class_list":["post-57289","post","type-post","status-publish","format-standard","has-post-thumbnail","hentry","category-portada","tag-16-de-agosto","tag-cabo-rojo","tag-hablara","tag-luis-abinader","tag-pedernales"],"jetpack_featured_media_url":"https:\/\/lasprimeras.com.do\/wp-content\/uploads\/2023\/08\/Luis-Abinader-Pedernales.jpeg","jetpack-related-posts":[{"id":102891,"url":"https:\/\/lasprimeras.com.do\/index.php\/2025\/07\/09\/robert-polanco-asegura-abinader-apuesta-al-desarrollo-de-pedernales-con-inversion-sin-precedentes\/","url_meta":{"origin":57289,"position":0},"title":"Robert Polanco asegura Abinader apuesta al desarrollo de Pedernales con inversi\u00f3n sin precedentes","author":"Nelson Feliz","date":"9 de julio de 2025","format":false,"excerpt":"Al encabezar una Jornada \u201cPrimero T\u00fa\u201d, el funcionario dijo que este Gobierno no espera; va donde est\u00e1 la gente, escucha, act\u00faa y transforma. El director de los Proyectos Estrat\u00e9gicos y Especiales de la Presidencia (Propeep) Robert Polanco asegur\u00f3 este mi\u00e9rcoles que el presidente Luis Abinader apuesta al desarrollo de Pedernales\u2026","rel":"","context":"En \u00abNACIONALES\u00bb","block_context":{"text":"NACIONALES","link":"https:\/\/lasprimeras.com.do\/index.php\/category\/nacionales\/"},"img":{"alt_text":"Robert Polanco","src":"https:\/\/i0.wp.com\/lasprimeras.com.do\/wp-content\/uploads\/2025\/07\/Robert-Polanco-1-1.jpg?resize=350%2C200&ssl=1","width":350,"height":200,"srcset":"https:\/\/i0.wp.com\/lasprimeras.com.do\/wp-content\/uploads\/2025\/07\/Robert-Polanco-1-1.jpg?resize=350%2C200&ssl=1 1x, https:\/\/i0.wp.com\/lasprimeras.com.do\/wp-content\/uploads\/2025\/07\/Robert-Polanco-1-1.jpg?resize=525%2C300&ssl=1 1.5x, https:\/\/i0.wp.com\/lasprimeras.com.do\/wp-content\/uploads\/2025\/07\/Robert-Polanco-1-1.jpg?resize=700%2C400&ssl=1 2x"},"classes":[]},{"id":112971,"url":"https:\/\/lasprimeras.com.do\/index.php\/2025\/10\/28\/diputado-de-la-fp-en-pedernales-denuncia-apagones-por-el-cableado-de-las-redes-electrica\/","url_meta":{"origin":57289,"position":1},"title":"Diputado de la FP en Pedernales denuncia apagones por el cableado de las redes el\u00e9ctrica","author":"Nelson Feliz","date":"28 de octubre de 2025","format":false,"excerpt":"ODALIS BAEZ El diputado de la Fuerza del Pueblo (FP) Rafael Antonio P\u00e9rez G\u00f3mez, alz\u00f3 su voz en la C\u00e1mara de diputados para denunciar y confirmar los apagones de 12 y hasta 14 horas por el cableado de las redes el\u00e9ctrica en d\u00edas consecutivos en esta provincia Pedernales. Desde este\u2026","rel":"","context":"En \u00abNACIONALES\u00bb","block_context":{"text":"NACIONALES","link":"https:\/\/lasprimeras.com.do\/index.php\/category\/nacionales\/"},"img":{"alt_text":"","src":"https:\/\/i0.wp.com\/lasprimeras.com.do\/wp-content\/uploads\/2025\/10\/Rafael-Antonio-Perez-Gomez.jpg?resize=350%2C200&ssl=1","width":350,"height":200},"classes":[]},{"id":107814,"url":"https:\/\/lasprimeras.com.do\/index.php\/2025\/08\/31\/presidente-abinader-inaugura-obras-electricas-que-integran-a-pedernales-al-seni\/","url_meta":{"origin":57289,"position":2},"title":"Presidente Abinader inaugura obras el\u00e9ctricas que integran a Pedernales al SENI","author":"Nelson Feliz","date":"31 de agosto de 2025","format":false,"excerpt":"El presidente Luis Abinader encabez\u00f3 este domingo el acto de inauguraci\u00f3n de importantes infraestructuras energ\u00e9ticas en la regi\u00f3n sur, con una inversi\u00f3n que supera los RD$971 millones, ejecutadas por la Empresa de Transmisi\u00f3n El\u00e9ctrica Dominicana (ETED). Las obras incluyen la ampliaci\u00f3n de la subestaci\u00f3n 138 kV Juancho-Los Cocos, la nueva\u2026","rel":"","context":"En \u00abECONOM\u00cdA\u00bb","block_context":{"text":"ECONOM\u00cdA","link":"https:\/\/lasprimeras.com.do\/index.php\/category\/economia\/"},"img":{"alt_text":"","src":"https:\/\/i0.wp.com\/lasprimeras.com.do\/wp-content\/uploads\/2025\/08\/Luis-Abinader-9.jpg?resize=350%2C200&ssl=1","width":350,"height":200,"srcset":"https:\/\/i0.wp.com\/lasprimeras.com.do\/wp-content\/uploads\/2025\/08\/Luis-Abinader-9.jpg?resize=350%2C200&ssl=1 1x, https:\/\/i0.wp.com\/lasprimeras.com.do\/wp-content\/uploads\/2025\/08\/Luis-Abinader-9.jpg?resize=525%2C300&ssl=1 1.5x, https:\/\/i0.wp.com\/lasprimeras.com.do\/wp-content\/uploads\/2025\/08\/Luis-Abinader-9.jpg?resize=700%2C400&ssl=1 2x"},"classes":[]},{"id":57740,"url":"https:\/\/lasprimeras.com.do\/index.php\/2023\/08\/15\/abinader-habria-suspendido-actividades-en-perdernales-por-tragedia-en-sc\/","url_meta":{"origin":57289,"position":3},"title":"Abinader habr\u00eda suspendido actividades en Perdernales por tragedia en SC","author":"Nelson Feliz","date":"15 de agosto de 2023","format":false,"excerpt":"El presidente Luis Abinader habr\u00eda suspendido las actividades programadas para este miercoles 16 de agosto en la provincia Perdernales para atender la tragedia ocurrida la tarde del lunes en la ciudad de San Crist\u00f3bal donde se cuentan unos 11 fallecidos y decenas de heridos. As\u00ed lo confirm\u00f3 una fuente a\u2026","rel":"","context":"En \u00abNACIONALES\u00bb","block_context":{"text":"NACIONALES","link":"https:\/\/lasprimeras.com.do\/index.php\/category\/nacionales\/"},"img":{"alt_text":"duelo oficial","src":"https:\/\/i0.wp.com\/lasprimeras.com.do\/wp-content\/uploads\/2023\/08\/palacio-duelo.jpg?resize=350%2C200&ssl=1","width":350,"height":200,"srcset":"https:\/\/i0.wp.com\/lasprimeras.com.do\/wp-content\/uploads\/2023\/08\/palacio-duelo.jpg?resize=350%2C200&ssl=1 1x, https:\/\/i0.wp.com\/lasprimeras.com.do\/wp-content\/uploads\/2023\/08\/palacio-duelo.jpg?resize=525%2C300&ssl=1 1.5x, https:\/\/i0.wp.com\/lasprimeras.com.do\/wp-content\/uploads\/2023\/08\/palacio-duelo.jpg?resize=700%2C400&ssl=1 2x, https:\/\/i0.wp.com\/lasprimeras.com.do\/wp-content\/uploads\/2023\/08\/palacio-duelo.jpg?resize=1050%2C600&ssl=1 3x"},"classes":[]},{"id":101563,"url":"https:\/\/lasprimeras.com.do\/index.php\/2025\/06\/23\/abinader-presenta-inversion-en-infraestructura-portuaria-entre-sectores-publico-y-privado\/","url_meta":{"origin":57289,"position":4},"title":"Abinader presenta inversi\u00f3n en infraestructura portuaria entre sectores p\u00fablico y privado","author":"Nelson Feliz","date":"23 de junio de 2025","format":false,"excerpt":"El presidente Luis Abinader defini\u00f3 la Autoridad Portuaria Dominicana (APORDOM), como eficiente y rentable y explic\u00f3 que en este Gobierno ha habido mayor solidez financiera, sald\u00e1ndose deudas por los RD$1,300 millones, un aumento de ingresos de 2.5 veces m\u00e1s, con un crecimiento mensual de RD$56 millones a RD$140 millones. El\u2026","rel":"","context":"En \u00abECONOM\u00cdA\u00bb","block_context":{"text":"ECONOM\u00cdA","link":"https:\/\/lasprimeras.com.do\/index.php\/category\/economia\/"},"img":{"alt_text":"","src":"https:\/\/i0.wp.com\/lasprimeras.com.do\/wp-content\/uploads\/2025\/06\/Luis-Abinader-1-1.jpg?resize=350%2C200&ssl=1","width":350,"height":200,"srcset":"https:\/\/i0.wp.com\/lasprimeras.com.do\/wp-content\/uploads\/2025\/06\/Luis-Abinader-1-1.jpg?resize=350%2C200&ssl=1 1x, https:\/\/i0.wp.com\/lasprimeras.com.do\/wp-content\/uploads\/2025\/06\/Luis-Abinader-1-1.jpg?resize=525%2C300&ssl=1 1.5x, https:\/\/i0.wp.com\/lasprimeras.com.do\/wp-content\/uploads\/2025\/06\/Luis-Abinader-1-1.jpg?resize=700%2C400&ssl=1 2x"},"classes":[]},{"id":72886,"url":"https:\/\/lasprimeras.com.do\/index.php\/2024\/01\/04\/la-llegada-hoy-del-primer-crucero-dinamiza-pedernales\/","url_meta":{"origin":57289,"position":5},"title":"La llegada hoy del primer crucero dinamiza Pedernales","author":"BIMARY DE JES\u00daS Matos","date":"4 de enero de 2024","format":false,"excerpt":"SANTO DOMINGO.-El dinamismo empez\u00f3 a sentirse en la provincia de Pedernales previo a la inauguraci\u00f3n de la primera etapa del puerto de cabo Rojo, lugar que abrir\u00e1 sus puertas al turismo internacional con la llegada del primer crucero. Desde el pasado martes los hoteles y hospedajes de la zona se\u2026","rel":"","context":"En \u00abPORTADA\u00bb","block_context":{"text":"PORTADA","link":"https:\/\/lasprimeras.com.do\/index.php\/category\/portada\/"},"img":{"alt_text":"","src":"https:\/\/i0.wp.com\/lasprimeras.com.do\/wp-content\/uploads\/2024\/01\/WhatsApp-Image-2024-01-03-at-11.55.29-PM-1.webp?resize=350%2C200&ssl=1","width":350,"height":200,"srcset":"https:\/\/i0.wp.com\/lasprimeras.com.do\/wp-content\/uploads\/2024\/01\/WhatsApp-Image-2024-01-03-at-11.55.29-PM-1.webp?resize=350%2C200&ssl=1 1x, https:\/\/i0.wp.com\/lasprimeras.com.do\/wp-content\/uploads\/2024\/01\/WhatsApp-Image-2024-01-03-at-11.55.29-PM-1.webp?resize=525%2C300&ssl=1 1.5x"},"classes":[]}],"jetpack_sharing_enabled":true,"_links":{"self":[{"href":"https:\/\/lasprimeras.com.do\/index.php\/wp-json\/wp\/v2\/posts\/57289","targetHints":{"allow":["GET"]}}],"collection":[{"href":"https:\/\/lasprimeras.com.do\/index.php\/wp-json\/wp\/v2\/posts"}],"about":[{"href":"https:\/\/lasprimeras.com.do\/index.php\/wp-json\/wp\/v2\/types\/post"}],"author":[{"embeddable":true,"href":"https:\/\/lasprimeras.com.do\/index.php\/wp-json\/wp\/v2\/users\/2"}],"replies":[{"embeddable":true,"href":"https:\/\/lasprimeras.com.do\/index.php\/wp-json\/wp\/v2\/comments?post=57289"}],"version-history":[{"count":1,"href":"https:\/\/lasprimeras.com.do\/index.php\/wp-json\/wp\/v2\/posts\/57289\/revisions"}],"predecessor-version":[{"id":57291,"href":"https:\/\/lasprimeras.com.do\/index.php\/wp-json\/wp\/v2\/posts\/57289\/revisions\/57291"}],"wp:featuredmedia":[{"embeddable":true,"href":"https:\/\/lasprimeras.com.do\/index.php\/wp-json\/wp\/v2\/media\/57290"}],"wp:attachment":[{"href":"https:\/\/lasprimeras.com.do\/index.php\/wp-json\/wp\/v2\/media?parent=57289"}],"wp:term":[{"taxonomy":"category","embeddable":true,"href":"https:\/\/lasprimeras.com.do\/index.php\/wp-json\/wp\/v2\/categories?post=57289"},{"taxonomy":"post_tag","embeddable":true,"href":"https:\/\/lasprimeras.com.do\/index.php\/wp-json\/wp\/v2\/tags?post=57289"}],"curies":[{"name":"wp","href":"https:\/\/api.w.org\/{rel}","templated":true}]}}